{"id":34079,"date":"2017-08-04T14:00:58","date_gmt":"2017-08-04T14:00:58","guid":{"rendered":"http:\/\/copealcoi.es\/new\/?p=34079"},"modified":"2017-08-04T00:00:31","modified_gmt":"2017-08-04T00:00:31","slug":"ciudadanos-aplaude-la-ubicacion-de-la-oficina-de-comercio-en-la-calle-san-francisco","status":"publish","type":"post","link":"https:\/\/www.copealcoy.es\/es\/ciudadanos-aplaude-la-ubicacion-de-la-oficina-de-comercio-en-la-calle-san-francisco\/","title":{"rendered":"Ciudadanos aplaude la ubicaci\u00f3n de la Oficina de Comercio en la calle San Francisco"},"content":{"rendered":"<p style=\"text-align: justify;\">Ciudadanos Alcoy <strong>ha expresado su satisfacci\u00f3n ante la futura ubicaci\u00f3n de la nueva Oficina de Comercio<\/strong>, en la calle San Francisco. La formaci\u00f3n naranja recuerda que este proyecto <strong>ha sido posible gracias al voto a favor de Ciudadanos<\/strong> para su aprobaci\u00f3n, al igual que <strong>los 250.000\u20ac de dotaci\u00f3n presupuestaria<\/strong> para esta zona, que fueron negociados por el partido\u00a0en los Presupuestos Municipales.<\/p>\n<p style=\"text-align: justify;\">El coordinador local de Ciudadanos Alcoy, <strong>Marcos Mart\u00ednez<\/strong>, asegura que &#8220;<em>esta iniciativa, junto con las ayudas para la apertura y adecuaci\u00f3n de negocios, supone el pistoletazo de salida del proyecto de dinamizaci\u00f3n y recuperaci\u00f3n de esta zona<\/em>&#8221; y <strong>a\u00f1ade que seguir\u00e1n trabajando<\/strong> &#8220;<em>para que se dote en igual o mayor cuant\u00eda en los pr\u00f3ximos ejercicios. El proyecto de revitalizaci\u00f3n de la calle San Francisco y adyacentes, es una de las principales apuestas de Ciudadanos en esta legislatura<\/em>&#8220;, concluye.<\/p>\n<p style=\"text-align: justify;\">Por \u00faltimo el partido pol\u00edtico <strong>destaca que esta iniciativa supondr\u00e1 un incentivo<\/strong> para la rehabilitaci\u00f3n de la calle San Francisco.<\/p>\n","protected":false},"excerpt":{"rendered":"<p>Ciudadanos Alcoy ha expresado su satisfacci\u00f3n ante la futura ubicaci\u00f3n de la nueva Oficina de Comercio, en la calle San&#8230;<\/p>\n","protected":false},"author":1,"featured_media":33950,"comment_status":"open","ping_status":"open","sticky":false,"template":"","format":"standard","meta":{"footnotes":""},"categories":[97,75,79],"tags":[1494,349,4212,4506],"class_list":["post-34079","post","type-post","status-publish","format-standard","has-post-thumbnail","hentry","category-alcoy","category-noticias","category-politicayeconomia","tag-alcoy","tag-ciudadanos","tag-marcos-martinez","tag-oficina-de-comercio"],"yoast_head":"<!-- This site is optimized with the Yoast SEO plugin v27.3 - https:\/\/yoast.com\/product\/yoast-seo-wordpress\/ -->\n<title>Ciudadanos aplaude la ubicaci\u00f3n de la Oficina de Comercio en la calle San Francisco - COPE Alcoy<\/title>\n<meta name=\"robots\" content=\"index, follow, max-snippet:-1, max-image-preview:large, max-video-preview:-1\" \/>\n<link rel=\"canonical\" href=\"https:\/\/www.copealcoy.es\/es\/ciudadanos-aplaude-la-ubicacion-de-la-oficina-de-comercio-en-la-calle-san-francisco\/\" \/>\n<meta property=\"og:locale\" content=\"es_ES\" \/>\n<meta property=\"og:type\" content=\"article\" \/>\n<meta property=\"og:title\" content=\"Ciudadanos aplaude la ubicaci\u00f3n de la Oficina de Comercio en la calle San Francisco - COPE Alcoy\" \/>\n<meta property=\"og:description\" content=\"Ciudadanos Alcoy ha expresado su satisfacci\u00f3n ante la futura ubicaci\u00f3n de la nueva Oficina de Comercio, en la calle San...\" \/>\n<meta property=\"og:url\" content=\"https:\/\/www.copealcoy.es\/es\/ciudadanos-aplaude-la-ubicacion-de-la-oficina-de-comercio-en-la-calle-san-francisco\/\" \/>\n<meta property=\"og:site_name\" content=\"COPE Alcoy\" \/>\n<meta property=\"article:published_time\" content=\"2017-08-04T14:00:58+00:00\" \/>\n<meta property=\"og:image\" content=\"https:\/\/www.copealcoy.es\/wp-content\/uploads\/2017\/07\/20170731_oficinacomer\u00e7-1024x683.jpg\" \/>\n\t<meta property=\"og:image:width\" content=\"1024\" \/>\n\t<meta property=\"og:image:height\" content=\"683\" \/>\n\t<meta property=\"og:image:type\" content=\"image\/jpeg\" \/>\n<meta name=\"author\" content=\"Cope Alcoy\" \/>\n<meta name=\"twitter:label1\" content=\"Escrito por\" \/>\n\t<meta name=\"twitter:data1\" content=\"Cope Alcoy\" \/>\n\t<meta name=\"twitter:label2\" content=\"Tiempo de lectura\" \/>\n\t<meta name=\"twitter:data2\" content=\"1 minuto\" \/>\n<script type=\"application\/ld+json\" class=\"yoast-schema-graph\">{\"@context\":\"https:\\\/\\\/schema.org\",\"@graph\":[{\"@type\":\"Article\",\"@id\":\"https:\\\/\\\/www.copealcoy.es\\\/es\\\/ciudadanos-aplaude-la-ubicacion-de-la-oficina-de-comercio-en-la-calle-san-francisco\\\/#article\",\"isPartOf\":{\"@id\":\"https:\\\/\\\/www.copealcoy.es\\\/es\\\/ciudadanos-aplaude-la-ubicacion-de-la-oficina-de-comercio-en-la-calle-san-francisco\\\/\"},\"author\":{\"name\":\"Cope Alcoy\",\"@id\":\"https:\\\/\\\/www.copealcoy.es\\\/es\\\/#\\\/schema\\\/person\\\/e777c87fa024e57d40170af9df39882c\"},\"headline\":\"Ciudadanos aplaude la ubicaci\u00f3n de la Oficina de Comercio en la calle San Francisco\",\"datePublished\":\"2017-08-04T14:00:58+00:00\",\"mainEntityOfPage\":{\"@id\":\"https:\\\/\\\/www.copealcoy.es\\\/es\\\/ciudadanos-aplaude-la-ubicacion-de-la-oficina-de-comercio-en-la-calle-san-francisco\\\/\"},\"wordCount\":190,\"commentCount\":0,\"image\":{\"@id\":\"https:\\\/\\\/www.copealcoy.es\\\/es\\\/ciudadanos-aplaude-la-ubicacion-de-la-oficina-de-comercio-en-la-calle-san-francisco\\\/#primaryimage\"},\"thumbnailUrl\":\"https:\\\/\\\/www.copealcoy.es\\\/wp-content\\\/uploads\\\/2017\\\/07\\\/20170731_oficinacomer\u00e7.jpg\",\"keywords\":[\"Alcoy\",\"Ciudadanos\",\"Marcos Mart\u00ednez\",\"Oficina de Comercio\"],\"articleSection\":[\"Alcoy\",\"Noticias\",\"Pol\u00edtica y Econom\u00eda\"],\"inLanguage\":\"es\"},{\"@type\":\"WebPage\",\"@id\":\"https:\\\/\\\/www.copealcoy.es\\\/es\\\/ciudadanos-aplaude-la-ubicacion-de-la-oficina-de-comercio-en-la-calle-san-francisco\\\/\",\"url\":\"https:\\\/\\\/www.copealcoy.es\\\/es\\\/ciudadanos-aplaude-la-ubicacion-de-la-oficina-de-comercio-en-la-calle-san-francisco\\\/\",\"name\":\"Ciudadanos aplaude la ubicaci\u00f3n de la Oficina de Comercio en la calle San Francisco - COPE Alcoy\",\"isPartOf\":{\"@id\":\"https:\\\/\\\/www.copealcoy.es\\\/es\\\/#website\"},\"primaryImageOfPage\":{\"@id\":\"https:\\\/\\\/www.copealcoy.es\\\/es\\\/ciudadanos-aplaude-la-ubicacion-de-la-oficina-de-comercio-en-la-calle-san-francisco\\\/#primaryimage\"},\"image\":{\"@id\":\"https:\\\/\\\/www.copealcoy.es\\\/es\\\/ciudadanos-aplaude-la-ubicacion-de-la-oficina-de-comercio-en-la-calle-san-francisco\\\/#primaryimage\"},\"thumbnailUrl\":\"https:\\\/\\\/www.copealcoy.es\\\/wp-content\\\/uploads\\\/2017\\\/07\\\/20170731_oficinacomer\u00e7.jpg\",\"datePublished\":\"2017-08-04T14:00:58+00:00\",\"author\":{\"@id\":\"https:\\\/\\\/www.copealcoy.es\\\/es\\\/#\\\/schema\\\/person\\\/e777c87fa024e57d40170af9df39882c\"},\"breadcrumb\":{\"@id\":\"https:\\\/\\\/www.copealcoy.es\\\/es\\\/ciudadanos-aplaude-la-ubicacion-de-la-oficina-de-comercio-en-la-calle-san-francisco\\\/#breadcrumb\"},\"inLanguage\":\"es\",\"potentialAction\":[{\"@type\":\"ReadAction\",\"target\":[\"https:\\\/\\\/www.copealcoy.es\\\/es\\\/ciudadanos-aplaude-la-ubicacion-de-la-oficina-de-comercio-en-la-calle-san-francisco\\\/\"]}]},{\"@type\":\"ImageObject\",\"inLanguage\":\"es\",\"@id\":\"https:\\\/\\\/www.copealcoy.es\\\/es\\\/ciudadanos-aplaude-la-ubicacion-de-la-oficina-de-comercio-en-la-calle-san-francisco\\\/#primaryimage\",\"url\":\"https:\\\/\\\/www.copealcoy.es\\\/wp-content\\\/uploads\\\/2017\\\/07\\\/20170731_oficinacomer\u00e7.jpg\",\"contentUrl\":\"https:\\\/\\\/www.copealcoy.es\\\/wp-content\\\/uploads\\\/2017\\\/07\\\/20170731_oficinacomer\u00e7.jpg\",\"width\":4272,\"height\":2848,\"caption\":\"Inmueble en el que se ubicar\u00e1 la futura Oficina Municipal de Comercio\"},{\"@type\":\"BreadcrumbList\",\"@id\":\"https:\\\/\\\/www.copealcoy.es\\\/es\\\/ciudadanos-aplaude-la-ubicacion-de-la-oficina-de-comercio-en-la-calle-san-francisco\\\/#breadcrumb\",\"itemListElement\":[{\"@type\":\"ListItem\",\"position\":1,\"name\":\"Portada\",\"item\":\"https:\\\/\\\/www.copealcoy.es\\\/es\\\/\"},{\"@type\":\"ListItem\",\"position\":2,\"name\":\"Ciudadanos aplaude la ubicaci\u00f3n de la Oficina de Comercio en la calle San Francisco\"}]},{\"@type\":\"WebSite\",\"@id\":\"https:\\\/\\\/www.copealcoy.es\\\/es\\\/#website\",\"url\":\"https:\\\/\\\/www.copealcoy.es\\\/es\\\/\",\"name\":\"COPE Alcoy\",\"description\":\"Emisora COPE de radio local con emisi\u00f3n online. Pont de Sant Jordi 8-10 03803 Alcoy\",\"potentialAction\":[{\"@type\":\"SearchAction\",\"target\":{\"@type\":\"EntryPoint\",\"urlTemplate\":\"https:\\\/\\\/www.copealcoy.es\\\/es\\\/?s={search_term_string}\"},\"query-input\":{\"@type\":\"PropertyValueSpecification\",\"valueRequired\":true,\"valueName\":\"search_term_string\"}}],\"inLanguage\":\"es\"},{\"@type\":\"Person\",\"@id\":\"https:\\\/\\\/www.copealcoy.es\\\/es\\\/#\\\/schema\\\/person\\\/e777c87fa024e57d40170af9df39882c\",\"name\":\"Cope Alcoy\",\"image\":{\"@type\":\"ImageObject\",\"inLanguage\":\"es\",\"@id\":\"https:\\\/\\\/secure.gravatar.com\\\/avatar\\\/bb65d0283347e303893ba14f0692005417c1e0e690a325a4c5d8bb2b3943ee14?s=96&d=mm&r=g\",\"url\":\"https:\\\/\\\/secure.gravatar.com\\\/avatar\\\/bb65d0283347e303893ba14f0692005417c1e0e690a325a4c5d8bb2b3943ee14?s=96&d=mm&r=g\",\"contentUrl\":\"https:\\\/\\\/secure.gravatar.com\\\/avatar\\\/bb65d0283347e303893ba14f0692005417c1e0e690a325a4c5d8bb2b3943ee14?s=96&d=mm&r=g\",\"caption\":\"Cope Alcoy\"}}]}<\/script>\n<!-- \/ Yoast SEO plugin. -->","yoast_head_json":{"title":"Ciudadanos aplaude la ubicaci\u00f3n de la Oficina de Comercio en la calle San Francisco - COPE Alcoy","robots":{"index":"index","follow":"follow","max-snippet":"max-snippet:-1","max-image-preview":"max-image-preview:large","max-video-preview":"max-video-preview:-1"},"canonical":"https:\/\/www.copealcoy.es\/es\/ciudadanos-aplaude-la-ubicacion-de-la-oficina-de-comercio-en-la-calle-san-francisco\/","og_locale":"es_ES","og_type":"article","og_title":"Ciudadanos aplaude la ubicaci\u00f3n de la Oficina de Comercio en la calle San Francisco - COPE Alcoy","og_description":"Ciudadanos Alcoy ha expresado su satisfacci\u00f3n ante la futura ubicaci\u00f3n de la nueva Oficina de Comercio, en la calle San...","og_url":"https:\/\/www.copealcoy.es\/es\/ciudadanos-aplaude-la-ubicacion-de-la-oficina-de-comercio-en-la-calle-san-francisco\/","og_site_name":"COPE Alcoy","article_published_time":"2017-08-04T14:00:58+00:00","og_image":[{"width":1024,"height":683,"url":"https:\/\/www.copealcoy.es\/wp-content\/uploads\/2017\/07\/20170731_oficinacomer\u00e7-1024x683.jpg","type":"image\/jpeg"}],"author":"Cope Alcoy","twitter_misc":{"Escrito por":"Cope Alcoy","Tiempo de lectura":"1 minuto"},"schema":{"@context":"https:\/\/schema.org","@graph":[{"@type":"Article","@id":"https:\/\/www.copealcoy.es\/es\/ciudadanos-aplaude-la-ubicacion-de-la-oficina-de-comercio-en-la-calle-san-francisco\/#article","isPartOf":{"@id":"https:\/\/www.copealcoy.es\/es\/ciudadanos-aplaude-la-ubicacion-de-la-oficina-de-comercio-en-la-calle-san-francisco\/"},"author":{"name":"Cope Alcoy","@id":"https:\/\/www.copealcoy.es\/es\/#\/schema\/person\/e777c87fa024e57d40170af9df39882c"},"headline":"Ciudadanos aplaude la ubicaci\u00f3n de la Oficina de Comercio en la calle San Francisco","datePublished":"2017-08-04T14:00:58+00:00","mainEntityOfPage":{"@id":"https:\/\/www.copealcoy.es\/es\/ciudadanos-aplaude-la-ubicacion-de-la-oficina-de-comercio-en-la-calle-san-francisco\/"},"wordCount":190,"commentCount":0,"image":{"@id":"https:\/\/www.copealcoy.es\/es\/ciudadanos-aplaude-la-ubicacion-de-la-oficina-de-comercio-en-la-calle-san-francisco\/#primaryimage"},"thumbnailUrl":"https:\/\/www.copealcoy.es\/wp-content\/uploads\/2017\/07\/20170731_oficinacomer\u00e7.jpg","keywords":["Alcoy","Ciudadanos","Marcos Mart\u00ednez","Oficina de Comercio"],"articleSection":["Alcoy","Noticias","Pol\u00edtica y Econom\u00eda"],"inLanguage":"es"},{"@type":"WebPage","@id":"https:\/\/www.copealcoy.es\/es\/ciudadanos-aplaude-la-ubicacion-de-la-oficina-de-comercio-en-la-calle-san-francisco\/","url":"https:\/\/www.copealcoy.es\/es\/ciudadanos-aplaude-la-ubicacion-de-la-oficina-de-comercio-en-la-calle-san-francisco\/","name":"Ciudadanos aplaude la ubicaci\u00f3n de la Oficina de Comercio en la calle San Francisco - COPE Alcoy","isPartOf":{"@id":"https:\/\/www.copealcoy.es\/es\/#website"},"primaryImageOfPage":{"@id":"https:\/\/www.copealcoy.es\/es\/ciudadanos-aplaude-la-ubicacion-de-la-oficina-de-comercio-en-la-calle-san-francisco\/#primaryimage"},"image":{"@id":"https:\/\/www.copealcoy.es\/es\/ciudadanos-aplaude-la-ubicacion-de-la-oficina-de-comercio-en-la-calle-san-francisco\/#primaryimage"},"thumbnailUrl":"https:\/\/www.copealcoy.es\/wp-content\/uploads\/2017\/07\/20170731_oficinacomer\u00e7.jpg","datePublished":"2017-08-04T14:00:58+00:00","author":{"@id":"https:\/\/www.copealcoy.es\/es\/#\/schema\/person\/e777c87fa024e57d40170af9df39882c"},"breadcrumb":{"@id":"https:\/\/www.copealcoy.es\/es\/ciudadanos-aplaude-la-ubicacion-de-la-oficina-de-comercio-en-la-calle-san-francisco\/#breadcrumb"},"inLanguage":"es","potentialAction":[{"@type":"ReadAction","target":["https:\/\/www.copealcoy.es\/es\/ciudadanos-aplaude-la-ubicacion-de-la-oficina-de-comercio-en-la-calle-san-francisco\/"]}]},{"@type":"ImageObject","inLanguage":"es","@id":"https:\/\/www.copealcoy.es\/es\/ciudadanos-aplaude-la-ubicacion-de-la-oficina-de-comercio-en-la-calle-san-francisco\/#primaryimage","url":"https:\/\/www.copealcoy.es\/wp-content\/uploads\/2017\/07\/20170731_oficinacomer\u00e7.jpg","contentUrl":"https:\/\/www.copealcoy.es\/wp-content\/uploads\/2017\/07\/20170731_oficinacomer\u00e7.jpg","width":4272,"height":2848,"caption":"Inmueble en el que se ubicar\u00e1 la futura Oficina Municipal de Comercio"},{"@type":"BreadcrumbList","@id":"https:\/\/www.copealcoy.es\/es\/ciudadanos-aplaude-la-ubicacion-de-la-oficina-de-comercio-en-la-calle-san-francisco\/#breadcrumb","itemListElement":[{"@type":"ListItem","position":1,"name":"Portada","item":"https:\/\/www.copealcoy.es\/es\/"},{"@type":"ListItem","position":2,"name":"Ciudadanos aplaude la ubicaci\u00f3n de la Oficina de Comercio en la calle San Francisco"}]},{"@type":"WebSite","@id":"https:\/\/www.copealcoy.es\/es\/#website","url":"https:\/\/www.copealcoy.es\/es\/","name":"COPE Alcoy","description":"Emisora COPE de radio local con emisi\u00f3n online. Pont de Sant Jordi 8-10 03803 Alcoy","potentialAction":[{"@type":"SearchAction","target":{"@type":"EntryPoint","urlTemplate":"https:\/\/www.copealcoy.es\/es\/?s={search_term_string}"},"query-input":{"@type":"PropertyValueSpecification","valueRequired":true,"valueName":"search_term_string"}}],"inLanguage":"es"},{"@type":"Person","@id":"https:\/\/www.copealcoy.es\/es\/#\/schema\/person\/e777c87fa024e57d40170af9df39882c","name":"Cope Alcoy","image":{"@type":"ImageObject","inLanguage":"es","@id":"https:\/\/secure.gravatar.com\/avatar\/bb65d0283347e303893ba14f0692005417c1e0e690a325a4c5d8bb2b3943ee14?s=96&d=mm&r=g","url":"https:\/\/secure.gravatar.com\/avatar\/bb65d0283347e303893ba14f0692005417c1e0e690a325a4c5d8bb2b3943ee14?s=96&d=mm&r=g","contentUrl":"https:\/\/secure.gravatar.com\/avatar\/bb65d0283347e303893ba14f0692005417c1e0e690a325a4c5d8bb2b3943ee14?s=96&d=mm&r=g","caption":"Cope Alcoy"}}]}},"_links":{"self":[{"href":"https:\/\/www.copealcoy.es\/es\/wp-json\/wp\/v2\/posts\/34079","targetHints":{"allow":["GET"]}}],"collection":[{"href":"https:\/\/www.copealcoy.es\/es\/wp-json\/wp\/v2\/posts"}],"about":[{"href":"https:\/\/www.copealcoy.es\/es\/wp-json\/wp\/v2\/types\/post"}],"author":[{"embeddable":true,"href":"https:\/\/www.copealcoy.es\/es\/wp-json\/wp\/v2\/users\/1"}],"replies":[{"embeddable":true,"href":"https:\/\/www.copealcoy.es\/es\/wp-json\/wp\/v2\/comments?post=34079"}],"version-history":[{"count":0,"href":"https:\/\/www.copealcoy.es\/es\/wp-json\/wp\/v2\/posts\/34079\/revisions"}],"wp:featuredmedia":[{"embeddable":true,"href":"https:\/\/www.copealcoy.es\/es\/wp-json\/wp\/v2\/media\/33950"}],"wp:attachment":[{"href":"https:\/\/www.copealcoy.es\/es\/wp-json\/wp\/v2\/media?parent=34079"}],"wp:term":[{"taxonomy":"category","embeddable":true,"href":"https:\/\/www.copealcoy.es\/es\/wp-json\/wp\/v2\/categories?post=34079"},{"taxonomy":"post_tag","embeddable":true,"href":"https:\/\/www.copealcoy.es\/es\/wp-json\/wp\/v2\/tags?post=34079"}],"curies":[{"name":"wp","href":"https:\/\/api.w.org\/{rel}","templated":true}]}}