{"id":34049,"date":"2017-08-03T21:28:11","date_gmt":"2017-08-03T21:28:11","guid":{"rendered":"http:\/\/copealcoi.es\/new\/?p=34049"},"modified":"2017-08-03T21:32:42","modified_gmt":"2017-08-03T21:32:42","slug":"dos-semanas-para-ejecutar-el-desdoblamiento-del-acceso-al-santiago-paya","status":"publish","type":"post","link":"https:\/\/www.copealcoy.es\/es\/dos-semanas-para-ejecutar-el-desdoblamiento-del-acceso-al-santiago-paya\/","title":{"rendered":"Dos semanas para ejecutar el desdoblamiento del acceso al Santiago Pay\u00e0"},"content":{"rendered":"<p style=\"text-align: justify;\">Los trabajos para el <strong>desdoblamiento del acceso provisional<\/strong> al <strong>Pol\u00edgono Industrial Santiago Pay\u00e0<\/strong>, que comenzaron esta semana, f<strong>inalizar\u00e1n el pr\u00f3ximo 14 de agosto<\/strong> seg\u00fan ha comunicado la empresa encargada de las obras al Ayuntamiento de Alcoy. Es por ello que <strong>se espera que el 16 de agosto<\/strong> ya se pueda transitar por este acceso. Se pondr\u00e1 as\u00ed fin a un periodo de <strong>dos semanas<\/strong> en las cuales el \u00fanico acceso posible al citado Pol\u00edgono est\u00e1 siendo por el <strong>camino de la Murtera<\/strong> (para los camiones) y por el <strong>camino de Santa Anna<\/strong> (en caso de los veh\u00edculos).<\/p>\n<p style=\"text-align: justify;\">El resto\u00a0de las obras de mejora del Pol\u00edgono, iniciadas el pasado 31 de julio, <strong>seguir\u00e1n su curso<\/strong> y se espera que <strong>tengan una duraci\u00f3n aproximada de 7 semanas<\/strong> &#8220;<em>las obras est\u00e1n transcurriendo sin ning\u00fan incidente ya que las fechas han sido consensuadas con los empresarios de la zona y puestas en conocimiento de toda la ciudadan\u00eda. Las mejoras en el Pol\u00edgono seguir\u00e1n adelante y pronto empezar\u00e1n a ejecutarse las de las otras zonas industriales de la ciudad. Tenemos tan solo cinco meses para realizar estas obras que adecuar\u00e1n nuestras zonas industriales al siglo XXI. Nunca se hab\u00eda hecho en la ciudad una inversi\u00f3n como esta en los cinco pol\u00edgonos de Alcoy<\/em>&#8220;, explica Manolo Gomicia, concejal de Territorio en el Ayuntamiento.<\/p>\n<p style=\"text-align: justify;\">Recordar que la mejora del pol\u00edgono Santiago Pay\u00e0, que <strong>tiene un presupuesto de m\u00e1s de 900.000<\/strong> <strong>euros<\/strong>, contempla tambi\u00e9n otras actuaciones como <strong>desbroce de malas hierbas, adecuaci\u00f3n\u00a0de la se\u00f1alizaci\u00f3n y reparaci\u00f3n de gran parte de sus calles<\/strong><strong>.<\/strong> Estas son posibles con la inversi\u00f3n de <strong>3 millones de euros<\/strong> para actuar en las \u00e1reas industriales de la ciudad, de los que\u00a0<strong>dos millones<\/strong> provienen de una subvenci\u00f3n de la Conselleria de Econom\u00eda Sostenible a trav\u00e9s del IVACE mientras que un mill\u00f3n ha sido aportado por el propio Ayuntamiento de Alcoy.<\/p>\n","protected":false},"excerpt":{"rendered":"<p>Los trabajos para el desdoblamiento del acceso provisional al Pol\u00edgono Industrial Santiago Pay\u00e0, que comenzaron esta semana, finalizar\u00e1n el pr\u00f3ximo&#8230;<\/p>\n","protected":false},"author":1,"featured_media":34050,"comment_status":"open","ping_status":"open","sticky":false,"template":"","format":"standard","meta":{"footnotes":""},"categories":[97,75,125],"tags":[1494,3094,1871,145,1469,999],"class_list":["post-34049","post","type-post","status-publish","format-standard","has-post-thumbnail","hentry","category-alcoy","category-noticias","category-portada","tag-alcoy","tag-desdoblamiento","tag-manolo-gomicia","tag-obras","tag-poligonos-industriales","tag-santiago-paya"],"yoast_head":"<!-- This site is optimized with the Yoast SEO plugin v27.3 - https:\/\/yoast.com\/product\/yoast-seo-wordpress\/ -->\n<title>Dos semanas para ejecutar el desdoblamiento del acceso al Santiago Pay\u00e0 - COPE Alcoy<\/title>\n<meta name=\"robots\" content=\"index, follow, max-snippet:-1, max-image-preview:large, max-video-preview:-1\" \/>\n<link rel=\"canonical\" href=\"https:\/\/www.copealcoy.es\/es\/dos-semanas-para-ejecutar-el-desdoblamiento-del-acceso-al-santiago-paya\/\" \/>\n<meta property=\"og:locale\" content=\"es_ES\" \/>\n<meta property=\"og:type\" content=\"article\" \/>\n<meta property=\"og:title\" content=\"Dos semanas para ejecutar el desdoblamiento del acceso al Santiago Pay\u00e0 - COPE Alcoy\" \/>\n<meta property=\"og:description\" content=\"Los trabajos para el desdoblamiento del acceso provisional al Pol\u00edgono Industrial Santiago Pay\u00e0, que comenzaron esta semana, finalizar\u00e1n el pr\u00f3ximo...\" \/>\n<meta property=\"og:url\" content=\"https:\/\/www.copealcoy.es\/es\/dos-semanas-para-ejecutar-el-desdoblamiento-del-acceso-al-santiago-paya\/\" \/>\n<meta property=\"og:site_name\" content=\"COPE Alcoy\" \/>\n<meta property=\"article:published_time\" content=\"2017-08-03T21:28:11+00:00\" \/>\n<meta property=\"article:modified_time\" content=\"2017-08-03T21:32:42+00:00\" \/>\n<meta property=\"og:image\" content=\"https:\/\/www.copealcoy.es\/wp-content\/uploads\/2017\/08\/IMG-20170802-WA0000-2-e1501795653777.jpg\" \/>\n\t<meta property=\"og:image:width\" content=\"1200\" \/>\n\t<meta property=\"og:image:height\" content=\"676\" \/>\n\t<meta property=\"og:image:type\" content=\"image\/jpeg\" \/>\n<meta name=\"author\" content=\"Cope Alcoy\" \/>\n<meta name=\"twitter:label1\" content=\"Escrito por\" \/>\n\t<meta name=\"twitter:data1\" content=\"Cope Alcoy\" \/>\n\t<meta name=\"twitter:label2\" content=\"Tiempo de lectura\" \/>\n\t<meta name=\"twitter:data2\" content=\"2 minutos\" \/>\n<script type=\"application\/ld+json\" class=\"yoast-schema-graph\">{\"@context\":\"https:\\\/\\\/schema.org\",\"@graph\":[{\"@type\":\"Article\",\"@id\":\"https:\\\/\\\/www.copealcoy.es\\\/es\\\/dos-semanas-para-ejecutar-el-desdoblamiento-del-acceso-al-santiago-paya\\\/#article\",\"isPartOf\":{\"@id\":\"https:\\\/\\\/www.copealcoy.es\\\/es\\\/dos-semanas-para-ejecutar-el-desdoblamiento-del-acceso-al-santiago-paya\\\/\"},\"author\":{\"name\":\"Cope Alcoy\",\"@id\":\"https:\\\/\\\/www.copealcoy.es\\\/es\\\/#\\\/schema\\\/person\\\/e777c87fa024e57d40170af9df39882c\"},\"headline\":\"Dos semanas para ejecutar el desdoblamiento del acceso al Santiago Pay\u00e0\",\"datePublished\":\"2017-08-03T21:28:11+00:00\",\"dateModified\":\"2017-08-03T21:32:42+00:00\",\"mainEntityOfPage\":{\"@id\":\"https:\\\/\\\/www.copealcoy.es\\\/es\\\/dos-semanas-para-ejecutar-el-desdoblamiento-del-acceso-al-santiago-paya\\\/\"},\"wordCount\":344,\"commentCount\":0,\"image\":{\"@id\":\"https:\\\/\\\/www.copealcoy.es\\\/es\\\/dos-semanas-para-ejecutar-el-desdoblamiento-del-acceso-al-santiago-paya\\\/#primaryimage\"},\"thumbnailUrl\":\"https:\\\/\\\/www.copealcoy.es\\\/wp-content\\\/uploads\\\/2017\\\/08\\\/IMG-20170802-WA0000-2-e1501795653777.jpg\",\"keywords\":[\"Alcoy\",\"desdoblamiento\",\"Manolo Gomicia\",\"Obras\",\"Pol\u00edgonos Industriales\",\"Santiago Pay\u00e1\"],\"articleSection\":[\"Alcoy\",\"Noticias\",\"Portada\"],\"inLanguage\":\"es\"},{\"@type\":\"WebPage\",\"@id\":\"https:\\\/\\\/www.copealcoy.es\\\/es\\\/dos-semanas-para-ejecutar-el-desdoblamiento-del-acceso-al-santiago-paya\\\/\",\"url\":\"https:\\\/\\\/www.copealcoy.es\\\/es\\\/dos-semanas-para-ejecutar-el-desdoblamiento-del-acceso-al-santiago-paya\\\/\",\"name\":\"Dos semanas para ejecutar el desdoblamiento del acceso al Santiago Pay\u00e0 - COPE Alcoy\",\"isPartOf\":{\"@id\":\"https:\\\/\\\/www.copealcoy.es\\\/es\\\/#website\"},\"primaryImageOfPage\":{\"@id\":\"https:\\\/\\\/www.copealcoy.es\\\/es\\\/dos-semanas-para-ejecutar-el-desdoblamiento-del-acceso-al-santiago-paya\\\/#primaryimage\"},\"image\":{\"@id\":\"https:\\\/\\\/www.copealcoy.es\\\/es\\\/dos-semanas-para-ejecutar-el-desdoblamiento-del-acceso-al-santiago-paya\\\/#primaryimage\"},\"thumbnailUrl\":\"https:\\\/\\\/www.copealcoy.es\\\/wp-content\\\/uploads\\\/2017\\\/08\\\/IMG-20170802-WA0000-2-e1501795653777.jpg\",\"datePublished\":\"2017-08-03T21:28:11+00:00\",\"dateModified\":\"2017-08-03T21:32:42+00:00\",\"author\":{\"@id\":\"https:\\\/\\\/www.copealcoy.es\\\/es\\\/#\\\/schema\\\/person\\\/e777c87fa024e57d40170af9df39882c\"},\"breadcrumb\":{\"@id\":\"https:\\\/\\\/www.copealcoy.es\\\/es\\\/dos-semanas-para-ejecutar-el-desdoblamiento-del-acceso-al-santiago-paya\\\/#breadcrumb\"},\"inLanguage\":\"es\",\"potentialAction\":[{\"@type\":\"ReadAction\",\"target\":[\"https:\\\/\\\/www.copealcoy.es\\\/es\\\/dos-semanas-para-ejecutar-el-desdoblamiento-del-acceso-al-santiago-paya\\\/\"]}]},{\"@type\":\"ImageObject\",\"inLanguage\":\"es\",\"@id\":\"https:\\\/\\\/www.copealcoy.es\\\/es\\\/dos-semanas-para-ejecutar-el-desdoblamiento-del-acceso-al-santiago-paya\\\/#primaryimage\",\"url\":\"https:\\\/\\\/www.copealcoy.es\\\/wp-content\\\/uploads\\\/2017\\\/08\\\/IMG-20170802-WA0000-2-e1501795653777.jpg\",\"contentUrl\":\"https:\\\/\\\/www.copealcoy.es\\\/wp-content\\\/uploads\\\/2017\\\/08\\\/IMG-20170802-WA0000-2-e1501795653777.jpg\",\"width\":1200,\"height\":676,\"caption\":\"Los trabajos han comenzado esta semana \\\/ Foto: Ajuntament d\u00b4Alcoi\"},{\"@type\":\"BreadcrumbList\",\"@id\":\"https:\\\/\\\/www.copealcoy.es\\\/es\\\/dos-semanas-para-ejecutar-el-desdoblamiento-del-acceso-al-santiago-paya\\\/#breadcrumb\",\"itemListElement\":[{\"@type\":\"ListItem\",\"position\":1,\"name\":\"Portada\",\"item\":\"https:\\\/\\\/www.copealcoy.es\\\/es\\\/\"},{\"@type\":\"ListItem\",\"position\":2,\"name\":\"Dos semanas para ejecutar el desdoblamiento del acceso al Santiago Pay\u00e0\"}]},{\"@type\":\"WebSite\",\"@id\":\"https:\\\/\\\/www.copealcoy.es\\\/es\\\/#website\",\"url\":\"https:\\\/\\\/www.copealcoy.es\\\/es\\\/\",\"name\":\"COPE Alcoy\",\"description\":\"Emisora COPE de radio local con emisi\u00f3n online. Pont de Sant Jordi 8-10 03803 Alcoy\",\"potentialAction\":[{\"@type\":\"SearchAction\",\"target\":{\"@type\":\"EntryPoint\",\"urlTemplate\":\"https:\\\/\\\/www.copealcoy.es\\\/es\\\/?s={search_term_string}\"},\"query-input\":{\"@type\":\"PropertyValueSpecification\",\"valueRequired\":true,\"valueName\":\"search_term_string\"}}],\"inLanguage\":\"es\"},{\"@type\":\"Person\",\"@id\":\"https:\\\/\\\/www.copealcoy.es\\\/es\\\/#\\\/schema\\\/person\\\/e777c87fa024e57d40170af9df39882c\",\"name\":\"Cope Alcoy\",\"image\":{\"@type\":\"ImageObject\",\"inLanguage\":\"es\",\"@id\":\"https:\\\/\\\/secure.gravatar.com\\\/avatar\\\/bb65d0283347e303893ba14f0692005417c1e0e690a325a4c5d8bb2b3943ee14?s=96&d=mm&r=g\",\"url\":\"https:\\\/\\\/secure.gravatar.com\\\/avatar\\\/bb65d0283347e303893ba14f0692005417c1e0e690a325a4c5d8bb2b3943ee14?s=96&d=mm&r=g\",\"contentUrl\":\"https:\\\/\\\/secure.gravatar.com\\\/avatar\\\/bb65d0283347e303893ba14f0692005417c1e0e690a325a4c5d8bb2b3943ee14?s=96&d=mm&r=g\",\"caption\":\"Cope Alcoy\"}}]}<\/script>\n<!-- \/ Yoast SEO plugin. -->","yoast_head_json":{"title":"Dos semanas para ejecutar el desdoblamiento del acceso al Santiago Pay\u00e0 - COPE Alcoy","robots":{"index":"index","follow":"follow","max-snippet":"max-snippet:-1","max-image-preview":"max-image-preview:large","max-video-preview":"max-video-preview:-1"},"canonical":"https:\/\/www.copealcoy.es\/es\/dos-semanas-para-ejecutar-el-desdoblamiento-del-acceso-al-santiago-paya\/","og_locale":"es_ES","og_type":"article","og_title":"Dos semanas para ejecutar el desdoblamiento del acceso al Santiago Pay\u00e0 - COPE Alcoy","og_description":"Los trabajos para el desdoblamiento del acceso provisional al Pol\u00edgono Industrial Santiago Pay\u00e0, que comenzaron esta semana, finalizar\u00e1n el pr\u00f3ximo...","og_url":"https:\/\/www.copealcoy.es\/es\/dos-semanas-para-ejecutar-el-desdoblamiento-del-acceso-al-santiago-paya\/","og_site_name":"COPE Alcoy","article_published_time":"2017-08-03T21:28:11+00:00","article_modified_time":"2017-08-03T21:32:42+00:00","og_image":[{"width":1200,"height":676,"url":"https:\/\/www.copealcoy.es\/wp-content\/uploads\/2017\/08\/IMG-20170802-WA0000-2-e1501795653777.jpg","type":"image\/jpeg"}],"author":"Cope Alcoy","twitter_misc":{"Escrito por":"Cope Alcoy","Tiempo de lectura":"2 minutos"},"schema":{"@context":"https:\/\/schema.org","@graph":[{"@type":"Article","@id":"https:\/\/www.copealcoy.es\/es\/dos-semanas-para-ejecutar-el-desdoblamiento-del-acceso-al-santiago-paya\/#article","isPartOf":{"@id":"https:\/\/www.copealcoy.es\/es\/dos-semanas-para-ejecutar-el-desdoblamiento-del-acceso-al-santiago-paya\/"},"author":{"name":"Cope Alcoy","@id":"https:\/\/www.copealcoy.es\/es\/#\/schema\/person\/e777c87fa024e57d40170af9df39882c"},"headline":"Dos semanas para ejecutar el desdoblamiento del acceso al Santiago Pay\u00e0","datePublished":"2017-08-03T21:28:11+00:00","dateModified":"2017-08-03T21:32:42+00:00","mainEntityOfPage":{"@id":"https:\/\/www.copealcoy.es\/es\/dos-semanas-para-ejecutar-el-desdoblamiento-del-acceso-al-santiago-paya\/"},"wordCount":344,"commentCount":0,"image":{"@id":"https:\/\/www.copealcoy.es\/es\/dos-semanas-para-ejecutar-el-desdoblamiento-del-acceso-al-santiago-paya\/#primaryimage"},"thumbnailUrl":"https:\/\/www.copealcoy.es\/wp-content\/uploads\/2017\/08\/IMG-20170802-WA0000-2-e1501795653777.jpg","keywords":["Alcoy","desdoblamiento","Manolo Gomicia","Obras","Pol\u00edgonos Industriales","Santiago Pay\u00e1"],"articleSection":["Alcoy","Noticias","Portada"],"inLanguage":"es"},{"@type":"WebPage","@id":"https:\/\/www.copealcoy.es\/es\/dos-semanas-para-ejecutar-el-desdoblamiento-del-acceso-al-santiago-paya\/","url":"https:\/\/www.copealcoy.es\/es\/dos-semanas-para-ejecutar-el-desdoblamiento-del-acceso-al-santiago-paya\/","name":"Dos semanas para ejecutar el desdoblamiento del acceso al Santiago Pay\u00e0 - COPE Alcoy","isPartOf":{"@id":"https:\/\/www.copealcoy.es\/es\/#website"},"primaryImageOfPage":{"@id":"https:\/\/www.copealcoy.es\/es\/dos-semanas-para-ejecutar-el-desdoblamiento-del-acceso-al-santiago-paya\/#primaryimage"},"image":{"@id":"https:\/\/www.copealcoy.es\/es\/dos-semanas-para-ejecutar-el-desdoblamiento-del-acceso-al-santiago-paya\/#primaryimage"},"thumbnailUrl":"https:\/\/www.copealcoy.es\/wp-content\/uploads\/2017\/08\/IMG-20170802-WA0000-2-e1501795653777.jpg","datePublished":"2017-08-03T21:28:11+00:00","dateModified":"2017-08-03T21:32:42+00:00","author":{"@id":"https:\/\/www.copealcoy.es\/es\/#\/schema\/person\/e777c87fa024e57d40170af9df39882c"},"breadcrumb":{"@id":"https:\/\/www.copealcoy.es\/es\/dos-semanas-para-ejecutar-el-desdoblamiento-del-acceso-al-santiago-paya\/#breadcrumb"},"inLanguage":"es","potentialAction":[{"@type":"ReadAction","target":["https:\/\/www.copealcoy.es\/es\/dos-semanas-para-ejecutar-el-desdoblamiento-del-acceso-al-santiago-paya\/"]}]},{"@type":"ImageObject","inLanguage":"es","@id":"https:\/\/www.copealcoy.es\/es\/dos-semanas-para-ejecutar-el-desdoblamiento-del-acceso-al-santiago-paya\/#primaryimage","url":"https:\/\/www.copealcoy.es\/wp-content\/uploads\/2017\/08\/IMG-20170802-WA0000-2-e1501795653777.jpg","contentUrl":"https:\/\/www.copealcoy.es\/wp-content\/uploads\/2017\/08\/IMG-20170802-WA0000-2-e1501795653777.jpg","width":1200,"height":676,"caption":"Los trabajos han comenzado esta semana \/ Foto: Ajuntament d\u00b4Alcoi"},{"@type":"BreadcrumbList","@id":"https:\/\/www.copealcoy.es\/es\/dos-semanas-para-ejecutar-el-desdoblamiento-del-acceso-al-santiago-paya\/#breadcrumb","itemListElement":[{"@type":"ListItem","position":1,"name":"Portada","item":"https:\/\/www.copealcoy.es\/es\/"},{"@type":"ListItem","position":2,"name":"Dos semanas para ejecutar el desdoblamiento del acceso al Santiago Pay\u00e0"}]},{"@type":"WebSite","@id":"https:\/\/www.copealcoy.es\/es\/#website","url":"https:\/\/www.copealcoy.es\/es\/","name":"COPE Alcoy","description":"Emisora COPE de radio local con emisi\u00f3n online. Pont de Sant Jordi 8-10 03803 Alcoy","potentialAction":[{"@type":"SearchAction","target":{"@type":"EntryPoint","urlTemplate":"https:\/\/www.copealcoy.es\/es\/?s={search_term_string}"},"query-input":{"@type":"PropertyValueSpecification","valueRequired":true,"valueName":"search_term_string"}}],"inLanguage":"es"},{"@type":"Person","@id":"https:\/\/www.copealcoy.es\/es\/#\/schema\/person\/e777c87fa024e57d40170af9df39882c","name":"Cope Alcoy","image":{"@type":"ImageObject","inLanguage":"es","@id":"https:\/\/secure.gravatar.com\/avatar\/bb65d0283347e303893ba14f0692005417c1e0e690a325a4c5d8bb2b3943ee14?s=96&d=mm&r=g","url":"https:\/\/secure.gravatar.com\/avatar\/bb65d0283347e303893ba14f0692005417c1e0e690a325a4c5d8bb2b3943ee14?s=96&d=mm&r=g","contentUrl":"https:\/\/secure.gravatar.com\/avatar\/bb65d0283347e303893ba14f0692005417c1e0e690a325a4c5d8bb2b3943ee14?s=96&d=mm&r=g","caption":"Cope Alcoy"}}]}},"_links":{"self":[{"href":"https:\/\/www.copealcoy.es\/es\/wp-json\/wp\/v2\/posts\/34049","targetHints":{"allow":["GET"]}}],"collection":[{"href":"https:\/\/www.copealcoy.es\/es\/wp-json\/wp\/v2\/posts"}],"about":[{"href":"https:\/\/www.copealcoy.es\/es\/wp-json\/wp\/v2\/types\/post"}],"author":[{"embeddable":true,"href":"https:\/\/www.copealcoy.es\/es\/wp-json\/wp\/v2\/users\/1"}],"replies":[{"embeddable":true,"href":"https:\/\/www.copealcoy.es\/es\/wp-json\/wp\/v2\/comments?post=34049"}],"version-history":[{"count":0,"href":"https:\/\/www.copealcoy.es\/es\/wp-json\/wp\/v2\/posts\/34049\/revisions"}],"wp:featuredmedia":[{"embeddable":true,"href":"https:\/\/www.copealcoy.es\/es\/wp-json\/wp\/v2\/media\/34050"}],"wp:attachment":[{"href":"https:\/\/www.copealcoy.es\/es\/wp-json\/wp\/v2\/media?parent=34049"}],"wp:term":[{"taxonomy":"category","embeddable":true,"href":"https:\/\/www.copealcoy.es\/es\/wp-json\/wp\/v2\/categories?post=34049"},{"taxonomy":"post_tag","embeddable":true,"href":"https:\/\/www.copealcoy.es\/es\/wp-json\/wp\/v2\/tags?post=34049"}],"curies":[{"name":"wp","href":"https:\/\/api.w.org\/{rel}","templated":true}]}}