{"id":33975,"date":"2017-08-01T14:50:22","date_gmt":"2017-08-01T14:50:22","guid":{"rendered":"http:\/\/copealcoi.es\/new\/?p=33975"},"modified":"2017-08-01T14:50:22","modified_gmt":"2017-08-01T14:50:22","slug":"detectado-un-caso-aislado-de-legionela-en-el-departamento-de-salud-de-alcoy","status":"publish","type":"post","link":"https:\/\/www.copealcoy.es\/es\/detectado-un-caso-aislado-de-legionela-en-el-departamento-de-salud-de-alcoy\/","title":{"rendered":"Detectado un caso aislado de legionela en el Departamento de Salud de Alcoy"},"content":{"rendered":"<p style=\"text-align: justify;\">La <strong>Conselleria de Sanidad\u00a0<\/strong>ha diagnosticado <strong>un caso aislado de legionela<\/strong> en el Departamento de Salud de Alcoy. El afectado, seg\u00fan informan desde este organismo, <strong>no est\u00e1 relacionado con ning\u00fan brote de esta enfermedad<\/strong> y ha recibido ya el alta hospitalaria. Adem\u00e1s, tal y como detallan desde Sanidad, <strong>el paciente no reside en la ciudad<\/strong>, sino en otro municipio adscrito al citado Departamento de Salud.<\/p>\n<p style=\"text-align: justify;\">Recordar que Alcoy <strong>sufri\u00f3 en oto\u00f1o el \u00faltimo brote de legionela<\/strong> y en los \u00faltimos meses <strong>ha dejado de ser zona de especial protecci\u00f3n<\/strong>, lo cual ha implicado <a href=\"https:\/\/www.copealcoy.es\/alcoy-rebajara-los-controles-de-legionela\/\"><span style=\"color: #0000ff;\"><strong>una reducci\u00f3n de los controles de prevenci\u00f3n<\/strong><\/span><\/a> como la bajada de niveles de cloro en el agua potable as\u00ed como la reapertura paulatina de las fuentes ornamentales existentes en parques y jardines.<\/p>\n<p>&nbsp;<\/p>\n","protected":false},"excerpt":{"rendered":"<p>La Conselleria de Sanidad\u00a0ha diagnosticado un caso aislado de legionela en el Departamento de Salud de Alcoy. El afectado, seg\u00fan&#8230;<\/p>\n","protected":false},"author":1,"featured_media":14095,"comment_status":"open","ping_status":"open","sticky":false,"template":"","format":"standard","meta":{"footnotes":""},"categories":[97,75,125],"tags":[1494,4490,1527,205],"class_list":["post-33975","post","type-post","status-publish","format-standard","has-post-thumbnail","hentry","category-alcoy","category-noticias","category-portada","tag-alcoy","tag-caso-aislado","tag-departamento-de-salud","tag-legionela"],"yoast_head":"<!-- This site is optimized with the Yoast SEO plugin v27.3 - https:\/\/yoast.com\/product\/yoast-seo-wordpress\/ -->\n<title>Detectado un caso aislado de legionela en el Departamento de Salud de Alcoy - COPE Alcoy<\/title>\n<meta name=\"robots\" content=\"index, follow, max-snippet:-1, max-image-preview:large, max-video-preview:-1\" \/>\n<link rel=\"canonical\" href=\"https:\/\/www.copealcoy.es\/es\/detectado-un-caso-aislado-de-legionela-en-el-departamento-de-salud-de-alcoy\/\" \/>\n<meta property=\"og:locale\" content=\"es_ES\" \/>\n<meta property=\"og:type\" content=\"article\" \/>\n<meta property=\"og:title\" content=\"Detectado un caso aislado de legionela en el Departamento de Salud de Alcoy - COPE Alcoy\" \/>\n<meta property=\"og:description\" content=\"La Conselleria de Sanidad\u00a0ha diagnosticado un caso aislado de legionela en el Departamento de Salud de Alcoy. El afectado, seg\u00fan...\" \/>\n<meta property=\"og:url\" content=\"https:\/\/www.copealcoy.es\/es\/detectado-un-caso-aislado-de-legionela-en-el-departamento-de-salud-de-alcoy\/\" \/>\n<meta property=\"og:site_name\" content=\"COPE Alcoy\" \/>\n<meta property=\"article:published_time\" content=\"2017-08-01T14:50:22+00:00\" \/>\n<meta property=\"og:image\" content=\"https:\/\/www.copealcoy.es\/wp-content\/uploads\/2015\/06\/hospital_virgen_lirios.jpg\" \/>\n\t<meta property=\"og:image:width\" content=\"646\" \/>\n\t<meta property=\"og:image:height\" content=\"465\" \/>\n\t<meta property=\"og:image:type\" content=\"image\/jpeg\" \/>\n<meta name=\"author\" content=\"Cope Alcoy\" \/>\n<meta name=\"twitter:label1\" content=\"Escrito por\" \/>\n\t<meta name=\"twitter:data1\" content=\"Cope Alcoy\" \/>\n\t<meta name=\"twitter:label2\" content=\"Tiempo de lectura\" \/>\n\t<meta name=\"twitter:data2\" content=\"1 minuto\" \/>\n<script type=\"application\/ld+json\" class=\"yoast-schema-graph\">{\"@context\":\"https:\\\/\\\/schema.org\",\"@graph\":[{\"@type\":\"Article\",\"@id\":\"https:\\\/\\\/www.copealcoy.es\\\/es\\\/detectado-un-caso-aislado-de-legionela-en-el-departamento-de-salud-de-alcoy\\\/#article\",\"isPartOf\":{\"@id\":\"https:\\\/\\\/www.copealcoy.es\\\/es\\\/detectado-un-caso-aislado-de-legionela-en-el-departamento-de-salud-de-alcoy\\\/\"},\"author\":{\"name\":\"Cope Alcoy\",\"@id\":\"https:\\\/\\\/www.copealcoy.es\\\/es\\\/#\\\/schema\\\/person\\\/e777c87fa024e57d40170af9df39882c\"},\"headline\":\"Detectado un caso aislado de legionela en el Departamento de Salud de Alcoy\",\"datePublished\":\"2017-08-01T14:50:22+00:00\",\"mainEntityOfPage\":{\"@id\":\"https:\\\/\\\/www.copealcoy.es\\\/es\\\/detectado-un-caso-aislado-de-legionela-en-el-departamento-de-salud-de-alcoy\\\/\"},\"wordCount\":146,\"commentCount\":0,\"image\":{\"@id\":\"https:\\\/\\\/www.copealcoy.es\\\/es\\\/detectado-un-caso-aislado-de-legionela-en-el-departamento-de-salud-de-alcoy\\\/#primaryimage\"},\"thumbnailUrl\":\"https:\\\/\\\/www.copealcoy.es\\\/wp-content\\\/uploads\\\/2015\\\/06\\\/hospital_virgen_lirios.jpg\",\"keywords\":[\"Alcoy\",\"caso aislado\",\"Departamento de Salud\",\"Legionela\"],\"articleSection\":[\"Alcoy\",\"Noticias\",\"Portada\"],\"inLanguage\":\"es\"},{\"@type\":\"WebPage\",\"@id\":\"https:\\\/\\\/www.copealcoy.es\\\/es\\\/detectado-un-caso-aislado-de-legionela-en-el-departamento-de-salud-de-alcoy\\\/\",\"url\":\"https:\\\/\\\/www.copealcoy.es\\\/es\\\/detectado-un-caso-aislado-de-legionela-en-el-departamento-de-salud-de-alcoy\\\/\",\"name\":\"Detectado un caso aislado de legionela en el Departamento de Salud de Alcoy - COPE Alcoy\",\"isPartOf\":{\"@id\":\"https:\\\/\\\/www.copealcoy.es\\\/es\\\/#website\"},\"primaryImageOfPage\":{\"@id\":\"https:\\\/\\\/www.copealcoy.es\\\/es\\\/detectado-un-caso-aislado-de-legionela-en-el-departamento-de-salud-de-alcoy\\\/#primaryimage\"},\"image\":{\"@id\":\"https:\\\/\\\/www.copealcoy.es\\\/es\\\/detectado-un-caso-aislado-de-legionela-en-el-departamento-de-salud-de-alcoy\\\/#primaryimage\"},\"thumbnailUrl\":\"https:\\\/\\\/www.copealcoy.es\\\/wp-content\\\/uploads\\\/2015\\\/06\\\/hospital_virgen_lirios.jpg\",\"datePublished\":\"2017-08-01T14:50:22+00:00\",\"author\":{\"@id\":\"https:\\\/\\\/www.copealcoy.es\\\/es\\\/#\\\/schema\\\/person\\\/e777c87fa024e57d40170af9df39882c\"},\"breadcrumb\":{\"@id\":\"https:\\\/\\\/www.copealcoy.es\\\/es\\\/detectado-un-caso-aislado-de-legionela-en-el-departamento-de-salud-de-alcoy\\\/#breadcrumb\"},\"inLanguage\":\"es\",\"potentialAction\":[{\"@type\":\"ReadAction\",\"target\":[\"https:\\\/\\\/www.copealcoy.es\\\/es\\\/detectado-un-caso-aislado-de-legionela-en-el-departamento-de-salud-de-alcoy\\\/\"]}]},{\"@type\":\"ImageObject\",\"inLanguage\":\"es\",\"@id\":\"https:\\\/\\\/www.copealcoy.es\\\/es\\\/detectado-un-caso-aislado-de-legionela-en-el-departamento-de-salud-de-alcoy\\\/#primaryimage\",\"url\":\"https:\\\/\\\/www.copealcoy.es\\\/wp-content\\\/uploads\\\/2015\\\/06\\\/hospital_virgen_lirios.jpg\",\"contentUrl\":\"https:\\\/\\\/www.copealcoy.es\\\/wp-content\\\/uploads\\\/2015\\\/06\\\/hospital_virgen_lirios.jpg\",\"width\":646,\"height\":465},{\"@type\":\"BreadcrumbList\",\"@id\":\"https:\\\/\\\/www.copealcoy.es\\\/es\\\/detectado-un-caso-aislado-de-legionela-en-el-departamento-de-salud-de-alcoy\\\/#breadcrumb\",\"itemListElement\":[{\"@type\":\"ListItem\",\"position\":1,\"name\":\"Portada\",\"item\":\"https:\\\/\\\/www.copealcoy.es\\\/es\\\/\"},{\"@type\":\"ListItem\",\"position\":2,\"name\":\"Detectado un caso aislado de legionela en el Departamento de Salud de Alcoy\"}]},{\"@type\":\"WebSite\",\"@id\":\"https:\\\/\\\/www.copealcoy.es\\\/es\\\/#website\",\"url\":\"https:\\\/\\\/www.copealcoy.es\\\/es\\\/\",\"name\":\"COPE Alcoy\",\"description\":\"Emisora COPE de radio local con emisi\u00f3n online. Pont de Sant Jordi 8-10 03803 Alcoy\",\"potentialAction\":[{\"@type\":\"SearchAction\",\"target\":{\"@type\":\"EntryPoint\",\"urlTemplate\":\"https:\\\/\\\/www.copealcoy.es\\\/es\\\/?s={search_term_string}\"},\"query-input\":{\"@type\":\"PropertyValueSpecification\",\"valueRequired\":true,\"valueName\":\"search_term_string\"}}],\"inLanguage\":\"es\"},{\"@type\":\"Person\",\"@id\":\"https:\\\/\\\/www.copealcoy.es\\\/es\\\/#\\\/schema\\\/person\\\/e777c87fa024e57d40170af9df39882c\",\"name\":\"Cope Alcoy\",\"image\":{\"@type\":\"ImageObject\",\"inLanguage\":\"es\",\"@id\":\"https:\\\/\\\/secure.gravatar.com\\\/avatar\\\/bb65d0283347e303893ba14f0692005417c1e0e690a325a4c5d8bb2b3943ee14?s=96&d=mm&r=g\",\"url\":\"https:\\\/\\\/secure.gravatar.com\\\/avatar\\\/bb65d0283347e303893ba14f0692005417c1e0e690a325a4c5d8bb2b3943ee14?s=96&d=mm&r=g\",\"contentUrl\":\"https:\\\/\\\/secure.gravatar.com\\\/avatar\\\/bb65d0283347e303893ba14f0692005417c1e0e690a325a4c5d8bb2b3943ee14?s=96&d=mm&r=g\",\"caption\":\"Cope Alcoy\"}}]}<\/script>\n<!-- \/ Yoast SEO plugin. -->","yoast_head_json":{"title":"Detectado un caso aislado de legionela en el Departamento de Salud de Alcoy - COPE Alcoy","robots":{"index":"index","follow":"follow","max-snippet":"max-snippet:-1","max-image-preview":"max-image-preview:large","max-video-preview":"max-video-preview:-1"},"canonical":"https:\/\/www.copealcoy.es\/es\/detectado-un-caso-aislado-de-legionela-en-el-departamento-de-salud-de-alcoy\/","og_locale":"es_ES","og_type":"article","og_title":"Detectado un caso aislado de legionela en el Departamento de Salud de Alcoy - COPE Alcoy","og_description":"La Conselleria de Sanidad\u00a0ha diagnosticado un caso aislado de legionela en el Departamento de Salud de Alcoy. El afectado, seg\u00fan...","og_url":"https:\/\/www.copealcoy.es\/es\/detectado-un-caso-aislado-de-legionela-en-el-departamento-de-salud-de-alcoy\/","og_site_name":"COPE Alcoy","article_published_time":"2017-08-01T14:50:22+00:00","og_image":[{"width":646,"height":465,"url":"https:\/\/www.copealcoy.es\/wp-content\/uploads\/2015\/06\/hospital_virgen_lirios.jpg","type":"image\/jpeg"}],"author":"Cope Alcoy","twitter_misc":{"Escrito por":"Cope Alcoy","Tiempo de lectura":"1 minuto"},"schema":{"@context":"https:\/\/schema.org","@graph":[{"@type":"Article","@id":"https:\/\/www.copealcoy.es\/es\/detectado-un-caso-aislado-de-legionela-en-el-departamento-de-salud-de-alcoy\/#article","isPartOf":{"@id":"https:\/\/www.copealcoy.es\/es\/detectado-un-caso-aislado-de-legionela-en-el-departamento-de-salud-de-alcoy\/"},"author":{"name":"Cope Alcoy","@id":"https:\/\/www.copealcoy.es\/es\/#\/schema\/person\/e777c87fa024e57d40170af9df39882c"},"headline":"Detectado un caso aislado de legionela en el Departamento de Salud de Alcoy","datePublished":"2017-08-01T14:50:22+00:00","mainEntityOfPage":{"@id":"https:\/\/www.copealcoy.es\/es\/detectado-un-caso-aislado-de-legionela-en-el-departamento-de-salud-de-alcoy\/"},"wordCount":146,"commentCount":0,"image":{"@id":"https:\/\/www.copealcoy.es\/es\/detectado-un-caso-aislado-de-legionela-en-el-departamento-de-salud-de-alcoy\/#primaryimage"},"thumbnailUrl":"https:\/\/www.copealcoy.es\/wp-content\/uploads\/2015\/06\/hospital_virgen_lirios.jpg","keywords":["Alcoy","caso aislado","Departamento de Salud","Legionela"],"articleSection":["Alcoy","Noticias","Portada"],"inLanguage":"es"},{"@type":"WebPage","@id":"https:\/\/www.copealcoy.es\/es\/detectado-un-caso-aislado-de-legionela-en-el-departamento-de-salud-de-alcoy\/","url":"https:\/\/www.copealcoy.es\/es\/detectado-un-caso-aislado-de-legionela-en-el-departamento-de-salud-de-alcoy\/","name":"Detectado un caso aislado de legionela en el Departamento de Salud de Alcoy - COPE Alcoy","isPartOf":{"@id":"https:\/\/www.copealcoy.es\/es\/#website"},"primaryImageOfPage":{"@id":"https:\/\/www.copealcoy.es\/es\/detectado-un-caso-aislado-de-legionela-en-el-departamento-de-salud-de-alcoy\/#primaryimage"},"image":{"@id":"https:\/\/www.copealcoy.es\/es\/detectado-un-caso-aislado-de-legionela-en-el-departamento-de-salud-de-alcoy\/#primaryimage"},"thumbnailUrl":"https:\/\/www.copealcoy.es\/wp-content\/uploads\/2015\/06\/hospital_virgen_lirios.jpg","datePublished":"2017-08-01T14:50:22+00:00","author":{"@id":"https:\/\/www.copealcoy.es\/es\/#\/schema\/person\/e777c87fa024e57d40170af9df39882c"},"breadcrumb":{"@id":"https:\/\/www.copealcoy.es\/es\/detectado-un-caso-aislado-de-legionela-en-el-departamento-de-salud-de-alcoy\/#breadcrumb"},"inLanguage":"es","potentialAction":[{"@type":"ReadAction","target":["https:\/\/www.copealcoy.es\/es\/detectado-un-caso-aislado-de-legionela-en-el-departamento-de-salud-de-alcoy\/"]}]},{"@type":"ImageObject","inLanguage":"es","@id":"https:\/\/www.copealcoy.es\/es\/detectado-un-caso-aislado-de-legionela-en-el-departamento-de-salud-de-alcoy\/#primaryimage","url":"https:\/\/www.copealcoy.es\/wp-content\/uploads\/2015\/06\/hospital_virgen_lirios.jpg","contentUrl":"https:\/\/www.copealcoy.es\/wp-content\/uploads\/2015\/06\/hospital_virgen_lirios.jpg","width":646,"height":465},{"@type":"BreadcrumbList","@id":"https:\/\/www.copealcoy.es\/es\/detectado-un-caso-aislado-de-legionela-en-el-departamento-de-salud-de-alcoy\/#breadcrumb","itemListElement":[{"@type":"ListItem","position":1,"name":"Portada","item":"https:\/\/www.copealcoy.es\/es\/"},{"@type":"ListItem","position":2,"name":"Detectado un caso aislado de legionela en el Departamento de Salud de Alcoy"}]},{"@type":"WebSite","@id":"https:\/\/www.copealcoy.es\/es\/#website","url":"https:\/\/www.copealcoy.es\/es\/","name":"COPE Alcoy","description":"Emisora COPE de radio local con emisi\u00f3n online. Pont de Sant Jordi 8-10 03803 Alcoy","potentialAction":[{"@type":"SearchAction","target":{"@type":"EntryPoint","urlTemplate":"https:\/\/www.copealcoy.es\/es\/?s={search_term_string}"},"query-input":{"@type":"PropertyValueSpecification","valueRequired":true,"valueName":"search_term_string"}}],"inLanguage":"es"},{"@type":"Person","@id":"https:\/\/www.copealcoy.es\/es\/#\/schema\/person\/e777c87fa024e57d40170af9df39882c","name":"Cope Alcoy","image":{"@type":"ImageObject","inLanguage":"es","@id":"https:\/\/secure.gravatar.com\/avatar\/bb65d0283347e303893ba14f0692005417c1e0e690a325a4c5d8bb2b3943ee14?s=96&d=mm&r=g","url":"https:\/\/secure.gravatar.com\/avatar\/bb65d0283347e303893ba14f0692005417c1e0e690a325a4c5d8bb2b3943ee14?s=96&d=mm&r=g","contentUrl":"https:\/\/secure.gravatar.com\/avatar\/bb65d0283347e303893ba14f0692005417c1e0e690a325a4c5d8bb2b3943ee14?s=96&d=mm&r=g","caption":"Cope Alcoy"}}]}},"_links":{"self":[{"href":"https:\/\/www.copealcoy.es\/es\/wp-json\/wp\/v2\/posts\/33975","targetHints":{"allow":["GET"]}}],"collection":[{"href":"https:\/\/www.copealcoy.es\/es\/wp-json\/wp\/v2\/posts"}],"about":[{"href":"https:\/\/www.copealcoy.es\/es\/wp-json\/wp\/v2\/types\/post"}],"author":[{"embeddable":true,"href":"https:\/\/www.copealcoy.es\/es\/wp-json\/wp\/v2\/users\/1"}],"replies":[{"embeddable":true,"href":"https:\/\/www.copealcoy.es\/es\/wp-json\/wp\/v2\/comments?post=33975"}],"version-history":[{"count":0,"href":"https:\/\/www.copealcoy.es\/es\/wp-json\/wp\/v2\/posts\/33975\/revisions"}],"wp:featuredmedia":[{"embeddable":true,"href":"https:\/\/www.copealcoy.es\/es\/wp-json\/wp\/v2\/media\/14095"}],"wp:attachment":[{"href":"https:\/\/www.copealcoy.es\/es\/wp-json\/wp\/v2\/media?parent=33975"}],"wp:term":[{"taxonomy":"category","embeddable":true,"href":"https:\/\/www.copealcoy.es\/es\/wp-json\/wp\/v2\/categories?post=33975"},{"taxonomy":"post_tag","embeddable":true,"href":"https:\/\/www.copealcoy.es\/es\/wp-json\/wp\/v2\/tags?post=33975"}],"curies":[{"name":"wp","href":"https:\/\/api.w.org\/{rel}","templated":true}]}}