{"id":33949,"date":"2017-08-01T12:00:52","date_gmt":"2017-08-01T12:00:52","guid":{"rendered":"http:\/\/copealcoi.es\/new\/?p=33949"},"modified":"2017-07-31T18:40:51","modified_gmt":"2017-07-31T18:40:51","slug":"la-oficina-municipal-de-comercio-se-ubicara-en-la-calle-san-francisco","status":"publish","type":"post","link":"https:\/\/www.copealcoy.es\/es\/la-oficina-municipal-de-comercio-se-ubicara-en-la-calle-san-francisco\/","title":{"rendered":"La Oficina Municipal de Comercio se ubicar\u00e1 en la calle San Francisco"},"content":{"rendered":"<p style=\"text-align: justify;\">El Ayuntamiento de Alcoy, a trav\u00e9s del \u00e1rea de Comercio, <strong>llevar\u00e1 a cabo la rehabilitaci\u00f3n del local n\u00famero 38 de la calle Sant Francesc<\/strong> en el que se ubicaba la antigua papeler\u00eda Hispania, para abrir all\u00ed<strong> la oficina municipal de comercio<\/strong>.\u00a0Para ello en el \u00faltimo pleno de la Corporaci\u00f3n Local <strong>se aprob\u00f3 una modificaci\u00f3n de cr\u00e9dito<\/strong> de una partida de la concejal\u00eda de comercio con el fin de\u00a0poder realizar <strong>la rehabilitaci\u00f3n de este inmueble y tambi\u00e9n dotarlo de mobiliario<\/strong>. En total <strong>se invertir\u00e1n 90.000 euros<\/strong> en este proyecto y se espera que la oficina pueda estar en funcionamiento a principios del pr\u00f3ximo a\u00f1o.<\/p>\n<p style=\"text-align: justify;\">La edil de la propia concejal\u00eda de Comercio, <strong>Vanessa Molt\u00f3<\/strong>, explica que esta iniciativa <strong>cuenta con el respaldo de la Mesa del Centro<\/strong> y detalla que junto a la apertura de la oficina municipal de comercio <strong>se impulsar\u00e1n tambi\u00e9n ayudas<\/strong>\u00a0para todos aquellos que rehabiliten un bajo o abran un comercio en el Centro de Alcoy &#8220;<em>prioritariamente en la zona de San Francisco y lim\u00edtrofes.\u00a0La reactivaci\u00f3n de esta zona de la ciudad es importante pero se debe actuar transversalmente, desde el \u00e1mbito p\u00fablico y privado, s\u00f3lo as\u00ed conseguiremos dinamizar el Centro de Alcoy. En la concejal\u00eda de Comercio tenemos claro que debemos trabajar de manera conjunta, y sin perder tiempo, porque Alcoy es la prioridad<\/em>&#8220;, afirma.<\/p>\n<p style=\"text-align: justify;\">Indicar que el Presupuesto Municipal de 2017 <strong>reserv\u00f3 una partida de 250.000 euros<\/strong> para rehabilitar el Centro y al margen de la creaci\u00f3n de esta oficina en la calle San Francisco, <strong>hay otros proyectos previstos<\/strong> para misma arteria como \u00a0la futura ubicaci\u00f3n de la sede de la Universitat d\u2019Alacant en la \u00faltima planta del edificio de C\u00e1mara de Comercio de Alcoy.<\/p>\n","protected":false},"excerpt":{"rendered":"<p>El Ayuntamiento de Alcoy, a trav\u00e9s del \u00e1rea de Comercio, llevar\u00e1 a cabo la rehabilitaci\u00f3n del local n\u00famero 38 de&#8230;<\/p>\n","protected":false},"author":1,"featured_media":33950,"comment_status":"open","ping_status":"open","sticky":false,"template":"","format":"standard","meta":{"footnotes":""},"categories":[97,75,79],"tags":[1494,2508,295,4481,2034],"class_list":["post-33949","post","type-post","status-publish","format-standard","has-post-thumbnail","hentry","category-alcoy","category-noticias","category-politicayeconomia","tag-alcoy","tag-calle-san-francisco","tag-centro","tag-oficina-municipal-de-comercio","tag-vanessa-molto"],"yoast_head":"<!-- This site is optimized with the Yoast SEO plugin v27.3 - https:\/\/yoast.com\/product\/yoast-seo-wordpress\/ -->\n<title>La Oficina Municipal de Comercio se ubicar\u00e1 en la calle San Francisco - COPE Alcoy<\/title>\n<meta name=\"robots\" content=\"index, follow, max-snippet:-1, max-image-preview:large, max-video-preview:-1\" \/>\n<link rel=\"canonical\" href=\"https:\/\/www.copealcoy.es\/es\/la-oficina-municipal-de-comercio-se-ubicara-en-la-calle-san-francisco\/\" \/>\n<meta property=\"og:locale\" content=\"es_ES\" \/>\n<meta property=\"og:type\" content=\"article\" \/>\n<meta property=\"og:title\" content=\"La Oficina Municipal de Comercio se ubicar\u00e1 en la calle San Francisco - COPE Alcoy\" \/>\n<meta property=\"og:description\" content=\"El Ayuntamiento de Alcoy, a trav\u00e9s del \u00e1rea de Comercio, llevar\u00e1 a cabo la rehabilitaci\u00f3n del local n\u00famero 38 de...\" \/>\n<meta property=\"og:url\" content=\"https:\/\/www.copealcoy.es\/es\/la-oficina-municipal-de-comercio-se-ubicara-en-la-calle-san-francisco\/\" \/>\n<meta property=\"og:site_name\" content=\"COPE Alcoy\" \/>\n<meta property=\"article:published_time\" content=\"2017-08-01T12:00:52+00:00\" \/>\n<meta property=\"og:image\" content=\"https:\/\/www.copealcoy.es\/wp-content\/uploads\/2017\/07\/20170731_oficinacomer\u00e7-1024x683.jpg\" \/>\n\t<meta property=\"og:image:width\" content=\"1024\" \/>\n\t<meta property=\"og:image:height\" content=\"683\" \/>\n\t<meta property=\"og:image:type\" content=\"image\/jpeg\" \/>\n<meta name=\"author\" content=\"Cope Alcoy\" \/>\n<meta name=\"twitter:label1\" content=\"Escrito por\" \/>\n\t<meta name=\"twitter:data1\" content=\"Cope Alcoy\" \/>\n\t<meta name=\"twitter:label2\" content=\"Tiempo de lectura\" \/>\n\t<meta name=\"twitter:data2\" content=\"2 minutos\" \/>\n<script type=\"application\/ld+json\" class=\"yoast-schema-graph\">{\"@context\":\"https:\\\/\\\/schema.org\",\"@graph\":[{\"@type\":\"Article\",\"@id\":\"https:\\\/\\\/www.copealcoy.es\\\/es\\\/la-oficina-municipal-de-comercio-se-ubicara-en-la-calle-san-francisco\\\/#article\",\"isPartOf\":{\"@id\":\"https:\\\/\\\/www.copealcoy.es\\\/es\\\/la-oficina-municipal-de-comercio-se-ubicara-en-la-calle-san-francisco\\\/\"},\"author\":{\"name\":\"Cope Alcoy\",\"@id\":\"https:\\\/\\\/www.copealcoy.es\\\/es\\\/#\\\/schema\\\/person\\\/e777c87fa024e57d40170af9df39882c\"},\"headline\":\"La Oficina Municipal de Comercio se ubicar\u00e1 en la calle San Francisco\",\"datePublished\":\"2017-08-01T12:00:52+00:00\",\"mainEntityOfPage\":{\"@id\":\"https:\\\/\\\/www.copealcoy.es\\\/es\\\/la-oficina-municipal-de-comercio-se-ubicara-en-la-calle-san-francisco\\\/\"},\"wordCount\":316,\"commentCount\":0,\"image\":{\"@id\":\"https:\\\/\\\/www.copealcoy.es\\\/es\\\/la-oficina-municipal-de-comercio-se-ubicara-en-la-calle-san-francisco\\\/#primaryimage\"},\"thumbnailUrl\":\"https:\\\/\\\/www.copealcoy.es\\\/wp-content\\\/uploads\\\/2017\\\/07\\\/20170731_oficinacomer\u00e7.jpg\",\"keywords\":[\"Alcoy\",\"calle San Francisco\",\"Centro\",\"Oficina Municipal de Comercio\",\"Vanessa Molt\u00f3\"],\"articleSection\":[\"Alcoy\",\"Noticias\",\"Pol\u00edtica y Econom\u00eda\"],\"inLanguage\":\"es\"},{\"@type\":\"WebPage\",\"@id\":\"https:\\\/\\\/www.copealcoy.es\\\/es\\\/la-oficina-municipal-de-comercio-se-ubicara-en-la-calle-san-francisco\\\/\",\"url\":\"https:\\\/\\\/www.copealcoy.es\\\/es\\\/la-oficina-municipal-de-comercio-se-ubicara-en-la-calle-san-francisco\\\/\",\"name\":\"La Oficina Municipal de Comercio se ubicar\u00e1 en la calle San Francisco - COPE Alcoy\",\"isPartOf\":{\"@id\":\"https:\\\/\\\/www.copealcoy.es\\\/es\\\/#website\"},\"primaryImageOfPage\":{\"@id\":\"https:\\\/\\\/www.copealcoy.es\\\/es\\\/la-oficina-municipal-de-comercio-se-ubicara-en-la-calle-san-francisco\\\/#primaryimage\"},\"image\":{\"@id\":\"https:\\\/\\\/www.copealcoy.es\\\/es\\\/la-oficina-municipal-de-comercio-se-ubicara-en-la-calle-san-francisco\\\/#primaryimage\"},\"thumbnailUrl\":\"https:\\\/\\\/www.copealcoy.es\\\/wp-content\\\/uploads\\\/2017\\\/07\\\/20170731_oficinacomer\u00e7.jpg\",\"datePublished\":\"2017-08-01T12:00:52+00:00\",\"author\":{\"@id\":\"https:\\\/\\\/www.copealcoy.es\\\/es\\\/#\\\/schema\\\/person\\\/e777c87fa024e57d40170af9df39882c\"},\"breadcrumb\":{\"@id\":\"https:\\\/\\\/www.copealcoy.es\\\/es\\\/la-oficina-municipal-de-comercio-se-ubicara-en-la-calle-san-francisco\\\/#breadcrumb\"},\"inLanguage\":\"es\",\"potentialAction\":[{\"@type\":\"ReadAction\",\"target\":[\"https:\\\/\\\/www.copealcoy.es\\\/es\\\/la-oficina-municipal-de-comercio-se-ubicara-en-la-calle-san-francisco\\\/\"]}]},{\"@type\":\"ImageObject\",\"inLanguage\":\"es\",\"@id\":\"https:\\\/\\\/www.copealcoy.es\\\/es\\\/la-oficina-municipal-de-comercio-se-ubicara-en-la-calle-san-francisco\\\/#primaryimage\",\"url\":\"https:\\\/\\\/www.copealcoy.es\\\/wp-content\\\/uploads\\\/2017\\\/07\\\/20170731_oficinacomer\u00e7.jpg\",\"contentUrl\":\"https:\\\/\\\/www.copealcoy.es\\\/wp-content\\\/uploads\\\/2017\\\/07\\\/20170731_oficinacomer\u00e7.jpg\",\"width\":4272,\"height\":2848,\"caption\":\"Inmueble en el que se ubicar\u00e1 la futura Oficina Municipal de Comercio\"},{\"@type\":\"BreadcrumbList\",\"@id\":\"https:\\\/\\\/www.copealcoy.es\\\/es\\\/la-oficina-municipal-de-comercio-se-ubicara-en-la-calle-san-francisco\\\/#breadcrumb\",\"itemListElement\":[{\"@type\":\"ListItem\",\"position\":1,\"name\":\"Portada\",\"item\":\"https:\\\/\\\/www.copealcoy.es\\\/es\\\/\"},{\"@type\":\"ListItem\",\"position\":2,\"name\":\"La Oficina Municipal de Comercio se ubicar\u00e1 en la calle San Francisco\"}]},{\"@type\":\"WebSite\",\"@id\":\"https:\\\/\\\/www.copealcoy.es\\\/es\\\/#website\",\"url\":\"https:\\\/\\\/www.copealcoy.es\\\/es\\\/\",\"name\":\"COPE Alcoy\",\"description\":\"Emisora COPE de radio local con emisi\u00f3n online. Pont de Sant Jordi 8-10 03803 Alcoy\",\"potentialAction\":[{\"@type\":\"SearchAction\",\"target\":{\"@type\":\"EntryPoint\",\"urlTemplate\":\"https:\\\/\\\/www.copealcoy.es\\\/es\\\/?s={search_term_string}\"},\"query-input\":{\"@type\":\"PropertyValueSpecification\",\"valueRequired\":true,\"valueName\":\"search_term_string\"}}],\"inLanguage\":\"es\"},{\"@type\":\"Person\",\"@id\":\"https:\\\/\\\/www.copealcoy.es\\\/es\\\/#\\\/schema\\\/person\\\/e777c87fa024e57d40170af9df39882c\",\"name\":\"Cope Alcoy\",\"image\":{\"@type\":\"ImageObject\",\"inLanguage\":\"es\",\"@id\":\"https:\\\/\\\/secure.gravatar.com\\\/avatar\\\/bb65d0283347e303893ba14f0692005417c1e0e690a325a4c5d8bb2b3943ee14?s=96&d=mm&r=g\",\"url\":\"https:\\\/\\\/secure.gravatar.com\\\/avatar\\\/bb65d0283347e303893ba14f0692005417c1e0e690a325a4c5d8bb2b3943ee14?s=96&d=mm&r=g\",\"contentUrl\":\"https:\\\/\\\/secure.gravatar.com\\\/avatar\\\/bb65d0283347e303893ba14f0692005417c1e0e690a325a4c5d8bb2b3943ee14?s=96&d=mm&r=g\",\"caption\":\"Cope Alcoy\"}}]}<\/script>\n<!-- \/ Yoast SEO plugin. -->","yoast_head_json":{"title":"La Oficina Municipal de Comercio se ubicar\u00e1 en la calle San Francisco - COPE Alcoy","robots":{"index":"index","follow":"follow","max-snippet":"max-snippet:-1","max-image-preview":"max-image-preview:large","max-video-preview":"max-video-preview:-1"},"canonical":"https:\/\/www.copealcoy.es\/es\/la-oficina-municipal-de-comercio-se-ubicara-en-la-calle-san-francisco\/","og_locale":"es_ES","og_type":"article","og_title":"La Oficina Municipal de Comercio se ubicar\u00e1 en la calle San Francisco - COPE Alcoy","og_description":"El Ayuntamiento de Alcoy, a trav\u00e9s del \u00e1rea de Comercio, llevar\u00e1 a cabo la rehabilitaci\u00f3n del local n\u00famero 38 de...","og_url":"https:\/\/www.copealcoy.es\/es\/la-oficina-municipal-de-comercio-se-ubicara-en-la-calle-san-francisco\/","og_site_name":"COPE Alcoy","article_published_time":"2017-08-01T12:00:52+00:00","og_image":[{"width":1024,"height":683,"url":"https:\/\/www.copealcoy.es\/wp-content\/uploads\/2017\/07\/20170731_oficinacomer\u00e7-1024x683.jpg","type":"image\/jpeg"}],"author":"Cope Alcoy","twitter_misc":{"Escrito por":"Cope Alcoy","Tiempo de lectura":"2 minutos"},"schema":{"@context":"https:\/\/schema.org","@graph":[{"@type":"Article","@id":"https:\/\/www.copealcoy.es\/es\/la-oficina-municipal-de-comercio-se-ubicara-en-la-calle-san-francisco\/#article","isPartOf":{"@id":"https:\/\/www.copealcoy.es\/es\/la-oficina-municipal-de-comercio-se-ubicara-en-la-calle-san-francisco\/"},"author":{"name":"Cope Alcoy","@id":"https:\/\/www.copealcoy.es\/es\/#\/schema\/person\/e777c87fa024e57d40170af9df39882c"},"headline":"La Oficina Municipal de Comercio se ubicar\u00e1 en la calle San Francisco","datePublished":"2017-08-01T12:00:52+00:00","mainEntityOfPage":{"@id":"https:\/\/www.copealcoy.es\/es\/la-oficina-municipal-de-comercio-se-ubicara-en-la-calle-san-francisco\/"},"wordCount":316,"commentCount":0,"image":{"@id":"https:\/\/www.copealcoy.es\/es\/la-oficina-municipal-de-comercio-se-ubicara-en-la-calle-san-francisco\/#primaryimage"},"thumbnailUrl":"https:\/\/www.copealcoy.es\/wp-content\/uploads\/2017\/07\/20170731_oficinacomer\u00e7.jpg","keywords":["Alcoy","calle San Francisco","Centro","Oficina Municipal de Comercio","Vanessa Molt\u00f3"],"articleSection":["Alcoy","Noticias","Pol\u00edtica y Econom\u00eda"],"inLanguage":"es"},{"@type":"WebPage","@id":"https:\/\/www.copealcoy.es\/es\/la-oficina-municipal-de-comercio-se-ubicara-en-la-calle-san-francisco\/","url":"https:\/\/www.copealcoy.es\/es\/la-oficina-municipal-de-comercio-se-ubicara-en-la-calle-san-francisco\/","name":"La Oficina Municipal de Comercio se ubicar\u00e1 en la calle San Francisco - COPE Alcoy","isPartOf":{"@id":"https:\/\/www.copealcoy.es\/es\/#website"},"primaryImageOfPage":{"@id":"https:\/\/www.copealcoy.es\/es\/la-oficina-municipal-de-comercio-se-ubicara-en-la-calle-san-francisco\/#primaryimage"},"image":{"@id":"https:\/\/www.copealcoy.es\/es\/la-oficina-municipal-de-comercio-se-ubicara-en-la-calle-san-francisco\/#primaryimage"},"thumbnailUrl":"https:\/\/www.copealcoy.es\/wp-content\/uploads\/2017\/07\/20170731_oficinacomer\u00e7.jpg","datePublished":"2017-08-01T12:00:52+00:00","author":{"@id":"https:\/\/www.copealcoy.es\/es\/#\/schema\/person\/e777c87fa024e57d40170af9df39882c"},"breadcrumb":{"@id":"https:\/\/www.copealcoy.es\/es\/la-oficina-municipal-de-comercio-se-ubicara-en-la-calle-san-francisco\/#breadcrumb"},"inLanguage":"es","potentialAction":[{"@type":"ReadAction","target":["https:\/\/www.copealcoy.es\/es\/la-oficina-municipal-de-comercio-se-ubicara-en-la-calle-san-francisco\/"]}]},{"@type":"ImageObject","inLanguage":"es","@id":"https:\/\/www.copealcoy.es\/es\/la-oficina-municipal-de-comercio-se-ubicara-en-la-calle-san-francisco\/#primaryimage","url":"https:\/\/www.copealcoy.es\/wp-content\/uploads\/2017\/07\/20170731_oficinacomer\u00e7.jpg","contentUrl":"https:\/\/www.copealcoy.es\/wp-content\/uploads\/2017\/07\/20170731_oficinacomer\u00e7.jpg","width":4272,"height":2848,"caption":"Inmueble en el que se ubicar\u00e1 la futura Oficina Municipal de Comercio"},{"@type":"BreadcrumbList","@id":"https:\/\/www.copealcoy.es\/es\/la-oficina-municipal-de-comercio-se-ubicara-en-la-calle-san-francisco\/#breadcrumb","itemListElement":[{"@type":"ListItem","position":1,"name":"Portada","item":"https:\/\/www.copealcoy.es\/es\/"},{"@type":"ListItem","position":2,"name":"La Oficina Municipal de Comercio se ubicar\u00e1 en la calle San Francisco"}]},{"@type":"WebSite","@id":"https:\/\/www.copealcoy.es\/es\/#website","url":"https:\/\/www.copealcoy.es\/es\/","name":"COPE Alcoy","description":"Emisora COPE de radio local con emisi\u00f3n online. Pont de Sant Jordi 8-10 03803 Alcoy","potentialAction":[{"@type":"SearchAction","target":{"@type":"EntryPoint","urlTemplate":"https:\/\/www.copealcoy.es\/es\/?s={search_term_string}"},"query-input":{"@type":"PropertyValueSpecification","valueRequired":true,"valueName":"search_term_string"}}],"inLanguage":"es"},{"@type":"Person","@id":"https:\/\/www.copealcoy.es\/es\/#\/schema\/person\/e777c87fa024e57d40170af9df39882c","name":"Cope Alcoy","image":{"@type":"ImageObject","inLanguage":"es","@id":"https:\/\/secure.gravatar.com\/avatar\/bb65d0283347e303893ba14f0692005417c1e0e690a325a4c5d8bb2b3943ee14?s=96&d=mm&r=g","url":"https:\/\/secure.gravatar.com\/avatar\/bb65d0283347e303893ba14f0692005417c1e0e690a325a4c5d8bb2b3943ee14?s=96&d=mm&r=g","contentUrl":"https:\/\/secure.gravatar.com\/avatar\/bb65d0283347e303893ba14f0692005417c1e0e690a325a4c5d8bb2b3943ee14?s=96&d=mm&r=g","caption":"Cope Alcoy"}}]}},"_links":{"self":[{"href":"https:\/\/www.copealcoy.es\/es\/wp-json\/wp\/v2\/posts\/33949","targetHints":{"allow":["GET"]}}],"collection":[{"href":"https:\/\/www.copealcoy.es\/es\/wp-json\/wp\/v2\/posts"}],"about":[{"href":"https:\/\/www.copealcoy.es\/es\/wp-json\/wp\/v2\/types\/post"}],"author":[{"embeddable":true,"href":"https:\/\/www.copealcoy.es\/es\/wp-json\/wp\/v2\/users\/1"}],"replies":[{"embeddable":true,"href":"https:\/\/www.copealcoy.es\/es\/wp-json\/wp\/v2\/comments?post=33949"}],"version-history":[{"count":0,"href":"https:\/\/www.copealcoy.es\/es\/wp-json\/wp\/v2\/posts\/33949\/revisions"}],"wp:featuredmedia":[{"embeddable":true,"href":"https:\/\/www.copealcoy.es\/es\/wp-json\/wp\/v2\/media\/33950"}],"wp:attachment":[{"href":"https:\/\/www.copealcoy.es\/es\/wp-json\/wp\/v2\/media?parent=33949"}],"wp:term":[{"taxonomy":"category","embeddable":true,"href":"https:\/\/www.copealcoy.es\/es\/wp-json\/wp\/v2\/categories?post=33949"},{"taxonomy":"post_tag","embeddable":true,"href":"https:\/\/www.copealcoy.es\/es\/wp-json\/wp\/v2\/tags?post=33949"}],"curies":[{"name":"wp","href":"https:\/\/api.w.org\/{rel}","templated":true}]}}