{"id":33947,"date":"2017-08-01T12:00:44","date_gmt":"2017-08-01T12:00:44","guid":{"rendered":"http:\/\/copealcoi.es\/new\/?p=33947"},"modified":"2017-08-01T14:01:31","modified_gmt":"2017-08-01T14:01:31","slug":"cocentaina-lanza-una-nueva-convocatoria-del-programa-de-apoyo-a-emprendedores-ccrea","status":"publish","type":"post","link":"https:\/\/www.copealcoy.es\/es\/cocentaina-lanza-una-nueva-convocatoria-del-programa-de-apoyo-a-emprendedores-ccrea\/","title":{"rendered":"Cocentaina lanza una nueva convocatoria del programa de apoyo a emprendedores C&#8217;Crea"},"content":{"rendered":"<p style=\"text-align: justify;\">Los <strong>emprendedores y las empresas de nueva creaci\u00f3n de Cocentaina<\/strong> podr\u00e1n beneficiarse de las ayudas del <strong>programa C\u00b4Crea<\/strong> que impulsa un a\u00f1o m\u00e1s el Ayuntamiento de la Villa Condal. A las mismas se pueden acoger <strong>los negocios creados entre el 1 de septiembre de 2016 y el 31 de agosto de este a\u00f1o<\/strong> y la documentaci\u00f3n se podr\u00e1 presentar hasta este \u00faltimo d\u00eda.<\/p>\n<p style=\"text-align: justify;\">El programa, como novedad, incluye una propuesta que consiste en que <strong>los comercios agroalimentarios<\/strong> que han iniciado su actividad econ\u00f3mica en el Mercado Municipal podr\u00e1n obtener hasta 1.000 euros. Tambi\u00e9n pueden acogerse a estas subvenciones <strong>las empresas creadas en el centro hist\u00f3rico y las mujeres en paro<\/strong>, <strong>parados de menos de 30 a\u00f1os o mayores de 45 a\u00f1os o discapacitados de m\u00e1s del 33%<\/strong>. Por \u00faltimo los que hayan realizado <strong>una inversi\u00f3n de entre 5.000 y 15.000 euros<\/strong> para hacer realidad su empresa podr\u00e1n percibir entre 1.000 y 3.000 euros.<\/p>\n<p style=\"text-align: justify;\">Recordar\u00a0que toda la informaci\u00f3n sobes esta l\u00ednea de ayudas y sobre todo lo que implica el programa C Crea <a href=\"http:\/\/va.cocentaina.es\/ver\/3437\/PROGRAMA-CCREA-2017.html\"><strong><span style=\"color: #0000ff;\">est\u00e1 disponible en la p\u00e1gina web del Consistorio<\/span><\/strong><\/a> contestano.<\/p>\n","protected":false},"excerpt":{"rendered":"<p>Los emprendedores y las empresas de nueva creaci\u00f3n de Cocentaina podr\u00e1n beneficiarse de las ayudas del programa C\u00b4Crea que impulsa&#8230;<\/p>\n","protected":false},"author":1,"featured_media":12992,"comment_status":"open","ping_status":"open","sticky":false,"template":"","format":"standard","meta":{"footnotes":""},"categories":[98,75],"tags":[407,4479,132,585,434,2828,4480],"class_list":["post-33947","post","type-post","status-publish","format-standard","has-post-thumbnail","hentry","category-comarcas","category-noticias","tag-ayudas","tag-c-crea","tag-cocentaina","tag-emprendedores","tag-empresas","tag-mariona-carbonell","tag-nueva-creacion"],"yoast_head":"<!-- This site is optimized with the Yoast SEO plugin v27.3 - https:\/\/yoast.com\/product\/yoast-seo-wordpress\/ -->\n<title>Cocentaina lanza una nueva convocatoria del programa de apoyo a emprendedores C&#039;Crea - COPE Alcoy<\/title>\n<meta name=\"robots\" content=\"index, follow, max-snippet:-1, max-image-preview:large, max-video-preview:-1\" \/>\n<link rel=\"canonical\" href=\"https:\/\/www.copealcoy.es\/es\/cocentaina-lanza-una-nueva-convocatoria-del-programa-de-apoyo-a-emprendedores-ccrea\/\" \/>\n<meta property=\"og:locale\" content=\"es_ES\" \/>\n<meta property=\"og:type\" content=\"article\" \/>\n<meta property=\"og:title\" content=\"Cocentaina lanza una nueva convocatoria del programa de apoyo a emprendedores C&#039;Crea - COPE Alcoy\" \/>\n<meta property=\"og:description\" content=\"Los emprendedores y las empresas de nueva creaci\u00f3n de Cocentaina podr\u00e1n beneficiarse de las ayudas del programa C\u00b4Crea que impulsa...\" \/>\n<meta property=\"og:url\" content=\"https:\/\/www.copealcoy.es\/es\/cocentaina-lanza-una-nueva-convocatoria-del-programa-de-apoyo-a-emprendedores-ccrea\/\" \/>\n<meta property=\"og:site_name\" content=\"COPE Alcoy\" \/>\n<meta property=\"article:published_time\" content=\"2017-08-01T12:00:44+00:00\" \/>\n<meta property=\"article:modified_time\" content=\"2017-08-01T14:01:31+00:00\" \/>\n<meta property=\"og:image\" content=\"https:\/\/www.copealcoy.es\/wp-content\/uploads\/2015\/05\/213-1024x768.jpg\" \/>\n\t<meta property=\"og:image:width\" content=\"1024\" \/>\n\t<meta property=\"og:image:height\" content=\"768\" \/>\n\t<meta property=\"og:image:type\" content=\"image\/jpeg\" \/>\n<meta name=\"author\" content=\"Cope Alcoy\" \/>\n<meta name=\"twitter:label1\" content=\"Escrito por\" \/>\n\t<meta name=\"twitter:data1\" content=\"Cope Alcoy\" \/>\n\t<meta name=\"twitter:label2\" content=\"Tiempo de lectura\" \/>\n\t<meta name=\"twitter:data2\" content=\"1 minuto\" \/>\n<script type=\"application\/ld+json\" class=\"yoast-schema-graph\">{\"@context\":\"https:\\\/\\\/schema.org\",\"@graph\":[{\"@type\":\"Article\",\"@id\":\"https:\\\/\\\/www.copealcoy.es\\\/es\\\/cocentaina-lanza-una-nueva-convocatoria-del-programa-de-apoyo-a-emprendedores-ccrea\\\/#article\",\"isPartOf\":{\"@id\":\"https:\\\/\\\/www.copealcoy.es\\\/es\\\/cocentaina-lanza-una-nueva-convocatoria-del-programa-de-apoyo-a-emprendedores-ccrea\\\/\"},\"author\":{\"name\":\"Cope Alcoy\",\"@id\":\"https:\\\/\\\/www.copealcoy.es\\\/es\\\/#\\\/schema\\\/person\\\/e777c87fa024e57d40170af9df39882c\"},\"headline\":\"Cocentaina lanza una nueva convocatoria del programa de apoyo a emprendedores C&#8217;Crea\",\"datePublished\":\"2017-08-01T12:00:44+00:00\",\"dateModified\":\"2017-08-01T14:01:31+00:00\",\"mainEntityOfPage\":{\"@id\":\"https:\\\/\\\/www.copealcoy.es\\\/es\\\/cocentaina-lanza-una-nueva-convocatoria-del-programa-de-apoyo-a-emprendedores-ccrea\\\/\"},\"wordCount\":204,\"commentCount\":0,\"image\":{\"@id\":\"https:\\\/\\\/www.copealcoy.es\\\/es\\\/cocentaina-lanza-una-nueva-convocatoria-del-programa-de-apoyo-a-emprendedores-ccrea\\\/#primaryimage\"},\"thumbnailUrl\":\"https:\\\/\\\/www.copealcoy.es\\\/wp-content\\\/uploads\\\/2015\\\/05\\\/213-e1641226818827.jpg\",\"keywords\":[\"Ayudas\",\"C Crea\",\"Cocentaina\",\"Emprendedores\",\"Empresas\",\"Mariona Carbonell\",\"nueva creaci\u00f3n\"],\"articleSection\":[\"Comarcas\",\"Noticias\"],\"inLanguage\":\"es\"},{\"@type\":\"WebPage\",\"@id\":\"https:\\\/\\\/www.copealcoy.es\\\/es\\\/cocentaina-lanza-una-nueva-convocatoria-del-programa-de-apoyo-a-emprendedores-ccrea\\\/\",\"url\":\"https:\\\/\\\/www.copealcoy.es\\\/es\\\/cocentaina-lanza-una-nueva-convocatoria-del-programa-de-apoyo-a-emprendedores-ccrea\\\/\",\"name\":\"Cocentaina lanza una nueva convocatoria del programa de apoyo a emprendedores C'Crea - COPE Alcoy\",\"isPartOf\":{\"@id\":\"https:\\\/\\\/www.copealcoy.es\\\/es\\\/#website\"},\"primaryImageOfPage\":{\"@id\":\"https:\\\/\\\/www.copealcoy.es\\\/es\\\/cocentaina-lanza-una-nueva-convocatoria-del-programa-de-apoyo-a-emprendedores-ccrea\\\/#primaryimage\"},\"image\":{\"@id\":\"https:\\\/\\\/www.copealcoy.es\\\/es\\\/cocentaina-lanza-una-nueva-convocatoria-del-programa-de-apoyo-a-emprendedores-ccrea\\\/#primaryimage\"},\"thumbnailUrl\":\"https:\\\/\\\/www.copealcoy.es\\\/wp-content\\\/uploads\\\/2015\\\/05\\\/213-e1641226818827.jpg\",\"datePublished\":\"2017-08-01T12:00:44+00:00\",\"dateModified\":\"2017-08-01T14:01:31+00:00\",\"author\":{\"@id\":\"https:\\\/\\\/www.copealcoy.es\\\/es\\\/#\\\/schema\\\/person\\\/e777c87fa024e57d40170af9df39882c\"},\"breadcrumb\":{\"@id\":\"https:\\\/\\\/www.copealcoy.es\\\/es\\\/cocentaina-lanza-una-nueva-convocatoria-del-programa-de-apoyo-a-emprendedores-ccrea\\\/#breadcrumb\"},\"inLanguage\":\"es\",\"potentialAction\":[{\"@type\":\"ReadAction\",\"target\":[\"https:\\\/\\\/www.copealcoy.es\\\/es\\\/cocentaina-lanza-una-nueva-convocatoria-del-programa-de-apoyo-a-emprendedores-ccrea\\\/\"]}]},{\"@type\":\"ImageObject\",\"inLanguage\":\"es\",\"@id\":\"https:\\\/\\\/www.copealcoy.es\\\/es\\\/cocentaina-lanza-una-nueva-convocatoria-del-programa-de-apoyo-a-emprendedores-ccrea\\\/#primaryimage\",\"url\":\"https:\\\/\\\/www.copealcoy.es\\\/wp-content\\\/uploads\\\/2015\\\/05\\\/213-e1641226818827.jpg\",\"contentUrl\":\"https:\\\/\\\/www.copealcoy.es\\\/wp-content\\\/uploads\\\/2015\\\/05\\\/213-e1641226818827.jpg\",\"width\":640,\"height\":480},{\"@type\":\"BreadcrumbList\",\"@id\":\"https:\\\/\\\/www.copealcoy.es\\\/es\\\/cocentaina-lanza-una-nueva-convocatoria-del-programa-de-apoyo-a-emprendedores-ccrea\\\/#breadcrumb\",\"itemListElement\":[{\"@type\":\"ListItem\",\"position\":1,\"name\":\"Portada\",\"item\":\"https:\\\/\\\/www.copealcoy.es\\\/es\\\/\"},{\"@type\":\"ListItem\",\"position\":2,\"name\":\"Cocentaina lanza una nueva convocatoria del programa de apoyo a emprendedores C&#8217;Crea\"}]},{\"@type\":\"WebSite\",\"@id\":\"https:\\\/\\\/www.copealcoy.es\\\/es\\\/#website\",\"url\":\"https:\\\/\\\/www.copealcoy.es\\\/es\\\/\",\"name\":\"COPE Alcoy\",\"description\":\"Emisora COPE de radio local con emisi\u00f3n online. Pont de Sant Jordi 8-10 03803 Alcoy\",\"potentialAction\":[{\"@type\":\"SearchAction\",\"target\":{\"@type\":\"EntryPoint\",\"urlTemplate\":\"https:\\\/\\\/www.copealcoy.es\\\/es\\\/?s={search_term_string}\"},\"query-input\":{\"@type\":\"PropertyValueSpecification\",\"valueRequired\":true,\"valueName\":\"search_term_string\"}}],\"inLanguage\":\"es\"},{\"@type\":\"Person\",\"@id\":\"https:\\\/\\\/www.copealcoy.es\\\/es\\\/#\\\/schema\\\/person\\\/e777c87fa024e57d40170af9df39882c\",\"name\":\"Cope Alcoy\",\"image\":{\"@type\":\"ImageObject\",\"inLanguage\":\"es\",\"@id\":\"https:\\\/\\\/secure.gravatar.com\\\/avatar\\\/bb65d0283347e303893ba14f0692005417c1e0e690a325a4c5d8bb2b3943ee14?s=96&d=mm&r=g\",\"url\":\"https:\\\/\\\/secure.gravatar.com\\\/avatar\\\/bb65d0283347e303893ba14f0692005417c1e0e690a325a4c5d8bb2b3943ee14?s=96&d=mm&r=g\",\"contentUrl\":\"https:\\\/\\\/secure.gravatar.com\\\/avatar\\\/bb65d0283347e303893ba14f0692005417c1e0e690a325a4c5d8bb2b3943ee14?s=96&d=mm&r=g\",\"caption\":\"Cope Alcoy\"}}]}<\/script>\n<!-- \/ Yoast SEO plugin. -->","yoast_head_json":{"title":"Cocentaina lanza una nueva convocatoria del programa de apoyo a emprendedores C'Crea - COPE Alcoy","robots":{"index":"index","follow":"follow","max-snippet":"max-snippet:-1","max-image-preview":"max-image-preview:large","max-video-preview":"max-video-preview:-1"},"canonical":"https:\/\/www.copealcoy.es\/es\/cocentaina-lanza-una-nueva-convocatoria-del-programa-de-apoyo-a-emprendedores-ccrea\/","og_locale":"es_ES","og_type":"article","og_title":"Cocentaina lanza una nueva convocatoria del programa de apoyo a emprendedores C'Crea - COPE Alcoy","og_description":"Los emprendedores y las empresas de nueva creaci\u00f3n de Cocentaina podr\u00e1n beneficiarse de las ayudas del programa C\u00b4Crea que impulsa...","og_url":"https:\/\/www.copealcoy.es\/es\/cocentaina-lanza-una-nueva-convocatoria-del-programa-de-apoyo-a-emprendedores-ccrea\/","og_site_name":"COPE Alcoy","article_published_time":"2017-08-01T12:00:44+00:00","article_modified_time":"2017-08-01T14:01:31+00:00","og_image":[{"width":1024,"height":768,"url":"https:\/\/www.copealcoy.es\/wp-content\/uploads\/2015\/05\/213-1024x768.jpg","type":"image\/jpeg"}],"author":"Cope Alcoy","twitter_misc":{"Escrito por":"Cope Alcoy","Tiempo de lectura":"1 minuto"},"schema":{"@context":"https:\/\/schema.org","@graph":[{"@type":"Article","@id":"https:\/\/www.copealcoy.es\/es\/cocentaina-lanza-una-nueva-convocatoria-del-programa-de-apoyo-a-emprendedores-ccrea\/#article","isPartOf":{"@id":"https:\/\/www.copealcoy.es\/es\/cocentaina-lanza-una-nueva-convocatoria-del-programa-de-apoyo-a-emprendedores-ccrea\/"},"author":{"name":"Cope Alcoy","@id":"https:\/\/www.copealcoy.es\/es\/#\/schema\/person\/e777c87fa024e57d40170af9df39882c"},"headline":"Cocentaina lanza una nueva convocatoria del programa de apoyo a emprendedores C&#8217;Crea","datePublished":"2017-08-01T12:00:44+00:00","dateModified":"2017-08-01T14:01:31+00:00","mainEntityOfPage":{"@id":"https:\/\/www.copealcoy.es\/es\/cocentaina-lanza-una-nueva-convocatoria-del-programa-de-apoyo-a-emprendedores-ccrea\/"},"wordCount":204,"commentCount":0,"image":{"@id":"https:\/\/www.copealcoy.es\/es\/cocentaina-lanza-una-nueva-convocatoria-del-programa-de-apoyo-a-emprendedores-ccrea\/#primaryimage"},"thumbnailUrl":"https:\/\/www.copealcoy.es\/wp-content\/uploads\/2015\/05\/213-e1641226818827.jpg","keywords":["Ayudas","C Crea","Cocentaina","Emprendedores","Empresas","Mariona Carbonell","nueva creaci\u00f3n"],"articleSection":["Comarcas","Noticias"],"inLanguage":"es"},{"@type":"WebPage","@id":"https:\/\/www.copealcoy.es\/es\/cocentaina-lanza-una-nueva-convocatoria-del-programa-de-apoyo-a-emprendedores-ccrea\/","url":"https:\/\/www.copealcoy.es\/es\/cocentaina-lanza-una-nueva-convocatoria-del-programa-de-apoyo-a-emprendedores-ccrea\/","name":"Cocentaina lanza una nueva convocatoria del programa de apoyo a emprendedores C'Crea - COPE Alcoy","isPartOf":{"@id":"https:\/\/www.copealcoy.es\/es\/#website"},"primaryImageOfPage":{"@id":"https:\/\/www.copealcoy.es\/es\/cocentaina-lanza-una-nueva-convocatoria-del-programa-de-apoyo-a-emprendedores-ccrea\/#primaryimage"},"image":{"@id":"https:\/\/www.copealcoy.es\/es\/cocentaina-lanza-una-nueva-convocatoria-del-programa-de-apoyo-a-emprendedores-ccrea\/#primaryimage"},"thumbnailUrl":"https:\/\/www.copealcoy.es\/wp-content\/uploads\/2015\/05\/213-e1641226818827.jpg","datePublished":"2017-08-01T12:00:44+00:00","dateModified":"2017-08-01T14:01:31+00:00","author":{"@id":"https:\/\/www.copealcoy.es\/es\/#\/schema\/person\/e777c87fa024e57d40170af9df39882c"},"breadcrumb":{"@id":"https:\/\/www.copealcoy.es\/es\/cocentaina-lanza-una-nueva-convocatoria-del-programa-de-apoyo-a-emprendedores-ccrea\/#breadcrumb"},"inLanguage":"es","potentialAction":[{"@type":"ReadAction","target":["https:\/\/www.copealcoy.es\/es\/cocentaina-lanza-una-nueva-convocatoria-del-programa-de-apoyo-a-emprendedores-ccrea\/"]}]},{"@type":"ImageObject","inLanguage":"es","@id":"https:\/\/www.copealcoy.es\/es\/cocentaina-lanza-una-nueva-convocatoria-del-programa-de-apoyo-a-emprendedores-ccrea\/#primaryimage","url":"https:\/\/www.copealcoy.es\/wp-content\/uploads\/2015\/05\/213-e1641226818827.jpg","contentUrl":"https:\/\/www.copealcoy.es\/wp-content\/uploads\/2015\/05\/213-e1641226818827.jpg","width":640,"height":480},{"@type":"BreadcrumbList","@id":"https:\/\/www.copealcoy.es\/es\/cocentaina-lanza-una-nueva-convocatoria-del-programa-de-apoyo-a-emprendedores-ccrea\/#breadcrumb","itemListElement":[{"@type":"ListItem","position":1,"name":"Portada","item":"https:\/\/www.copealcoy.es\/es\/"},{"@type":"ListItem","position":2,"name":"Cocentaina lanza una nueva convocatoria del programa de apoyo a emprendedores C&#8217;Crea"}]},{"@type":"WebSite","@id":"https:\/\/www.copealcoy.es\/es\/#website","url":"https:\/\/www.copealcoy.es\/es\/","name":"COPE Alcoy","description":"Emisora COPE de radio local con emisi\u00f3n online. Pont de Sant Jordi 8-10 03803 Alcoy","potentialAction":[{"@type":"SearchAction","target":{"@type":"EntryPoint","urlTemplate":"https:\/\/www.copealcoy.es\/es\/?s={search_term_string}"},"query-input":{"@type":"PropertyValueSpecification","valueRequired":true,"valueName":"search_term_string"}}],"inLanguage":"es"},{"@type":"Person","@id":"https:\/\/www.copealcoy.es\/es\/#\/schema\/person\/e777c87fa024e57d40170af9df39882c","name":"Cope Alcoy","image":{"@type":"ImageObject","inLanguage":"es","@id":"https:\/\/secure.gravatar.com\/avatar\/bb65d0283347e303893ba14f0692005417c1e0e690a325a4c5d8bb2b3943ee14?s=96&d=mm&r=g","url":"https:\/\/secure.gravatar.com\/avatar\/bb65d0283347e303893ba14f0692005417c1e0e690a325a4c5d8bb2b3943ee14?s=96&d=mm&r=g","contentUrl":"https:\/\/secure.gravatar.com\/avatar\/bb65d0283347e303893ba14f0692005417c1e0e690a325a4c5d8bb2b3943ee14?s=96&d=mm&r=g","caption":"Cope Alcoy"}}]}},"_links":{"self":[{"href":"https:\/\/www.copealcoy.es\/es\/wp-json\/wp\/v2\/posts\/33947","targetHints":{"allow":["GET"]}}],"collection":[{"href":"https:\/\/www.copealcoy.es\/es\/wp-json\/wp\/v2\/posts"}],"about":[{"href":"https:\/\/www.copealcoy.es\/es\/wp-json\/wp\/v2\/types\/post"}],"author":[{"embeddable":true,"href":"https:\/\/www.copealcoy.es\/es\/wp-json\/wp\/v2\/users\/1"}],"replies":[{"embeddable":true,"href":"https:\/\/www.copealcoy.es\/es\/wp-json\/wp\/v2\/comments?post=33947"}],"version-history":[{"count":0,"href":"https:\/\/www.copealcoy.es\/es\/wp-json\/wp\/v2\/posts\/33947\/revisions"}],"wp:featuredmedia":[{"embeddable":true,"href":"https:\/\/www.copealcoy.es\/es\/wp-json\/wp\/v2\/media\/12992"}],"wp:attachment":[{"href":"https:\/\/www.copealcoy.es\/es\/wp-json\/wp\/v2\/media?parent=33947"}],"wp:term":[{"taxonomy":"category","embeddable":true,"href":"https:\/\/www.copealcoy.es\/es\/wp-json\/wp\/v2\/categories?post=33947"},{"taxonomy":"post_tag","embeddable":true,"href":"https:\/\/www.copealcoy.es\/es\/wp-json\/wp\/v2\/tags?post=33947"}],"curies":[{"name":"wp","href":"https:\/\/api.w.org\/{rel}","templated":true}]}}