{"id":33925,"date":"2017-07-30T18:19:43","date_gmt":"2017-07-30T18:19:43","guid":{"rendered":"http:\/\/copealcoi.es\/new\/?p=33925"},"modified":"2017-07-30T18:21:17","modified_gmt":"2017-07-30T18:21:17","slug":"francisco-garcia-se-adjudica-el-46-trofeo-san-hipolito-de-ciclismo","status":"publish","type":"post","link":"https:\/\/www.copealcoy.es\/es\/francisco-garcia-se-adjudica-el-46-trofeo-san-hipolito-de-ciclismo\/","title":{"rendered":"Francisco Garc\u00eda se adjudica el 46 Trofeo San Hip\u00f3lito de Ciclismo"},"content":{"rendered":"<p style=\"text-align: justify;\">Cocentaina ha acogido en este \u00faltimo domingo de julio <strong>la 46 edici\u00f3n del Trofeo San Hip\u00f3lito de Ciclismo<\/strong>, una actividad deportiva que organiza <strong>el Club Ciclista Contestano<\/strong> y que tiene lugar cada a\u00f1o <strong>en los d\u00edas previos<\/strong> a la celebraci\u00f3n de las fiestas de moros y cristianos.<\/p>\n<p style=\"text-align: justify;\">La prueba ciclista <strong>ha comenzado a las diez de la ma\u00f1ana en el Passeig del Comtat<\/strong> y ha contado con un recorrido urbano por esta arteria contestana y tambi\u00e9n por la calle Convento. En la misma <strong>han participado numerosos corredores<\/strong> de las\u00a0comarcas del Comtat y de l\u00b4Alcoi\u00e0 as\u00ed como del conjunto de la provincia de Alicante y de poblaciones vecinas.<\/p>\n<p style=\"text-align: justify;\">La carrera ha finalizado casi a mediod\u00eda con <strong>la victoria de Francisco Garc\u00eda, del GSport<\/strong>, que ha subido a lo m\u00e1s alto del podium despu\u00e9s de ser el primero en cruzar la l\u00ednea de meta. El ganador <strong>ha recibido su correspondiente trofeo<\/strong> de manos del Presidente de la Junta de Fiestas de Cocentaina, Hip\u00f2lit Borr\u00e0s, as\u00ed como de la edil de Fiestas, Susana Reig, y de los cuatro cargos festeros de la presente anualidad.<\/p>\n<p>&nbsp;<\/p>\n","protected":false},"excerpt":{"rendered":"<p>Cocentaina ha acogido en este \u00faltimo domingo de julio la 46 edici\u00f3n del Trofeo San Hip\u00f3lito de Ciclismo, una actividad&#8230;<\/p>\n","protected":false},"author":1,"featured_media":33926,"comment_status":"open","ping_status":"open","sticky":false,"template":"","format":"standard","meta":{"footnotes":""},"categories":[92,75],"tags":[4475,4477,132,565,1307,4476],"class_list":["post-33925","post","type-post","status-publish","format-standard","has-post-thumbnail","hentry","category-deportes","category-noticias","tag-46-edicion","tag-club-ciclista-contestano","tag-cocentaina","tag-fiestas","tag-san-hipolito","tag-trofeo-de-ciclismo"],"yoast_head":"<!-- This site is optimized with the Yoast SEO plugin v27.3 - https:\/\/yoast.com\/product\/yoast-seo-wordpress\/ -->\n<title>Francisco Garc\u00eda se adjudica el 46 Trofeo San Hip\u00f3lito de Ciclismo - COPE Alcoy<\/title>\n<meta name=\"robots\" content=\"index, follow, max-snippet:-1, max-image-preview:large, max-video-preview:-1\" \/>\n<link rel=\"canonical\" href=\"https:\/\/www.copealcoy.es\/es\/francisco-garcia-se-adjudica-el-46-trofeo-san-hipolito-de-ciclismo\/\" \/>\n<meta property=\"og:locale\" content=\"es_ES\" \/>\n<meta property=\"og:type\" content=\"article\" \/>\n<meta property=\"og:title\" content=\"Francisco Garc\u00eda se adjudica el 46 Trofeo San Hip\u00f3lito de Ciclismo - COPE Alcoy\" \/>\n<meta property=\"og:description\" content=\"Cocentaina ha acogido en este \u00faltimo domingo de julio la 46 edici\u00f3n del Trofeo San Hip\u00f3lito de Ciclismo, una actividad...\" \/>\n<meta property=\"og:url\" content=\"https:\/\/www.copealcoy.es\/es\/francisco-garcia-se-adjudica-el-46-trofeo-san-hipolito-de-ciclismo\/\" \/>\n<meta property=\"og:site_name\" content=\"COPE Alcoy\" \/>\n<meta property=\"article:published_time\" content=\"2017-07-30T18:19:43+00:00\" \/>\n<meta property=\"article:modified_time\" content=\"2017-07-30T18:21:17+00:00\" \/>\n<meta property=\"og:image\" content=\"https:\/\/www.copealcoy.es\/wp-content\/uploads\/2017\/07\/20476180_1359028184218425_2997625319956708277_n-e1501438737917.jpg\" \/>\n\t<meta property=\"og:image:width\" content=\"720\" \/>\n\t<meta property=\"og:image:height\" content=\"398\" \/>\n\t<meta property=\"og:image:type\" content=\"image\/jpeg\" \/>\n<meta name=\"author\" content=\"Cope Alcoy\" \/>\n<meta name=\"twitter:label1\" content=\"Escrito por\" \/>\n\t<meta name=\"twitter:data1\" content=\"Cope Alcoy\" \/>\n\t<meta name=\"twitter:label2\" content=\"Tiempo de lectura\" \/>\n\t<meta name=\"twitter:data2\" content=\"1 minuto\" \/>\n<script type=\"application\/ld+json\" class=\"yoast-schema-graph\">{\"@context\":\"https:\\\/\\\/schema.org\",\"@graph\":[{\"@type\":\"Article\",\"@id\":\"https:\\\/\\\/www.copealcoy.es\\\/es\\\/francisco-garcia-se-adjudica-el-46-trofeo-san-hipolito-de-ciclismo\\\/#article\",\"isPartOf\":{\"@id\":\"https:\\\/\\\/www.copealcoy.es\\\/es\\\/francisco-garcia-se-adjudica-el-46-trofeo-san-hipolito-de-ciclismo\\\/\"},\"author\":{\"name\":\"Cope Alcoy\",\"@id\":\"https:\\\/\\\/www.copealcoy.es\\\/es\\\/#\\\/schema\\\/person\\\/e777c87fa024e57d40170af9df39882c\"},\"headline\":\"Francisco Garc\u00eda se adjudica el 46 Trofeo San Hip\u00f3lito de Ciclismo\",\"datePublished\":\"2017-07-30T18:19:43+00:00\",\"dateModified\":\"2017-07-30T18:21:17+00:00\",\"mainEntityOfPage\":{\"@id\":\"https:\\\/\\\/www.copealcoy.es\\\/es\\\/francisco-garcia-se-adjudica-el-46-trofeo-san-hipolito-de-ciclismo\\\/\"},\"wordCount\":209,\"commentCount\":0,\"image\":{\"@id\":\"https:\\\/\\\/www.copealcoy.es\\\/es\\\/francisco-garcia-se-adjudica-el-46-trofeo-san-hipolito-de-ciclismo\\\/#primaryimage\"},\"thumbnailUrl\":\"https:\\\/\\\/www.copealcoy.es\\\/wp-content\\\/uploads\\\/2017\\\/07\\\/20476180_1359028184218425_2997625319956708277_n-e1501438737917.jpg\",\"keywords\":[\"46 edici\u00f3n\",\"Club Ciclista Contestano\",\"Cocentaina\",\"Fiestas\",\"San Hip\u00f3lito\",\"Trofeo de Ciclismo\"],\"articleSection\":[\"Deportes\",\"Noticias\"],\"inLanguage\":\"es\"},{\"@type\":\"WebPage\",\"@id\":\"https:\\\/\\\/www.copealcoy.es\\\/es\\\/francisco-garcia-se-adjudica-el-46-trofeo-san-hipolito-de-ciclismo\\\/\",\"url\":\"https:\\\/\\\/www.copealcoy.es\\\/es\\\/francisco-garcia-se-adjudica-el-46-trofeo-san-hipolito-de-ciclismo\\\/\",\"name\":\"Francisco Garc\u00eda se adjudica el 46 Trofeo San Hip\u00f3lito de Ciclismo - COPE Alcoy\",\"isPartOf\":{\"@id\":\"https:\\\/\\\/www.copealcoy.es\\\/es\\\/#website\"},\"primaryImageOfPage\":{\"@id\":\"https:\\\/\\\/www.copealcoy.es\\\/es\\\/francisco-garcia-se-adjudica-el-46-trofeo-san-hipolito-de-ciclismo\\\/#primaryimage\"},\"image\":{\"@id\":\"https:\\\/\\\/www.copealcoy.es\\\/es\\\/francisco-garcia-se-adjudica-el-46-trofeo-san-hipolito-de-ciclismo\\\/#primaryimage\"},\"thumbnailUrl\":\"https:\\\/\\\/www.copealcoy.es\\\/wp-content\\\/uploads\\\/2017\\\/07\\\/20476180_1359028184218425_2997625319956708277_n-e1501438737917.jpg\",\"datePublished\":\"2017-07-30T18:19:43+00:00\",\"dateModified\":\"2017-07-30T18:21:17+00:00\",\"author\":{\"@id\":\"https:\\\/\\\/www.copealcoy.es\\\/es\\\/#\\\/schema\\\/person\\\/e777c87fa024e57d40170af9df39882c\"},\"breadcrumb\":{\"@id\":\"https:\\\/\\\/www.copealcoy.es\\\/es\\\/francisco-garcia-se-adjudica-el-46-trofeo-san-hipolito-de-ciclismo\\\/#breadcrumb\"},\"inLanguage\":\"es\",\"potentialAction\":[{\"@type\":\"ReadAction\",\"target\":[\"https:\\\/\\\/www.copealcoy.es\\\/es\\\/francisco-garcia-se-adjudica-el-46-trofeo-san-hipolito-de-ciclismo\\\/\"]}]},{\"@type\":\"ImageObject\",\"inLanguage\":\"es\",\"@id\":\"https:\\\/\\\/www.copealcoy.es\\\/es\\\/francisco-garcia-se-adjudica-el-46-trofeo-san-hipolito-de-ciclismo\\\/#primaryimage\",\"url\":\"https:\\\/\\\/www.copealcoy.es\\\/wp-content\\\/uploads\\\/2017\\\/07\\\/20476180_1359028184218425_2997625319956708277_n-e1501438737917.jpg\",\"contentUrl\":\"https:\\\/\\\/www.copealcoy.es\\\/wp-content\\\/uploads\\\/2017\\\/07\\\/20476180_1359028184218425_2997625319956708277_n-e1501438737917.jpg\",\"width\":720,\"height\":398},{\"@type\":\"BreadcrumbList\",\"@id\":\"https:\\\/\\\/www.copealcoy.es\\\/es\\\/francisco-garcia-se-adjudica-el-46-trofeo-san-hipolito-de-ciclismo\\\/#breadcrumb\",\"itemListElement\":[{\"@type\":\"ListItem\",\"position\":1,\"name\":\"Portada\",\"item\":\"https:\\\/\\\/www.copealcoy.es\\\/es\\\/\"},{\"@type\":\"ListItem\",\"position\":2,\"name\":\"Francisco Garc\u00eda se adjudica el 46 Trofeo San Hip\u00f3lito de Ciclismo\"}]},{\"@type\":\"WebSite\",\"@id\":\"https:\\\/\\\/www.copealcoy.es\\\/es\\\/#website\",\"url\":\"https:\\\/\\\/www.copealcoy.es\\\/es\\\/\",\"name\":\"COPE Alcoy\",\"description\":\"Emisora COPE de radio local con emisi\u00f3n online. Pont de Sant Jordi 8-10 03803 Alcoy\",\"potentialAction\":[{\"@type\":\"SearchAction\",\"target\":{\"@type\":\"EntryPoint\",\"urlTemplate\":\"https:\\\/\\\/www.copealcoy.es\\\/es\\\/?s={search_term_string}\"},\"query-input\":{\"@type\":\"PropertyValueSpecification\",\"valueRequired\":true,\"valueName\":\"search_term_string\"}}],\"inLanguage\":\"es\"},{\"@type\":\"Person\",\"@id\":\"https:\\\/\\\/www.copealcoy.es\\\/es\\\/#\\\/schema\\\/person\\\/e777c87fa024e57d40170af9df39882c\",\"name\":\"Cope Alcoy\",\"image\":{\"@type\":\"ImageObject\",\"inLanguage\":\"es\",\"@id\":\"https:\\\/\\\/secure.gravatar.com\\\/avatar\\\/bb65d0283347e303893ba14f0692005417c1e0e690a325a4c5d8bb2b3943ee14?s=96&d=mm&r=g\",\"url\":\"https:\\\/\\\/secure.gravatar.com\\\/avatar\\\/bb65d0283347e303893ba14f0692005417c1e0e690a325a4c5d8bb2b3943ee14?s=96&d=mm&r=g\",\"contentUrl\":\"https:\\\/\\\/secure.gravatar.com\\\/avatar\\\/bb65d0283347e303893ba14f0692005417c1e0e690a325a4c5d8bb2b3943ee14?s=96&d=mm&r=g\",\"caption\":\"Cope Alcoy\"}}]}<\/script>\n<!-- \/ Yoast SEO plugin. -->","yoast_head_json":{"title":"Francisco Garc\u00eda se adjudica el 46 Trofeo San Hip\u00f3lito de Ciclismo - COPE Alcoy","robots":{"index":"index","follow":"follow","max-snippet":"max-snippet:-1","max-image-preview":"max-image-preview:large","max-video-preview":"max-video-preview:-1"},"canonical":"https:\/\/www.copealcoy.es\/es\/francisco-garcia-se-adjudica-el-46-trofeo-san-hipolito-de-ciclismo\/","og_locale":"es_ES","og_type":"article","og_title":"Francisco Garc\u00eda se adjudica el 46 Trofeo San Hip\u00f3lito de Ciclismo - COPE Alcoy","og_description":"Cocentaina ha acogido en este \u00faltimo domingo de julio la 46 edici\u00f3n del Trofeo San Hip\u00f3lito de Ciclismo, una actividad...","og_url":"https:\/\/www.copealcoy.es\/es\/francisco-garcia-se-adjudica-el-46-trofeo-san-hipolito-de-ciclismo\/","og_site_name":"COPE Alcoy","article_published_time":"2017-07-30T18:19:43+00:00","article_modified_time":"2017-07-30T18:21:17+00:00","og_image":[{"width":720,"height":398,"url":"https:\/\/www.copealcoy.es\/wp-content\/uploads\/2017\/07\/20476180_1359028184218425_2997625319956708277_n-e1501438737917.jpg","type":"image\/jpeg"}],"author":"Cope Alcoy","twitter_misc":{"Escrito por":"Cope Alcoy","Tiempo de lectura":"1 minuto"},"schema":{"@context":"https:\/\/schema.org","@graph":[{"@type":"Article","@id":"https:\/\/www.copealcoy.es\/es\/francisco-garcia-se-adjudica-el-46-trofeo-san-hipolito-de-ciclismo\/#article","isPartOf":{"@id":"https:\/\/www.copealcoy.es\/es\/francisco-garcia-se-adjudica-el-46-trofeo-san-hipolito-de-ciclismo\/"},"author":{"name":"Cope Alcoy","@id":"https:\/\/www.copealcoy.es\/es\/#\/schema\/person\/e777c87fa024e57d40170af9df39882c"},"headline":"Francisco Garc\u00eda se adjudica el 46 Trofeo San Hip\u00f3lito de Ciclismo","datePublished":"2017-07-30T18:19:43+00:00","dateModified":"2017-07-30T18:21:17+00:00","mainEntityOfPage":{"@id":"https:\/\/www.copealcoy.es\/es\/francisco-garcia-se-adjudica-el-46-trofeo-san-hipolito-de-ciclismo\/"},"wordCount":209,"commentCount":0,"image":{"@id":"https:\/\/www.copealcoy.es\/es\/francisco-garcia-se-adjudica-el-46-trofeo-san-hipolito-de-ciclismo\/#primaryimage"},"thumbnailUrl":"https:\/\/www.copealcoy.es\/wp-content\/uploads\/2017\/07\/20476180_1359028184218425_2997625319956708277_n-e1501438737917.jpg","keywords":["46 edici\u00f3n","Club Ciclista Contestano","Cocentaina","Fiestas","San Hip\u00f3lito","Trofeo de Ciclismo"],"articleSection":["Deportes","Noticias"],"inLanguage":"es"},{"@type":"WebPage","@id":"https:\/\/www.copealcoy.es\/es\/francisco-garcia-se-adjudica-el-46-trofeo-san-hipolito-de-ciclismo\/","url":"https:\/\/www.copealcoy.es\/es\/francisco-garcia-se-adjudica-el-46-trofeo-san-hipolito-de-ciclismo\/","name":"Francisco Garc\u00eda se adjudica el 46 Trofeo San Hip\u00f3lito de Ciclismo - COPE Alcoy","isPartOf":{"@id":"https:\/\/www.copealcoy.es\/es\/#website"},"primaryImageOfPage":{"@id":"https:\/\/www.copealcoy.es\/es\/francisco-garcia-se-adjudica-el-46-trofeo-san-hipolito-de-ciclismo\/#primaryimage"},"image":{"@id":"https:\/\/www.copealcoy.es\/es\/francisco-garcia-se-adjudica-el-46-trofeo-san-hipolito-de-ciclismo\/#primaryimage"},"thumbnailUrl":"https:\/\/www.copealcoy.es\/wp-content\/uploads\/2017\/07\/20476180_1359028184218425_2997625319956708277_n-e1501438737917.jpg","datePublished":"2017-07-30T18:19:43+00:00","dateModified":"2017-07-30T18:21:17+00:00","author":{"@id":"https:\/\/www.copealcoy.es\/es\/#\/schema\/person\/e777c87fa024e57d40170af9df39882c"},"breadcrumb":{"@id":"https:\/\/www.copealcoy.es\/es\/francisco-garcia-se-adjudica-el-46-trofeo-san-hipolito-de-ciclismo\/#breadcrumb"},"inLanguage":"es","potentialAction":[{"@type":"ReadAction","target":["https:\/\/www.copealcoy.es\/es\/francisco-garcia-se-adjudica-el-46-trofeo-san-hipolito-de-ciclismo\/"]}]},{"@type":"ImageObject","inLanguage":"es","@id":"https:\/\/www.copealcoy.es\/es\/francisco-garcia-se-adjudica-el-46-trofeo-san-hipolito-de-ciclismo\/#primaryimage","url":"https:\/\/www.copealcoy.es\/wp-content\/uploads\/2017\/07\/20476180_1359028184218425_2997625319956708277_n-e1501438737917.jpg","contentUrl":"https:\/\/www.copealcoy.es\/wp-content\/uploads\/2017\/07\/20476180_1359028184218425_2997625319956708277_n-e1501438737917.jpg","width":720,"height":398},{"@type":"BreadcrumbList","@id":"https:\/\/www.copealcoy.es\/es\/francisco-garcia-se-adjudica-el-46-trofeo-san-hipolito-de-ciclismo\/#breadcrumb","itemListElement":[{"@type":"ListItem","position":1,"name":"Portada","item":"https:\/\/www.copealcoy.es\/es\/"},{"@type":"ListItem","position":2,"name":"Francisco Garc\u00eda se adjudica el 46 Trofeo San Hip\u00f3lito de Ciclismo"}]},{"@type":"WebSite","@id":"https:\/\/www.copealcoy.es\/es\/#website","url":"https:\/\/www.copealcoy.es\/es\/","name":"COPE Alcoy","description":"Emisora COPE de radio local con emisi\u00f3n online. Pont de Sant Jordi 8-10 03803 Alcoy","potentialAction":[{"@type":"SearchAction","target":{"@type":"EntryPoint","urlTemplate":"https:\/\/www.copealcoy.es\/es\/?s={search_term_string}"},"query-input":{"@type":"PropertyValueSpecification","valueRequired":true,"valueName":"search_term_string"}}],"inLanguage":"es"},{"@type":"Person","@id":"https:\/\/www.copealcoy.es\/es\/#\/schema\/person\/e777c87fa024e57d40170af9df39882c","name":"Cope Alcoy","image":{"@type":"ImageObject","inLanguage":"es","@id":"https:\/\/secure.gravatar.com\/avatar\/bb65d0283347e303893ba14f0692005417c1e0e690a325a4c5d8bb2b3943ee14?s=96&d=mm&r=g","url":"https:\/\/secure.gravatar.com\/avatar\/bb65d0283347e303893ba14f0692005417c1e0e690a325a4c5d8bb2b3943ee14?s=96&d=mm&r=g","contentUrl":"https:\/\/secure.gravatar.com\/avatar\/bb65d0283347e303893ba14f0692005417c1e0e690a325a4c5d8bb2b3943ee14?s=96&d=mm&r=g","caption":"Cope Alcoy"}}]}},"_links":{"self":[{"href":"https:\/\/www.copealcoy.es\/es\/wp-json\/wp\/v2\/posts\/33925","targetHints":{"allow":["GET"]}}],"collection":[{"href":"https:\/\/www.copealcoy.es\/es\/wp-json\/wp\/v2\/posts"}],"about":[{"href":"https:\/\/www.copealcoy.es\/es\/wp-json\/wp\/v2\/types\/post"}],"author":[{"embeddable":true,"href":"https:\/\/www.copealcoy.es\/es\/wp-json\/wp\/v2\/users\/1"}],"replies":[{"embeddable":true,"href":"https:\/\/www.copealcoy.es\/es\/wp-json\/wp\/v2\/comments?post=33925"}],"version-history":[{"count":0,"href":"https:\/\/www.copealcoy.es\/es\/wp-json\/wp\/v2\/posts\/33925\/revisions"}],"wp:featuredmedia":[{"embeddable":true,"href":"https:\/\/www.copealcoy.es\/es\/wp-json\/wp\/v2\/media\/33926"}],"wp:attachment":[{"href":"https:\/\/www.copealcoy.es\/es\/wp-json\/wp\/v2\/media?parent=33925"}],"wp:term":[{"taxonomy":"category","embeddable":true,"href":"https:\/\/www.copealcoy.es\/es\/wp-json\/wp\/v2\/categories?post=33925"},{"taxonomy":"post_tag","embeddable":true,"href":"https:\/\/www.copealcoy.es\/es\/wp-json\/wp\/v2\/tags?post=33925"}],"curies":[{"name":"wp","href":"https:\/\/api.w.org\/{rel}","templated":true}]}}