{"id":33812,"date":"2017-07-21T18:53:33","date_gmt":"2017-07-21T18:53:33","guid":{"rendered":"http:\/\/copealcoi.es\/new\/?p=33812"},"modified":"2017-07-21T18:57:02","modified_gmt":"2017-07-21T18:57:02","slug":"el-ceei-promueve-la-creacion-de-8-nuevas-empresas-en-seis-meses","status":"publish","type":"post","link":"https:\/\/www.copealcoy.es\/es\/el-ceei-promueve-la-creacion-de-8-nuevas-empresas-en-seis-meses\/","title":{"rendered":"EL CEEI promueve la creaci\u00f3n de 8 nuevas empresas en seis meses"},"content":{"rendered":"<p style=\"text-align: justify;\">El <strong>CEEI Alcoy \u2013 Valencia<\/strong> ha hecho <strong>balance de los seis primeros meses de gesti\u00f3n conjunta<\/strong> despu\u00e9s de que la entidad <strong>iniciase una nueva etapa en la ciudad<\/strong> el pasado 2 de noviembre de 2016.<\/p>\n<p style=\"text-align: justify;\">Durante este tiempo se han realizado <strong>33 jornadas a las que han asistido\u00a0660 personas<\/strong>, 18 de ellas llevadas a cabo\u00a0en el CEEI de Alcoy, y otras 15 en poblaciones de fuera &#8220;<em>lo que demuestra la cada vez mayor presencia que la instituci\u00f3n est\u00e1 teniendo en el exterior de la ciudad<\/em>&#8220;, se\u00f1ala el director, <strong>Jes\u00fas Casanova<\/strong>. Adem\u00e1s Casanova indica que en este periodo <strong>han contactado con el CEEI \u00a0145 emprendedores y empresas<\/strong> de los cuales 87, \u00a0ten\u00edan un proyecto a desarrollar. Esto ha permitido <strong>que se trabaje actualmente en 23 iniciativas<\/strong> y que <strong>se hayan puesto ya en marcha ocho empresas<\/strong> con la colaboraci\u00f3n del CEEI en las comarcas de l\u00b4Alcoi\u00e0 &#8211; Comtat y la Vall d\u00b4Albaida &#8220;<em>esta es una de nuestras principales razones de ser: apoyar la creaci\u00f3n de nuevas empresas. Hemos trabajado de forma individual con 8 emprendedores el desarrollo de su proyecto, enfoc\u00e1ndoles en su lanzamiento al mercado<\/em>&#8220;, asevera.<\/p>\n<p style=\"text-align: justify;\">En lo que respecta al <strong>Centro de Empresas del CEEI<\/strong> hay que apuntar que este c<strong>uenta actualmente con 11 firmas alojadas<\/strong>\u00a0en el mismo de las que\u00a0tres se han incorporado\u00a0en el \u00faltimo semestre. Tambi\u00e9n <strong>se han mantenido 36 reuniones de trabajo con instituciones de la zona<\/strong> que han fructificado\u00a0en <strong>la firma de varios convenios<\/strong> con la Mancomunitat de l\u00b4Alcoi\u00e0 &#8211; Comtat, los Ayuntamientos de Alcoy y Muro o el Consorcio de las Comarcas Centrales Valencianas.<\/p>\n<p style=\"text-align: justify;\">Por \u00faltimo el portal <strong>&#8216;Emprenem Junts&#8217;\u00a0<\/strong>ha recibido <strong>130.000 visitas diferentes<\/strong>, m\u00e1s del doble que en el mismo periodo del a\u00f1o anterior, y <strong>ha incorporado 300 nuevos documentos<\/strong> de contenido diferente.<\/p>\n","protected":false},"excerpt":{"rendered":"<p>El CEEI Alcoy \u2013 Valencia ha hecho balance de los seis primeros meses de gesti\u00f3n conjunta despu\u00e9s de que la&#8230;<\/p>\n","protected":false},"author":1,"featured_media":33813,"comment_status":"open","ping_status":"open","sticky":false,"template":"","format":"standard","meta":{"footnotes":""},"categories":[97,75,125],"tags":[482,1494,430,820,237,390,585,4049],"class_list":["post-33812","post","type-post","status-publish","format-standard","has-post-thumbnail","hentry","category-alcoy","category-noticias","category-portada","tag-alcoia","tag-alcoy","tag-balance","tag-ceei","tag-comtat","tag-economia","tag-emprendedores","tag-jesus-casanova"],"yoast_head":"<!-- This site is optimized with the Yoast SEO plugin v27.3 - https:\/\/yoast.com\/product\/yoast-seo-wordpress\/ -->\n<title>EL CEEI promueve la creaci\u00f3n de 8 nuevas empresas en seis meses - COPE Alcoy<\/title>\n<meta name=\"robots\" content=\"index, follow, max-snippet:-1, max-image-preview:large, max-video-preview:-1\" \/>\n<link rel=\"canonical\" href=\"https:\/\/www.copealcoy.es\/es\/el-ceei-promueve-la-creacion-de-8-nuevas-empresas-en-seis-meses\/\" \/>\n<meta property=\"og:locale\" content=\"es_ES\" \/>\n<meta property=\"og:type\" content=\"article\" \/>\n<meta property=\"og:title\" content=\"EL CEEI promueve la creaci\u00f3n de 8 nuevas empresas en seis meses - COPE Alcoy\" \/>\n<meta property=\"og:description\" content=\"El CEEI Alcoy \u2013 Valencia ha hecho balance de los seis primeros meses de gesti\u00f3n conjunta despu\u00e9s de que la...\" \/>\n<meta property=\"og:url\" content=\"https:\/\/www.copealcoy.es\/es\/el-ceei-promueve-la-creacion-de-8-nuevas-empresas-en-seis-meses\/\" \/>\n<meta property=\"og:site_name\" content=\"COPE Alcoy\" \/>\n<meta property=\"article:published_time\" content=\"2017-07-21T18:53:33+00:00\" \/>\n<meta property=\"article:modified_time\" content=\"2017-07-21T18:57:02+00:00\" \/>\n<meta property=\"og:image\" content=\"https:\/\/www.copealcoy.es\/wp-content\/uploads\/2017\/07\/DFQGBT3XcAEVpg--e1500663079401.jpg\" \/>\n\t<meta property=\"og:image:width\" content=\"1200\" \/>\n\t<meta property=\"og:image:height\" content=\"621\" \/>\n\t<meta property=\"og:image:type\" content=\"image\/jpeg\" \/>\n<meta name=\"author\" content=\"Cope Alcoy\" \/>\n<meta name=\"twitter:label1\" content=\"Escrito por\" \/>\n\t<meta name=\"twitter:data1\" content=\"Cope Alcoy\" \/>\n\t<meta name=\"twitter:label2\" content=\"Tiempo de lectura\" \/>\n\t<meta name=\"twitter:data2\" content=\"1 minuto\" \/>\n<script type=\"application\/ld+json\" class=\"yoast-schema-graph\">{\"@context\":\"https:\\\/\\\/schema.org\",\"@graph\":[{\"@type\":\"Article\",\"@id\":\"https:\\\/\\\/www.copealcoy.es\\\/es\\\/el-ceei-promueve-la-creacion-de-8-nuevas-empresas-en-seis-meses\\\/#article\",\"isPartOf\":{\"@id\":\"https:\\\/\\\/www.copealcoy.es\\\/es\\\/el-ceei-promueve-la-creacion-de-8-nuevas-empresas-en-seis-meses\\\/\"},\"author\":{\"name\":\"Cope Alcoy\",\"@id\":\"https:\\\/\\\/www.copealcoy.es\\\/es\\\/#\\\/schema\\\/person\\\/e777c87fa024e57d40170af9df39882c\"},\"headline\":\"EL CEEI promueve la creaci\u00f3n de 8 nuevas empresas en seis meses\",\"datePublished\":\"2017-07-21T18:53:33+00:00\",\"dateModified\":\"2017-07-21T18:57:02+00:00\",\"mainEntityOfPage\":{\"@id\":\"https:\\\/\\\/www.copealcoy.es\\\/es\\\/el-ceei-promueve-la-creacion-de-8-nuevas-empresas-en-seis-meses\\\/\"},\"wordCount\":310,\"commentCount\":0,\"image\":{\"@id\":\"https:\\\/\\\/www.copealcoy.es\\\/es\\\/el-ceei-promueve-la-creacion-de-8-nuevas-empresas-en-seis-meses\\\/#primaryimage\"},\"thumbnailUrl\":\"https:\\\/\\\/www.copealcoy.es\\\/wp-content\\\/uploads\\\/2017\\\/07\\\/DFQGBT3XcAEVpg--e1500663079401.jpg\",\"keywords\":[\"Alcoi\u00e0\",\"Alcoy\",\"Balance\",\"CEEI\",\"Comtat\",\"Econom\u00eda\",\"Emprendedores\",\"Jes\u00fas Casanova\"],\"articleSection\":[\"Alcoy\",\"Noticias\",\"Portada\"],\"inLanguage\":\"es\"},{\"@type\":\"WebPage\",\"@id\":\"https:\\\/\\\/www.copealcoy.es\\\/es\\\/el-ceei-promueve-la-creacion-de-8-nuevas-empresas-en-seis-meses\\\/\",\"url\":\"https:\\\/\\\/www.copealcoy.es\\\/es\\\/el-ceei-promueve-la-creacion-de-8-nuevas-empresas-en-seis-meses\\\/\",\"name\":\"EL CEEI promueve la creaci\u00f3n de 8 nuevas empresas en seis meses - COPE Alcoy\",\"isPartOf\":{\"@id\":\"https:\\\/\\\/www.copealcoy.es\\\/es\\\/#website\"},\"primaryImageOfPage\":{\"@id\":\"https:\\\/\\\/www.copealcoy.es\\\/es\\\/el-ceei-promueve-la-creacion-de-8-nuevas-empresas-en-seis-meses\\\/#primaryimage\"},\"image\":{\"@id\":\"https:\\\/\\\/www.copealcoy.es\\\/es\\\/el-ceei-promueve-la-creacion-de-8-nuevas-empresas-en-seis-meses\\\/#primaryimage\"},\"thumbnailUrl\":\"https:\\\/\\\/www.copealcoy.es\\\/wp-content\\\/uploads\\\/2017\\\/07\\\/DFQGBT3XcAEVpg--e1500663079401.jpg\",\"datePublished\":\"2017-07-21T18:53:33+00:00\",\"dateModified\":\"2017-07-21T18:57:02+00:00\",\"author\":{\"@id\":\"https:\\\/\\\/www.copealcoy.es\\\/es\\\/#\\\/schema\\\/person\\\/e777c87fa024e57d40170af9df39882c\"},\"breadcrumb\":{\"@id\":\"https:\\\/\\\/www.copealcoy.es\\\/es\\\/el-ceei-promueve-la-creacion-de-8-nuevas-empresas-en-seis-meses\\\/#breadcrumb\"},\"inLanguage\":\"es\",\"potentialAction\":[{\"@type\":\"ReadAction\",\"target\":[\"https:\\\/\\\/www.copealcoy.es\\\/es\\\/el-ceei-promueve-la-creacion-de-8-nuevas-empresas-en-seis-meses\\\/\"]}]},{\"@type\":\"ImageObject\",\"inLanguage\":\"es\",\"@id\":\"https:\\\/\\\/www.copealcoy.es\\\/es\\\/el-ceei-promueve-la-creacion-de-8-nuevas-empresas-en-seis-meses\\\/#primaryimage\",\"url\":\"https:\\\/\\\/www.copealcoy.es\\\/wp-content\\\/uploads\\\/2017\\\/07\\\/DFQGBT3XcAEVpg--e1500663079401.jpg\",\"contentUrl\":\"https:\\\/\\\/www.copealcoy.es\\\/wp-content\\\/uploads\\\/2017\\\/07\\\/DFQGBT3XcAEVpg--e1500663079401.jpg\",\"width\":1200,\"height\":621},{\"@type\":\"BreadcrumbList\",\"@id\":\"https:\\\/\\\/www.copealcoy.es\\\/es\\\/el-ceei-promueve-la-creacion-de-8-nuevas-empresas-en-seis-meses\\\/#breadcrumb\",\"itemListElement\":[{\"@type\":\"ListItem\",\"position\":1,\"name\":\"Portada\",\"item\":\"https:\\\/\\\/www.copealcoy.es\\\/es\\\/\"},{\"@type\":\"ListItem\",\"position\":2,\"name\":\"EL CEEI promueve la creaci\u00f3n de 8 nuevas empresas en seis meses\"}]},{\"@type\":\"WebSite\",\"@id\":\"https:\\\/\\\/www.copealcoy.es\\\/es\\\/#website\",\"url\":\"https:\\\/\\\/www.copealcoy.es\\\/es\\\/\",\"name\":\"COPE Alcoy\",\"description\":\"Emisora COPE de radio local con emisi\u00f3n online. Pont de Sant Jordi 8-10 03803 Alcoy\",\"potentialAction\":[{\"@type\":\"SearchAction\",\"target\":{\"@type\":\"EntryPoint\",\"urlTemplate\":\"https:\\\/\\\/www.copealcoy.es\\\/es\\\/?s={search_term_string}\"},\"query-input\":{\"@type\":\"PropertyValueSpecification\",\"valueRequired\":true,\"valueName\":\"search_term_string\"}}],\"inLanguage\":\"es\"},{\"@type\":\"Person\",\"@id\":\"https:\\\/\\\/www.copealcoy.es\\\/es\\\/#\\\/schema\\\/person\\\/e777c87fa024e57d40170af9df39882c\",\"name\":\"Cope Alcoy\",\"image\":{\"@type\":\"ImageObject\",\"inLanguage\":\"es\",\"@id\":\"https:\\\/\\\/secure.gravatar.com\\\/avatar\\\/bb65d0283347e303893ba14f0692005417c1e0e690a325a4c5d8bb2b3943ee14?s=96&d=mm&r=g\",\"url\":\"https:\\\/\\\/secure.gravatar.com\\\/avatar\\\/bb65d0283347e303893ba14f0692005417c1e0e690a325a4c5d8bb2b3943ee14?s=96&d=mm&r=g\",\"contentUrl\":\"https:\\\/\\\/secure.gravatar.com\\\/avatar\\\/bb65d0283347e303893ba14f0692005417c1e0e690a325a4c5d8bb2b3943ee14?s=96&d=mm&r=g\",\"caption\":\"Cope Alcoy\"}}]}<\/script>\n<!-- \/ Yoast SEO plugin. -->","yoast_head_json":{"title":"EL CEEI promueve la creaci\u00f3n de 8 nuevas empresas en seis meses - COPE Alcoy","robots":{"index":"index","follow":"follow","max-snippet":"max-snippet:-1","max-image-preview":"max-image-preview:large","max-video-preview":"max-video-preview:-1"},"canonical":"https:\/\/www.copealcoy.es\/es\/el-ceei-promueve-la-creacion-de-8-nuevas-empresas-en-seis-meses\/","og_locale":"es_ES","og_type":"article","og_title":"EL CEEI promueve la creaci\u00f3n de 8 nuevas empresas en seis meses - COPE Alcoy","og_description":"El CEEI Alcoy \u2013 Valencia ha hecho balance de los seis primeros meses de gesti\u00f3n conjunta despu\u00e9s de que la...","og_url":"https:\/\/www.copealcoy.es\/es\/el-ceei-promueve-la-creacion-de-8-nuevas-empresas-en-seis-meses\/","og_site_name":"COPE Alcoy","article_published_time":"2017-07-21T18:53:33+00:00","article_modified_time":"2017-07-21T18:57:02+00:00","og_image":[{"width":1200,"height":621,"url":"https:\/\/www.copealcoy.es\/wp-content\/uploads\/2017\/07\/DFQGBT3XcAEVpg--e1500663079401.jpg","type":"image\/jpeg"}],"author":"Cope Alcoy","twitter_misc":{"Escrito por":"Cope Alcoy","Tiempo de lectura":"1 minuto"},"schema":{"@context":"https:\/\/schema.org","@graph":[{"@type":"Article","@id":"https:\/\/www.copealcoy.es\/es\/el-ceei-promueve-la-creacion-de-8-nuevas-empresas-en-seis-meses\/#article","isPartOf":{"@id":"https:\/\/www.copealcoy.es\/es\/el-ceei-promueve-la-creacion-de-8-nuevas-empresas-en-seis-meses\/"},"author":{"name":"Cope Alcoy","@id":"https:\/\/www.copealcoy.es\/es\/#\/schema\/person\/e777c87fa024e57d40170af9df39882c"},"headline":"EL CEEI promueve la creaci\u00f3n de 8 nuevas empresas en seis meses","datePublished":"2017-07-21T18:53:33+00:00","dateModified":"2017-07-21T18:57:02+00:00","mainEntityOfPage":{"@id":"https:\/\/www.copealcoy.es\/es\/el-ceei-promueve-la-creacion-de-8-nuevas-empresas-en-seis-meses\/"},"wordCount":310,"commentCount":0,"image":{"@id":"https:\/\/www.copealcoy.es\/es\/el-ceei-promueve-la-creacion-de-8-nuevas-empresas-en-seis-meses\/#primaryimage"},"thumbnailUrl":"https:\/\/www.copealcoy.es\/wp-content\/uploads\/2017\/07\/DFQGBT3XcAEVpg--e1500663079401.jpg","keywords":["Alcoi\u00e0","Alcoy","Balance","CEEI","Comtat","Econom\u00eda","Emprendedores","Jes\u00fas Casanova"],"articleSection":["Alcoy","Noticias","Portada"],"inLanguage":"es"},{"@type":"WebPage","@id":"https:\/\/www.copealcoy.es\/es\/el-ceei-promueve-la-creacion-de-8-nuevas-empresas-en-seis-meses\/","url":"https:\/\/www.copealcoy.es\/es\/el-ceei-promueve-la-creacion-de-8-nuevas-empresas-en-seis-meses\/","name":"EL CEEI promueve la creaci\u00f3n de 8 nuevas empresas en seis meses - COPE Alcoy","isPartOf":{"@id":"https:\/\/www.copealcoy.es\/es\/#website"},"primaryImageOfPage":{"@id":"https:\/\/www.copealcoy.es\/es\/el-ceei-promueve-la-creacion-de-8-nuevas-empresas-en-seis-meses\/#primaryimage"},"image":{"@id":"https:\/\/www.copealcoy.es\/es\/el-ceei-promueve-la-creacion-de-8-nuevas-empresas-en-seis-meses\/#primaryimage"},"thumbnailUrl":"https:\/\/www.copealcoy.es\/wp-content\/uploads\/2017\/07\/DFQGBT3XcAEVpg--e1500663079401.jpg","datePublished":"2017-07-21T18:53:33+00:00","dateModified":"2017-07-21T18:57:02+00:00","author":{"@id":"https:\/\/www.copealcoy.es\/es\/#\/schema\/person\/e777c87fa024e57d40170af9df39882c"},"breadcrumb":{"@id":"https:\/\/www.copealcoy.es\/es\/el-ceei-promueve-la-creacion-de-8-nuevas-empresas-en-seis-meses\/#breadcrumb"},"inLanguage":"es","potentialAction":[{"@type":"ReadAction","target":["https:\/\/www.copealcoy.es\/es\/el-ceei-promueve-la-creacion-de-8-nuevas-empresas-en-seis-meses\/"]}]},{"@type":"ImageObject","inLanguage":"es","@id":"https:\/\/www.copealcoy.es\/es\/el-ceei-promueve-la-creacion-de-8-nuevas-empresas-en-seis-meses\/#primaryimage","url":"https:\/\/www.copealcoy.es\/wp-content\/uploads\/2017\/07\/DFQGBT3XcAEVpg--e1500663079401.jpg","contentUrl":"https:\/\/www.copealcoy.es\/wp-content\/uploads\/2017\/07\/DFQGBT3XcAEVpg--e1500663079401.jpg","width":1200,"height":621},{"@type":"BreadcrumbList","@id":"https:\/\/www.copealcoy.es\/es\/el-ceei-promueve-la-creacion-de-8-nuevas-empresas-en-seis-meses\/#breadcrumb","itemListElement":[{"@type":"ListItem","position":1,"name":"Portada","item":"https:\/\/www.copealcoy.es\/es\/"},{"@type":"ListItem","position":2,"name":"EL CEEI promueve la creaci\u00f3n de 8 nuevas empresas en seis meses"}]},{"@type":"WebSite","@id":"https:\/\/www.copealcoy.es\/es\/#website","url":"https:\/\/www.copealcoy.es\/es\/","name":"COPE Alcoy","description":"Emisora COPE de radio local con emisi\u00f3n online. Pont de Sant Jordi 8-10 03803 Alcoy","potentialAction":[{"@type":"SearchAction","target":{"@type":"EntryPoint","urlTemplate":"https:\/\/www.copealcoy.es\/es\/?s={search_term_string}"},"query-input":{"@type":"PropertyValueSpecification","valueRequired":true,"valueName":"search_term_string"}}],"inLanguage":"es"},{"@type":"Person","@id":"https:\/\/www.copealcoy.es\/es\/#\/schema\/person\/e777c87fa024e57d40170af9df39882c","name":"Cope Alcoy","image":{"@type":"ImageObject","inLanguage":"es","@id":"https:\/\/secure.gravatar.com\/avatar\/bb65d0283347e303893ba14f0692005417c1e0e690a325a4c5d8bb2b3943ee14?s=96&d=mm&r=g","url":"https:\/\/secure.gravatar.com\/avatar\/bb65d0283347e303893ba14f0692005417c1e0e690a325a4c5d8bb2b3943ee14?s=96&d=mm&r=g","contentUrl":"https:\/\/secure.gravatar.com\/avatar\/bb65d0283347e303893ba14f0692005417c1e0e690a325a4c5d8bb2b3943ee14?s=96&d=mm&r=g","caption":"Cope Alcoy"}}]}},"_links":{"self":[{"href":"https:\/\/www.copealcoy.es\/es\/wp-json\/wp\/v2\/posts\/33812","targetHints":{"allow":["GET"]}}],"collection":[{"href":"https:\/\/www.copealcoy.es\/es\/wp-json\/wp\/v2\/posts"}],"about":[{"href":"https:\/\/www.copealcoy.es\/es\/wp-json\/wp\/v2\/types\/post"}],"author":[{"embeddable":true,"href":"https:\/\/www.copealcoy.es\/es\/wp-json\/wp\/v2\/users\/1"}],"replies":[{"embeddable":true,"href":"https:\/\/www.copealcoy.es\/es\/wp-json\/wp\/v2\/comments?post=33812"}],"version-history":[{"count":0,"href":"https:\/\/www.copealcoy.es\/es\/wp-json\/wp\/v2\/posts\/33812\/revisions"}],"wp:featuredmedia":[{"embeddable":true,"href":"https:\/\/www.copealcoy.es\/es\/wp-json\/wp\/v2\/media\/33813"}],"wp:attachment":[{"href":"https:\/\/www.copealcoy.es\/es\/wp-json\/wp\/v2\/media?parent=33812"}],"wp:term":[{"taxonomy":"category","embeddable":true,"href":"https:\/\/www.copealcoy.es\/es\/wp-json\/wp\/v2\/categories?post=33812"},{"taxonomy":"post_tag","embeddable":true,"href":"https:\/\/www.copealcoy.es\/es\/wp-json\/wp\/v2\/tags?post=33812"}],"curies":[{"name":"wp","href":"https:\/\/api.w.org\/{rel}","templated":true}]}}