{"id":33802,"date":"2017-07-20T19:02:01","date_gmt":"2017-07-20T19:02:01","guid":{"rendered":"http:\/\/copealcoi.es\/new\/?p=33802"},"modified":"2017-07-20T19:02:01","modified_gmt":"2017-07-20T19:02:01","slug":"alcoy-rompe-barreras-facilita-la-comunicacion-lenguaje-signos","status":"publish","type":"post","link":"https:\/\/www.copealcoy.es\/es\/alcoy-rompe-barreras-facilita-la-comunicacion-lenguaje-signos\/","title":{"rendered":"Alcoy rompe barreras y facilita la comunicaci\u00f3n en lenguaje de signos"},"content":{"rendered":"<p style=\"text-align: justify;\">Alcoy ha impulsado <strong>el proyecto S- VISUAL,<\/strong> una iniciativa que parte del <strong>Ayuntamiento de la ciudad<\/strong> junto a la colaboraci\u00f3n de la\u00a0Asociaci\u00f3n de Personas Sordas, <strong>FESORD<\/strong>, y del colectivo local de personas sordas.<\/p>\n<p style=\"text-align: justify;\">Este proyecto, seg\u00fan <strong>Joan Sanjuan<\/strong> (presidente de la Asociaci\u00f3n de Sordos de Alcoy) y <strong>Carolina Galiano<\/strong> (vicepresidenta de FESORD),\u00a0permitir\u00e1\u00a0que la persona sorda <strong>pueda contactar a trav\u00e9s del sistema de video-conferencia<\/strong> con un int\u00e9rprete de la citada Federaci\u00f3n de Sordos, el cual <strong>ejercer\u00e1 de traductor simult\u00e1neo<\/strong> con el funcionario que est\u00e9 atendiendo a estos ciudadanos en <strong>el momento que est\u00e9n realizando un tr\u00e1mite<\/strong> para la administraci\u00f3n local. Adem\u00e1s habr\u00e1 posibilidad tambi\u00e9n de <strong>establecer contacto por medio de un chat<\/strong>. Los dispositivos para facilitar esta comunicaci\u00f3n\u00a0<strong>se instalar\u00e1n en puntos concretos<\/strong>\u00a0como <strong>la Polic\u00eda Local, la Oficina de Turismo, los servicios sociales de El Cam\u00ed 40 y las oficinas del registro municipal<\/strong> &#8220;<em>por ahora funcionar\u00e1n los lunes por la ma\u00f1ana y la intenci\u00f3n que perseguimos desde el Ayuntamiento es ampliar los horarios y el n\u00famero de dispostivos de cara a los pr\u00f3ximos meses una vez se eval\u00faen los primeros que se pongan en marcha<\/em>&#8220;, detalla el alcalde, Antonio Franc\u00e9s.<\/p>\n<p style=\"text-align: justify;\">El\u00a0proyecto S- VISUAL <strong>ha supuesto una inversi\u00f3n de 4.500 euros\u00a0<\/strong>de los cuales 2.500 corresponden a la adquisici\u00f3n de los ordenadores, y otros 2.000 al convenio \u00a0firmado con FESORD para ofrecer este servicio en la ciudad de Alcoy.<\/p>\n<p><iframe loading=\"lazy\" title=\"RP Presentaci\u00f3 S-Visual\" width=\"1200\" height=\"675\" src=\"https:\/\/www.youtube.com\/embed\/2g70MgBoE4M?feature=oembed\" frameborder=\"0\" allow=\"accelerometer; autoplay; encrypted-media; gyroscope; picture-in-picture\" allowfullscreen><\/iframe><\/p>\n","protected":false},"excerpt":{"rendered":"<p>Alcoy ha impulsado el proyecto S- VISUAL, una iniciativa que parte del Ayuntamiento de la ciudad junto a la colaboraci\u00f3n&#8230;<\/p>\n","protected":false},"author":1,"featured_media":33803,"comment_status":"open","ping_status":"open","sticky":false,"template":"","format":"standard","meta":{"footnotes":""},"categories":[97,75,125],"tags":[1494,4460,784,3847,4461],"class_list":["post-33802","post","type-post","status-publish","format-standard","has-post-thumbnail","hentry","category-alcoy","category-noticias","category-portada","tag-alcoy","tag-barreras","tag-comunicacion","tag-lenguaje","tag-signos"],"yoast_head":"<!-- This site is optimized with the Yoast SEO plugin v27.3 - https:\/\/yoast.com\/product\/yoast-seo-wordpress\/ -->\n<title>Alcoy rompe barreras y facilita la comunicaci\u00f3n en lenguaje de signos - COPE Alcoy<\/title>\n<meta name=\"robots\" content=\"index, follow, max-snippet:-1, max-image-preview:large, max-video-preview:-1\" \/>\n<link rel=\"canonical\" href=\"https:\/\/www.copealcoy.es\/es\/alcoy-rompe-barreras-facilita-la-comunicacion-lenguaje-signos\/\" \/>\n<meta property=\"og:locale\" content=\"es_ES\" \/>\n<meta property=\"og:type\" content=\"article\" \/>\n<meta property=\"og:title\" content=\"Alcoy rompe barreras y facilita la comunicaci\u00f3n en lenguaje de signos - COPE Alcoy\" \/>\n<meta property=\"og:description\" content=\"Alcoy ha impulsado el proyecto S- VISUAL, una iniciativa que parte del Ayuntamiento de la ciudad junto a la colaboraci\u00f3n...\" \/>\n<meta property=\"og:url\" content=\"https:\/\/www.copealcoy.es\/es\/alcoy-rompe-barreras-facilita-la-comunicacion-lenguaje-signos\/\" \/>\n<meta property=\"og:site_name\" content=\"COPE Alcoy\" \/>\n<meta property=\"article:published_time\" content=\"2017-07-20T19:02:01+00:00\" \/>\n<meta property=\"og:image\" content=\"https:\/\/www.copealcoy.es\/wp-content\/uploads\/2017\/07\/Presentaci\u00f3-S-Visual-35-1024x683.jpg\" \/>\n\t<meta property=\"og:image:width\" content=\"1024\" \/>\n\t<meta property=\"og:image:height\" content=\"683\" \/>\n\t<meta property=\"og:image:type\" content=\"image\/jpeg\" \/>\n<meta name=\"author\" content=\"Cope Alcoy\" \/>\n<meta name=\"twitter:label1\" content=\"Escrito por\" \/>\n\t<meta name=\"twitter:data1\" content=\"Cope Alcoy\" \/>\n\t<meta name=\"twitter:label2\" content=\"Tiempo de lectura\" \/>\n\t<meta name=\"twitter:data2\" content=\"1 minuto\" \/>\n<script type=\"application\/ld+json\" class=\"yoast-schema-graph\">{\"@context\":\"https:\\\/\\\/schema.org\",\"@graph\":[{\"@type\":\"Article\",\"@id\":\"https:\\\/\\\/www.copealcoy.es\\\/es\\\/alcoy-rompe-barreras-facilita-la-comunicacion-lenguaje-signos\\\/#article\",\"isPartOf\":{\"@id\":\"https:\\\/\\\/www.copealcoy.es\\\/es\\\/alcoy-rompe-barreras-facilita-la-comunicacion-lenguaje-signos\\\/\"},\"author\":{\"name\":\"Cope Alcoy\",\"@id\":\"https:\\\/\\\/www.copealcoy.es\\\/es\\\/#\\\/schema\\\/person\\\/e777c87fa024e57d40170af9df39882c\"},\"headline\":\"Alcoy rompe barreras y facilita la comunicaci\u00f3n en lenguaje de signos\",\"datePublished\":\"2017-07-20T19:02:01+00:00\",\"mainEntityOfPage\":{\"@id\":\"https:\\\/\\\/www.copealcoy.es\\\/es\\\/alcoy-rompe-barreras-facilita-la-comunicacion-lenguaje-signos\\\/\"},\"wordCount\":274,\"commentCount\":0,\"image\":{\"@id\":\"https:\\\/\\\/www.copealcoy.es\\\/es\\\/alcoy-rompe-barreras-facilita-la-comunicacion-lenguaje-signos\\\/#primaryimage\"},\"thumbnailUrl\":\"https:\\\/\\\/www.copealcoy.es\\\/wp-content\\\/uploads\\\/2017\\\/07\\\/Presentaci\u00f3-S-Visual-35.jpg\",\"keywords\":[\"Alcoy\",\"barreras\",\"Comunicaci\u00f3n\",\"lenguaje\",\"signos\"],\"articleSection\":[\"Alcoy\",\"Noticias\",\"Portada\"],\"inLanguage\":\"es\"},{\"@type\":\"WebPage\",\"@id\":\"https:\\\/\\\/www.copealcoy.es\\\/es\\\/alcoy-rompe-barreras-facilita-la-comunicacion-lenguaje-signos\\\/\",\"url\":\"https:\\\/\\\/www.copealcoy.es\\\/es\\\/alcoy-rompe-barreras-facilita-la-comunicacion-lenguaje-signos\\\/\",\"name\":\"Alcoy rompe barreras y facilita la comunicaci\u00f3n en lenguaje de signos - COPE Alcoy\",\"isPartOf\":{\"@id\":\"https:\\\/\\\/www.copealcoy.es\\\/es\\\/#website\"},\"primaryImageOfPage\":{\"@id\":\"https:\\\/\\\/www.copealcoy.es\\\/es\\\/alcoy-rompe-barreras-facilita-la-comunicacion-lenguaje-signos\\\/#primaryimage\"},\"image\":{\"@id\":\"https:\\\/\\\/www.copealcoy.es\\\/es\\\/alcoy-rompe-barreras-facilita-la-comunicacion-lenguaje-signos\\\/#primaryimage\"},\"thumbnailUrl\":\"https:\\\/\\\/www.copealcoy.es\\\/wp-content\\\/uploads\\\/2017\\\/07\\\/Presentaci\u00f3-S-Visual-35.jpg\",\"datePublished\":\"2017-07-20T19:02:01+00:00\",\"author\":{\"@id\":\"https:\\\/\\\/www.copealcoy.es\\\/es\\\/#\\\/schema\\\/person\\\/e777c87fa024e57d40170af9df39882c\"},\"breadcrumb\":{\"@id\":\"https:\\\/\\\/www.copealcoy.es\\\/es\\\/alcoy-rompe-barreras-facilita-la-comunicacion-lenguaje-signos\\\/#breadcrumb\"},\"inLanguage\":\"es\",\"potentialAction\":[{\"@type\":\"ReadAction\",\"target\":[\"https:\\\/\\\/www.copealcoy.es\\\/es\\\/alcoy-rompe-barreras-facilita-la-comunicacion-lenguaje-signos\\\/\"]}]},{\"@type\":\"ImageObject\",\"inLanguage\":\"es\",\"@id\":\"https:\\\/\\\/www.copealcoy.es\\\/es\\\/alcoy-rompe-barreras-facilita-la-comunicacion-lenguaje-signos\\\/#primaryimage\",\"url\":\"https:\\\/\\\/www.copealcoy.es\\\/wp-content\\\/uploads\\\/2017\\\/07\\\/Presentaci\u00f3-S-Visual-35.jpg\",\"contentUrl\":\"https:\\\/\\\/www.copealcoy.es\\\/wp-content\\\/uploads\\\/2017\\\/07\\\/Presentaci\u00f3-S-Visual-35.jpg\",\"width\":4272,\"height\":2848},{\"@type\":\"BreadcrumbList\",\"@id\":\"https:\\\/\\\/www.copealcoy.es\\\/es\\\/alcoy-rompe-barreras-facilita-la-comunicacion-lenguaje-signos\\\/#breadcrumb\",\"itemListElement\":[{\"@type\":\"ListItem\",\"position\":1,\"name\":\"Portada\",\"item\":\"https:\\\/\\\/www.copealcoy.es\\\/es\\\/\"},{\"@type\":\"ListItem\",\"position\":2,\"name\":\"Alcoy rompe barreras y facilita la comunicaci\u00f3n en lenguaje de signos\"}]},{\"@type\":\"WebSite\",\"@id\":\"https:\\\/\\\/www.copealcoy.es\\\/es\\\/#website\",\"url\":\"https:\\\/\\\/www.copealcoy.es\\\/es\\\/\",\"name\":\"COPE Alcoy\",\"description\":\"Emisora COPE de radio local con emisi\u00f3n online. Pont de Sant Jordi 8-10 03803 Alcoy\",\"potentialAction\":[{\"@type\":\"SearchAction\",\"target\":{\"@type\":\"EntryPoint\",\"urlTemplate\":\"https:\\\/\\\/www.copealcoy.es\\\/es\\\/?s={search_term_string}\"},\"query-input\":{\"@type\":\"PropertyValueSpecification\",\"valueRequired\":true,\"valueName\":\"search_term_string\"}}],\"inLanguage\":\"es\"},{\"@type\":\"Person\",\"@id\":\"https:\\\/\\\/www.copealcoy.es\\\/es\\\/#\\\/schema\\\/person\\\/e777c87fa024e57d40170af9df39882c\",\"name\":\"Cope Alcoy\",\"image\":{\"@type\":\"ImageObject\",\"inLanguage\":\"es\",\"@id\":\"https:\\\/\\\/secure.gravatar.com\\\/avatar\\\/bb65d0283347e303893ba14f0692005417c1e0e690a325a4c5d8bb2b3943ee14?s=96&d=mm&r=g\",\"url\":\"https:\\\/\\\/secure.gravatar.com\\\/avatar\\\/bb65d0283347e303893ba14f0692005417c1e0e690a325a4c5d8bb2b3943ee14?s=96&d=mm&r=g\",\"contentUrl\":\"https:\\\/\\\/secure.gravatar.com\\\/avatar\\\/bb65d0283347e303893ba14f0692005417c1e0e690a325a4c5d8bb2b3943ee14?s=96&d=mm&r=g\",\"caption\":\"Cope Alcoy\"}}]}<\/script>\n<!-- \/ Yoast SEO plugin. -->","yoast_head_json":{"title":"Alcoy rompe barreras y facilita la comunicaci\u00f3n en lenguaje de signos - COPE Alcoy","robots":{"index":"index","follow":"follow","max-snippet":"max-snippet:-1","max-image-preview":"max-image-preview:large","max-video-preview":"max-video-preview:-1"},"canonical":"https:\/\/www.copealcoy.es\/es\/alcoy-rompe-barreras-facilita-la-comunicacion-lenguaje-signos\/","og_locale":"es_ES","og_type":"article","og_title":"Alcoy rompe barreras y facilita la comunicaci\u00f3n en lenguaje de signos - COPE Alcoy","og_description":"Alcoy ha impulsado el proyecto S- VISUAL, una iniciativa que parte del Ayuntamiento de la ciudad junto a la colaboraci\u00f3n...","og_url":"https:\/\/www.copealcoy.es\/es\/alcoy-rompe-barreras-facilita-la-comunicacion-lenguaje-signos\/","og_site_name":"COPE Alcoy","article_published_time":"2017-07-20T19:02:01+00:00","og_image":[{"width":1024,"height":683,"url":"https:\/\/www.copealcoy.es\/wp-content\/uploads\/2017\/07\/Presentaci\u00f3-S-Visual-35-1024x683.jpg","type":"image\/jpeg"}],"author":"Cope Alcoy","twitter_misc":{"Escrito por":"Cope Alcoy","Tiempo de lectura":"1 minuto"},"schema":{"@context":"https:\/\/schema.org","@graph":[{"@type":"Article","@id":"https:\/\/www.copealcoy.es\/es\/alcoy-rompe-barreras-facilita-la-comunicacion-lenguaje-signos\/#article","isPartOf":{"@id":"https:\/\/www.copealcoy.es\/es\/alcoy-rompe-barreras-facilita-la-comunicacion-lenguaje-signos\/"},"author":{"name":"Cope Alcoy","@id":"https:\/\/www.copealcoy.es\/es\/#\/schema\/person\/e777c87fa024e57d40170af9df39882c"},"headline":"Alcoy rompe barreras y facilita la comunicaci\u00f3n en lenguaje de signos","datePublished":"2017-07-20T19:02:01+00:00","mainEntityOfPage":{"@id":"https:\/\/www.copealcoy.es\/es\/alcoy-rompe-barreras-facilita-la-comunicacion-lenguaje-signos\/"},"wordCount":274,"commentCount":0,"image":{"@id":"https:\/\/www.copealcoy.es\/es\/alcoy-rompe-barreras-facilita-la-comunicacion-lenguaje-signos\/#primaryimage"},"thumbnailUrl":"https:\/\/www.copealcoy.es\/wp-content\/uploads\/2017\/07\/Presentaci\u00f3-S-Visual-35.jpg","keywords":["Alcoy","barreras","Comunicaci\u00f3n","lenguaje","signos"],"articleSection":["Alcoy","Noticias","Portada"],"inLanguage":"es"},{"@type":"WebPage","@id":"https:\/\/www.copealcoy.es\/es\/alcoy-rompe-barreras-facilita-la-comunicacion-lenguaje-signos\/","url":"https:\/\/www.copealcoy.es\/es\/alcoy-rompe-barreras-facilita-la-comunicacion-lenguaje-signos\/","name":"Alcoy rompe barreras y facilita la comunicaci\u00f3n en lenguaje de signos - COPE Alcoy","isPartOf":{"@id":"https:\/\/www.copealcoy.es\/es\/#website"},"primaryImageOfPage":{"@id":"https:\/\/www.copealcoy.es\/es\/alcoy-rompe-barreras-facilita-la-comunicacion-lenguaje-signos\/#primaryimage"},"image":{"@id":"https:\/\/www.copealcoy.es\/es\/alcoy-rompe-barreras-facilita-la-comunicacion-lenguaje-signos\/#primaryimage"},"thumbnailUrl":"https:\/\/www.copealcoy.es\/wp-content\/uploads\/2017\/07\/Presentaci\u00f3-S-Visual-35.jpg","datePublished":"2017-07-20T19:02:01+00:00","author":{"@id":"https:\/\/www.copealcoy.es\/es\/#\/schema\/person\/e777c87fa024e57d40170af9df39882c"},"breadcrumb":{"@id":"https:\/\/www.copealcoy.es\/es\/alcoy-rompe-barreras-facilita-la-comunicacion-lenguaje-signos\/#breadcrumb"},"inLanguage":"es","potentialAction":[{"@type":"ReadAction","target":["https:\/\/www.copealcoy.es\/es\/alcoy-rompe-barreras-facilita-la-comunicacion-lenguaje-signos\/"]}]},{"@type":"ImageObject","inLanguage":"es","@id":"https:\/\/www.copealcoy.es\/es\/alcoy-rompe-barreras-facilita-la-comunicacion-lenguaje-signos\/#primaryimage","url":"https:\/\/www.copealcoy.es\/wp-content\/uploads\/2017\/07\/Presentaci\u00f3-S-Visual-35.jpg","contentUrl":"https:\/\/www.copealcoy.es\/wp-content\/uploads\/2017\/07\/Presentaci\u00f3-S-Visual-35.jpg","width":4272,"height":2848},{"@type":"BreadcrumbList","@id":"https:\/\/www.copealcoy.es\/es\/alcoy-rompe-barreras-facilita-la-comunicacion-lenguaje-signos\/#breadcrumb","itemListElement":[{"@type":"ListItem","position":1,"name":"Portada","item":"https:\/\/www.copealcoy.es\/es\/"},{"@type":"ListItem","position":2,"name":"Alcoy rompe barreras y facilita la comunicaci\u00f3n en lenguaje de signos"}]},{"@type":"WebSite","@id":"https:\/\/www.copealcoy.es\/es\/#website","url":"https:\/\/www.copealcoy.es\/es\/","name":"COPE Alcoy","description":"Emisora COPE de radio local con emisi\u00f3n online. Pont de Sant Jordi 8-10 03803 Alcoy","potentialAction":[{"@type":"SearchAction","target":{"@type":"EntryPoint","urlTemplate":"https:\/\/www.copealcoy.es\/es\/?s={search_term_string}"},"query-input":{"@type":"PropertyValueSpecification","valueRequired":true,"valueName":"search_term_string"}}],"inLanguage":"es"},{"@type":"Person","@id":"https:\/\/www.copealcoy.es\/es\/#\/schema\/person\/e777c87fa024e57d40170af9df39882c","name":"Cope Alcoy","image":{"@type":"ImageObject","inLanguage":"es","@id":"https:\/\/secure.gravatar.com\/avatar\/bb65d0283347e303893ba14f0692005417c1e0e690a325a4c5d8bb2b3943ee14?s=96&d=mm&r=g","url":"https:\/\/secure.gravatar.com\/avatar\/bb65d0283347e303893ba14f0692005417c1e0e690a325a4c5d8bb2b3943ee14?s=96&d=mm&r=g","contentUrl":"https:\/\/secure.gravatar.com\/avatar\/bb65d0283347e303893ba14f0692005417c1e0e690a325a4c5d8bb2b3943ee14?s=96&d=mm&r=g","caption":"Cope Alcoy"}}]}},"_links":{"self":[{"href":"https:\/\/www.copealcoy.es\/es\/wp-json\/wp\/v2\/posts\/33802","targetHints":{"allow":["GET"]}}],"collection":[{"href":"https:\/\/www.copealcoy.es\/es\/wp-json\/wp\/v2\/posts"}],"about":[{"href":"https:\/\/www.copealcoy.es\/es\/wp-json\/wp\/v2\/types\/post"}],"author":[{"embeddable":true,"href":"https:\/\/www.copealcoy.es\/es\/wp-json\/wp\/v2\/users\/1"}],"replies":[{"embeddable":true,"href":"https:\/\/www.copealcoy.es\/es\/wp-json\/wp\/v2\/comments?post=33802"}],"version-history":[{"count":0,"href":"https:\/\/www.copealcoy.es\/es\/wp-json\/wp\/v2\/posts\/33802\/revisions"}],"wp:featuredmedia":[{"embeddable":true,"href":"https:\/\/www.copealcoy.es\/es\/wp-json\/wp\/v2\/media\/33803"}],"wp:attachment":[{"href":"https:\/\/www.copealcoy.es\/es\/wp-json\/wp\/v2\/media?parent=33802"}],"wp:term":[{"taxonomy":"category","embeddable":true,"href":"https:\/\/www.copealcoy.es\/es\/wp-json\/wp\/v2\/categories?post=33802"},{"taxonomy":"post_tag","embeddable":true,"href":"https:\/\/www.copealcoy.es\/es\/wp-json\/wp\/v2\/tags?post=33802"}],"curies":[{"name":"wp","href":"https:\/\/api.w.org\/{rel}","templated":true}]}}