{"id":33675,"date":"2017-07-17T16:21:43","date_gmt":"2017-07-17T16:21:43","guid":{"rendered":"http:\/\/copealcoi.es\/new\/?p=33675"},"modified":"2017-07-17T16:26:41","modified_gmt":"2017-07-17T16:26:41","slug":"cocentaina-celebro-la-tradicional-fiesta-la-virgen-del-carmen","status":"publish","type":"post","link":"https:\/\/www.copealcoy.es\/es\/cocentaina-celebro-la-tradicional-fiesta-la-virgen-del-carmen\/","title":{"rendered":"Cocentaina celebr\u00f3 la tradicional fiesta de la Virgen del Carmen"},"content":{"rendered":"<p style=\"text-align: justify;\">Cocentaina ha celebrado un a\u00f1o m\u00e1s <strong>las fiestas en honor a la Virgen del Carmen<\/strong>, una tradici\u00f3n muy arraigada en el municipio y <strong>vinculada<\/strong> a la parroquia de El Salvador.<\/p>\n<p style=\"text-align: justify;\">Los actos centrales tuvieron lugar ayer domingo\u00a0y <strong>sirvieron para concluir\u00a0una intensa programaci\u00f3n previa<\/strong> que\u00a0ha incluido en las \u00faltimas semanas <strong>la celebraci\u00f3n del novenario<\/strong> durante cada tarde, el preg\u00f3n a cargo de <strong>Iv\u00e1n Hidalgo Pascual<\/strong> y la presentaci\u00f3n del cartel de las fiestas, obra de <strong>Pepa Reig<\/strong>. Adem\u00e1s el pasado jueves 6 de julio <strong>se realiz\u00f3 una procesi\u00f3n por algunas de las estrechas calles del Raval<\/strong> para trasladar la imagen de la Virgen del Carmen desde la capilla de la comuni\u00f3n hasta el altar mayor de la iglesia de El Salvador.<\/p>\n<p style=\"text-align: justify;\">En la jornada de ayer destacaron tambi\u00e9n varios actos como <strong>la celebraci\u00f3n solemne de la eucarist\u00eda<\/strong> y <strong>la posterior procesi\u00f3n general de la Virgen del Carmen<\/strong> en la que participaron los ni\u00f1os que este a\u00f1o han recibido la Primera Comuni\u00f3n. La misma parti\u00f3 desde el templo parroquial y\u00a0<strong>culmin\u00f3 entrada ya la noche en la Placeta del Salvador<\/strong> con el canto del himno a la virgen, el volteo de campanas y el disparo de una\u00a0traca.<\/p>\n<p style=\"text-align: justify;\">Indicar que este a\u00f1o la Cofrad\u00eda de la Virgen del Carmen <strong>ha estrenado Junta Directiva<\/strong> bajo la presidencia de Mar\u00eda Lu\u00edsa Juan y Rafa Bravo.<\/p>\n","protected":false},"excerpt":{"rendered":"<p>Cocentaina ha celebrado un a\u00f1o m\u00e1s las fiestas en honor a la Virgen del Carmen, una tradici\u00f3n muy arraigada en&#8230;<\/p>\n","protected":false},"author":1,"featured_media":33677,"comment_status":"open","ping_status":"open","sticky":false,"template":"","format":"standard","meta":{"footnotes":""},"categories":[98,75],"tags":[132,2803,4439,3980,917,1267],"class_list":["post-33675","post","type-post","status-publish","format-standard","has-post-thumbnail","hentry","category-comarcas","category-noticias","tag-cocentaina","tag-don-ramon-mico","tag-el-raval","tag-parroquia-de-el-salvador","tag-procesion","tag-virgen-del-carmen"],"yoast_head":"<!-- This site is optimized with the Yoast SEO plugin v27.3 - https:\/\/yoast.com\/product\/yoast-seo-wordpress\/ -->\n<title>Cocentaina celebr\u00f3 la tradicional fiesta de la Virgen del Carmen - COPE Alcoy<\/title>\n<meta name=\"robots\" content=\"index, follow, max-snippet:-1, max-image-preview:large, max-video-preview:-1\" \/>\n<link rel=\"canonical\" href=\"https:\/\/www.copealcoy.es\/es\/cocentaina-celebro-la-tradicional-fiesta-la-virgen-del-carmen\/\" \/>\n<meta property=\"og:locale\" content=\"es_ES\" \/>\n<meta property=\"og:type\" content=\"article\" \/>\n<meta property=\"og:title\" content=\"Cocentaina celebr\u00f3 la tradicional fiesta de la Virgen del Carmen - COPE Alcoy\" \/>\n<meta property=\"og:description\" content=\"Cocentaina ha celebrado un a\u00f1o m\u00e1s las fiestas en honor a la Virgen del Carmen, una tradici\u00f3n muy arraigada en...\" \/>\n<meta property=\"og:url\" content=\"https:\/\/www.copealcoy.es\/es\/cocentaina-celebro-la-tradicional-fiesta-la-virgen-del-carmen\/\" \/>\n<meta property=\"og:site_name\" content=\"COPE Alcoy\" \/>\n<meta property=\"article:published_time\" content=\"2017-07-17T16:21:43+00:00\" \/>\n<meta property=\"article:modified_time\" content=\"2017-07-17T16:26:41+00:00\" \/>\n<meta property=\"og:image\" content=\"https:\/\/www.copealcoy.es\/wp-content\/uploads\/2017\/07\/IMG_1263-e1500306983716.jpg\" \/>\n\t<meta property=\"og:image:width\" content=\"4032\" \/>\n\t<meta property=\"og:image:height\" content=\"2268\" \/>\n\t<meta property=\"og:image:type\" content=\"image\/jpeg\" \/>\n<meta name=\"author\" content=\"Cope Alcoy\" \/>\n<meta name=\"twitter:label1\" content=\"Escrito por\" \/>\n\t<meta name=\"twitter:data1\" content=\"Cope Alcoy\" \/>\n\t<meta name=\"twitter:label2\" content=\"Tiempo de lectura\" \/>\n\t<meta name=\"twitter:data2\" content=\"1 minuto\" \/>\n<script type=\"application\/ld+json\" class=\"yoast-schema-graph\">{\"@context\":\"https:\\\/\\\/schema.org\",\"@graph\":[{\"@type\":\"Article\",\"@id\":\"https:\\\/\\\/www.copealcoy.es\\\/es\\\/cocentaina-celebro-la-tradicional-fiesta-la-virgen-del-carmen\\\/#article\",\"isPartOf\":{\"@id\":\"https:\\\/\\\/www.copealcoy.es\\\/es\\\/cocentaina-celebro-la-tradicional-fiesta-la-virgen-del-carmen\\\/\"},\"author\":{\"name\":\"Cope Alcoy\",\"@id\":\"https:\\\/\\\/www.copealcoy.es\\\/es\\\/#\\\/schema\\\/person\\\/e777c87fa024e57d40170af9df39882c\"},\"headline\":\"Cocentaina celebr\u00f3 la tradicional fiesta de la Virgen del Carmen\",\"datePublished\":\"2017-07-17T16:21:43+00:00\",\"dateModified\":\"2017-07-17T16:26:41+00:00\",\"mainEntityOfPage\":{\"@id\":\"https:\\\/\\\/www.copealcoy.es\\\/es\\\/cocentaina-celebro-la-tradicional-fiesta-la-virgen-del-carmen\\\/\"},\"wordCount\":255,\"commentCount\":0,\"image\":{\"@id\":\"https:\\\/\\\/www.copealcoy.es\\\/es\\\/cocentaina-celebro-la-tradicional-fiesta-la-virgen-del-carmen\\\/#primaryimage\"},\"thumbnailUrl\":\"https:\\\/\\\/www.copealcoy.es\\\/wp-content\\\/uploads\\\/2017\\\/07\\\/IMG_1263-e1500306983716.jpg\",\"keywords\":[\"Cocentaina\",\"Don Ram\u00f3n Mic\u00f3\",\"El Raval\",\"Parroquia de El Salvador\",\"Procesi\u00f3n\",\"Virgen del Carmen\"],\"articleSection\":[\"Comarcas\",\"Noticias\"],\"inLanguage\":\"es\"},{\"@type\":\"WebPage\",\"@id\":\"https:\\\/\\\/www.copealcoy.es\\\/es\\\/cocentaina-celebro-la-tradicional-fiesta-la-virgen-del-carmen\\\/\",\"url\":\"https:\\\/\\\/www.copealcoy.es\\\/es\\\/cocentaina-celebro-la-tradicional-fiesta-la-virgen-del-carmen\\\/\",\"name\":\"Cocentaina celebr\u00f3 la tradicional fiesta de la Virgen del Carmen - COPE Alcoy\",\"isPartOf\":{\"@id\":\"https:\\\/\\\/www.copealcoy.es\\\/es\\\/#website\"},\"primaryImageOfPage\":{\"@id\":\"https:\\\/\\\/www.copealcoy.es\\\/es\\\/cocentaina-celebro-la-tradicional-fiesta-la-virgen-del-carmen\\\/#primaryimage\"},\"image\":{\"@id\":\"https:\\\/\\\/www.copealcoy.es\\\/es\\\/cocentaina-celebro-la-tradicional-fiesta-la-virgen-del-carmen\\\/#primaryimage\"},\"thumbnailUrl\":\"https:\\\/\\\/www.copealcoy.es\\\/wp-content\\\/uploads\\\/2017\\\/07\\\/IMG_1263-e1500306983716.jpg\",\"datePublished\":\"2017-07-17T16:21:43+00:00\",\"dateModified\":\"2017-07-17T16:26:41+00:00\",\"author\":{\"@id\":\"https:\\\/\\\/www.copealcoy.es\\\/es\\\/#\\\/schema\\\/person\\\/e777c87fa024e57d40170af9df39882c\"},\"breadcrumb\":{\"@id\":\"https:\\\/\\\/www.copealcoy.es\\\/es\\\/cocentaina-celebro-la-tradicional-fiesta-la-virgen-del-carmen\\\/#breadcrumb\"},\"inLanguage\":\"es\",\"potentialAction\":[{\"@type\":\"ReadAction\",\"target\":[\"https:\\\/\\\/www.copealcoy.es\\\/es\\\/cocentaina-celebro-la-tradicional-fiesta-la-virgen-del-carmen\\\/\"]}]},{\"@type\":\"ImageObject\",\"inLanguage\":\"es\",\"@id\":\"https:\\\/\\\/www.copealcoy.es\\\/es\\\/cocentaina-celebro-la-tradicional-fiesta-la-virgen-del-carmen\\\/#primaryimage\",\"url\":\"https:\\\/\\\/www.copealcoy.es\\\/wp-content\\\/uploads\\\/2017\\\/07\\\/IMG_1263-e1500306983716.jpg\",\"contentUrl\":\"https:\\\/\\\/www.copealcoy.es\\\/wp-content\\\/uploads\\\/2017\\\/07\\\/IMG_1263-e1500306983716.jpg\",\"width\":4032,\"height\":2268,\"caption\":\"La procesi\u00f3n de la Virgen del Carmen recorri\u00f3 ayer por la tarde las calles del Raval \\\/ Foto: G. Pascual\"},{\"@type\":\"BreadcrumbList\",\"@id\":\"https:\\\/\\\/www.copealcoy.es\\\/es\\\/cocentaina-celebro-la-tradicional-fiesta-la-virgen-del-carmen\\\/#breadcrumb\",\"itemListElement\":[{\"@type\":\"ListItem\",\"position\":1,\"name\":\"Portada\",\"item\":\"https:\\\/\\\/www.copealcoy.es\\\/es\\\/\"},{\"@type\":\"ListItem\",\"position\":2,\"name\":\"Cocentaina celebr\u00f3 la tradicional fiesta de la Virgen del Carmen\"}]},{\"@type\":\"WebSite\",\"@id\":\"https:\\\/\\\/www.copealcoy.es\\\/es\\\/#website\",\"url\":\"https:\\\/\\\/www.copealcoy.es\\\/es\\\/\",\"name\":\"COPE Alcoy\",\"description\":\"Emisora COPE de radio local con emisi\u00f3n online. Pont de Sant Jordi 8-10 03803 Alcoy\",\"potentialAction\":[{\"@type\":\"SearchAction\",\"target\":{\"@type\":\"EntryPoint\",\"urlTemplate\":\"https:\\\/\\\/www.copealcoy.es\\\/es\\\/?s={search_term_string}\"},\"query-input\":{\"@type\":\"PropertyValueSpecification\",\"valueRequired\":true,\"valueName\":\"search_term_string\"}}],\"inLanguage\":\"es\"},{\"@type\":\"Person\",\"@id\":\"https:\\\/\\\/www.copealcoy.es\\\/es\\\/#\\\/schema\\\/person\\\/e777c87fa024e57d40170af9df39882c\",\"name\":\"Cope Alcoy\",\"image\":{\"@type\":\"ImageObject\",\"inLanguage\":\"es\",\"@id\":\"https:\\\/\\\/secure.gravatar.com\\\/avatar\\\/bb65d0283347e303893ba14f0692005417c1e0e690a325a4c5d8bb2b3943ee14?s=96&d=mm&r=g\",\"url\":\"https:\\\/\\\/secure.gravatar.com\\\/avatar\\\/bb65d0283347e303893ba14f0692005417c1e0e690a325a4c5d8bb2b3943ee14?s=96&d=mm&r=g\",\"contentUrl\":\"https:\\\/\\\/secure.gravatar.com\\\/avatar\\\/bb65d0283347e303893ba14f0692005417c1e0e690a325a4c5d8bb2b3943ee14?s=96&d=mm&r=g\",\"caption\":\"Cope Alcoy\"}}]}<\/script>\n<!-- \/ Yoast SEO plugin. -->","yoast_head_json":{"title":"Cocentaina celebr\u00f3 la tradicional fiesta de la Virgen del Carmen - COPE Alcoy","robots":{"index":"index","follow":"follow","max-snippet":"max-snippet:-1","max-image-preview":"max-image-preview:large","max-video-preview":"max-video-preview:-1"},"canonical":"https:\/\/www.copealcoy.es\/es\/cocentaina-celebro-la-tradicional-fiesta-la-virgen-del-carmen\/","og_locale":"es_ES","og_type":"article","og_title":"Cocentaina celebr\u00f3 la tradicional fiesta de la Virgen del Carmen - COPE Alcoy","og_description":"Cocentaina ha celebrado un a\u00f1o m\u00e1s las fiestas en honor a la Virgen del Carmen, una tradici\u00f3n muy arraigada en...","og_url":"https:\/\/www.copealcoy.es\/es\/cocentaina-celebro-la-tradicional-fiesta-la-virgen-del-carmen\/","og_site_name":"COPE Alcoy","article_published_time":"2017-07-17T16:21:43+00:00","article_modified_time":"2017-07-17T16:26:41+00:00","og_image":[{"width":4032,"height":2268,"url":"https:\/\/www.copealcoy.es\/wp-content\/uploads\/2017\/07\/IMG_1263-e1500306983716.jpg","type":"image\/jpeg"}],"author":"Cope Alcoy","twitter_misc":{"Escrito por":"Cope Alcoy","Tiempo de lectura":"1 minuto"},"schema":{"@context":"https:\/\/schema.org","@graph":[{"@type":"Article","@id":"https:\/\/www.copealcoy.es\/es\/cocentaina-celebro-la-tradicional-fiesta-la-virgen-del-carmen\/#article","isPartOf":{"@id":"https:\/\/www.copealcoy.es\/es\/cocentaina-celebro-la-tradicional-fiesta-la-virgen-del-carmen\/"},"author":{"name":"Cope Alcoy","@id":"https:\/\/www.copealcoy.es\/es\/#\/schema\/person\/e777c87fa024e57d40170af9df39882c"},"headline":"Cocentaina celebr\u00f3 la tradicional fiesta de la Virgen del Carmen","datePublished":"2017-07-17T16:21:43+00:00","dateModified":"2017-07-17T16:26:41+00:00","mainEntityOfPage":{"@id":"https:\/\/www.copealcoy.es\/es\/cocentaina-celebro-la-tradicional-fiesta-la-virgen-del-carmen\/"},"wordCount":255,"commentCount":0,"image":{"@id":"https:\/\/www.copealcoy.es\/es\/cocentaina-celebro-la-tradicional-fiesta-la-virgen-del-carmen\/#primaryimage"},"thumbnailUrl":"https:\/\/www.copealcoy.es\/wp-content\/uploads\/2017\/07\/IMG_1263-e1500306983716.jpg","keywords":["Cocentaina","Don Ram\u00f3n Mic\u00f3","El Raval","Parroquia de El Salvador","Procesi\u00f3n","Virgen del Carmen"],"articleSection":["Comarcas","Noticias"],"inLanguage":"es"},{"@type":"WebPage","@id":"https:\/\/www.copealcoy.es\/es\/cocentaina-celebro-la-tradicional-fiesta-la-virgen-del-carmen\/","url":"https:\/\/www.copealcoy.es\/es\/cocentaina-celebro-la-tradicional-fiesta-la-virgen-del-carmen\/","name":"Cocentaina celebr\u00f3 la tradicional fiesta de la Virgen del Carmen - COPE Alcoy","isPartOf":{"@id":"https:\/\/www.copealcoy.es\/es\/#website"},"primaryImageOfPage":{"@id":"https:\/\/www.copealcoy.es\/es\/cocentaina-celebro-la-tradicional-fiesta-la-virgen-del-carmen\/#primaryimage"},"image":{"@id":"https:\/\/www.copealcoy.es\/es\/cocentaina-celebro-la-tradicional-fiesta-la-virgen-del-carmen\/#primaryimage"},"thumbnailUrl":"https:\/\/www.copealcoy.es\/wp-content\/uploads\/2017\/07\/IMG_1263-e1500306983716.jpg","datePublished":"2017-07-17T16:21:43+00:00","dateModified":"2017-07-17T16:26:41+00:00","author":{"@id":"https:\/\/www.copealcoy.es\/es\/#\/schema\/person\/e777c87fa024e57d40170af9df39882c"},"breadcrumb":{"@id":"https:\/\/www.copealcoy.es\/es\/cocentaina-celebro-la-tradicional-fiesta-la-virgen-del-carmen\/#breadcrumb"},"inLanguage":"es","potentialAction":[{"@type":"ReadAction","target":["https:\/\/www.copealcoy.es\/es\/cocentaina-celebro-la-tradicional-fiesta-la-virgen-del-carmen\/"]}]},{"@type":"ImageObject","inLanguage":"es","@id":"https:\/\/www.copealcoy.es\/es\/cocentaina-celebro-la-tradicional-fiesta-la-virgen-del-carmen\/#primaryimage","url":"https:\/\/www.copealcoy.es\/wp-content\/uploads\/2017\/07\/IMG_1263-e1500306983716.jpg","contentUrl":"https:\/\/www.copealcoy.es\/wp-content\/uploads\/2017\/07\/IMG_1263-e1500306983716.jpg","width":4032,"height":2268,"caption":"La procesi\u00f3n de la Virgen del Carmen recorri\u00f3 ayer por la tarde las calles del Raval \/ Foto: G. Pascual"},{"@type":"BreadcrumbList","@id":"https:\/\/www.copealcoy.es\/es\/cocentaina-celebro-la-tradicional-fiesta-la-virgen-del-carmen\/#breadcrumb","itemListElement":[{"@type":"ListItem","position":1,"name":"Portada","item":"https:\/\/www.copealcoy.es\/es\/"},{"@type":"ListItem","position":2,"name":"Cocentaina celebr\u00f3 la tradicional fiesta de la Virgen del Carmen"}]},{"@type":"WebSite","@id":"https:\/\/www.copealcoy.es\/es\/#website","url":"https:\/\/www.copealcoy.es\/es\/","name":"COPE Alcoy","description":"Emisora COPE de radio local con emisi\u00f3n online. Pont de Sant Jordi 8-10 03803 Alcoy","potentialAction":[{"@type":"SearchAction","target":{"@type":"EntryPoint","urlTemplate":"https:\/\/www.copealcoy.es\/es\/?s={search_term_string}"},"query-input":{"@type":"PropertyValueSpecification","valueRequired":true,"valueName":"search_term_string"}}],"inLanguage":"es"},{"@type":"Person","@id":"https:\/\/www.copealcoy.es\/es\/#\/schema\/person\/e777c87fa024e57d40170af9df39882c","name":"Cope Alcoy","image":{"@type":"ImageObject","inLanguage":"es","@id":"https:\/\/secure.gravatar.com\/avatar\/bb65d0283347e303893ba14f0692005417c1e0e690a325a4c5d8bb2b3943ee14?s=96&d=mm&r=g","url":"https:\/\/secure.gravatar.com\/avatar\/bb65d0283347e303893ba14f0692005417c1e0e690a325a4c5d8bb2b3943ee14?s=96&d=mm&r=g","contentUrl":"https:\/\/secure.gravatar.com\/avatar\/bb65d0283347e303893ba14f0692005417c1e0e690a325a4c5d8bb2b3943ee14?s=96&d=mm&r=g","caption":"Cope Alcoy"}}]}},"_links":{"self":[{"href":"https:\/\/www.copealcoy.es\/es\/wp-json\/wp\/v2\/posts\/33675","targetHints":{"allow":["GET"]}}],"collection":[{"href":"https:\/\/www.copealcoy.es\/es\/wp-json\/wp\/v2\/posts"}],"about":[{"href":"https:\/\/www.copealcoy.es\/es\/wp-json\/wp\/v2\/types\/post"}],"author":[{"embeddable":true,"href":"https:\/\/www.copealcoy.es\/es\/wp-json\/wp\/v2\/users\/1"}],"replies":[{"embeddable":true,"href":"https:\/\/www.copealcoy.es\/es\/wp-json\/wp\/v2\/comments?post=33675"}],"version-history":[{"count":0,"href":"https:\/\/www.copealcoy.es\/es\/wp-json\/wp\/v2\/posts\/33675\/revisions"}],"wp:featuredmedia":[{"embeddable":true,"href":"https:\/\/www.copealcoy.es\/es\/wp-json\/wp\/v2\/media\/33677"}],"wp:attachment":[{"href":"https:\/\/www.copealcoy.es\/es\/wp-json\/wp\/v2\/media?parent=33675"}],"wp:term":[{"taxonomy":"category","embeddable":true,"href":"https:\/\/www.copealcoy.es\/es\/wp-json\/wp\/v2\/categories?post=33675"},{"taxonomy":"post_tag","embeddable":true,"href":"https:\/\/www.copealcoy.es\/es\/wp-json\/wp\/v2\/tags?post=33675"}],"curies":[{"name":"wp","href":"https:\/\/api.w.org\/{rel}","templated":true}]}}