{"id":33581,"date":"2017-07-13T23:25:11","date_gmt":"2017-07-13T23:25:11","guid":{"rendered":"http:\/\/copealcoi.es\/new\/?p=33581"},"modified":"2017-07-14T15:23:30","modified_gmt":"2017-07-14T15:23:30","slug":"el-nuevo-pavimento-del-pont-de-sant-jordi-empieza-a-tomar-forma","status":"publish","type":"post","link":"https:\/\/www.copealcoy.es\/es\/el-nuevo-pavimento-del-pont-de-sant-jordi-empieza-a-tomar-forma\/","title":{"rendered":"El nuevo pavimento del Pont de Sant Jordi empieza a tomar forma"},"content":{"rendered":"<p style=\"text-align: justify;\">Los trabajos para <strong>la reforma y refuerzo del tablero del Pont de Sant Jordi de Alcoy<\/strong> avanzan a buen ritmo seg\u00fan han confirmado esta ma\u00f1ana durante su visita al vial el alcalde, <strong>Antonio Franc\u00e9s<\/strong>, el concejal de Obas, <strong>Jordi Mart\u00ednez<\/strong>, y <strong>los t\u00e9cnicos de la empresa Vilor<\/strong> que realiza la intervenci\u00f3n.<\/p>\n<p style=\"text-align: justify;\">Desde la citada empresa han indicado que en las \u00faltimas semanas <strong>se han retirado las capas de asfalto<\/strong> que cubr\u00edan el pavimento al mismo tiempo que <strong>se han reforzado las vigas con fibra de carbono<\/strong> y <strong>se ha instalado un soporte en una de las bases para reforzar la pilastra<\/strong> que presentaba una grieta en el extremo que recae a la Avinguda Pont de Sant Jordi. Ahora <strong>se est\u00e1 encofrando el firme con hormig\u00f3n<\/strong> para despu\u00e9s <strong>colocar la nueva capa de asfalto<\/strong>. La actuaci\u00f3n, cuando finalice, <strong>permitir\u00e1 que el puente tenga dos carriles para el paso de veh\u00edculos<\/strong> con <strong>una velocidad limitada a 30 kil\u00f3metros por hora<\/strong> mientras que <strong>las aceras se ampliar\u00e1n hasta los\u00a02\u00b450 metros<\/strong> &#8220;<em>ser\u00e1n de granito siguiendo la est\u00e9tica de otros puntos de la ciudad y habr\u00e1 un bordillo a cierta altitud que delimitar\u00e1 las aceras de la calzada sin barandillas<\/em>&#8220;, ha explicado el director de la obra, <strong>Santi Pastor<\/strong>.<\/p>\n<p style=\"text-align: justify;\">Por su parte el concejal de Obras y Servicios, <strong>Jordi Mart\u00ednez<\/strong>, ha informado que los trabajos avanzan seg\u00fan lo previsto y se ha mostrado confiado <strong>en que a principios de septiembre la obra entre en la recta final<\/strong> &#8220;<em>los plazos que manejamos ahora es que la intervenci\u00f3n gruesa pueda acabar a finales de agosto para as\u00ed empezar ya a abrir el tr\u00e1fico aunque queden todav\u00eda algunos detalles por concluir del proyecto<\/em>&#8220;, ha detallado. Tambi\u00e9n el alcalde, <strong>Antonio Franc\u00e9s<\/strong>, ha aprovechado esta visita para anunciar que <strong>cada a\u00f1o se realizar\u00e1n revisiones y tareas continuas de mantenimiento<\/strong>\u00a0en el puente para evitar su degradaci\u00f3n &#8220;<em>en el puente no se han hecho las actuaciones que tocaban y una vez finalice esta actuaci\u00f3n se abordar\u00e1 la tercera fase\u00a0en la que se intervendr\u00e1 en los arcos y las pilastras<\/em>&#8220;, apunt\u00f3 el primer edil.<\/p>\n<p style=\"text-align: justify;\">Recordar que estas obras, complementan\u00a0<a href=\"https:\/\/www.copealcoy.es\/recta-final-para-las-obras-del-pont-de-sant-jordi\/\"><strong>la realizada en 2015<\/strong><\/a> para consolidar las balaustradas, <strong>y cuenta con un<\/strong>\u00a0<strong>presupuesto<\/strong>\u00a0que\u00a0ronda los 280.000 euros.<\/p>\n","protected":false},"excerpt":{"rendered":"<p>Los trabajos para la reforma y refuerzo del tablero del Pont de Sant Jordi de Alcoy avanzan a buen ritmo&#8230;<\/p>\n","protected":false},"author":1,"featured_media":33582,"comment_status":"open","ping_status":"open","sticky":false,"template":"","format":"standard","meta":{"footnotes":""},"categories":[97,75,125],"tags":[1494,1793,927,145,3771,259],"class_list":["post-33581","post","type-post","status-publish","format-standard","has-post-thumbnail","hentry","category-alcoy","category-noticias","category-portada","tag-alcoy","tag-antonio-frances","tag-jordi-martinez","tag-obras","tag-plataforma","tag-pont-de-sant-jordi"],"yoast_head":"<!-- This site is optimized with the Yoast SEO plugin v27.3 - https:\/\/yoast.com\/product\/yoast-seo-wordpress\/ -->\n<title>El nuevo pavimento del Pont de Sant Jordi empieza a tomar forma - COPE Alcoy<\/title>\n<meta name=\"robots\" content=\"index, follow, max-snippet:-1, max-image-preview:large, max-video-preview:-1\" \/>\n<link rel=\"canonical\" href=\"https:\/\/www.copealcoy.es\/es\/el-nuevo-pavimento-del-pont-de-sant-jordi-empieza-a-tomar-forma\/\" \/>\n<meta property=\"og:locale\" content=\"es_ES\" \/>\n<meta property=\"og:type\" content=\"article\" \/>\n<meta property=\"og:title\" content=\"El nuevo pavimento del Pont de Sant Jordi empieza a tomar forma - COPE Alcoy\" \/>\n<meta property=\"og:description\" content=\"Los trabajos para la reforma y refuerzo del tablero del Pont de Sant Jordi de Alcoy avanzan a buen ritmo...\" \/>\n<meta property=\"og:url\" content=\"https:\/\/www.copealcoy.es\/es\/el-nuevo-pavimento-del-pont-de-sant-jordi-empieza-a-tomar-forma\/\" \/>\n<meta property=\"og:site_name\" content=\"COPE Alcoy\" \/>\n<meta property=\"article:published_time\" content=\"2017-07-13T23:25:11+00:00\" \/>\n<meta property=\"article:modified_time\" content=\"2017-07-14T15:23:30+00:00\" \/>\n<meta property=\"og:image\" content=\"https:\/\/www.copealcoy.es\/wp-content\/uploads\/2017\/07\/IMG_9889-e1499987561954.jpg\" \/>\n\t<meta property=\"og:image:width\" content=\"4032\" \/>\n\t<meta property=\"og:image:height\" content=\"2388\" \/>\n\t<meta property=\"og:image:type\" content=\"image\/jpeg\" \/>\n<meta name=\"author\" content=\"Cope Alcoy\" \/>\n<meta name=\"twitter:label1\" content=\"Escrito por\" \/>\n\t<meta name=\"twitter:data1\" content=\"Cope Alcoy\" \/>\n\t<meta name=\"twitter:label2\" content=\"Tiempo de lectura\" \/>\n\t<meta name=\"twitter:data2\" content=\"2 minutos\" \/>\n<script type=\"application\/ld+json\" class=\"yoast-schema-graph\">{\"@context\":\"https:\\\/\\\/schema.org\",\"@graph\":[{\"@type\":\"Article\",\"@id\":\"https:\\\/\\\/www.copealcoy.es\\\/es\\\/el-nuevo-pavimento-del-pont-de-sant-jordi-empieza-a-tomar-forma\\\/#article\",\"isPartOf\":{\"@id\":\"https:\\\/\\\/www.copealcoy.es\\\/es\\\/el-nuevo-pavimento-del-pont-de-sant-jordi-empieza-a-tomar-forma\\\/\"},\"author\":{\"name\":\"Cope Alcoy\",\"@id\":\"https:\\\/\\\/www.copealcoy.es\\\/es\\\/#\\\/schema\\\/person\\\/e777c87fa024e57d40170af9df39882c\"},\"headline\":\"El nuevo pavimento del Pont de Sant Jordi empieza a tomar forma\",\"datePublished\":\"2017-07-13T23:25:11+00:00\",\"dateModified\":\"2017-07-14T15:23:30+00:00\",\"mainEntityOfPage\":{\"@id\":\"https:\\\/\\\/www.copealcoy.es\\\/es\\\/el-nuevo-pavimento-del-pont-de-sant-jordi-empieza-a-tomar-forma\\\/\"},\"wordCount\":401,\"commentCount\":0,\"image\":{\"@id\":\"https:\\\/\\\/www.copealcoy.es\\\/es\\\/el-nuevo-pavimento-del-pont-de-sant-jordi-empieza-a-tomar-forma\\\/#primaryimage\"},\"thumbnailUrl\":\"https:\\\/\\\/www.copealcoy.es\\\/wp-content\\\/uploads\\\/2017\\\/07\\\/IMG_9889-e1499987561954.jpg\",\"keywords\":[\"Alcoy\",\"Antonio Franc\u00e9s\",\"Jordi Mart\u00ednez\",\"Obras\",\"Plataforma\",\"Pont de Sant Jordi\"],\"articleSection\":[\"Alcoy\",\"Noticias\",\"Portada\"],\"inLanguage\":\"es\"},{\"@type\":\"WebPage\",\"@id\":\"https:\\\/\\\/www.copealcoy.es\\\/es\\\/el-nuevo-pavimento-del-pont-de-sant-jordi-empieza-a-tomar-forma\\\/\",\"url\":\"https:\\\/\\\/www.copealcoy.es\\\/es\\\/el-nuevo-pavimento-del-pont-de-sant-jordi-empieza-a-tomar-forma\\\/\",\"name\":\"El nuevo pavimento del Pont de Sant Jordi empieza a tomar forma - COPE Alcoy\",\"isPartOf\":{\"@id\":\"https:\\\/\\\/www.copealcoy.es\\\/es\\\/#website\"},\"primaryImageOfPage\":{\"@id\":\"https:\\\/\\\/www.copealcoy.es\\\/es\\\/el-nuevo-pavimento-del-pont-de-sant-jordi-empieza-a-tomar-forma\\\/#primaryimage\"},\"image\":{\"@id\":\"https:\\\/\\\/www.copealcoy.es\\\/es\\\/el-nuevo-pavimento-del-pont-de-sant-jordi-empieza-a-tomar-forma\\\/#primaryimage\"},\"thumbnailUrl\":\"https:\\\/\\\/www.copealcoy.es\\\/wp-content\\\/uploads\\\/2017\\\/07\\\/IMG_9889-e1499987561954.jpg\",\"datePublished\":\"2017-07-13T23:25:11+00:00\",\"dateModified\":\"2017-07-14T15:23:30+00:00\",\"author\":{\"@id\":\"https:\\\/\\\/www.copealcoy.es\\\/es\\\/#\\\/schema\\\/person\\\/e777c87fa024e57d40170af9df39882c\"},\"breadcrumb\":{\"@id\":\"https:\\\/\\\/www.copealcoy.es\\\/es\\\/el-nuevo-pavimento-del-pont-de-sant-jordi-empieza-a-tomar-forma\\\/#breadcrumb\"},\"inLanguage\":\"es\",\"potentialAction\":[{\"@type\":\"ReadAction\",\"target\":[\"https:\\\/\\\/www.copealcoy.es\\\/es\\\/el-nuevo-pavimento-del-pont-de-sant-jordi-empieza-a-tomar-forma\\\/\"]}]},{\"@type\":\"ImageObject\",\"inLanguage\":\"es\",\"@id\":\"https:\\\/\\\/www.copealcoy.es\\\/es\\\/el-nuevo-pavimento-del-pont-de-sant-jordi-empieza-a-tomar-forma\\\/#primaryimage\",\"url\":\"https:\\\/\\\/www.copealcoy.es\\\/wp-content\\\/uploads\\\/2017\\\/07\\\/IMG_9889-e1499987561954.jpg\",\"contentUrl\":\"https:\\\/\\\/www.copealcoy.es\\\/wp-content\\\/uploads\\\/2017\\\/07\\\/IMG_9889-e1499987561954.jpg\",\"width\":4032,\"height\":2388},{\"@type\":\"BreadcrumbList\",\"@id\":\"https:\\\/\\\/www.copealcoy.es\\\/es\\\/el-nuevo-pavimento-del-pont-de-sant-jordi-empieza-a-tomar-forma\\\/#breadcrumb\",\"itemListElement\":[{\"@type\":\"ListItem\",\"position\":1,\"name\":\"Portada\",\"item\":\"https:\\\/\\\/www.copealcoy.es\\\/es\\\/\"},{\"@type\":\"ListItem\",\"position\":2,\"name\":\"El nuevo pavimento del Pont de Sant Jordi empieza a tomar forma\"}]},{\"@type\":\"WebSite\",\"@id\":\"https:\\\/\\\/www.copealcoy.es\\\/es\\\/#website\",\"url\":\"https:\\\/\\\/www.copealcoy.es\\\/es\\\/\",\"name\":\"COPE Alcoy\",\"description\":\"Emisora COPE de radio local con emisi\u00f3n online. Pont de Sant Jordi 8-10 03803 Alcoy\",\"potentialAction\":[{\"@type\":\"SearchAction\",\"target\":{\"@type\":\"EntryPoint\",\"urlTemplate\":\"https:\\\/\\\/www.copealcoy.es\\\/es\\\/?s={search_term_string}\"},\"query-input\":{\"@type\":\"PropertyValueSpecification\",\"valueRequired\":true,\"valueName\":\"search_term_string\"}}],\"inLanguage\":\"es\"},{\"@type\":\"Person\",\"@id\":\"https:\\\/\\\/www.copealcoy.es\\\/es\\\/#\\\/schema\\\/person\\\/e777c87fa024e57d40170af9df39882c\",\"name\":\"Cope Alcoy\",\"image\":{\"@type\":\"ImageObject\",\"inLanguage\":\"es\",\"@id\":\"https:\\\/\\\/secure.gravatar.com\\\/avatar\\\/bb65d0283347e303893ba14f0692005417c1e0e690a325a4c5d8bb2b3943ee14?s=96&d=mm&r=g\",\"url\":\"https:\\\/\\\/secure.gravatar.com\\\/avatar\\\/bb65d0283347e303893ba14f0692005417c1e0e690a325a4c5d8bb2b3943ee14?s=96&d=mm&r=g\",\"contentUrl\":\"https:\\\/\\\/secure.gravatar.com\\\/avatar\\\/bb65d0283347e303893ba14f0692005417c1e0e690a325a4c5d8bb2b3943ee14?s=96&d=mm&r=g\",\"caption\":\"Cope Alcoy\"}}]}<\/script>\n<!-- \/ Yoast SEO plugin. -->","yoast_head_json":{"title":"El nuevo pavimento del Pont de Sant Jordi empieza a tomar forma - COPE Alcoy","robots":{"index":"index","follow":"follow","max-snippet":"max-snippet:-1","max-image-preview":"max-image-preview:large","max-video-preview":"max-video-preview:-1"},"canonical":"https:\/\/www.copealcoy.es\/es\/el-nuevo-pavimento-del-pont-de-sant-jordi-empieza-a-tomar-forma\/","og_locale":"es_ES","og_type":"article","og_title":"El nuevo pavimento del Pont de Sant Jordi empieza a tomar forma - COPE Alcoy","og_description":"Los trabajos para la reforma y refuerzo del tablero del Pont de Sant Jordi de Alcoy avanzan a buen ritmo...","og_url":"https:\/\/www.copealcoy.es\/es\/el-nuevo-pavimento-del-pont-de-sant-jordi-empieza-a-tomar-forma\/","og_site_name":"COPE Alcoy","article_published_time":"2017-07-13T23:25:11+00:00","article_modified_time":"2017-07-14T15:23:30+00:00","og_image":[{"width":4032,"height":2388,"url":"https:\/\/www.copealcoy.es\/wp-content\/uploads\/2017\/07\/IMG_9889-e1499987561954.jpg","type":"image\/jpeg"}],"author":"Cope Alcoy","twitter_misc":{"Escrito por":"Cope Alcoy","Tiempo de lectura":"2 minutos"},"schema":{"@context":"https:\/\/schema.org","@graph":[{"@type":"Article","@id":"https:\/\/www.copealcoy.es\/es\/el-nuevo-pavimento-del-pont-de-sant-jordi-empieza-a-tomar-forma\/#article","isPartOf":{"@id":"https:\/\/www.copealcoy.es\/es\/el-nuevo-pavimento-del-pont-de-sant-jordi-empieza-a-tomar-forma\/"},"author":{"name":"Cope Alcoy","@id":"https:\/\/www.copealcoy.es\/es\/#\/schema\/person\/e777c87fa024e57d40170af9df39882c"},"headline":"El nuevo pavimento del Pont de Sant Jordi empieza a tomar forma","datePublished":"2017-07-13T23:25:11+00:00","dateModified":"2017-07-14T15:23:30+00:00","mainEntityOfPage":{"@id":"https:\/\/www.copealcoy.es\/es\/el-nuevo-pavimento-del-pont-de-sant-jordi-empieza-a-tomar-forma\/"},"wordCount":401,"commentCount":0,"image":{"@id":"https:\/\/www.copealcoy.es\/es\/el-nuevo-pavimento-del-pont-de-sant-jordi-empieza-a-tomar-forma\/#primaryimage"},"thumbnailUrl":"https:\/\/www.copealcoy.es\/wp-content\/uploads\/2017\/07\/IMG_9889-e1499987561954.jpg","keywords":["Alcoy","Antonio Franc\u00e9s","Jordi Mart\u00ednez","Obras","Plataforma","Pont de Sant Jordi"],"articleSection":["Alcoy","Noticias","Portada"],"inLanguage":"es"},{"@type":"WebPage","@id":"https:\/\/www.copealcoy.es\/es\/el-nuevo-pavimento-del-pont-de-sant-jordi-empieza-a-tomar-forma\/","url":"https:\/\/www.copealcoy.es\/es\/el-nuevo-pavimento-del-pont-de-sant-jordi-empieza-a-tomar-forma\/","name":"El nuevo pavimento del Pont de Sant Jordi empieza a tomar forma - COPE Alcoy","isPartOf":{"@id":"https:\/\/www.copealcoy.es\/es\/#website"},"primaryImageOfPage":{"@id":"https:\/\/www.copealcoy.es\/es\/el-nuevo-pavimento-del-pont-de-sant-jordi-empieza-a-tomar-forma\/#primaryimage"},"image":{"@id":"https:\/\/www.copealcoy.es\/es\/el-nuevo-pavimento-del-pont-de-sant-jordi-empieza-a-tomar-forma\/#primaryimage"},"thumbnailUrl":"https:\/\/www.copealcoy.es\/wp-content\/uploads\/2017\/07\/IMG_9889-e1499987561954.jpg","datePublished":"2017-07-13T23:25:11+00:00","dateModified":"2017-07-14T15:23:30+00:00","author":{"@id":"https:\/\/www.copealcoy.es\/es\/#\/schema\/person\/e777c87fa024e57d40170af9df39882c"},"breadcrumb":{"@id":"https:\/\/www.copealcoy.es\/es\/el-nuevo-pavimento-del-pont-de-sant-jordi-empieza-a-tomar-forma\/#breadcrumb"},"inLanguage":"es","potentialAction":[{"@type":"ReadAction","target":["https:\/\/www.copealcoy.es\/es\/el-nuevo-pavimento-del-pont-de-sant-jordi-empieza-a-tomar-forma\/"]}]},{"@type":"ImageObject","inLanguage":"es","@id":"https:\/\/www.copealcoy.es\/es\/el-nuevo-pavimento-del-pont-de-sant-jordi-empieza-a-tomar-forma\/#primaryimage","url":"https:\/\/www.copealcoy.es\/wp-content\/uploads\/2017\/07\/IMG_9889-e1499987561954.jpg","contentUrl":"https:\/\/www.copealcoy.es\/wp-content\/uploads\/2017\/07\/IMG_9889-e1499987561954.jpg","width":4032,"height":2388},{"@type":"BreadcrumbList","@id":"https:\/\/www.copealcoy.es\/es\/el-nuevo-pavimento-del-pont-de-sant-jordi-empieza-a-tomar-forma\/#breadcrumb","itemListElement":[{"@type":"ListItem","position":1,"name":"Portada","item":"https:\/\/www.copealcoy.es\/es\/"},{"@type":"ListItem","position":2,"name":"El nuevo pavimento del Pont de Sant Jordi empieza a tomar forma"}]},{"@type":"WebSite","@id":"https:\/\/www.copealcoy.es\/es\/#website","url":"https:\/\/www.copealcoy.es\/es\/","name":"COPE Alcoy","description":"Emisora COPE de radio local con emisi\u00f3n online. Pont de Sant Jordi 8-10 03803 Alcoy","potentialAction":[{"@type":"SearchAction","target":{"@type":"EntryPoint","urlTemplate":"https:\/\/www.copealcoy.es\/es\/?s={search_term_string}"},"query-input":{"@type":"PropertyValueSpecification","valueRequired":true,"valueName":"search_term_string"}}],"inLanguage":"es"},{"@type":"Person","@id":"https:\/\/www.copealcoy.es\/es\/#\/schema\/person\/e777c87fa024e57d40170af9df39882c","name":"Cope Alcoy","image":{"@type":"ImageObject","inLanguage":"es","@id":"https:\/\/secure.gravatar.com\/avatar\/bb65d0283347e303893ba14f0692005417c1e0e690a325a4c5d8bb2b3943ee14?s=96&d=mm&r=g","url":"https:\/\/secure.gravatar.com\/avatar\/bb65d0283347e303893ba14f0692005417c1e0e690a325a4c5d8bb2b3943ee14?s=96&d=mm&r=g","contentUrl":"https:\/\/secure.gravatar.com\/avatar\/bb65d0283347e303893ba14f0692005417c1e0e690a325a4c5d8bb2b3943ee14?s=96&d=mm&r=g","caption":"Cope Alcoy"}}]}},"_links":{"self":[{"href":"https:\/\/www.copealcoy.es\/es\/wp-json\/wp\/v2\/posts\/33581","targetHints":{"allow":["GET"]}}],"collection":[{"href":"https:\/\/www.copealcoy.es\/es\/wp-json\/wp\/v2\/posts"}],"about":[{"href":"https:\/\/www.copealcoy.es\/es\/wp-json\/wp\/v2\/types\/post"}],"author":[{"embeddable":true,"href":"https:\/\/www.copealcoy.es\/es\/wp-json\/wp\/v2\/users\/1"}],"replies":[{"embeddable":true,"href":"https:\/\/www.copealcoy.es\/es\/wp-json\/wp\/v2\/comments?post=33581"}],"version-history":[{"count":0,"href":"https:\/\/www.copealcoy.es\/es\/wp-json\/wp\/v2\/posts\/33581\/revisions"}],"wp:featuredmedia":[{"embeddable":true,"href":"https:\/\/www.copealcoy.es\/es\/wp-json\/wp\/v2\/media\/33582"}],"wp:attachment":[{"href":"https:\/\/www.copealcoy.es\/es\/wp-json\/wp\/v2\/media?parent=33581"}],"wp:term":[{"taxonomy":"category","embeddable":true,"href":"https:\/\/www.copealcoy.es\/es\/wp-json\/wp\/v2\/categories?post=33581"},{"taxonomy":"post_tag","embeddable":true,"href":"https:\/\/www.copealcoy.es\/es\/wp-json\/wp\/v2\/tags?post=33581"}],"curies":[{"name":"wp","href":"https:\/\/api.w.org\/{rel}","templated":true}]}}