{"id":33537,"date":"2017-07-12T17:44:38","date_gmt":"2017-07-12T17:44:38","guid":{"rendered":"http:\/\/copealcoi.es\/new\/?p=33537"},"modified":"2017-07-12T17:49:27","modified_gmt":"2017-07-12T17:49:27","slug":"arrancan-las-obras-de-reurbanizacion-de-varias-calles-de-la-pedania-de-benamer","status":"publish","type":"post","link":"https:\/\/www.copealcoy.es\/es\/arrancan-las-obras-de-reurbanizacion-de-varias-calles-de-la-pedania-de-benamer\/","title":{"rendered":"Arrancan las obras de reurbanizaci\u00f3n de varias calles de la pedan\u00eda de Ben\u00e0mer"},"content":{"rendered":"<p style=\"text-align: justify;\">La Diputaci\u00f3n Provincial de Alicante <strong>invertir\u00e1 cerca de 125.000 euros<\/strong> para llevar a cabo <strong>la reurbanizaci\u00f3n de las calles Mayor y Virgen de Gracia<\/strong> as\u00ed como <strong>la plaza<\/strong> de la pedan\u00eda murera de Ben\u00e0mer.<\/p>\n<p style=\"text-align: justify;\">Los trabajos <strong>comenzaron oficialmente el pasado 3 de julio<\/strong> e incluyen la eliminaci\u00f3n del actual pavimento de asfalto y aceras as\u00ed como la supresi\u00f3n de los bordillos para mejorar la accesibilidad en las diferentes v\u00edas. Posteriormente se mejorar\u00e1n las redes de saneamiento, alcantarillado y agua potable <strong>para pavimentar seguidamente cada calle con hormig\u00f3n impreso<\/strong> siguiendo as\u00ed la est\u00e9tica que predomina en el casco antiguo de Muro.<\/p>\n<p style=\"text-align: justify;\">El edil de Pedan\u00edas, <strong>Sergi Silvestre<\/strong>, explica que la intervenci\u00f3n se llevar\u00e1 a cabo en dos fases y detalla que <strong>la primera estar\u00e1 concluida antes de las fiestas patronales de Ben\u00e0mer<\/strong> seg\u00fan ha asegurado la empresa adjudicataria al Ayuntamiento \u201c<em>se intent\u00f3 que las obras comenzaran en septiembre pero no se vio viable para cumplir los plazos. Por este motivo la primera fase se realizar\u00e1 hasta el 15 de agosto y el 4 de septiembre comenzar\u00e1 la segunda que servir\u00e1 para completar los trabajos<\/em>\u201d, detalla. Silvestre tambi\u00e9n indica que en estas obras <strong>se tendr\u00e1 en cuenta el \u2018alcav\u00f3\u2019 existente en la pedan\u00eda<\/strong> \u201c<em>para ver el estado en el que se encuentra y as\u00ed despu\u00e9s poder canalizarlo<\/em>\u201d, concluye.<\/p>\n<p style=\"text-align: justify;\">El proyecto est\u00e1 previsto que <strong>finalice antes del 15 de septiembre<\/strong> y desde\u00a0el Ayuntamiento <strong>se est\u00e1n estudiando opciones para presupuestar la ampliaci\u00f3n de la citada actuaci\u00f3n<\/strong> a gran parte de la calle que va hacia el lavadero con el fin de atender las demandas vecinales.<\/p>\n<p>&nbsp;<\/p>\n<p>&nbsp;<\/p>\n","protected":false},"excerpt":{"rendered":"<p>La Diputaci\u00f3n Provincial de Alicante invertir\u00e1 cerca de 125.000 euros para llevar a cabo la reurbanizaci\u00f3n de las calles Mayor&#8230;<\/p>\n","protected":false},"author":1,"featured_media":33538,"comment_status":"open","ping_status":"open","sticky":false,"template":"","format":"standard","meta":{"footnotes":""},"categories":[98,75],"tags":[1124,4414,1295,135,145,4413,4412],"class_list":["post-33537","post","type-post","status-publish","format-standard","has-post-thumbnail","hentry","category-comarcas","category-noticias","tag-arrancan","tag-benamer","tag-calles","tag-muro","tag-obras","tag-pedania","tag-reurbanizacion"],"yoast_head":"<!-- This site is optimized with the Yoast SEO plugin v27.3 - https:\/\/yoast.com\/product\/yoast-seo-wordpress\/ -->\n<title>Arrancan las obras de reurbanizaci\u00f3n de varias calles de la pedan\u00eda de Ben\u00e0mer - COPE Alcoy<\/title>\n<meta name=\"robots\" content=\"index, follow, max-snippet:-1, max-image-preview:large, max-video-preview:-1\" \/>\n<link rel=\"canonical\" href=\"https:\/\/www.copealcoy.es\/es\/arrancan-las-obras-de-reurbanizacion-de-varias-calles-de-la-pedania-de-benamer\/\" \/>\n<meta property=\"og:locale\" content=\"es_ES\" \/>\n<meta property=\"og:type\" content=\"article\" \/>\n<meta property=\"og:title\" content=\"Arrancan las obras de reurbanizaci\u00f3n de varias calles de la pedan\u00eda de Ben\u00e0mer - COPE Alcoy\" \/>\n<meta property=\"og:description\" content=\"La Diputaci\u00f3n Provincial de Alicante invertir\u00e1 cerca de 125.000 euros para llevar a cabo la reurbanizaci\u00f3n de las calles Mayor...\" \/>\n<meta property=\"og:url\" content=\"https:\/\/www.copealcoy.es\/es\/arrancan-las-obras-de-reurbanizacion-de-varias-calles-de-la-pedania-de-benamer\/\" \/>\n<meta property=\"og:site_name\" content=\"COPE Alcoy\" \/>\n<meta property=\"article:published_time\" content=\"2017-07-12T17:44:38+00:00\" \/>\n<meta property=\"article:modified_time\" content=\"2017-07-12T17:49:27+00:00\" \/>\n<meta property=\"og:image\" content=\"https:\/\/www.copealcoy.es\/wp-content\/uploads\/2017\/07\/IMG_9851-e1499881373676.jpg\" \/>\n\t<meta property=\"og:image:width\" content=\"4032\" \/>\n\t<meta property=\"og:image:height\" content=\"2217\" \/>\n\t<meta property=\"og:image:type\" content=\"image\/jpeg\" \/>\n<meta name=\"author\" content=\"Cope Alcoy\" \/>\n<meta name=\"twitter:label1\" content=\"Escrito por\" \/>\n\t<meta name=\"twitter:data1\" content=\"Cope Alcoy\" \/>\n\t<meta name=\"twitter:label2\" content=\"Tiempo de lectura\" \/>\n\t<meta name=\"twitter:data2\" content=\"1 minuto\" \/>\n<script type=\"application\/ld+json\" class=\"yoast-schema-graph\">{\"@context\":\"https:\\\/\\\/schema.org\",\"@graph\":[{\"@type\":\"Article\",\"@id\":\"https:\\\/\\\/www.copealcoy.es\\\/es\\\/arrancan-las-obras-de-reurbanizacion-de-varias-calles-de-la-pedania-de-benamer\\\/#article\",\"isPartOf\":{\"@id\":\"https:\\\/\\\/www.copealcoy.es\\\/es\\\/arrancan-las-obras-de-reurbanizacion-de-varias-calles-de-la-pedania-de-benamer\\\/\"},\"author\":{\"name\":\"Cope Alcoy\",\"@id\":\"https:\\\/\\\/www.copealcoy.es\\\/es\\\/#\\\/schema\\\/person\\\/e777c87fa024e57d40170af9df39882c\"},\"headline\":\"Arrancan las obras de reurbanizaci\u00f3n de varias calles de la pedan\u00eda de Ben\u00e0mer\",\"datePublished\":\"2017-07-12T17:44:38+00:00\",\"dateModified\":\"2017-07-12T17:49:27+00:00\",\"mainEntityOfPage\":{\"@id\":\"https:\\\/\\\/www.copealcoy.es\\\/es\\\/arrancan-las-obras-de-reurbanizacion-de-varias-calles-de-la-pedania-de-benamer\\\/\"},\"wordCount\":295,\"commentCount\":0,\"image\":{\"@id\":\"https:\\\/\\\/www.copealcoy.es\\\/es\\\/arrancan-las-obras-de-reurbanizacion-de-varias-calles-de-la-pedania-de-benamer\\\/#primaryimage\"},\"thumbnailUrl\":\"https:\\\/\\\/www.copealcoy.es\\\/wp-content\\\/uploads\\\/2017\\\/07\\\/IMG_9851-e1499881373676.jpg\",\"keywords\":[\"Arrancan\",\"Ben\u00e0mer\",\"calles\",\"Muro\",\"Obras\",\"pedan\u00eda\",\"reurbanizaci\u00f3n\"],\"articleSection\":[\"Comarcas\",\"Noticias\"],\"inLanguage\":\"es\"},{\"@type\":\"WebPage\",\"@id\":\"https:\\\/\\\/www.copealcoy.es\\\/es\\\/arrancan-las-obras-de-reurbanizacion-de-varias-calles-de-la-pedania-de-benamer\\\/\",\"url\":\"https:\\\/\\\/www.copealcoy.es\\\/es\\\/arrancan-las-obras-de-reurbanizacion-de-varias-calles-de-la-pedania-de-benamer\\\/\",\"name\":\"Arrancan las obras de reurbanizaci\u00f3n de varias calles de la pedan\u00eda de Ben\u00e0mer - COPE Alcoy\",\"isPartOf\":{\"@id\":\"https:\\\/\\\/www.copealcoy.es\\\/es\\\/#website\"},\"primaryImageOfPage\":{\"@id\":\"https:\\\/\\\/www.copealcoy.es\\\/es\\\/arrancan-las-obras-de-reurbanizacion-de-varias-calles-de-la-pedania-de-benamer\\\/#primaryimage\"},\"image\":{\"@id\":\"https:\\\/\\\/www.copealcoy.es\\\/es\\\/arrancan-las-obras-de-reurbanizacion-de-varias-calles-de-la-pedania-de-benamer\\\/#primaryimage\"},\"thumbnailUrl\":\"https:\\\/\\\/www.copealcoy.es\\\/wp-content\\\/uploads\\\/2017\\\/07\\\/IMG_9851-e1499881373676.jpg\",\"datePublished\":\"2017-07-12T17:44:38+00:00\",\"dateModified\":\"2017-07-12T17:49:27+00:00\",\"author\":{\"@id\":\"https:\\\/\\\/www.copealcoy.es\\\/es\\\/#\\\/schema\\\/person\\\/e777c87fa024e57d40170af9df39882c\"},\"breadcrumb\":{\"@id\":\"https:\\\/\\\/www.copealcoy.es\\\/es\\\/arrancan-las-obras-de-reurbanizacion-de-varias-calles-de-la-pedania-de-benamer\\\/#breadcrumb\"},\"inLanguage\":\"es\",\"potentialAction\":[{\"@type\":\"ReadAction\",\"target\":[\"https:\\\/\\\/www.copealcoy.es\\\/es\\\/arrancan-las-obras-de-reurbanizacion-de-varias-calles-de-la-pedania-de-benamer\\\/\"]}]},{\"@type\":\"ImageObject\",\"inLanguage\":\"es\",\"@id\":\"https:\\\/\\\/www.copealcoy.es\\\/es\\\/arrancan-las-obras-de-reurbanizacion-de-varias-calles-de-la-pedania-de-benamer\\\/#primaryimage\",\"url\":\"https:\\\/\\\/www.copealcoy.es\\\/wp-content\\\/uploads\\\/2017\\\/07\\\/IMG_9851-e1499881373676.jpg\",\"contentUrl\":\"https:\\\/\\\/www.copealcoy.es\\\/wp-content\\\/uploads\\\/2017\\\/07\\\/IMG_9851-e1499881373676.jpg\",\"width\":4032,\"height\":2217,\"caption\":\"En los \u00faltimos d\u00edas se han sacado al exterior las conducciones de luz y agua \\\/ Foto: G. Pascual\"},{\"@type\":\"BreadcrumbList\",\"@id\":\"https:\\\/\\\/www.copealcoy.es\\\/es\\\/arrancan-las-obras-de-reurbanizacion-de-varias-calles-de-la-pedania-de-benamer\\\/#breadcrumb\",\"itemListElement\":[{\"@type\":\"ListItem\",\"position\":1,\"name\":\"Portada\",\"item\":\"https:\\\/\\\/www.copealcoy.es\\\/es\\\/\"},{\"@type\":\"ListItem\",\"position\":2,\"name\":\"Arrancan las obras de reurbanizaci\u00f3n de varias calles de la pedan\u00eda de Ben\u00e0mer\"}]},{\"@type\":\"WebSite\",\"@id\":\"https:\\\/\\\/www.copealcoy.es\\\/es\\\/#website\",\"url\":\"https:\\\/\\\/www.copealcoy.es\\\/es\\\/\",\"name\":\"COPE Alcoy\",\"description\":\"Emisora COPE de radio local con emisi\u00f3n online. Pont de Sant Jordi 8-10 03803 Alcoy\",\"potentialAction\":[{\"@type\":\"SearchAction\",\"target\":{\"@type\":\"EntryPoint\",\"urlTemplate\":\"https:\\\/\\\/www.copealcoy.es\\\/es\\\/?s={search_term_string}\"},\"query-input\":{\"@type\":\"PropertyValueSpecification\",\"valueRequired\":true,\"valueName\":\"search_term_string\"}}],\"inLanguage\":\"es\"},{\"@type\":\"Person\",\"@id\":\"https:\\\/\\\/www.copealcoy.es\\\/es\\\/#\\\/schema\\\/person\\\/e777c87fa024e57d40170af9df39882c\",\"name\":\"Cope Alcoy\",\"image\":{\"@type\":\"ImageObject\",\"inLanguage\":\"es\",\"@id\":\"https:\\\/\\\/secure.gravatar.com\\\/avatar\\\/bb65d0283347e303893ba14f0692005417c1e0e690a325a4c5d8bb2b3943ee14?s=96&d=mm&r=g\",\"url\":\"https:\\\/\\\/secure.gravatar.com\\\/avatar\\\/bb65d0283347e303893ba14f0692005417c1e0e690a325a4c5d8bb2b3943ee14?s=96&d=mm&r=g\",\"contentUrl\":\"https:\\\/\\\/secure.gravatar.com\\\/avatar\\\/bb65d0283347e303893ba14f0692005417c1e0e690a325a4c5d8bb2b3943ee14?s=96&d=mm&r=g\",\"caption\":\"Cope Alcoy\"}}]}<\/script>\n<!-- \/ Yoast SEO plugin. -->","yoast_head_json":{"title":"Arrancan las obras de reurbanizaci\u00f3n de varias calles de la pedan\u00eda de Ben\u00e0mer - COPE Alcoy","robots":{"index":"index","follow":"follow","max-snippet":"max-snippet:-1","max-image-preview":"max-image-preview:large","max-video-preview":"max-video-preview:-1"},"canonical":"https:\/\/www.copealcoy.es\/es\/arrancan-las-obras-de-reurbanizacion-de-varias-calles-de-la-pedania-de-benamer\/","og_locale":"es_ES","og_type":"article","og_title":"Arrancan las obras de reurbanizaci\u00f3n de varias calles de la pedan\u00eda de Ben\u00e0mer - COPE Alcoy","og_description":"La Diputaci\u00f3n Provincial de Alicante invertir\u00e1 cerca de 125.000 euros para llevar a cabo la reurbanizaci\u00f3n de las calles Mayor...","og_url":"https:\/\/www.copealcoy.es\/es\/arrancan-las-obras-de-reurbanizacion-de-varias-calles-de-la-pedania-de-benamer\/","og_site_name":"COPE Alcoy","article_published_time":"2017-07-12T17:44:38+00:00","article_modified_time":"2017-07-12T17:49:27+00:00","og_image":[{"width":4032,"height":2217,"url":"https:\/\/www.copealcoy.es\/wp-content\/uploads\/2017\/07\/IMG_9851-e1499881373676.jpg","type":"image\/jpeg"}],"author":"Cope Alcoy","twitter_misc":{"Escrito por":"Cope Alcoy","Tiempo de lectura":"1 minuto"},"schema":{"@context":"https:\/\/schema.org","@graph":[{"@type":"Article","@id":"https:\/\/www.copealcoy.es\/es\/arrancan-las-obras-de-reurbanizacion-de-varias-calles-de-la-pedania-de-benamer\/#article","isPartOf":{"@id":"https:\/\/www.copealcoy.es\/es\/arrancan-las-obras-de-reurbanizacion-de-varias-calles-de-la-pedania-de-benamer\/"},"author":{"name":"Cope Alcoy","@id":"https:\/\/www.copealcoy.es\/es\/#\/schema\/person\/e777c87fa024e57d40170af9df39882c"},"headline":"Arrancan las obras de reurbanizaci\u00f3n de varias calles de la pedan\u00eda de Ben\u00e0mer","datePublished":"2017-07-12T17:44:38+00:00","dateModified":"2017-07-12T17:49:27+00:00","mainEntityOfPage":{"@id":"https:\/\/www.copealcoy.es\/es\/arrancan-las-obras-de-reurbanizacion-de-varias-calles-de-la-pedania-de-benamer\/"},"wordCount":295,"commentCount":0,"image":{"@id":"https:\/\/www.copealcoy.es\/es\/arrancan-las-obras-de-reurbanizacion-de-varias-calles-de-la-pedania-de-benamer\/#primaryimage"},"thumbnailUrl":"https:\/\/www.copealcoy.es\/wp-content\/uploads\/2017\/07\/IMG_9851-e1499881373676.jpg","keywords":["Arrancan","Ben\u00e0mer","calles","Muro","Obras","pedan\u00eda","reurbanizaci\u00f3n"],"articleSection":["Comarcas","Noticias"],"inLanguage":"es"},{"@type":"WebPage","@id":"https:\/\/www.copealcoy.es\/es\/arrancan-las-obras-de-reurbanizacion-de-varias-calles-de-la-pedania-de-benamer\/","url":"https:\/\/www.copealcoy.es\/es\/arrancan-las-obras-de-reurbanizacion-de-varias-calles-de-la-pedania-de-benamer\/","name":"Arrancan las obras de reurbanizaci\u00f3n de varias calles de la pedan\u00eda de Ben\u00e0mer - COPE Alcoy","isPartOf":{"@id":"https:\/\/www.copealcoy.es\/es\/#website"},"primaryImageOfPage":{"@id":"https:\/\/www.copealcoy.es\/es\/arrancan-las-obras-de-reurbanizacion-de-varias-calles-de-la-pedania-de-benamer\/#primaryimage"},"image":{"@id":"https:\/\/www.copealcoy.es\/es\/arrancan-las-obras-de-reurbanizacion-de-varias-calles-de-la-pedania-de-benamer\/#primaryimage"},"thumbnailUrl":"https:\/\/www.copealcoy.es\/wp-content\/uploads\/2017\/07\/IMG_9851-e1499881373676.jpg","datePublished":"2017-07-12T17:44:38+00:00","dateModified":"2017-07-12T17:49:27+00:00","author":{"@id":"https:\/\/www.copealcoy.es\/es\/#\/schema\/person\/e777c87fa024e57d40170af9df39882c"},"breadcrumb":{"@id":"https:\/\/www.copealcoy.es\/es\/arrancan-las-obras-de-reurbanizacion-de-varias-calles-de-la-pedania-de-benamer\/#breadcrumb"},"inLanguage":"es","potentialAction":[{"@type":"ReadAction","target":["https:\/\/www.copealcoy.es\/es\/arrancan-las-obras-de-reurbanizacion-de-varias-calles-de-la-pedania-de-benamer\/"]}]},{"@type":"ImageObject","inLanguage":"es","@id":"https:\/\/www.copealcoy.es\/es\/arrancan-las-obras-de-reurbanizacion-de-varias-calles-de-la-pedania-de-benamer\/#primaryimage","url":"https:\/\/www.copealcoy.es\/wp-content\/uploads\/2017\/07\/IMG_9851-e1499881373676.jpg","contentUrl":"https:\/\/www.copealcoy.es\/wp-content\/uploads\/2017\/07\/IMG_9851-e1499881373676.jpg","width":4032,"height":2217,"caption":"En los \u00faltimos d\u00edas se han sacado al exterior las conducciones de luz y agua \/ Foto: G. Pascual"},{"@type":"BreadcrumbList","@id":"https:\/\/www.copealcoy.es\/es\/arrancan-las-obras-de-reurbanizacion-de-varias-calles-de-la-pedania-de-benamer\/#breadcrumb","itemListElement":[{"@type":"ListItem","position":1,"name":"Portada","item":"https:\/\/www.copealcoy.es\/es\/"},{"@type":"ListItem","position":2,"name":"Arrancan las obras de reurbanizaci\u00f3n de varias calles de la pedan\u00eda de Ben\u00e0mer"}]},{"@type":"WebSite","@id":"https:\/\/www.copealcoy.es\/es\/#website","url":"https:\/\/www.copealcoy.es\/es\/","name":"COPE Alcoy","description":"Emisora COPE de radio local con emisi\u00f3n online. Pont de Sant Jordi 8-10 03803 Alcoy","potentialAction":[{"@type":"SearchAction","target":{"@type":"EntryPoint","urlTemplate":"https:\/\/www.copealcoy.es\/es\/?s={search_term_string}"},"query-input":{"@type":"PropertyValueSpecification","valueRequired":true,"valueName":"search_term_string"}}],"inLanguage":"es"},{"@type":"Person","@id":"https:\/\/www.copealcoy.es\/es\/#\/schema\/person\/e777c87fa024e57d40170af9df39882c","name":"Cope Alcoy","image":{"@type":"ImageObject","inLanguage":"es","@id":"https:\/\/secure.gravatar.com\/avatar\/bb65d0283347e303893ba14f0692005417c1e0e690a325a4c5d8bb2b3943ee14?s=96&d=mm&r=g","url":"https:\/\/secure.gravatar.com\/avatar\/bb65d0283347e303893ba14f0692005417c1e0e690a325a4c5d8bb2b3943ee14?s=96&d=mm&r=g","contentUrl":"https:\/\/secure.gravatar.com\/avatar\/bb65d0283347e303893ba14f0692005417c1e0e690a325a4c5d8bb2b3943ee14?s=96&d=mm&r=g","caption":"Cope Alcoy"}}]}},"_links":{"self":[{"href":"https:\/\/www.copealcoy.es\/es\/wp-json\/wp\/v2\/posts\/33537","targetHints":{"allow":["GET"]}}],"collection":[{"href":"https:\/\/www.copealcoy.es\/es\/wp-json\/wp\/v2\/posts"}],"about":[{"href":"https:\/\/www.copealcoy.es\/es\/wp-json\/wp\/v2\/types\/post"}],"author":[{"embeddable":true,"href":"https:\/\/www.copealcoy.es\/es\/wp-json\/wp\/v2\/users\/1"}],"replies":[{"embeddable":true,"href":"https:\/\/www.copealcoy.es\/es\/wp-json\/wp\/v2\/comments?post=33537"}],"version-history":[{"count":0,"href":"https:\/\/www.copealcoy.es\/es\/wp-json\/wp\/v2\/posts\/33537\/revisions"}],"wp:featuredmedia":[{"embeddable":true,"href":"https:\/\/www.copealcoy.es\/es\/wp-json\/wp\/v2\/media\/33538"}],"wp:attachment":[{"href":"https:\/\/www.copealcoy.es\/es\/wp-json\/wp\/v2\/media?parent=33537"}],"wp:term":[{"taxonomy":"category","embeddable":true,"href":"https:\/\/www.copealcoy.es\/es\/wp-json\/wp\/v2\/categories?post=33537"},{"taxonomy":"post_tag","embeddable":true,"href":"https:\/\/www.copealcoy.es\/es\/wp-json\/wp\/v2\/tags?post=33537"}],"curies":[{"name":"wp","href":"https:\/\/api.w.org\/{rel}","templated":true}]}}