{"id":33282,"date":"2017-07-04T17:40:55","date_gmt":"2017-07-04T17:40:55","guid":{"rendered":"http:\/\/copealcoi.es\/new\/?p=33282"},"modified":"2017-07-04T17:55:52","modified_gmt":"2017-07-04T17:55:52","slug":"licitadas-las-obras-para-la-construccion-de-la-rotonda-del-collao","status":"publish","type":"post","link":"https:\/\/www.copealcoy.es\/es\/licitadas-las-obras-para-la-construccion-de-la-rotonda-del-collao\/","title":{"rendered":"Licitadas las obras para la construcci\u00f3n de la rotonda del Collao"},"content":{"rendered":"<p style=\"text-align: justify;\">El <strong>Bolet\u00edn Oficial de la Provincia de Alicante<\/strong> publicaba este martes 4 de julio <strong>la licitaci\u00f3n de las obras para la construcci\u00f3n de la nueva rotonda de El Collao<\/strong>, concretamente en los cruces entre las calles Oliver, el Camino Viejo de Batoy y la carretera de Banyeres.\u00a0La misma estar\u00e1 <strong>situada en la intersecci\u00f3n giratoria<\/strong> entre la Colonia de Aviaci\u00f3n y el barrio de Batoi.<\/p>\n<p style=\"text-align: justify;\">El <strong>presupuesto estimado del contrato es de 416.442,66 euros<\/strong>, m\u00e1s IVA, y a partir de la publicaci\u00f3n las empresas <strong>tienen un plazo de un mes<\/strong> para presentar sus propuestas. La adjudicaci\u00f3n de los trabajos <strong>se contempla para el \u00faltimo trimestre del a\u00f1o<\/strong> y desde el Consistorio conf\u00edan en que los mismos <strong>puedan dar inicio hacia finales de este a\u00f1o<\/strong> &#8220;<em>la reordenaci\u00f3n de la intersecci\u00f3n delante de la conocida gasolinera de El Collao supondr\u00e1 una mejora sustancial para el barrio de Santa Rosa. Se trata de una rotonda demandada desde hace d\u00e9cadas y, sin duda, es tambi\u00e9n uno de los puntos de entrada a la ciudad que es necesario dignificar<\/em>&#8220;, afirma.<\/p>\n<p style=\"text-align: justify;\">La rotonda del Collao <strong>es una infraestructura muy demandada por la ciudad<\/strong> ya que este punto reviste de cierta peligrosidad para el tr\u00e1fico.<\/p>\n","protected":false},"excerpt":{"rendered":"<p>El Bolet\u00edn Oficial de la Provincia de Alicante publicaba este martes 4 de julio la licitaci\u00f3n de las obras para&#8230;<\/p>\n","protected":false},"author":1,"featured_media":13133,"comment_status":"open","ping_status":"open","sticky":false,"template":"","format":"standard","meta":{"footnotes":""},"categories":[97,75],"tags":[1494,284,4362,257,145,986],"class_list":["post-33282","post","type-post","status-publish","format-standard","has-post-thumbnail","hentry","category-alcoy","category-noticias","tag-alcoy","tag-collao","tag-construccion","tag-licitacion","tag-obras","tag-rotonda"],"yoast_head":"<!-- This site is optimized with the Yoast SEO plugin v27.3 - https:\/\/yoast.com\/product\/yoast-seo-wordpress\/ -->\n<title>Licitadas las obras para la construcci\u00f3n de la rotonda del Collao - COPE Alcoy<\/title>\n<meta name=\"robots\" content=\"index, follow, max-snippet:-1, max-image-preview:large, max-video-preview:-1\" \/>\n<link rel=\"canonical\" href=\"https:\/\/www.copealcoy.es\/es\/licitadas-las-obras-para-la-construccion-de-la-rotonda-del-collao\/\" \/>\n<meta property=\"og:locale\" content=\"es_ES\" \/>\n<meta property=\"og:type\" content=\"article\" \/>\n<meta property=\"og:title\" content=\"Licitadas las obras para la construcci\u00f3n de la rotonda del Collao - COPE Alcoy\" \/>\n<meta property=\"og:description\" content=\"El Bolet\u00edn Oficial de la Provincia de Alicante publicaba este martes 4 de julio la licitaci\u00f3n de las obras para...\" \/>\n<meta property=\"og:url\" content=\"https:\/\/www.copealcoy.es\/es\/licitadas-las-obras-para-la-construccion-de-la-rotonda-del-collao\/\" \/>\n<meta property=\"og:site_name\" content=\"COPE Alcoy\" \/>\n<meta property=\"article:published_time\" content=\"2017-07-04T17:40:55+00:00\" \/>\n<meta property=\"article:modified_time\" content=\"2017-07-04T17:55:52+00:00\" \/>\n<meta property=\"og:image\" content=\"https:\/\/www.copealcoy.es\/wp-content\/uploads\/2015\/05\/img_16950.jpg\" \/>\n\t<meta property=\"og:image:width\" content=\"670\" \/>\n\t<meta property=\"og:image:height\" content=\"377\" \/>\n\t<meta property=\"og:image:type\" content=\"image\/jpeg\" \/>\n<meta name=\"author\" content=\"Cope Alcoy\" \/>\n<meta name=\"twitter:label1\" content=\"Escrito por\" \/>\n\t<meta name=\"twitter:data1\" content=\"Cope Alcoy\" \/>\n\t<meta name=\"twitter:label2\" content=\"Tiempo de lectura\" \/>\n\t<meta name=\"twitter:data2\" content=\"1 minuto\" \/>\n<script type=\"application\/ld+json\" class=\"yoast-schema-graph\">{\"@context\":\"https:\\\/\\\/schema.org\",\"@graph\":[{\"@type\":\"Article\",\"@id\":\"https:\\\/\\\/www.copealcoy.es\\\/es\\\/licitadas-las-obras-para-la-construccion-de-la-rotonda-del-collao\\\/#article\",\"isPartOf\":{\"@id\":\"https:\\\/\\\/www.copealcoy.es\\\/es\\\/licitadas-las-obras-para-la-construccion-de-la-rotonda-del-collao\\\/\"},\"author\":{\"name\":\"Cope Alcoy\",\"@id\":\"https:\\\/\\\/www.copealcoy.es\\\/es\\\/#\\\/schema\\\/person\\\/e777c87fa024e57d40170af9df39882c\"},\"headline\":\"Licitadas las obras para la construcci\u00f3n de la rotonda del Collao\",\"datePublished\":\"2017-07-04T17:40:55+00:00\",\"dateModified\":\"2017-07-04T17:55:52+00:00\",\"mainEntityOfPage\":{\"@id\":\"https:\\\/\\\/www.copealcoy.es\\\/es\\\/licitadas-las-obras-para-la-construccion-de-la-rotonda-del-collao\\\/\"},\"wordCount\":224,\"commentCount\":0,\"image\":{\"@id\":\"https:\\\/\\\/www.copealcoy.es\\\/es\\\/licitadas-las-obras-para-la-construccion-de-la-rotonda-del-collao\\\/#primaryimage\"},\"thumbnailUrl\":\"https:\\\/\\\/www.copealcoy.es\\\/wp-content\\\/uploads\\\/2015\\\/05\\\/img_16950.jpg\",\"keywords\":[\"Alcoy\",\"Collao\",\"construcci\u00f3n\",\"Licitaci\u00f3n\",\"Obras\",\"Rotonda\"],\"articleSection\":[\"Alcoy\",\"Noticias\"],\"inLanguage\":\"es\"},{\"@type\":\"WebPage\",\"@id\":\"https:\\\/\\\/www.copealcoy.es\\\/es\\\/licitadas-las-obras-para-la-construccion-de-la-rotonda-del-collao\\\/\",\"url\":\"https:\\\/\\\/www.copealcoy.es\\\/es\\\/licitadas-las-obras-para-la-construccion-de-la-rotonda-del-collao\\\/\",\"name\":\"Licitadas las obras para la construcci\u00f3n de la rotonda del Collao - COPE Alcoy\",\"isPartOf\":{\"@id\":\"https:\\\/\\\/www.copealcoy.es\\\/es\\\/#website\"},\"primaryImageOfPage\":{\"@id\":\"https:\\\/\\\/www.copealcoy.es\\\/es\\\/licitadas-las-obras-para-la-construccion-de-la-rotonda-del-collao\\\/#primaryimage\"},\"image\":{\"@id\":\"https:\\\/\\\/www.copealcoy.es\\\/es\\\/licitadas-las-obras-para-la-construccion-de-la-rotonda-del-collao\\\/#primaryimage\"},\"thumbnailUrl\":\"https:\\\/\\\/www.copealcoy.es\\\/wp-content\\\/uploads\\\/2015\\\/05\\\/img_16950.jpg\",\"datePublished\":\"2017-07-04T17:40:55+00:00\",\"dateModified\":\"2017-07-04T17:55:52+00:00\",\"author\":{\"@id\":\"https:\\\/\\\/www.copealcoy.es\\\/es\\\/#\\\/schema\\\/person\\\/e777c87fa024e57d40170af9df39882c\"},\"breadcrumb\":{\"@id\":\"https:\\\/\\\/www.copealcoy.es\\\/es\\\/licitadas-las-obras-para-la-construccion-de-la-rotonda-del-collao\\\/#breadcrumb\"},\"inLanguage\":\"es\",\"potentialAction\":[{\"@type\":\"ReadAction\",\"target\":[\"https:\\\/\\\/www.copealcoy.es\\\/es\\\/licitadas-las-obras-para-la-construccion-de-la-rotonda-del-collao\\\/\"]}]},{\"@type\":\"ImageObject\",\"inLanguage\":\"es\",\"@id\":\"https:\\\/\\\/www.copealcoy.es\\\/es\\\/licitadas-las-obras-para-la-construccion-de-la-rotonda-del-collao\\\/#primaryimage\",\"url\":\"https:\\\/\\\/www.copealcoy.es\\\/wp-content\\\/uploads\\\/2015\\\/05\\\/img_16950.jpg\",\"contentUrl\":\"https:\\\/\\\/www.copealcoy.es\\\/wp-content\\\/uploads\\\/2015\\\/05\\\/img_16950.jpg\",\"width\":670,\"height\":377,\"caption\":\"La rotonda se proyecta en las inmediaciones del Campo del Collao\"},{\"@type\":\"BreadcrumbList\",\"@id\":\"https:\\\/\\\/www.copealcoy.es\\\/es\\\/licitadas-las-obras-para-la-construccion-de-la-rotonda-del-collao\\\/#breadcrumb\",\"itemListElement\":[{\"@type\":\"ListItem\",\"position\":1,\"name\":\"Portada\",\"item\":\"https:\\\/\\\/www.copealcoy.es\\\/es\\\/\"},{\"@type\":\"ListItem\",\"position\":2,\"name\":\"Licitadas las obras para la construcci\u00f3n de la rotonda del Collao\"}]},{\"@type\":\"WebSite\",\"@id\":\"https:\\\/\\\/www.copealcoy.es\\\/es\\\/#website\",\"url\":\"https:\\\/\\\/www.copealcoy.es\\\/es\\\/\",\"name\":\"COPE Alcoy\",\"description\":\"Emisora COPE de radio local con emisi\u00f3n online. Pont de Sant Jordi 8-10 03803 Alcoy\",\"potentialAction\":[{\"@type\":\"SearchAction\",\"target\":{\"@type\":\"EntryPoint\",\"urlTemplate\":\"https:\\\/\\\/www.copealcoy.es\\\/es\\\/?s={search_term_string}\"},\"query-input\":{\"@type\":\"PropertyValueSpecification\",\"valueRequired\":true,\"valueName\":\"search_term_string\"}}],\"inLanguage\":\"es\"},{\"@type\":\"Person\",\"@id\":\"https:\\\/\\\/www.copealcoy.es\\\/es\\\/#\\\/schema\\\/person\\\/e777c87fa024e57d40170af9df39882c\",\"name\":\"Cope Alcoy\",\"image\":{\"@type\":\"ImageObject\",\"inLanguage\":\"es\",\"@id\":\"https:\\\/\\\/secure.gravatar.com\\\/avatar\\\/bb65d0283347e303893ba14f0692005417c1e0e690a325a4c5d8bb2b3943ee14?s=96&d=mm&r=g\",\"url\":\"https:\\\/\\\/secure.gravatar.com\\\/avatar\\\/bb65d0283347e303893ba14f0692005417c1e0e690a325a4c5d8bb2b3943ee14?s=96&d=mm&r=g\",\"contentUrl\":\"https:\\\/\\\/secure.gravatar.com\\\/avatar\\\/bb65d0283347e303893ba14f0692005417c1e0e690a325a4c5d8bb2b3943ee14?s=96&d=mm&r=g\",\"caption\":\"Cope Alcoy\"}}]}<\/script>\n<!-- \/ Yoast SEO plugin. -->","yoast_head_json":{"title":"Licitadas las obras para la construcci\u00f3n de la rotonda del Collao - COPE Alcoy","robots":{"index":"index","follow":"follow","max-snippet":"max-snippet:-1","max-image-preview":"max-image-preview:large","max-video-preview":"max-video-preview:-1"},"canonical":"https:\/\/www.copealcoy.es\/es\/licitadas-las-obras-para-la-construccion-de-la-rotonda-del-collao\/","og_locale":"es_ES","og_type":"article","og_title":"Licitadas las obras para la construcci\u00f3n de la rotonda del Collao - COPE Alcoy","og_description":"El Bolet\u00edn Oficial de la Provincia de Alicante publicaba este martes 4 de julio la licitaci\u00f3n de las obras para...","og_url":"https:\/\/www.copealcoy.es\/es\/licitadas-las-obras-para-la-construccion-de-la-rotonda-del-collao\/","og_site_name":"COPE Alcoy","article_published_time":"2017-07-04T17:40:55+00:00","article_modified_time":"2017-07-04T17:55:52+00:00","og_image":[{"width":670,"height":377,"url":"https:\/\/www.copealcoy.es\/wp-content\/uploads\/2015\/05\/img_16950.jpg","type":"image\/jpeg"}],"author":"Cope Alcoy","twitter_misc":{"Escrito por":"Cope Alcoy","Tiempo de lectura":"1 minuto"},"schema":{"@context":"https:\/\/schema.org","@graph":[{"@type":"Article","@id":"https:\/\/www.copealcoy.es\/es\/licitadas-las-obras-para-la-construccion-de-la-rotonda-del-collao\/#article","isPartOf":{"@id":"https:\/\/www.copealcoy.es\/es\/licitadas-las-obras-para-la-construccion-de-la-rotonda-del-collao\/"},"author":{"name":"Cope Alcoy","@id":"https:\/\/www.copealcoy.es\/es\/#\/schema\/person\/e777c87fa024e57d40170af9df39882c"},"headline":"Licitadas las obras para la construcci\u00f3n de la rotonda del Collao","datePublished":"2017-07-04T17:40:55+00:00","dateModified":"2017-07-04T17:55:52+00:00","mainEntityOfPage":{"@id":"https:\/\/www.copealcoy.es\/es\/licitadas-las-obras-para-la-construccion-de-la-rotonda-del-collao\/"},"wordCount":224,"commentCount":0,"image":{"@id":"https:\/\/www.copealcoy.es\/es\/licitadas-las-obras-para-la-construccion-de-la-rotonda-del-collao\/#primaryimage"},"thumbnailUrl":"https:\/\/www.copealcoy.es\/wp-content\/uploads\/2015\/05\/img_16950.jpg","keywords":["Alcoy","Collao","construcci\u00f3n","Licitaci\u00f3n","Obras","Rotonda"],"articleSection":["Alcoy","Noticias"],"inLanguage":"es"},{"@type":"WebPage","@id":"https:\/\/www.copealcoy.es\/es\/licitadas-las-obras-para-la-construccion-de-la-rotonda-del-collao\/","url":"https:\/\/www.copealcoy.es\/es\/licitadas-las-obras-para-la-construccion-de-la-rotonda-del-collao\/","name":"Licitadas las obras para la construcci\u00f3n de la rotonda del Collao - COPE Alcoy","isPartOf":{"@id":"https:\/\/www.copealcoy.es\/es\/#website"},"primaryImageOfPage":{"@id":"https:\/\/www.copealcoy.es\/es\/licitadas-las-obras-para-la-construccion-de-la-rotonda-del-collao\/#primaryimage"},"image":{"@id":"https:\/\/www.copealcoy.es\/es\/licitadas-las-obras-para-la-construccion-de-la-rotonda-del-collao\/#primaryimage"},"thumbnailUrl":"https:\/\/www.copealcoy.es\/wp-content\/uploads\/2015\/05\/img_16950.jpg","datePublished":"2017-07-04T17:40:55+00:00","dateModified":"2017-07-04T17:55:52+00:00","author":{"@id":"https:\/\/www.copealcoy.es\/es\/#\/schema\/person\/e777c87fa024e57d40170af9df39882c"},"breadcrumb":{"@id":"https:\/\/www.copealcoy.es\/es\/licitadas-las-obras-para-la-construccion-de-la-rotonda-del-collao\/#breadcrumb"},"inLanguage":"es","potentialAction":[{"@type":"ReadAction","target":["https:\/\/www.copealcoy.es\/es\/licitadas-las-obras-para-la-construccion-de-la-rotonda-del-collao\/"]}]},{"@type":"ImageObject","inLanguage":"es","@id":"https:\/\/www.copealcoy.es\/es\/licitadas-las-obras-para-la-construccion-de-la-rotonda-del-collao\/#primaryimage","url":"https:\/\/www.copealcoy.es\/wp-content\/uploads\/2015\/05\/img_16950.jpg","contentUrl":"https:\/\/www.copealcoy.es\/wp-content\/uploads\/2015\/05\/img_16950.jpg","width":670,"height":377,"caption":"La rotonda se proyecta en las inmediaciones del Campo del Collao"},{"@type":"BreadcrumbList","@id":"https:\/\/www.copealcoy.es\/es\/licitadas-las-obras-para-la-construccion-de-la-rotonda-del-collao\/#breadcrumb","itemListElement":[{"@type":"ListItem","position":1,"name":"Portada","item":"https:\/\/www.copealcoy.es\/es\/"},{"@type":"ListItem","position":2,"name":"Licitadas las obras para la construcci\u00f3n de la rotonda del Collao"}]},{"@type":"WebSite","@id":"https:\/\/www.copealcoy.es\/es\/#website","url":"https:\/\/www.copealcoy.es\/es\/","name":"COPE Alcoy","description":"Emisora COPE de radio local con emisi\u00f3n online. Pont de Sant Jordi 8-10 03803 Alcoy","potentialAction":[{"@type":"SearchAction","target":{"@type":"EntryPoint","urlTemplate":"https:\/\/www.copealcoy.es\/es\/?s={search_term_string}"},"query-input":{"@type":"PropertyValueSpecification","valueRequired":true,"valueName":"search_term_string"}}],"inLanguage":"es"},{"@type":"Person","@id":"https:\/\/www.copealcoy.es\/es\/#\/schema\/person\/e777c87fa024e57d40170af9df39882c","name":"Cope Alcoy","image":{"@type":"ImageObject","inLanguage":"es","@id":"https:\/\/secure.gravatar.com\/avatar\/bb65d0283347e303893ba14f0692005417c1e0e690a325a4c5d8bb2b3943ee14?s=96&d=mm&r=g","url":"https:\/\/secure.gravatar.com\/avatar\/bb65d0283347e303893ba14f0692005417c1e0e690a325a4c5d8bb2b3943ee14?s=96&d=mm&r=g","contentUrl":"https:\/\/secure.gravatar.com\/avatar\/bb65d0283347e303893ba14f0692005417c1e0e690a325a4c5d8bb2b3943ee14?s=96&d=mm&r=g","caption":"Cope Alcoy"}}]}},"_links":{"self":[{"href":"https:\/\/www.copealcoy.es\/es\/wp-json\/wp\/v2\/posts\/33282","targetHints":{"allow":["GET"]}}],"collection":[{"href":"https:\/\/www.copealcoy.es\/es\/wp-json\/wp\/v2\/posts"}],"about":[{"href":"https:\/\/www.copealcoy.es\/es\/wp-json\/wp\/v2\/types\/post"}],"author":[{"embeddable":true,"href":"https:\/\/www.copealcoy.es\/es\/wp-json\/wp\/v2\/users\/1"}],"replies":[{"embeddable":true,"href":"https:\/\/www.copealcoy.es\/es\/wp-json\/wp\/v2\/comments?post=33282"}],"version-history":[{"count":0,"href":"https:\/\/www.copealcoy.es\/es\/wp-json\/wp\/v2\/posts\/33282\/revisions"}],"wp:featuredmedia":[{"embeddable":true,"href":"https:\/\/www.copealcoy.es\/es\/wp-json\/wp\/v2\/media\/13133"}],"wp:attachment":[{"href":"https:\/\/www.copealcoy.es\/es\/wp-json\/wp\/v2\/media?parent=33282"}],"wp:term":[{"taxonomy":"category","embeddable":true,"href":"https:\/\/www.copealcoy.es\/es\/wp-json\/wp\/v2\/categories?post=33282"},{"taxonomy":"post_tag","embeddable":true,"href":"https:\/\/www.copealcoy.es\/es\/wp-json\/wp\/v2\/tags?post=33282"}],"curies":[{"name":"wp","href":"https:\/\/api.w.org\/{rel}","templated":true}]}}