{"id":33173,"date":"2017-06-29T17:13:25","date_gmt":"2017-06-29T17:13:25","guid":{"rendered":"http:\/\/copealcoi.es\/new\/?p=33173"},"modified":"2017-06-29T17:13:25","modified_gmt":"2017-06-29T17:13:25","slug":"alcoyano-firma-convenio-beniarres-cf","status":"publish","type":"post","link":"https:\/\/www.copealcoy.es\/es\/alcoyano-firma-convenio-beniarres-cf\/","title":{"rendered":"El Alcoyano firma un convenio con el Beniarr\u00e9s CF"},"content":{"rendered":"<p style=\"text-align: justify;\">El presidente del <strong>CD Alcoyano, Juan Serrano,<\/strong> ha llegado a un acuerdo de <strong>colaboraci\u00f3n con el Beniarr\u00e9s CF<\/strong> para la pr\u00f3xima temporada. En la firma del convenio de filialidad, a parte del mandatario blanquiazul, tambi\u00e9n ha estado presente su hom\u00f3logo, <strong>Federico Sala<\/strong>, as\u00ed como el alcalde de la localidad,<strong> Luis Tom\u00e1s L\u00f3pez<\/strong>.<\/p>\n<p style=\"text-align: justify;\">El <strong>Deportivo<\/strong>, como viene siendo habitual, siempre ha apostado por mantener unas excelentes relaciones con todos los equipos cercanos con el objeto de estrechar lazos y v\u00ednculos.<\/p>\n","protected":false},"excerpt":{"rendered":"<p>El presidente del CD Alcoyano, Juan Serrano, ha llegado a un acuerdo de colaboraci\u00f3n con el Beniarr\u00e9s CF para la&#8230;<\/p>\n","protected":false},"author":1,"featured_media":33174,"comment_status":"open","ping_status":"open","sticky":false,"template":"","format":"standard","meta":{"footnotes":""},"categories":[92,75],"tags":[1494,140,851,4341,590],"class_list":["post-33173","post","type-post","status-publish","format-standard","has-post-thumbnail","hentry","category-deportes","category-noticias","tag-alcoy","tag-alcoyano","tag-beniarres","tag-cf","tag-convenio"],"yoast_head":"<!-- This site is optimized with the Yoast SEO plugin v27.3 - https:\/\/yoast.com\/product\/yoast-seo-wordpress\/ -->\n<title>El Alcoyano firma un convenio con el Beniarr\u00e9s CF - COPE Alcoy<\/title>\n<meta name=\"robots\" content=\"index, follow, max-snippet:-1, max-image-preview:large, max-video-preview:-1\" \/>\n<link rel=\"canonical\" href=\"https:\/\/www.copealcoy.es\/es\/alcoyano-firma-convenio-beniarres-cf\/\" \/>\n<meta property=\"og:locale\" content=\"es_ES\" \/>\n<meta property=\"og:type\" content=\"article\" \/>\n<meta property=\"og:title\" content=\"El Alcoyano firma un convenio con el Beniarr\u00e9s CF - COPE Alcoy\" \/>\n<meta property=\"og:description\" content=\"El presidente del CD Alcoyano, Juan Serrano, ha llegado a un acuerdo de colaboraci\u00f3n con el Beniarr\u00e9s CF para la...\" \/>\n<meta property=\"og:url\" content=\"https:\/\/www.copealcoy.es\/es\/alcoyano-firma-convenio-beniarres-cf\/\" \/>\n<meta property=\"og:site_name\" content=\"COPE Alcoy\" \/>\n<meta property=\"article:published_time\" content=\"2017-06-29T17:13:25+00:00\" \/>\n<meta property=\"og:image\" content=\"https:\/\/www.copealcoy.es\/wp-content\/uploads\/2017\/06\/www.cdalcoyano.com_-e1498756351754.jpeg\" \/>\n\t<meta property=\"og:image:width\" content=\"1564\" \/>\n\t<meta property=\"og:image:height\" content=\"1004\" \/>\n\t<meta property=\"og:image:type\" content=\"image\/jpeg\" \/>\n<meta name=\"author\" content=\"Cope Alcoy\" \/>\n<meta name=\"twitter:label1\" content=\"Escrito por\" \/>\n\t<meta name=\"twitter:data1\" content=\"Cope Alcoy\" \/>\n<script type=\"application\/ld+json\" class=\"yoast-schema-graph\">{\"@context\":\"https:\\\/\\\/schema.org\",\"@graph\":[{\"@type\":\"Article\",\"@id\":\"https:\\\/\\\/www.copealcoy.es\\\/es\\\/alcoyano-firma-convenio-beniarres-cf\\\/#article\",\"isPartOf\":{\"@id\":\"https:\\\/\\\/www.copealcoy.es\\\/es\\\/alcoyano-firma-convenio-beniarres-cf\\\/\"},\"author\":{\"name\":\"Cope Alcoy\",\"@id\":\"https:\\\/\\\/www.copealcoy.es\\\/es\\\/#\\\/schema\\\/person\\\/e777c87fa024e57d40170af9df39882c\"},\"headline\":\"El Alcoyano firma un convenio con el Beniarr\u00e9s CF\",\"datePublished\":\"2017-06-29T17:13:25+00:00\",\"mainEntityOfPage\":{\"@id\":\"https:\\\/\\\/www.copealcoy.es\\\/es\\\/alcoyano-firma-convenio-beniarres-cf\\\/\"},\"wordCount\":97,\"commentCount\":0,\"image\":{\"@id\":\"https:\\\/\\\/www.copealcoy.es\\\/es\\\/alcoyano-firma-convenio-beniarres-cf\\\/#primaryimage\"},\"thumbnailUrl\":\"https:\\\/\\\/www.copealcoy.es\\\/wp-content\\\/uploads\\\/2017\\\/06\\\/www.cdalcoyano.com_-e1498756351754.jpeg\",\"keywords\":[\"Alcoy\",\"Alcoyano\",\"Beniarres\",\"CF\",\"Convenio\"],\"articleSection\":[\"Deportes\",\"Noticias\"],\"inLanguage\":\"es\"},{\"@type\":\"WebPage\",\"@id\":\"https:\\\/\\\/www.copealcoy.es\\\/es\\\/alcoyano-firma-convenio-beniarres-cf\\\/\",\"url\":\"https:\\\/\\\/www.copealcoy.es\\\/es\\\/alcoyano-firma-convenio-beniarres-cf\\\/\",\"name\":\"El Alcoyano firma un convenio con el Beniarr\u00e9s CF - COPE Alcoy\",\"isPartOf\":{\"@id\":\"https:\\\/\\\/www.copealcoy.es\\\/es\\\/#website\"},\"primaryImageOfPage\":{\"@id\":\"https:\\\/\\\/www.copealcoy.es\\\/es\\\/alcoyano-firma-convenio-beniarres-cf\\\/#primaryimage\"},\"image\":{\"@id\":\"https:\\\/\\\/www.copealcoy.es\\\/es\\\/alcoyano-firma-convenio-beniarres-cf\\\/#primaryimage\"},\"thumbnailUrl\":\"https:\\\/\\\/www.copealcoy.es\\\/wp-content\\\/uploads\\\/2017\\\/06\\\/www.cdalcoyano.com_-e1498756351754.jpeg\",\"datePublished\":\"2017-06-29T17:13:25+00:00\",\"author\":{\"@id\":\"https:\\\/\\\/www.copealcoy.es\\\/es\\\/#\\\/schema\\\/person\\\/e777c87fa024e57d40170af9df39882c\"},\"breadcrumb\":{\"@id\":\"https:\\\/\\\/www.copealcoy.es\\\/es\\\/alcoyano-firma-convenio-beniarres-cf\\\/#breadcrumb\"},\"inLanguage\":\"es\",\"potentialAction\":[{\"@type\":\"ReadAction\",\"target\":[\"https:\\\/\\\/www.copealcoy.es\\\/es\\\/alcoyano-firma-convenio-beniarres-cf\\\/\"]}]},{\"@type\":\"ImageObject\",\"inLanguage\":\"es\",\"@id\":\"https:\\\/\\\/www.copealcoy.es\\\/es\\\/alcoyano-firma-convenio-beniarres-cf\\\/#primaryimage\",\"url\":\"https:\\\/\\\/www.copealcoy.es\\\/wp-content\\\/uploads\\\/2017\\\/06\\\/www.cdalcoyano.com_-e1498756351754.jpeg\",\"contentUrl\":\"https:\\\/\\\/www.copealcoy.es\\\/wp-content\\\/uploads\\\/2017\\\/06\\\/www.cdalcoyano.com_-e1498756351754.jpeg\",\"width\":1564,\"height\":1004},{\"@type\":\"BreadcrumbList\",\"@id\":\"https:\\\/\\\/www.copealcoy.es\\\/es\\\/alcoyano-firma-convenio-beniarres-cf\\\/#breadcrumb\",\"itemListElement\":[{\"@type\":\"ListItem\",\"position\":1,\"name\":\"Portada\",\"item\":\"https:\\\/\\\/www.copealcoy.es\\\/es\\\/\"},{\"@type\":\"ListItem\",\"position\":2,\"name\":\"El Alcoyano firma un convenio con el Beniarr\u00e9s CF\"}]},{\"@type\":\"WebSite\",\"@id\":\"https:\\\/\\\/www.copealcoy.es\\\/es\\\/#website\",\"url\":\"https:\\\/\\\/www.copealcoy.es\\\/es\\\/\",\"name\":\"COPE Alcoy\",\"description\":\"Emisora COPE de radio local con emisi\u00f3n online. Pont de Sant Jordi 8-10 03803 Alcoy\",\"potentialAction\":[{\"@type\":\"SearchAction\",\"target\":{\"@type\":\"EntryPoint\",\"urlTemplate\":\"https:\\\/\\\/www.copealcoy.es\\\/es\\\/?s={search_term_string}\"},\"query-input\":{\"@type\":\"PropertyValueSpecification\",\"valueRequired\":true,\"valueName\":\"search_term_string\"}}],\"inLanguage\":\"es\"},{\"@type\":\"Person\",\"@id\":\"https:\\\/\\\/www.copealcoy.es\\\/es\\\/#\\\/schema\\\/person\\\/e777c87fa024e57d40170af9df39882c\",\"name\":\"Cope Alcoy\",\"image\":{\"@type\":\"ImageObject\",\"inLanguage\":\"es\",\"@id\":\"https:\\\/\\\/secure.gravatar.com\\\/avatar\\\/bb65d0283347e303893ba14f0692005417c1e0e690a325a4c5d8bb2b3943ee14?s=96&d=mm&r=g\",\"url\":\"https:\\\/\\\/secure.gravatar.com\\\/avatar\\\/bb65d0283347e303893ba14f0692005417c1e0e690a325a4c5d8bb2b3943ee14?s=96&d=mm&r=g\",\"contentUrl\":\"https:\\\/\\\/secure.gravatar.com\\\/avatar\\\/bb65d0283347e303893ba14f0692005417c1e0e690a325a4c5d8bb2b3943ee14?s=96&d=mm&r=g\",\"caption\":\"Cope Alcoy\"}}]}<\/script>\n<!-- \/ Yoast SEO plugin. -->","yoast_head_json":{"title":"El Alcoyano firma un convenio con el Beniarr\u00e9s CF - COPE Alcoy","robots":{"index":"index","follow":"follow","max-snippet":"max-snippet:-1","max-image-preview":"max-image-preview:large","max-video-preview":"max-video-preview:-1"},"canonical":"https:\/\/www.copealcoy.es\/es\/alcoyano-firma-convenio-beniarres-cf\/","og_locale":"es_ES","og_type":"article","og_title":"El Alcoyano firma un convenio con el Beniarr\u00e9s CF - COPE Alcoy","og_description":"El presidente del CD Alcoyano, Juan Serrano, ha llegado a un acuerdo de colaboraci\u00f3n con el Beniarr\u00e9s CF para la...","og_url":"https:\/\/www.copealcoy.es\/es\/alcoyano-firma-convenio-beniarres-cf\/","og_site_name":"COPE Alcoy","article_published_time":"2017-06-29T17:13:25+00:00","og_image":[{"width":1564,"height":1004,"url":"https:\/\/www.copealcoy.es\/wp-content\/uploads\/2017\/06\/www.cdalcoyano.com_-e1498756351754.jpeg","type":"image\/jpeg"}],"author":"Cope Alcoy","twitter_misc":{"Escrito por":"Cope Alcoy"},"schema":{"@context":"https:\/\/schema.org","@graph":[{"@type":"Article","@id":"https:\/\/www.copealcoy.es\/es\/alcoyano-firma-convenio-beniarres-cf\/#article","isPartOf":{"@id":"https:\/\/www.copealcoy.es\/es\/alcoyano-firma-convenio-beniarres-cf\/"},"author":{"name":"Cope Alcoy","@id":"https:\/\/www.copealcoy.es\/es\/#\/schema\/person\/e777c87fa024e57d40170af9df39882c"},"headline":"El Alcoyano firma un convenio con el Beniarr\u00e9s CF","datePublished":"2017-06-29T17:13:25+00:00","mainEntityOfPage":{"@id":"https:\/\/www.copealcoy.es\/es\/alcoyano-firma-convenio-beniarres-cf\/"},"wordCount":97,"commentCount":0,"image":{"@id":"https:\/\/www.copealcoy.es\/es\/alcoyano-firma-convenio-beniarres-cf\/#primaryimage"},"thumbnailUrl":"https:\/\/www.copealcoy.es\/wp-content\/uploads\/2017\/06\/www.cdalcoyano.com_-e1498756351754.jpeg","keywords":["Alcoy","Alcoyano","Beniarres","CF","Convenio"],"articleSection":["Deportes","Noticias"],"inLanguage":"es"},{"@type":"WebPage","@id":"https:\/\/www.copealcoy.es\/es\/alcoyano-firma-convenio-beniarres-cf\/","url":"https:\/\/www.copealcoy.es\/es\/alcoyano-firma-convenio-beniarres-cf\/","name":"El Alcoyano firma un convenio con el Beniarr\u00e9s CF - COPE Alcoy","isPartOf":{"@id":"https:\/\/www.copealcoy.es\/es\/#website"},"primaryImageOfPage":{"@id":"https:\/\/www.copealcoy.es\/es\/alcoyano-firma-convenio-beniarres-cf\/#primaryimage"},"image":{"@id":"https:\/\/www.copealcoy.es\/es\/alcoyano-firma-convenio-beniarres-cf\/#primaryimage"},"thumbnailUrl":"https:\/\/www.copealcoy.es\/wp-content\/uploads\/2017\/06\/www.cdalcoyano.com_-e1498756351754.jpeg","datePublished":"2017-06-29T17:13:25+00:00","author":{"@id":"https:\/\/www.copealcoy.es\/es\/#\/schema\/person\/e777c87fa024e57d40170af9df39882c"},"breadcrumb":{"@id":"https:\/\/www.copealcoy.es\/es\/alcoyano-firma-convenio-beniarres-cf\/#breadcrumb"},"inLanguage":"es","potentialAction":[{"@type":"ReadAction","target":["https:\/\/www.copealcoy.es\/es\/alcoyano-firma-convenio-beniarres-cf\/"]}]},{"@type":"ImageObject","inLanguage":"es","@id":"https:\/\/www.copealcoy.es\/es\/alcoyano-firma-convenio-beniarres-cf\/#primaryimage","url":"https:\/\/www.copealcoy.es\/wp-content\/uploads\/2017\/06\/www.cdalcoyano.com_-e1498756351754.jpeg","contentUrl":"https:\/\/www.copealcoy.es\/wp-content\/uploads\/2017\/06\/www.cdalcoyano.com_-e1498756351754.jpeg","width":1564,"height":1004},{"@type":"BreadcrumbList","@id":"https:\/\/www.copealcoy.es\/es\/alcoyano-firma-convenio-beniarres-cf\/#breadcrumb","itemListElement":[{"@type":"ListItem","position":1,"name":"Portada","item":"https:\/\/www.copealcoy.es\/es\/"},{"@type":"ListItem","position":2,"name":"El Alcoyano firma un convenio con el Beniarr\u00e9s CF"}]},{"@type":"WebSite","@id":"https:\/\/www.copealcoy.es\/es\/#website","url":"https:\/\/www.copealcoy.es\/es\/","name":"COPE Alcoy","description":"Emisora COPE de radio local con emisi\u00f3n online. Pont de Sant Jordi 8-10 03803 Alcoy","potentialAction":[{"@type":"SearchAction","target":{"@type":"EntryPoint","urlTemplate":"https:\/\/www.copealcoy.es\/es\/?s={search_term_string}"},"query-input":{"@type":"PropertyValueSpecification","valueRequired":true,"valueName":"search_term_string"}}],"inLanguage":"es"},{"@type":"Person","@id":"https:\/\/www.copealcoy.es\/es\/#\/schema\/person\/e777c87fa024e57d40170af9df39882c","name":"Cope Alcoy","image":{"@type":"ImageObject","inLanguage":"es","@id":"https:\/\/secure.gravatar.com\/avatar\/bb65d0283347e303893ba14f0692005417c1e0e690a325a4c5d8bb2b3943ee14?s=96&d=mm&r=g","url":"https:\/\/secure.gravatar.com\/avatar\/bb65d0283347e303893ba14f0692005417c1e0e690a325a4c5d8bb2b3943ee14?s=96&d=mm&r=g","contentUrl":"https:\/\/secure.gravatar.com\/avatar\/bb65d0283347e303893ba14f0692005417c1e0e690a325a4c5d8bb2b3943ee14?s=96&d=mm&r=g","caption":"Cope Alcoy"}}]}},"_links":{"self":[{"href":"https:\/\/www.copealcoy.es\/es\/wp-json\/wp\/v2\/posts\/33173","targetHints":{"allow":["GET"]}}],"collection":[{"href":"https:\/\/www.copealcoy.es\/es\/wp-json\/wp\/v2\/posts"}],"about":[{"href":"https:\/\/www.copealcoy.es\/es\/wp-json\/wp\/v2\/types\/post"}],"author":[{"embeddable":true,"href":"https:\/\/www.copealcoy.es\/es\/wp-json\/wp\/v2\/users\/1"}],"replies":[{"embeddable":true,"href":"https:\/\/www.copealcoy.es\/es\/wp-json\/wp\/v2\/comments?post=33173"}],"version-history":[{"count":0,"href":"https:\/\/www.copealcoy.es\/es\/wp-json\/wp\/v2\/posts\/33173\/revisions"}],"wp:featuredmedia":[{"embeddable":true,"href":"https:\/\/www.copealcoy.es\/es\/wp-json\/wp\/v2\/media\/33174"}],"wp:attachment":[{"href":"https:\/\/www.copealcoy.es\/es\/wp-json\/wp\/v2\/media?parent=33173"}],"wp:term":[{"taxonomy":"category","embeddable":true,"href":"https:\/\/www.copealcoy.es\/es\/wp-json\/wp\/v2\/categories?post=33173"},{"taxonomy":"post_tag","embeddable":true,"href":"https:\/\/www.copealcoy.es\/es\/wp-json\/wp\/v2\/tags?post=33173"}],"curies":[{"name":"wp","href":"https:\/\/api.w.org\/{rel}","templated":true}]}}