{"id":32948,"date":"2017-06-21T13:16:05","date_gmt":"2017-06-21T13:16:05","guid":{"rendered":"http:\/\/copealcoi.es\/new\/?p=32948"},"modified":"2017-06-21T15:56:28","modified_gmt":"2017-06-21T15:56:28","slug":"la-guardia-civil-recupera-la-reliquia-de-san-hipolito-robada-de-la-parroquia-del-salvador-de-cocentaina","status":"publish","type":"post","link":"https:\/\/www.copealcoy.es\/es\/la-guardia-civil-recupera-la-reliquia-de-san-hipolito-robada-de-la-parroquia-del-salvador-de-cocentaina\/","title":{"rendered":"La Guardia Civil recupera la reliquia de San Hip\u00f3lito robada de la parroquia del Salvador de Cocentaina"},"content":{"rendered":"<p style=\"text-align: justify;\">La Guardia Civil ha recuperado <strong>los objetos de culto <\/strong><span style=\"color: #000000;\">que fueron sustra\u00eddos de la parroquia del Salvador de Cocentaina<\/span> el pasado fin de semana <strong><span style=\"color: #0000ff;\"><a style=\"color: #0000ff;\" href=\"https:\/\/www.copealcoy.es\/la-guardia-civil-recupera-la-reliquia-de-san-hipolito-robada-de-la-parroquia-del-salvador-de-cocentaina\/\">en el robo que sufri\u00f3 <\/a><\/span><\/strong>este templo contestano. Los agentes<strong> han podido localizar la reliquia peque\u00f1a de San Hip\u00f3lito<\/strong> que se guarda en esta iglesia y tambi\u00e9n un c\u00e1liz, un rosario de plata, un relicario dorado, un plato de un c\u00e1liz con orfebrer\u00eda. una tapa de c\u00e1liz con una cruz, parte de otra reliquia y un radiador.<\/p>\n<p style=\"text-align: justify;\">Desde la Guardia Civil informan que<strong>\u00a0<\/strong>el individuo que presuntamente cometi\u00f3 el robo<strong> accedi\u00f3 en la noche del viernes a la parroquia del Salvador por el techo<\/strong> y destacan que este se dirigi\u00f3 despu\u00e9s <strong>a una vivienda abandonada cerca de la iglesia<\/strong> a la que accedi\u00f3 por el balc\u00f3n para dejar todos los objetos de culto robados. Tras las oportunas investigaciones los agentes, con el permiso del propietario del citado inmueble, <strong>consiguieron entrar a esta casa y encontraron en un sof\u00e1<\/strong> la reliquia del patr\u00f3n y el resto de elementos sustra\u00eddos de la iglesia.<\/p>\n<p style=\"text-align: justify;\"><span id=\"result_box\" lang=\"es\">El presunto autor del robo <strong>fue \u00a0sorprendido en Alcoy por la Polic\u00eda Local<\/strong> cuando acababa de cometer otro delito y entre el material incautado<strong> se encontr\u00f3 el pie del c\u00e1liz de la parroquia del Salvador<\/strong>, probablemente fracturado durante el delito.<\/span><\/p>\n<p style=\"text-align: justify;\">Todo el material robado<strong> ser\u00e1 entregado esta tarde a la parroquia del Salvador de Cocentaina<\/strong> seg\u00fan ha informado en COPE ALCOY el p\u00e1rroco, Don Ram\u00f3n Mic\u00f3.<\/p>\n<p>&nbsp;<\/p>\n","protected":false},"excerpt":{"rendered":"<p>La Guardia Civil ha recuperado los objetos de culto que fueron sustra\u00eddos de la parroquia del Salvador de Cocentaina el&#8230;<\/p>\n","protected":false},"author":1,"featured_media":32949,"comment_status":"open","ping_status":"open","sticky":false,"template":"","format":"standard","meta":{"footnotes":""},"categories":[98,75,80],"tags":[132,2803,2187,3980,4297],"class_list":["post-32948","post","type-post","status-publish","format-standard","has-post-thumbnail","hentry","category-comarcas","category-noticias","category-sucesos","tag-cocentaina","tag-don-ramon-mico","tag-guardia-civil","tag-parroquia-de-el-salvador","tag-robo"],"yoast_head":"<!-- This site is optimized with the Yoast SEO plugin v27.3 - https:\/\/yoast.com\/product\/yoast-seo-wordpress\/ -->\n<title>La Guardia Civil recupera la reliquia de San Hip\u00f3lito robada de la parroquia del Salvador de Cocentaina - COPE Alcoy<\/title>\n<meta name=\"robots\" content=\"index, follow, max-snippet:-1, max-image-preview:large, max-video-preview:-1\" \/>\n<link rel=\"canonical\" href=\"https:\/\/www.copealcoy.es\/es\/la-guardia-civil-recupera-la-reliquia-de-san-hipolito-robada-de-la-parroquia-del-salvador-de-cocentaina\/\" \/>\n<meta property=\"og:locale\" content=\"es_ES\" \/>\n<meta property=\"og:type\" content=\"article\" \/>\n<meta property=\"og:title\" content=\"La Guardia Civil recupera la reliquia de San Hip\u00f3lito robada de la parroquia del Salvador de Cocentaina - COPE Alcoy\" \/>\n<meta property=\"og:description\" content=\"La Guardia Civil ha recuperado los objetos de culto que fueron sustra\u00eddos de la parroquia del Salvador de Cocentaina el...\" \/>\n<meta property=\"og:url\" content=\"https:\/\/www.copealcoy.es\/es\/la-guardia-civil-recupera-la-reliquia-de-san-hipolito-robada-de-la-parroquia-del-salvador-de-cocentaina\/\" \/>\n<meta property=\"og:site_name\" content=\"COPE Alcoy\" \/>\n<meta property=\"article:published_time\" content=\"2017-06-21T13:16:05+00:00\" \/>\n<meta property=\"article:modified_time\" content=\"2017-06-21T15:56:28+00:00\" \/>\n<meta property=\"og:image\" content=\"https:\/\/www.copealcoy.es\/wp-content\/uploads\/2017\/06\/img_38284.jpg\" \/>\n\t<meta property=\"og:image:width\" content=\"670\" \/>\n\t<meta property=\"og:image:height\" content=\"377\" \/>\n\t<meta property=\"og:image:type\" content=\"image\/jpeg\" \/>\n<meta name=\"author\" content=\"Cope Alcoy\" \/>\n<meta name=\"twitter:label1\" content=\"Escrito por\" \/>\n\t<meta name=\"twitter:data1\" content=\"Cope Alcoy\" \/>\n\t<meta name=\"twitter:label2\" content=\"Tiempo de lectura\" \/>\n\t<meta name=\"twitter:data2\" content=\"1 minuto\" \/>\n<script type=\"application\/ld+json\" class=\"yoast-schema-graph\">{\"@context\":\"https:\\\/\\\/schema.org\",\"@graph\":[{\"@type\":\"Article\",\"@id\":\"https:\\\/\\\/www.copealcoy.es\\\/es\\\/la-guardia-civil-recupera-la-reliquia-de-san-hipolito-robada-de-la-parroquia-del-salvador-de-cocentaina\\\/#article\",\"isPartOf\":{\"@id\":\"https:\\\/\\\/www.copealcoy.es\\\/es\\\/la-guardia-civil-recupera-la-reliquia-de-san-hipolito-robada-de-la-parroquia-del-salvador-de-cocentaina\\\/\"},\"author\":{\"name\":\"Cope Alcoy\",\"@id\":\"https:\\\/\\\/www.copealcoy.es\\\/es\\\/#\\\/schema\\\/person\\\/e777c87fa024e57d40170af9df39882c\"},\"headline\":\"La Guardia Civil recupera la reliquia de San Hip\u00f3lito robada de la parroquia del Salvador de Cocentaina\",\"datePublished\":\"2017-06-21T13:16:05+00:00\",\"dateModified\":\"2017-06-21T15:56:28+00:00\",\"mainEntityOfPage\":{\"@id\":\"https:\\\/\\\/www.copealcoy.es\\\/es\\\/la-guardia-civil-recupera-la-reliquia-de-san-hipolito-robada-de-la-parroquia-del-salvador-de-cocentaina\\\/\"},\"wordCount\":277,\"commentCount\":0,\"image\":{\"@id\":\"https:\\\/\\\/www.copealcoy.es\\\/es\\\/la-guardia-civil-recupera-la-reliquia-de-san-hipolito-robada-de-la-parroquia-del-salvador-de-cocentaina\\\/#primaryimage\"},\"thumbnailUrl\":\"https:\\\/\\\/www.copealcoy.es\\\/wp-content\\\/uploads\\\/2017\\\/06\\\/img_38284.jpg\",\"keywords\":[\"Cocentaina\",\"Don Ram\u00f3n Mic\u00f3\",\"Guardia Civil\",\"Parroquia de El Salvador\",\"Robo\"],\"articleSection\":[\"Comarcas\",\"Noticias\",\"Sucesos\"],\"inLanguage\":\"es\"},{\"@type\":\"WebPage\",\"@id\":\"https:\\\/\\\/www.copealcoy.es\\\/es\\\/la-guardia-civil-recupera-la-reliquia-de-san-hipolito-robada-de-la-parroquia-del-salvador-de-cocentaina\\\/\",\"url\":\"https:\\\/\\\/www.copealcoy.es\\\/es\\\/la-guardia-civil-recupera-la-reliquia-de-san-hipolito-robada-de-la-parroquia-del-salvador-de-cocentaina\\\/\",\"name\":\"La Guardia Civil recupera la reliquia de San Hip\u00f3lito robada de la parroquia del Salvador de Cocentaina - COPE Alcoy\",\"isPartOf\":{\"@id\":\"https:\\\/\\\/www.copealcoy.es\\\/es\\\/#website\"},\"primaryImageOfPage\":{\"@id\":\"https:\\\/\\\/www.copealcoy.es\\\/es\\\/la-guardia-civil-recupera-la-reliquia-de-san-hipolito-robada-de-la-parroquia-del-salvador-de-cocentaina\\\/#primaryimage\"},\"image\":{\"@id\":\"https:\\\/\\\/www.copealcoy.es\\\/es\\\/la-guardia-civil-recupera-la-reliquia-de-san-hipolito-robada-de-la-parroquia-del-salvador-de-cocentaina\\\/#primaryimage\"},\"thumbnailUrl\":\"https:\\\/\\\/www.copealcoy.es\\\/wp-content\\\/uploads\\\/2017\\\/06\\\/img_38284.jpg\",\"datePublished\":\"2017-06-21T13:16:05+00:00\",\"dateModified\":\"2017-06-21T15:56:28+00:00\",\"author\":{\"@id\":\"https:\\\/\\\/www.copealcoy.es\\\/es\\\/#\\\/schema\\\/person\\\/e777c87fa024e57d40170af9df39882c\"},\"breadcrumb\":{\"@id\":\"https:\\\/\\\/www.copealcoy.es\\\/es\\\/la-guardia-civil-recupera-la-reliquia-de-san-hipolito-robada-de-la-parroquia-del-salvador-de-cocentaina\\\/#breadcrumb\"},\"inLanguage\":\"es\",\"potentialAction\":[{\"@type\":\"ReadAction\",\"target\":[\"https:\\\/\\\/www.copealcoy.es\\\/es\\\/la-guardia-civil-recupera-la-reliquia-de-san-hipolito-robada-de-la-parroquia-del-salvador-de-cocentaina\\\/\"]}]},{\"@type\":\"ImageObject\",\"inLanguage\":\"es\",\"@id\":\"https:\\\/\\\/www.copealcoy.es\\\/es\\\/la-guardia-civil-recupera-la-reliquia-de-san-hipolito-robada-de-la-parroquia-del-salvador-de-cocentaina\\\/#primaryimage\",\"url\":\"https:\\\/\\\/www.copealcoy.es\\\/wp-content\\\/uploads\\\/2017\\\/06\\\/img_38284.jpg\",\"contentUrl\":\"https:\\\/\\\/www.copealcoy.es\\\/wp-content\\\/uploads\\\/2017\\\/06\\\/img_38284.jpg\",\"width\":670,\"height\":377,\"caption\":\"Los objetos robados ya han sido encontrados \\\/ Foto: Guardia Civil\"},{\"@type\":\"BreadcrumbList\",\"@id\":\"https:\\\/\\\/www.copealcoy.es\\\/es\\\/la-guardia-civil-recupera-la-reliquia-de-san-hipolito-robada-de-la-parroquia-del-salvador-de-cocentaina\\\/#breadcrumb\",\"itemListElement\":[{\"@type\":\"ListItem\",\"position\":1,\"name\":\"Portada\",\"item\":\"https:\\\/\\\/www.copealcoy.es\\\/es\\\/\"},{\"@type\":\"ListItem\",\"position\":2,\"name\":\"La Guardia Civil recupera la reliquia de San Hip\u00f3lito robada de la parroquia del Salvador de Cocentaina\"}]},{\"@type\":\"WebSite\",\"@id\":\"https:\\\/\\\/www.copealcoy.es\\\/es\\\/#website\",\"url\":\"https:\\\/\\\/www.copealcoy.es\\\/es\\\/\",\"name\":\"COPE Alcoy\",\"description\":\"Emisora COPE de radio local con emisi\u00f3n online. Pont de Sant Jordi 8-10 03803 Alcoy\",\"potentialAction\":[{\"@type\":\"SearchAction\",\"target\":{\"@type\":\"EntryPoint\",\"urlTemplate\":\"https:\\\/\\\/www.copealcoy.es\\\/es\\\/?s={search_term_string}\"},\"query-input\":{\"@type\":\"PropertyValueSpecification\",\"valueRequired\":true,\"valueName\":\"search_term_string\"}}],\"inLanguage\":\"es\"},{\"@type\":\"Person\",\"@id\":\"https:\\\/\\\/www.copealcoy.es\\\/es\\\/#\\\/schema\\\/person\\\/e777c87fa024e57d40170af9df39882c\",\"name\":\"Cope Alcoy\",\"image\":{\"@type\":\"ImageObject\",\"inLanguage\":\"es\",\"@id\":\"https:\\\/\\\/secure.gravatar.com\\\/avatar\\\/bb65d0283347e303893ba14f0692005417c1e0e690a325a4c5d8bb2b3943ee14?s=96&d=mm&r=g\",\"url\":\"https:\\\/\\\/secure.gravatar.com\\\/avatar\\\/bb65d0283347e303893ba14f0692005417c1e0e690a325a4c5d8bb2b3943ee14?s=96&d=mm&r=g\",\"contentUrl\":\"https:\\\/\\\/secure.gravatar.com\\\/avatar\\\/bb65d0283347e303893ba14f0692005417c1e0e690a325a4c5d8bb2b3943ee14?s=96&d=mm&r=g\",\"caption\":\"Cope Alcoy\"}}]}<\/script>\n<!-- \/ Yoast SEO plugin. -->","yoast_head_json":{"title":"La Guardia Civil recupera la reliquia de San Hip\u00f3lito robada de la parroquia del Salvador de Cocentaina - COPE Alcoy","robots":{"index":"index","follow":"follow","max-snippet":"max-snippet:-1","max-image-preview":"max-image-preview:large","max-video-preview":"max-video-preview:-1"},"canonical":"https:\/\/www.copealcoy.es\/es\/la-guardia-civil-recupera-la-reliquia-de-san-hipolito-robada-de-la-parroquia-del-salvador-de-cocentaina\/","og_locale":"es_ES","og_type":"article","og_title":"La Guardia Civil recupera la reliquia de San Hip\u00f3lito robada de la parroquia del Salvador de Cocentaina - COPE Alcoy","og_description":"La Guardia Civil ha recuperado los objetos de culto que fueron sustra\u00eddos de la parroquia del Salvador de Cocentaina el...","og_url":"https:\/\/www.copealcoy.es\/es\/la-guardia-civil-recupera-la-reliquia-de-san-hipolito-robada-de-la-parroquia-del-salvador-de-cocentaina\/","og_site_name":"COPE Alcoy","article_published_time":"2017-06-21T13:16:05+00:00","article_modified_time":"2017-06-21T15:56:28+00:00","og_image":[{"width":670,"height":377,"url":"https:\/\/www.copealcoy.es\/wp-content\/uploads\/2017\/06\/img_38284.jpg","type":"image\/jpeg"}],"author":"Cope Alcoy","twitter_misc":{"Escrito por":"Cope Alcoy","Tiempo de lectura":"1 minuto"},"schema":{"@context":"https:\/\/schema.org","@graph":[{"@type":"Article","@id":"https:\/\/www.copealcoy.es\/es\/la-guardia-civil-recupera-la-reliquia-de-san-hipolito-robada-de-la-parroquia-del-salvador-de-cocentaina\/#article","isPartOf":{"@id":"https:\/\/www.copealcoy.es\/es\/la-guardia-civil-recupera-la-reliquia-de-san-hipolito-robada-de-la-parroquia-del-salvador-de-cocentaina\/"},"author":{"name":"Cope Alcoy","@id":"https:\/\/www.copealcoy.es\/es\/#\/schema\/person\/e777c87fa024e57d40170af9df39882c"},"headline":"La Guardia Civil recupera la reliquia de San Hip\u00f3lito robada de la parroquia del Salvador de Cocentaina","datePublished":"2017-06-21T13:16:05+00:00","dateModified":"2017-06-21T15:56:28+00:00","mainEntityOfPage":{"@id":"https:\/\/www.copealcoy.es\/es\/la-guardia-civil-recupera-la-reliquia-de-san-hipolito-robada-de-la-parroquia-del-salvador-de-cocentaina\/"},"wordCount":277,"commentCount":0,"image":{"@id":"https:\/\/www.copealcoy.es\/es\/la-guardia-civil-recupera-la-reliquia-de-san-hipolito-robada-de-la-parroquia-del-salvador-de-cocentaina\/#primaryimage"},"thumbnailUrl":"https:\/\/www.copealcoy.es\/wp-content\/uploads\/2017\/06\/img_38284.jpg","keywords":["Cocentaina","Don Ram\u00f3n Mic\u00f3","Guardia Civil","Parroquia de El Salvador","Robo"],"articleSection":["Comarcas","Noticias","Sucesos"],"inLanguage":"es"},{"@type":"WebPage","@id":"https:\/\/www.copealcoy.es\/es\/la-guardia-civil-recupera-la-reliquia-de-san-hipolito-robada-de-la-parroquia-del-salvador-de-cocentaina\/","url":"https:\/\/www.copealcoy.es\/es\/la-guardia-civil-recupera-la-reliquia-de-san-hipolito-robada-de-la-parroquia-del-salvador-de-cocentaina\/","name":"La Guardia Civil recupera la reliquia de San Hip\u00f3lito robada de la parroquia del Salvador de Cocentaina - COPE Alcoy","isPartOf":{"@id":"https:\/\/www.copealcoy.es\/es\/#website"},"primaryImageOfPage":{"@id":"https:\/\/www.copealcoy.es\/es\/la-guardia-civil-recupera-la-reliquia-de-san-hipolito-robada-de-la-parroquia-del-salvador-de-cocentaina\/#primaryimage"},"image":{"@id":"https:\/\/www.copealcoy.es\/es\/la-guardia-civil-recupera-la-reliquia-de-san-hipolito-robada-de-la-parroquia-del-salvador-de-cocentaina\/#primaryimage"},"thumbnailUrl":"https:\/\/www.copealcoy.es\/wp-content\/uploads\/2017\/06\/img_38284.jpg","datePublished":"2017-06-21T13:16:05+00:00","dateModified":"2017-06-21T15:56:28+00:00","author":{"@id":"https:\/\/www.copealcoy.es\/es\/#\/schema\/person\/e777c87fa024e57d40170af9df39882c"},"breadcrumb":{"@id":"https:\/\/www.copealcoy.es\/es\/la-guardia-civil-recupera-la-reliquia-de-san-hipolito-robada-de-la-parroquia-del-salvador-de-cocentaina\/#breadcrumb"},"inLanguage":"es","potentialAction":[{"@type":"ReadAction","target":["https:\/\/www.copealcoy.es\/es\/la-guardia-civil-recupera-la-reliquia-de-san-hipolito-robada-de-la-parroquia-del-salvador-de-cocentaina\/"]}]},{"@type":"ImageObject","inLanguage":"es","@id":"https:\/\/www.copealcoy.es\/es\/la-guardia-civil-recupera-la-reliquia-de-san-hipolito-robada-de-la-parroquia-del-salvador-de-cocentaina\/#primaryimage","url":"https:\/\/www.copealcoy.es\/wp-content\/uploads\/2017\/06\/img_38284.jpg","contentUrl":"https:\/\/www.copealcoy.es\/wp-content\/uploads\/2017\/06\/img_38284.jpg","width":670,"height":377,"caption":"Los objetos robados ya han sido encontrados \/ Foto: Guardia Civil"},{"@type":"BreadcrumbList","@id":"https:\/\/www.copealcoy.es\/es\/la-guardia-civil-recupera-la-reliquia-de-san-hipolito-robada-de-la-parroquia-del-salvador-de-cocentaina\/#breadcrumb","itemListElement":[{"@type":"ListItem","position":1,"name":"Portada","item":"https:\/\/www.copealcoy.es\/es\/"},{"@type":"ListItem","position":2,"name":"La Guardia Civil recupera la reliquia de San Hip\u00f3lito robada de la parroquia del Salvador de Cocentaina"}]},{"@type":"WebSite","@id":"https:\/\/www.copealcoy.es\/es\/#website","url":"https:\/\/www.copealcoy.es\/es\/","name":"COPE Alcoy","description":"Emisora COPE de radio local con emisi\u00f3n online. Pont de Sant Jordi 8-10 03803 Alcoy","potentialAction":[{"@type":"SearchAction","target":{"@type":"EntryPoint","urlTemplate":"https:\/\/www.copealcoy.es\/es\/?s={search_term_string}"},"query-input":{"@type":"PropertyValueSpecification","valueRequired":true,"valueName":"search_term_string"}}],"inLanguage":"es"},{"@type":"Person","@id":"https:\/\/www.copealcoy.es\/es\/#\/schema\/person\/e777c87fa024e57d40170af9df39882c","name":"Cope Alcoy","image":{"@type":"ImageObject","inLanguage":"es","@id":"https:\/\/secure.gravatar.com\/avatar\/bb65d0283347e303893ba14f0692005417c1e0e690a325a4c5d8bb2b3943ee14?s=96&d=mm&r=g","url":"https:\/\/secure.gravatar.com\/avatar\/bb65d0283347e303893ba14f0692005417c1e0e690a325a4c5d8bb2b3943ee14?s=96&d=mm&r=g","contentUrl":"https:\/\/secure.gravatar.com\/avatar\/bb65d0283347e303893ba14f0692005417c1e0e690a325a4c5d8bb2b3943ee14?s=96&d=mm&r=g","caption":"Cope Alcoy"}}]}},"_links":{"self":[{"href":"https:\/\/www.copealcoy.es\/es\/wp-json\/wp\/v2\/posts\/32948","targetHints":{"allow":["GET"]}}],"collection":[{"href":"https:\/\/www.copealcoy.es\/es\/wp-json\/wp\/v2\/posts"}],"about":[{"href":"https:\/\/www.copealcoy.es\/es\/wp-json\/wp\/v2\/types\/post"}],"author":[{"embeddable":true,"href":"https:\/\/www.copealcoy.es\/es\/wp-json\/wp\/v2\/users\/1"}],"replies":[{"embeddable":true,"href":"https:\/\/www.copealcoy.es\/es\/wp-json\/wp\/v2\/comments?post=32948"}],"version-history":[{"count":0,"href":"https:\/\/www.copealcoy.es\/es\/wp-json\/wp\/v2\/posts\/32948\/revisions"}],"wp:featuredmedia":[{"embeddable":true,"href":"https:\/\/www.copealcoy.es\/es\/wp-json\/wp\/v2\/media\/32949"}],"wp:attachment":[{"href":"https:\/\/www.copealcoy.es\/es\/wp-json\/wp\/v2\/media?parent=32948"}],"wp:term":[{"taxonomy":"category","embeddable":true,"href":"https:\/\/www.copealcoy.es\/es\/wp-json\/wp\/v2\/categories?post=32948"},{"taxonomy":"post_tag","embeddable":true,"href":"https:\/\/www.copealcoy.es\/es\/wp-json\/wp\/v2\/tags?post=32948"}],"curies":[{"name":"wp","href":"https:\/\/api.w.org\/{rel}","templated":true}]}}