{"id":32825,"date":"2017-06-17T10:43:22","date_gmt":"2017-06-17T10:43:22","guid":{"rendered":"http:\/\/copealcoi.es\/new\/?p=32825"},"modified":"2017-06-18T11:01:19","modified_gmt":"2017-06-18T11:01:19","slug":"los-franciscanos-de-cocentaina-veneraron-a-san-antonio-de-padua","status":"publish","type":"post","link":"https:\/\/www.copealcoy.es\/es\/los-franciscanos-de-cocentaina-veneraron-a-san-antonio-de-padua\/","title":{"rendered":"Los Franciscanos de Cocentaina veneraron a San Antonio de Padua"},"content":{"rendered":"<p style=\"text-align: justify;\">El <strong>Convento de los Padres Franciscanos de Cocentaina<\/strong> celebr\u00f3 el pasado martes 13 de junio <strong>la tradicional fiesta<\/strong> de San Antonio de Padua.<\/p>\n<p style=\"text-align: justify;\">Los actos incluyeron <strong>la misa solemne a partir de las siete de la tarde<\/strong> y la bendici\u00f3n de los lirios que fueron entregados a <strong>los ni\u00f1os de Primera Comuni\u00f3n<\/strong> que asistieron a participar en este acto. A continuaci\u00f3n, y precedida por el volteo general de campanas, <strong>arranc\u00f3 la solemne procesi\u00f3n con la imagen de San Antonio<\/strong> y la comitiva recorri\u00f3 el recinto conventual. Finalmente, y ante la imagen del santo, <strong>actu\u00f3 el Grup de Danses El Convent<\/strong> para ofrecer varios bailes populares.<\/p>\n<p style=\"text-align: justify;\">La jornada festiva finaliz\u00f3 en el interior de la iglesia de los Padres Franciscanos con <strong>la veneraci\u00f3n de la reliquia de San Antonio de Padua<\/strong> y el reparto del pan bendito del santo.<\/p>\n","protected":false},"excerpt":{"rendered":"<p>El Convento de los Padres Franciscanos de Cocentaina celebr\u00f3 el pasado martes 13 de junio la tradicional fiesta de San&#8230;<\/p>\n","protected":false},"author":1,"featured_media":32826,"comment_status":"open","ping_status":"open","sticky":false,"template":"","format":"standard","meta":{"footnotes":""},"categories":[98,75],"tags":[132,237,2391,917,4300],"class_list":["post-32825","post","type-post","status-publish","format-standard","has-post-thumbnail","hentry","category-comarcas","category-noticias","tag-cocentaina","tag-comtat","tag-convento-franciscanos","tag-procesion","tag-san-antonio-de-padua"],"yoast_head":"<!-- This site is optimized with the Yoast SEO plugin v27.3 - https:\/\/yoast.com\/product\/yoast-seo-wordpress\/ -->\n<title>Los Franciscanos de Cocentaina veneraron a San Antonio de Padua - COPE Alcoy<\/title>\n<meta name=\"robots\" content=\"index, follow, max-snippet:-1, max-image-preview:large, max-video-preview:-1\" \/>\n<link rel=\"canonical\" href=\"https:\/\/www.copealcoy.es\/es\/los-franciscanos-de-cocentaina-veneraron-a-san-antonio-de-padua\/\" \/>\n<meta property=\"og:locale\" content=\"es_ES\" \/>\n<meta property=\"og:type\" content=\"article\" \/>\n<meta property=\"og:title\" content=\"Los Franciscanos de Cocentaina veneraron a San Antonio de Padua - COPE Alcoy\" \/>\n<meta property=\"og:description\" content=\"El Convento de los Padres Franciscanos de Cocentaina celebr\u00f3 el pasado martes 13 de junio la tradicional fiesta de San...\" \/>\n<meta property=\"og:url\" content=\"https:\/\/www.copealcoy.es\/es\/los-franciscanos-de-cocentaina-veneraron-a-san-antonio-de-padua\/\" \/>\n<meta property=\"og:site_name\" content=\"COPE Alcoy\" \/>\n<meta property=\"article:published_time\" content=\"2017-06-17T10:43:22+00:00\" \/>\n<meta property=\"article:modified_time\" content=\"2017-06-18T11:01:19+00:00\" \/>\n<meta property=\"og:image\" content=\"https:\/\/www.copealcoy.es\/wp-content\/uploads\/2017\/06\/IMG_0465-e1497783243579.jpg\" \/>\n\t<meta property=\"og:image:width\" content=\"2503\" \/>\n\t<meta property=\"og:image:height\" content=\"1356\" \/>\n\t<meta property=\"og:image:type\" content=\"image\/jpeg\" \/>\n<meta name=\"author\" content=\"Cope Alcoy\" \/>\n<meta name=\"twitter:label1\" content=\"Escrito por\" \/>\n\t<meta name=\"twitter:data1\" content=\"Cope Alcoy\" \/>\n\t<meta name=\"twitter:label2\" content=\"Tiempo de lectura\" \/>\n\t<meta name=\"twitter:data2\" content=\"1 minuto\" \/>\n<script type=\"application\/ld+json\" class=\"yoast-schema-graph\">{\"@context\":\"https:\\\/\\\/schema.org\",\"@graph\":[{\"@type\":\"Article\",\"@id\":\"https:\\\/\\\/www.copealcoy.es\\\/es\\\/los-franciscanos-de-cocentaina-veneraron-a-san-antonio-de-padua\\\/#article\",\"isPartOf\":{\"@id\":\"https:\\\/\\\/www.copealcoy.es\\\/es\\\/los-franciscanos-de-cocentaina-veneraron-a-san-antonio-de-padua\\\/\"},\"author\":{\"name\":\"Cope Alcoy\",\"@id\":\"https:\\\/\\\/www.copealcoy.es\\\/es\\\/#\\\/schema\\\/person\\\/e777c87fa024e57d40170af9df39882c\"},\"headline\":\"Los Franciscanos de Cocentaina veneraron a San Antonio de Padua\",\"datePublished\":\"2017-06-17T10:43:22+00:00\",\"dateModified\":\"2017-06-18T11:01:19+00:00\",\"mainEntityOfPage\":{\"@id\":\"https:\\\/\\\/www.copealcoy.es\\\/es\\\/los-franciscanos-de-cocentaina-veneraron-a-san-antonio-de-padua\\\/\"},\"wordCount\":153,\"commentCount\":0,\"image\":{\"@id\":\"https:\\\/\\\/www.copealcoy.es\\\/es\\\/los-franciscanos-de-cocentaina-veneraron-a-san-antonio-de-padua\\\/#primaryimage\"},\"thumbnailUrl\":\"https:\\\/\\\/www.copealcoy.es\\\/wp-content\\\/uploads\\\/2017\\\/06\\\/IMG_0465-e1497783243579.jpg\",\"keywords\":[\"Cocentaina\",\"Comtat\",\"Convento Franciscanos\",\"Procesi\u00f3n\",\"San Antonio de Padua\"],\"articleSection\":[\"Comarcas\",\"Noticias\"],\"inLanguage\":\"es\"},{\"@type\":\"WebPage\",\"@id\":\"https:\\\/\\\/www.copealcoy.es\\\/es\\\/los-franciscanos-de-cocentaina-veneraron-a-san-antonio-de-padua\\\/\",\"url\":\"https:\\\/\\\/www.copealcoy.es\\\/es\\\/los-franciscanos-de-cocentaina-veneraron-a-san-antonio-de-padua\\\/\",\"name\":\"Los Franciscanos de Cocentaina veneraron a San Antonio de Padua - COPE Alcoy\",\"isPartOf\":{\"@id\":\"https:\\\/\\\/www.copealcoy.es\\\/es\\\/#website\"},\"primaryImageOfPage\":{\"@id\":\"https:\\\/\\\/www.copealcoy.es\\\/es\\\/los-franciscanos-de-cocentaina-veneraron-a-san-antonio-de-padua\\\/#primaryimage\"},\"image\":{\"@id\":\"https:\\\/\\\/www.copealcoy.es\\\/es\\\/los-franciscanos-de-cocentaina-veneraron-a-san-antonio-de-padua\\\/#primaryimage\"},\"thumbnailUrl\":\"https:\\\/\\\/www.copealcoy.es\\\/wp-content\\\/uploads\\\/2017\\\/06\\\/IMG_0465-e1497783243579.jpg\",\"datePublished\":\"2017-06-17T10:43:22+00:00\",\"dateModified\":\"2017-06-18T11:01:19+00:00\",\"author\":{\"@id\":\"https:\\\/\\\/www.copealcoy.es\\\/es\\\/#\\\/schema\\\/person\\\/e777c87fa024e57d40170af9df39882c\"},\"breadcrumb\":{\"@id\":\"https:\\\/\\\/www.copealcoy.es\\\/es\\\/los-franciscanos-de-cocentaina-veneraron-a-san-antonio-de-padua\\\/#breadcrumb\"},\"inLanguage\":\"es\",\"potentialAction\":[{\"@type\":\"ReadAction\",\"target\":[\"https:\\\/\\\/www.copealcoy.es\\\/es\\\/los-franciscanos-de-cocentaina-veneraron-a-san-antonio-de-padua\\\/\"]}]},{\"@type\":\"ImageObject\",\"inLanguage\":\"es\",\"@id\":\"https:\\\/\\\/www.copealcoy.es\\\/es\\\/los-franciscanos-de-cocentaina-veneraron-a-san-antonio-de-padua\\\/#primaryimage\",\"url\":\"https:\\\/\\\/www.copealcoy.es\\\/wp-content\\\/uploads\\\/2017\\\/06\\\/IMG_0465-e1497783243579.jpg\",\"contentUrl\":\"https:\\\/\\\/www.copealcoy.es\\\/wp-content\\\/uploads\\\/2017\\\/06\\\/IMG_0465-e1497783243579.jpg\",\"width\":2503,\"height\":1356,\"caption\":\"La procesi\u00f3n de San Antonio recorri\u00f3 el recinto del Convento \\\/ Foto: G. Pascual\"},{\"@type\":\"BreadcrumbList\",\"@id\":\"https:\\\/\\\/www.copealcoy.es\\\/es\\\/los-franciscanos-de-cocentaina-veneraron-a-san-antonio-de-padua\\\/#breadcrumb\",\"itemListElement\":[{\"@type\":\"ListItem\",\"position\":1,\"name\":\"Portada\",\"item\":\"https:\\\/\\\/www.copealcoy.es\\\/es\\\/\"},{\"@type\":\"ListItem\",\"position\":2,\"name\":\"Los Franciscanos de Cocentaina veneraron a San Antonio de Padua\"}]},{\"@type\":\"WebSite\",\"@id\":\"https:\\\/\\\/www.copealcoy.es\\\/es\\\/#website\",\"url\":\"https:\\\/\\\/www.copealcoy.es\\\/es\\\/\",\"name\":\"COPE Alcoy\",\"description\":\"Emisora COPE de radio local con emisi\u00f3n online. Pont de Sant Jordi 8-10 03803 Alcoy\",\"potentialAction\":[{\"@type\":\"SearchAction\",\"target\":{\"@type\":\"EntryPoint\",\"urlTemplate\":\"https:\\\/\\\/www.copealcoy.es\\\/es\\\/?s={search_term_string}\"},\"query-input\":{\"@type\":\"PropertyValueSpecification\",\"valueRequired\":true,\"valueName\":\"search_term_string\"}}],\"inLanguage\":\"es\"},{\"@type\":\"Person\",\"@id\":\"https:\\\/\\\/www.copealcoy.es\\\/es\\\/#\\\/schema\\\/person\\\/e777c87fa024e57d40170af9df39882c\",\"name\":\"Cope Alcoy\",\"image\":{\"@type\":\"ImageObject\",\"inLanguage\":\"es\",\"@id\":\"https:\\\/\\\/secure.gravatar.com\\\/avatar\\\/bb65d0283347e303893ba14f0692005417c1e0e690a325a4c5d8bb2b3943ee14?s=96&d=mm&r=g\",\"url\":\"https:\\\/\\\/secure.gravatar.com\\\/avatar\\\/bb65d0283347e303893ba14f0692005417c1e0e690a325a4c5d8bb2b3943ee14?s=96&d=mm&r=g\",\"contentUrl\":\"https:\\\/\\\/secure.gravatar.com\\\/avatar\\\/bb65d0283347e303893ba14f0692005417c1e0e690a325a4c5d8bb2b3943ee14?s=96&d=mm&r=g\",\"caption\":\"Cope Alcoy\"}}]}<\/script>\n<!-- \/ Yoast SEO plugin. -->","yoast_head_json":{"title":"Los Franciscanos de Cocentaina veneraron a San Antonio de Padua - COPE Alcoy","robots":{"index":"index","follow":"follow","max-snippet":"max-snippet:-1","max-image-preview":"max-image-preview:large","max-video-preview":"max-video-preview:-1"},"canonical":"https:\/\/www.copealcoy.es\/es\/los-franciscanos-de-cocentaina-veneraron-a-san-antonio-de-padua\/","og_locale":"es_ES","og_type":"article","og_title":"Los Franciscanos de Cocentaina veneraron a San Antonio de Padua - COPE Alcoy","og_description":"El Convento de los Padres Franciscanos de Cocentaina celebr\u00f3 el pasado martes 13 de junio la tradicional fiesta de San...","og_url":"https:\/\/www.copealcoy.es\/es\/los-franciscanos-de-cocentaina-veneraron-a-san-antonio-de-padua\/","og_site_name":"COPE Alcoy","article_published_time":"2017-06-17T10:43:22+00:00","article_modified_time":"2017-06-18T11:01:19+00:00","og_image":[{"width":2503,"height":1356,"url":"https:\/\/www.copealcoy.es\/wp-content\/uploads\/2017\/06\/IMG_0465-e1497783243579.jpg","type":"image\/jpeg"}],"author":"Cope Alcoy","twitter_misc":{"Escrito por":"Cope Alcoy","Tiempo de lectura":"1 minuto"},"schema":{"@context":"https:\/\/schema.org","@graph":[{"@type":"Article","@id":"https:\/\/www.copealcoy.es\/es\/los-franciscanos-de-cocentaina-veneraron-a-san-antonio-de-padua\/#article","isPartOf":{"@id":"https:\/\/www.copealcoy.es\/es\/los-franciscanos-de-cocentaina-veneraron-a-san-antonio-de-padua\/"},"author":{"name":"Cope Alcoy","@id":"https:\/\/www.copealcoy.es\/es\/#\/schema\/person\/e777c87fa024e57d40170af9df39882c"},"headline":"Los Franciscanos de Cocentaina veneraron a San Antonio de Padua","datePublished":"2017-06-17T10:43:22+00:00","dateModified":"2017-06-18T11:01:19+00:00","mainEntityOfPage":{"@id":"https:\/\/www.copealcoy.es\/es\/los-franciscanos-de-cocentaina-veneraron-a-san-antonio-de-padua\/"},"wordCount":153,"commentCount":0,"image":{"@id":"https:\/\/www.copealcoy.es\/es\/los-franciscanos-de-cocentaina-veneraron-a-san-antonio-de-padua\/#primaryimage"},"thumbnailUrl":"https:\/\/www.copealcoy.es\/wp-content\/uploads\/2017\/06\/IMG_0465-e1497783243579.jpg","keywords":["Cocentaina","Comtat","Convento Franciscanos","Procesi\u00f3n","San Antonio de Padua"],"articleSection":["Comarcas","Noticias"],"inLanguage":"es"},{"@type":"WebPage","@id":"https:\/\/www.copealcoy.es\/es\/los-franciscanos-de-cocentaina-veneraron-a-san-antonio-de-padua\/","url":"https:\/\/www.copealcoy.es\/es\/los-franciscanos-de-cocentaina-veneraron-a-san-antonio-de-padua\/","name":"Los Franciscanos de Cocentaina veneraron a San Antonio de Padua - COPE Alcoy","isPartOf":{"@id":"https:\/\/www.copealcoy.es\/es\/#website"},"primaryImageOfPage":{"@id":"https:\/\/www.copealcoy.es\/es\/los-franciscanos-de-cocentaina-veneraron-a-san-antonio-de-padua\/#primaryimage"},"image":{"@id":"https:\/\/www.copealcoy.es\/es\/los-franciscanos-de-cocentaina-veneraron-a-san-antonio-de-padua\/#primaryimage"},"thumbnailUrl":"https:\/\/www.copealcoy.es\/wp-content\/uploads\/2017\/06\/IMG_0465-e1497783243579.jpg","datePublished":"2017-06-17T10:43:22+00:00","dateModified":"2017-06-18T11:01:19+00:00","author":{"@id":"https:\/\/www.copealcoy.es\/es\/#\/schema\/person\/e777c87fa024e57d40170af9df39882c"},"breadcrumb":{"@id":"https:\/\/www.copealcoy.es\/es\/los-franciscanos-de-cocentaina-veneraron-a-san-antonio-de-padua\/#breadcrumb"},"inLanguage":"es","potentialAction":[{"@type":"ReadAction","target":["https:\/\/www.copealcoy.es\/es\/los-franciscanos-de-cocentaina-veneraron-a-san-antonio-de-padua\/"]}]},{"@type":"ImageObject","inLanguage":"es","@id":"https:\/\/www.copealcoy.es\/es\/los-franciscanos-de-cocentaina-veneraron-a-san-antonio-de-padua\/#primaryimage","url":"https:\/\/www.copealcoy.es\/wp-content\/uploads\/2017\/06\/IMG_0465-e1497783243579.jpg","contentUrl":"https:\/\/www.copealcoy.es\/wp-content\/uploads\/2017\/06\/IMG_0465-e1497783243579.jpg","width":2503,"height":1356,"caption":"La procesi\u00f3n de San Antonio recorri\u00f3 el recinto del Convento \/ Foto: G. Pascual"},{"@type":"BreadcrumbList","@id":"https:\/\/www.copealcoy.es\/es\/los-franciscanos-de-cocentaina-veneraron-a-san-antonio-de-padua\/#breadcrumb","itemListElement":[{"@type":"ListItem","position":1,"name":"Portada","item":"https:\/\/www.copealcoy.es\/es\/"},{"@type":"ListItem","position":2,"name":"Los Franciscanos de Cocentaina veneraron a San Antonio de Padua"}]},{"@type":"WebSite","@id":"https:\/\/www.copealcoy.es\/es\/#website","url":"https:\/\/www.copealcoy.es\/es\/","name":"COPE Alcoy","description":"Emisora COPE de radio local con emisi\u00f3n online. Pont de Sant Jordi 8-10 03803 Alcoy","potentialAction":[{"@type":"SearchAction","target":{"@type":"EntryPoint","urlTemplate":"https:\/\/www.copealcoy.es\/es\/?s={search_term_string}"},"query-input":{"@type":"PropertyValueSpecification","valueRequired":true,"valueName":"search_term_string"}}],"inLanguage":"es"},{"@type":"Person","@id":"https:\/\/www.copealcoy.es\/es\/#\/schema\/person\/e777c87fa024e57d40170af9df39882c","name":"Cope Alcoy","image":{"@type":"ImageObject","inLanguage":"es","@id":"https:\/\/secure.gravatar.com\/avatar\/bb65d0283347e303893ba14f0692005417c1e0e690a325a4c5d8bb2b3943ee14?s=96&d=mm&r=g","url":"https:\/\/secure.gravatar.com\/avatar\/bb65d0283347e303893ba14f0692005417c1e0e690a325a4c5d8bb2b3943ee14?s=96&d=mm&r=g","contentUrl":"https:\/\/secure.gravatar.com\/avatar\/bb65d0283347e303893ba14f0692005417c1e0e690a325a4c5d8bb2b3943ee14?s=96&d=mm&r=g","caption":"Cope Alcoy"}}]}},"_links":{"self":[{"href":"https:\/\/www.copealcoy.es\/es\/wp-json\/wp\/v2\/posts\/32825","targetHints":{"allow":["GET"]}}],"collection":[{"href":"https:\/\/www.copealcoy.es\/es\/wp-json\/wp\/v2\/posts"}],"about":[{"href":"https:\/\/www.copealcoy.es\/es\/wp-json\/wp\/v2\/types\/post"}],"author":[{"embeddable":true,"href":"https:\/\/www.copealcoy.es\/es\/wp-json\/wp\/v2\/users\/1"}],"replies":[{"embeddable":true,"href":"https:\/\/www.copealcoy.es\/es\/wp-json\/wp\/v2\/comments?post=32825"}],"version-history":[{"count":0,"href":"https:\/\/www.copealcoy.es\/es\/wp-json\/wp\/v2\/posts\/32825\/revisions"}],"wp:featuredmedia":[{"embeddable":true,"href":"https:\/\/www.copealcoy.es\/es\/wp-json\/wp\/v2\/media\/32826"}],"wp:attachment":[{"href":"https:\/\/www.copealcoy.es\/es\/wp-json\/wp\/v2\/media?parent=32825"}],"wp:term":[{"taxonomy":"category","embeddable":true,"href":"https:\/\/www.copealcoy.es\/es\/wp-json\/wp\/v2\/categories?post=32825"},{"taxonomy":"post_tag","embeddable":true,"href":"https:\/\/www.copealcoy.es\/es\/wp-json\/wp\/v2\/tags?post=32825"}],"curies":[{"name":"wp","href":"https:\/\/api.w.org\/{rel}","templated":true}]}}