{"id":32768,"date":"2017-06-14T21:46:49","date_gmt":"2017-06-14T21:46:49","guid":{"rendered":"http:\/\/copealcoi.es\/new\/?p=32768"},"modified":"2017-06-14T21:50:00","modified_gmt":"2017-06-14T21:50:00","slug":"el-pont-de-sant-jordi-se-cerrara-al-trafico-el-26-de-junio","status":"publish","type":"post","link":"https:\/\/www.copealcoy.es\/es\/el-pont-de-sant-jordi-se-cerrara-al-trafico-el-26-de-junio\/","title":{"rendered":"El Pont de Sant Jordi se cerrar\u00e1 al tr\u00e1fico el 26 de junio"},"content":{"rendered":"<p style=\"text-align: justify;\">Las obras para <strong>la remodelaci\u00f3n de la plataforma del Pont de Sant Jordi<\/strong> comenzar\u00e1n a ejecutarse a partir del pr\u00f3ximo 26 de junio, d\u00eda en el que <strong>el vial quedar\u00e1 cerrado al tr\u00e1fico<\/strong> seg\u00fan ha informado el Ayuntamiento de Alcoy. Este hecho <strong>obligar\u00e1 a poner en marcha un plan alternativo para el paso de veh\u00edculos<\/strong>\u00a0<strong>por el cauce del R\u00edo Riquer<\/strong>, debidamente se\u00f1alizado por la Polic\u00eda Local,\u00a0con el fin de\u00a0facilitar el acceso a las zonas del Centro y el Ensanche.<\/p>\n<p style=\"text-align: justify;\">El concejal de Obras y Movilidad, <strong>Jordi Mart\u00ednez<\/strong>, explica\u00a0que los veh\u00edculos\u00a0podr\u00e1n llegar hasta el Centro <strong>por medio del cauce del R\u00edo y accediendo\u00a0desde las calles Joan Valls y Col\u00f3n<\/strong>. De esta forma <strong>se podr\u00e1 entrar en Santo Tom\u00e1s desde Algezares y llegar a la zona de correos por el barranco de Na Lloba<\/strong>. Tambi\u00e9n <strong>se abrir\u00e1 en sentido ascendente la Plaza Ferr\u00e1ndiz y Carbonell<\/strong> para facilitar el acceso a la zona alta de la ciudad &#8220;<em>todas las obras generan unas molestias que hemos tratado de minimizar creando rutas alternativas y haciendo las obras en julio y agosto\u00a0que es cuando menos tr\u00e1fico tiene la ciudad<\/em>&#8220;, indica el mun\u00edcipe.<\/p>\n<p style=\"text-align: justify;\">Recordar que <strong>los trabajos permitir\u00e1n la reforma del tablero del Pont de Sant Jordi<\/strong> por medio de la ampliaci\u00f3n de las aceras, la supresi\u00f3n de los petriles y el pavimentado de la calzada. La actuaci\u00f3n, que se complementa con la realizada en 2015 para consolidar las balaustradas, <strong>facilitar\u00e1\u00a0tambi\u00e9n habilitar un carril para cada sentido de circulaci\u00f3n<\/strong>. El <strong>presupuesto<\/strong> de la obra ronda los 280.000 euros.<\/p>\n<p>&nbsp;<\/p>\n","protected":false},"excerpt":{"rendered":"<p>Las obras para la remodelaci\u00f3n de la plataforma del Pont de Sant Jordi comenzar\u00e1n a ejecutarse a partir del pr\u00f3ximo&#8230;<\/p>\n","protected":false},"author":1,"featured_media":12726,"comment_status":"open","ping_status":"open","sticky":false,"template":"","format":"standard","meta":{"footnotes":""},"categories":[97,75,125],"tags":[1494,927,145,259,401],"class_list":["post-32768","post","type-post","status-publish","format-standard","has-post-thumbnail","hentry","category-alcoy","category-noticias","category-portada","tag-alcoy","tag-jordi-martinez","tag-obras","tag-pont-de-sant-jordi","tag-trafico"],"yoast_head":"<!-- This site is optimized with the Yoast SEO plugin v27.3 - https:\/\/yoast.com\/product\/yoast-seo-wordpress\/ -->\n<title>El Pont de Sant Jordi se cerrar\u00e1 al tr\u00e1fico el 26 de junio - COPE Alcoy<\/title>\n<meta name=\"robots\" content=\"index, follow, max-snippet:-1, max-image-preview:large, max-video-preview:-1\" \/>\n<link rel=\"canonical\" href=\"https:\/\/www.copealcoy.es\/es\/el-pont-de-sant-jordi-se-cerrara-al-trafico-el-26-de-junio\/\" \/>\n<meta property=\"og:locale\" content=\"es_ES\" \/>\n<meta property=\"og:type\" content=\"article\" \/>\n<meta property=\"og:title\" content=\"El Pont de Sant Jordi se cerrar\u00e1 al tr\u00e1fico el 26 de junio - COPE Alcoy\" \/>\n<meta property=\"og:description\" content=\"Las obras para la remodelaci\u00f3n de la plataforma del Pont de Sant Jordi comenzar\u00e1n a ejecutarse a partir del pr\u00f3ximo...\" \/>\n<meta property=\"og:url\" content=\"https:\/\/www.copealcoy.es\/es\/el-pont-de-sant-jordi-se-cerrara-al-trafico-el-26-de-junio\/\" \/>\n<meta property=\"og:site_name\" content=\"COPE Alcoy\" \/>\n<meta property=\"article:published_time\" content=\"2017-06-14T21:46:49+00:00\" \/>\n<meta property=\"article:modified_time\" content=\"2017-06-14T21:50:00+00:00\" \/>\n<meta property=\"og:image\" content=\"https:\/\/www.copealcoy.es\/wp-content\/uploads\/2015\/05\/IMG_20150504_150916.jpg\" \/>\n\t<meta property=\"og:image:width\" content=\"2592\" \/>\n\t<meta property=\"og:image:height\" content=\"1944\" \/>\n\t<meta property=\"og:image:type\" content=\"image\/jpeg\" \/>\n<meta name=\"author\" content=\"Cope Alcoy\" \/>\n<meta name=\"twitter:label1\" content=\"Escrito por\" \/>\n\t<meta name=\"twitter:data1\" content=\"Cope Alcoy\" \/>\n\t<meta name=\"twitter:label2\" content=\"Tiempo de lectura\" \/>\n\t<meta name=\"twitter:data2\" content=\"1 minuto\" \/>\n<script type=\"application\/ld+json\" class=\"yoast-schema-graph\">{\"@context\":\"https:\\\/\\\/schema.org\",\"@graph\":[{\"@type\":\"Article\",\"@id\":\"https:\\\/\\\/www.copealcoy.es\\\/es\\\/el-pont-de-sant-jordi-se-cerrara-al-trafico-el-26-de-junio\\\/#article\",\"isPartOf\":{\"@id\":\"https:\\\/\\\/www.copealcoy.es\\\/es\\\/el-pont-de-sant-jordi-se-cerrara-al-trafico-el-26-de-junio\\\/\"},\"author\":{\"name\":\"Cope Alcoy\",\"@id\":\"https:\\\/\\\/www.copealcoy.es\\\/es\\\/#\\\/schema\\\/person\\\/e777c87fa024e57d40170af9df39882c\"},\"headline\":\"El Pont de Sant Jordi se cerrar\u00e1 al tr\u00e1fico el 26 de junio\",\"datePublished\":\"2017-06-14T21:46:49+00:00\",\"dateModified\":\"2017-06-14T21:50:00+00:00\",\"mainEntityOfPage\":{\"@id\":\"https:\\\/\\\/www.copealcoy.es\\\/es\\\/el-pont-de-sant-jordi-se-cerrara-al-trafico-el-26-de-junio\\\/\"},\"wordCount\":296,\"commentCount\":0,\"image\":{\"@id\":\"https:\\\/\\\/www.copealcoy.es\\\/es\\\/el-pont-de-sant-jordi-se-cerrara-al-trafico-el-26-de-junio\\\/#primaryimage\"},\"thumbnailUrl\":\"https:\\\/\\\/www.copealcoy.es\\\/wp-content\\\/uploads\\\/2015\\\/05\\\/IMG_20150504_150916.jpg\",\"keywords\":[\"Alcoy\",\"Jordi Mart\u00ednez\",\"Obras\",\"Pont de Sant Jordi\",\"Tr\u00e1fico\"],\"articleSection\":[\"Alcoy\",\"Noticias\",\"Portada\"],\"inLanguage\":\"es\"},{\"@type\":\"WebPage\",\"@id\":\"https:\\\/\\\/www.copealcoy.es\\\/es\\\/el-pont-de-sant-jordi-se-cerrara-al-trafico-el-26-de-junio\\\/\",\"url\":\"https:\\\/\\\/www.copealcoy.es\\\/es\\\/el-pont-de-sant-jordi-se-cerrara-al-trafico-el-26-de-junio\\\/\",\"name\":\"El Pont de Sant Jordi se cerrar\u00e1 al tr\u00e1fico el 26 de junio - COPE Alcoy\",\"isPartOf\":{\"@id\":\"https:\\\/\\\/www.copealcoy.es\\\/es\\\/#website\"},\"primaryImageOfPage\":{\"@id\":\"https:\\\/\\\/www.copealcoy.es\\\/es\\\/el-pont-de-sant-jordi-se-cerrara-al-trafico-el-26-de-junio\\\/#primaryimage\"},\"image\":{\"@id\":\"https:\\\/\\\/www.copealcoy.es\\\/es\\\/el-pont-de-sant-jordi-se-cerrara-al-trafico-el-26-de-junio\\\/#primaryimage\"},\"thumbnailUrl\":\"https:\\\/\\\/www.copealcoy.es\\\/wp-content\\\/uploads\\\/2015\\\/05\\\/IMG_20150504_150916.jpg\",\"datePublished\":\"2017-06-14T21:46:49+00:00\",\"dateModified\":\"2017-06-14T21:50:00+00:00\",\"author\":{\"@id\":\"https:\\\/\\\/www.copealcoy.es\\\/es\\\/#\\\/schema\\\/person\\\/e777c87fa024e57d40170af9df39882c\"},\"breadcrumb\":{\"@id\":\"https:\\\/\\\/www.copealcoy.es\\\/es\\\/el-pont-de-sant-jordi-se-cerrara-al-trafico-el-26-de-junio\\\/#breadcrumb\"},\"inLanguage\":\"es\",\"potentialAction\":[{\"@type\":\"ReadAction\",\"target\":[\"https:\\\/\\\/www.copealcoy.es\\\/es\\\/el-pont-de-sant-jordi-se-cerrara-al-trafico-el-26-de-junio\\\/\"]}]},{\"@type\":\"ImageObject\",\"inLanguage\":\"es\",\"@id\":\"https:\\\/\\\/www.copealcoy.es\\\/es\\\/el-pont-de-sant-jordi-se-cerrara-al-trafico-el-26-de-junio\\\/#primaryimage\",\"url\":\"https:\\\/\\\/www.copealcoy.es\\\/wp-content\\\/uploads\\\/2015\\\/05\\\/IMG_20150504_150916.jpg\",\"contentUrl\":\"https:\\\/\\\/www.copealcoy.es\\\/wp-content\\\/uploads\\\/2015\\\/05\\\/IMG_20150504_150916.jpg\",\"width\":1440,\"height\":1080},{\"@type\":\"BreadcrumbList\",\"@id\":\"https:\\\/\\\/www.copealcoy.es\\\/es\\\/el-pont-de-sant-jordi-se-cerrara-al-trafico-el-26-de-junio\\\/#breadcrumb\",\"itemListElement\":[{\"@type\":\"ListItem\",\"position\":1,\"name\":\"Portada\",\"item\":\"https:\\\/\\\/www.copealcoy.es\\\/es\\\/\"},{\"@type\":\"ListItem\",\"position\":2,\"name\":\"El Pont de Sant Jordi se cerrar\u00e1 al tr\u00e1fico el 26 de junio\"}]},{\"@type\":\"WebSite\",\"@id\":\"https:\\\/\\\/www.copealcoy.es\\\/es\\\/#website\",\"url\":\"https:\\\/\\\/www.copealcoy.es\\\/es\\\/\",\"name\":\"COPE Alcoy\",\"description\":\"Emisora COPE de radio local con emisi\u00f3n online. Pont de Sant Jordi 8-10 03803 Alcoy\",\"potentialAction\":[{\"@type\":\"SearchAction\",\"target\":{\"@type\":\"EntryPoint\",\"urlTemplate\":\"https:\\\/\\\/www.copealcoy.es\\\/es\\\/?s={search_term_string}\"},\"query-input\":{\"@type\":\"PropertyValueSpecification\",\"valueRequired\":true,\"valueName\":\"search_term_string\"}}],\"inLanguage\":\"es\"},{\"@type\":\"Person\",\"@id\":\"https:\\\/\\\/www.copealcoy.es\\\/es\\\/#\\\/schema\\\/person\\\/e777c87fa024e57d40170af9df39882c\",\"name\":\"Cope Alcoy\",\"image\":{\"@type\":\"ImageObject\",\"inLanguage\":\"es\",\"@id\":\"https:\\\/\\\/secure.gravatar.com\\\/avatar\\\/bb65d0283347e303893ba14f0692005417c1e0e690a325a4c5d8bb2b3943ee14?s=96&d=mm&r=g\",\"url\":\"https:\\\/\\\/secure.gravatar.com\\\/avatar\\\/bb65d0283347e303893ba14f0692005417c1e0e690a325a4c5d8bb2b3943ee14?s=96&d=mm&r=g\",\"contentUrl\":\"https:\\\/\\\/secure.gravatar.com\\\/avatar\\\/bb65d0283347e303893ba14f0692005417c1e0e690a325a4c5d8bb2b3943ee14?s=96&d=mm&r=g\",\"caption\":\"Cope Alcoy\"}}]}<\/script>\n<!-- \/ Yoast SEO plugin. -->","yoast_head_json":{"title":"El Pont de Sant Jordi se cerrar\u00e1 al tr\u00e1fico el 26 de junio - COPE Alcoy","robots":{"index":"index","follow":"follow","max-snippet":"max-snippet:-1","max-image-preview":"max-image-preview:large","max-video-preview":"max-video-preview:-1"},"canonical":"https:\/\/www.copealcoy.es\/es\/el-pont-de-sant-jordi-se-cerrara-al-trafico-el-26-de-junio\/","og_locale":"es_ES","og_type":"article","og_title":"El Pont de Sant Jordi se cerrar\u00e1 al tr\u00e1fico el 26 de junio - COPE Alcoy","og_description":"Las obras para la remodelaci\u00f3n de la plataforma del Pont de Sant Jordi comenzar\u00e1n a ejecutarse a partir del pr\u00f3ximo...","og_url":"https:\/\/www.copealcoy.es\/es\/el-pont-de-sant-jordi-se-cerrara-al-trafico-el-26-de-junio\/","og_site_name":"COPE Alcoy","article_published_time":"2017-06-14T21:46:49+00:00","article_modified_time":"2017-06-14T21:50:00+00:00","og_image":[{"width":2592,"height":1944,"url":"https:\/\/www.copealcoy.es\/wp-content\/uploads\/2015\/05\/IMG_20150504_150916.jpg","type":"image\/jpeg"}],"author":"Cope Alcoy","twitter_misc":{"Escrito por":"Cope Alcoy","Tiempo de lectura":"1 minuto"},"schema":{"@context":"https:\/\/schema.org","@graph":[{"@type":"Article","@id":"https:\/\/www.copealcoy.es\/es\/el-pont-de-sant-jordi-se-cerrara-al-trafico-el-26-de-junio\/#article","isPartOf":{"@id":"https:\/\/www.copealcoy.es\/es\/el-pont-de-sant-jordi-se-cerrara-al-trafico-el-26-de-junio\/"},"author":{"name":"Cope Alcoy","@id":"https:\/\/www.copealcoy.es\/es\/#\/schema\/person\/e777c87fa024e57d40170af9df39882c"},"headline":"El Pont de Sant Jordi se cerrar\u00e1 al tr\u00e1fico el 26 de junio","datePublished":"2017-06-14T21:46:49+00:00","dateModified":"2017-06-14T21:50:00+00:00","mainEntityOfPage":{"@id":"https:\/\/www.copealcoy.es\/es\/el-pont-de-sant-jordi-se-cerrara-al-trafico-el-26-de-junio\/"},"wordCount":296,"commentCount":0,"image":{"@id":"https:\/\/www.copealcoy.es\/es\/el-pont-de-sant-jordi-se-cerrara-al-trafico-el-26-de-junio\/#primaryimage"},"thumbnailUrl":"https:\/\/www.copealcoy.es\/wp-content\/uploads\/2015\/05\/IMG_20150504_150916.jpg","keywords":["Alcoy","Jordi Mart\u00ednez","Obras","Pont de Sant Jordi","Tr\u00e1fico"],"articleSection":["Alcoy","Noticias","Portada"],"inLanguage":"es"},{"@type":"WebPage","@id":"https:\/\/www.copealcoy.es\/es\/el-pont-de-sant-jordi-se-cerrara-al-trafico-el-26-de-junio\/","url":"https:\/\/www.copealcoy.es\/es\/el-pont-de-sant-jordi-se-cerrara-al-trafico-el-26-de-junio\/","name":"El Pont de Sant Jordi se cerrar\u00e1 al tr\u00e1fico el 26 de junio - COPE Alcoy","isPartOf":{"@id":"https:\/\/www.copealcoy.es\/es\/#website"},"primaryImageOfPage":{"@id":"https:\/\/www.copealcoy.es\/es\/el-pont-de-sant-jordi-se-cerrara-al-trafico-el-26-de-junio\/#primaryimage"},"image":{"@id":"https:\/\/www.copealcoy.es\/es\/el-pont-de-sant-jordi-se-cerrara-al-trafico-el-26-de-junio\/#primaryimage"},"thumbnailUrl":"https:\/\/www.copealcoy.es\/wp-content\/uploads\/2015\/05\/IMG_20150504_150916.jpg","datePublished":"2017-06-14T21:46:49+00:00","dateModified":"2017-06-14T21:50:00+00:00","author":{"@id":"https:\/\/www.copealcoy.es\/es\/#\/schema\/person\/e777c87fa024e57d40170af9df39882c"},"breadcrumb":{"@id":"https:\/\/www.copealcoy.es\/es\/el-pont-de-sant-jordi-se-cerrara-al-trafico-el-26-de-junio\/#breadcrumb"},"inLanguage":"es","potentialAction":[{"@type":"ReadAction","target":["https:\/\/www.copealcoy.es\/es\/el-pont-de-sant-jordi-se-cerrara-al-trafico-el-26-de-junio\/"]}]},{"@type":"ImageObject","inLanguage":"es","@id":"https:\/\/www.copealcoy.es\/es\/el-pont-de-sant-jordi-se-cerrara-al-trafico-el-26-de-junio\/#primaryimage","url":"https:\/\/www.copealcoy.es\/wp-content\/uploads\/2015\/05\/IMG_20150504_150916.jpg","contentUrl":"https:\/\/www.copealcoy.es\/wp-content\/uploads\/2015\/05\/IMG_20150504_150916.jpg","width":1440,"height":1080},{"@type":"BreadcrumbList","@id":"https:\/\/www.copealcoy.es\/es\/el-pont-de-sant-jordi-se-cerrara-al-trafico-el-26-de-junio\/#breadcrumb","itemListElement":[{"@type":"ListItem","position":1,"name":"Portada","item":"https:\/\/www.copealcoy.es\/es\/"},{"@type":"ListItem","position":2,"name":"El Pont de Sant Jordi se cerrar\u00e1 al tr\u00e1fico el 26 de junio"}]},{"@type":"WebSite","@id":"https:\/\/www.copealcoy.es\/es\/#website","url":"https:\/\/www.copealcoy.es\/es\/","name":"COPE Alcoy","description":"Emisora COPE de radio local con emisi\u00f3n online. Pont de Sant Jordi 8-10 03803 Alcoy","potentialAction":[{"@type":"SearchAction","target":{"@type":"EntryPoint","urlTemplate":"https:\/\/www.copealcoy.es\/es\/?s={search_term_string}"},"query-input":{"@type":"PropertyValueSpecification","valueRequired":true,"valueName":"search_term_string"}}],"inLanguage":"es"},{"@type":"Person","@id":"https:\/\/www.copealcoy.es\/es\/#\/schema\/person\/e777c87fa024e57d40170af9df39882c","name":"Cope Alcoy","image":{"@type":"ImageObject","inLanguage":"es","@id":"https:\/\/secure.gravatar.com\/avatar\/bb65d0283347e303893ba14f0692005417c1e0e690a325a4c5d8bb2b3943ee14?s=96&d=mm&r=g","url":"https:\/\/secure.gravatar.com\/avatar\/bb65d0283347e303893ba14f0692005417c1e0e690a325a4c5d8bb2b3943ee14?s=96&d=mm&r=g","contentUrl":"https:\/\/secure.gravatar.com\/avatar\/bb65d0283347e303893ba14f0692005417c1e0e690a325a4c5d8bb2b3943ee14?s=96&d=mm&r=g","caption":"Cope Alcoy"}}]}},"_links":{"self":[{"href":"https:\/\/www.copealcoy.es\/es\/wp-json\/wp\/v2\/posts\/32768","targetHints":{"allow":["GET"]}}],"collection":[{"href":"https:\/\/www.copealcoy.es\/es\/wp-json\/wp\/v2\/posts"}],"about":[{"href":"https:\/\/www.copealcoy.es\/es\/wp-json\/wp\/v2\/types\/post"}],"author":[{"embeddable":true,"href":"https:\/\/www.copealcoy.es\/es\/wp-json\/wp\/v2\/users\/1"}],"replies":[{"embeddable":true,"href":"https:\/\/www.copealcoy.es\/es\/wp-json\/wp\/v2\/comments?post=32768"}],"version-history":[{"count":0,"href":"https:\/\/www.copealcoy.es\/es\/wp-json\/wp\/v2\/posts\/32768\/revisions"}],"wp:featuredmedia":[{"embeddable":true,"href":"https:\/\/www.copealcoy.es\/es\/wp-json\/wp\/v2\/media\/12726"}],"wp:attachment":[{"href":"https:\/\/www.copealcoy.es\/es\/wp-json\/wp\/v2\/media?parent=32768"}],"wp:term":[{"taxonomy":"category","embeddable":true,"href":"https:\/\/www.copealcoy.es\/es\/wp-json\/wp\/v2\/categories?post=32768"},{"taxonomy":"post_tag","embeddable":true,"href":"https:\/\/www.copealcoy.es\/es\/wp-json\/wp\/v2\/tags?post=32768"}],"curies":[{"name":"wp","href":"https:\/\/api.w.org\/{rel}","templated":true}]}}