{"id":32718,"date":"2017-06-13T16:40:47","date_gmt":"2017-06-13T16:40:47","guid":{"rendered":"http:\/\/copealcoi.es\/new\/?p=32718"},"modified":"2017-06-13T16:40:47","modified_gmt":"2017-06-13T16:40:47","slug":"benilloba-cerro-2016-con-superavit","status":"publish","type":"post","link":"https:\/\/www.copealcoy.es\/es\/benilloba-cerro-2016-con-superavit\/","title":{"rendered":"Benilloba cerr\u00f3 2016 con sup\u00e9ravit"},"content":{"rendered":"<p style=\"text-align: justify;\">Benilloba aprob\u00f3 a finales del pasado mes de mayo <strong>sus presupuestos municipales para este a\u00f1o 2017<\/strong> que ascienden a los\u00a0<strong>533.580 euros<\/strong>. Las cuentas contaron con el respaldo de <strong>los concejales de Comprom\u00eds y del PSOE<\/strong> mientras que el Partido Popular no las respald\u00f3 al no estar presentes en la correspondiente sesi\u00f3n plenaria. Adem\u00e1s en la misma\u00a0se dio cuenta del balance econ\u00f3mico de 2016 del Consistorio que <strong>ha arrojado un remanente de tesorer\u00eda positivo de 13.992 euros<\/strong> y un total de\u00a0102.655 euros\u00a0de super\u00e1vit.<\/p>\n<p style=\"text-align: justify;\">La alcaldesa de esta localidad del Comtat, <strong>Anna Delia Gisbert<\/strong>, explicaba este martes en el Informativo Comarcal de COPE ALCOY que <strong>el Consistorio tiene programadas varias inversiones para este a\u00f1o<\/strong> dentro del presupuesto como la\u00a0adecuaci\u00f3n del Cementerio, el parque de les Moreres, la zona deportiva e infraestructuras hidr\u00e1ulicas. Tambi\u00e9n se contempla <strong>acceder a varias subvenciones<\/strong>\u00a0para reparar los desperfectos del Auditorio o la recuperaci\u00f3n de les casetes dels Mestres &#8220;<em>a\u00a0pesar de esta pol\u00edtica de contenci\u00f3n del gasto no hemos dejado de programar diferentes actividades y dar vida al pueblo, gracias por un lado al trabajo incansable de los concejales que tratan de ahorrar hasta el \u00faltimo euro en cada actividades, como pueden ser las fiestas, y tambi\u00e9n al hecho de estar atentos a cualquier subvenci\u00f3n, as\u00ed como los acuerdos con instituciones como la Universidad de Alicante que nos permite hacer una programaci\u00f3n de actividades muy importante<\/em>&#8220;, matiza la primera edil.<\/p>\n<p style=\"text-align: justify;\">Por \u00faltimo la alcaldesa ha destacado que <strong>los presupuestos aprobados para este a\u00f1o van en la l\u00ednea de contenci\u00f3n del gasto<\/strong> y ha aseverado que las mismas contribuir\u00e1n a seguir saneando las arcas municipales &#8220;<em>en los dos a\u00f1os que llevamos en el gobierno hemos podido pagar parte de la deuda gracias que nos hemos puesto como m\u00e1xima no gastar m\u00e1s de lo que tenemos<\/em>&#8220;, concluye.<\/p>\n<p style=\"text-align: justify;\">\n<p style=\"text-align: justify;\">\n<p style=\"text-align: justify;\"><strong>\u00a0<\/strong><\/p>\n<p>&nbsp;<\/p>\n","protected":false},"excerpt":{"rendered":"<p>Benilloba aprob\u00f3 a finales del pasado mes de mayo sus presupuestos municipales para este a\u00f1o 2017 que ascienden a los\u00a0533.580&#8230;<\/p>\n","protected":false},"author":1,"featured_media":15603,"comment_status":"open","ping_status":"open","sticky":false,"template":"","format":"standard","meta":{"footnotes":""},"categories":[98,75],"tags":[2207,661,237,390,316],"class_list":["post-32718","post","type-post","status-publish","format-standard","has-post-thumbnail","hentry","category-comarcas","category-noticias","tag-anna-delia-gisbert","tag-benilloba","tag-comtat","tag-economia","tag-presupuestos"],"yoast_head":"<!-- This site is optimized with the Yoast SEO plugin v27.3 - https:\/\/yoast.com\/product\/yoast-seo-wordpress\/ -->\n<title>Benilloba cerr\u00f3 2016 con sup\u00e9ravit - COPE Alcoy<\/title>\n<meta name=\"robots\" content=\"index, follow, max-snippet:-1, max-image-preview:large, max-video-preview:-1\" \/>\n<link rel=\"canonical\" href=\"https:\/\/www.copealcoy.es\/es\/benilloba-cerro-2016-con-superavit\/\" \/>\n<meta property=\"og:locale\" content=\"es_ES\" \/>\n<meta property=\"og:type\" content=\"article\" \/>\n<meta property=\"og:title\" content=\"Benilloba cerr\u00f3 2016 con sup\u00e9ravit - COPE Alcoy\" \/>\n<meta property=\"og:description\" content=\"Benilloba aprob\u00f3 a finales del pasado mes de mayo sus presupuestos municipales para este a\u00f1o 2017 que ascienden a los\u00a0533.580...\" \/>\n<meta property=\"og:url\" content=\"https:\/\/www.copealcoy.es\/es\/benilloba-cerro-2016-con-superavit\/\" \/>\n<meta property=\"og:site_name\" content=\"COPE Alcoy\" \/>\n<meta property=\"article:published_time\" content=\"2017-06-13T16:40:47+00:00\" \/>\n<meta property=\"og:image\" content=\"https:\/\/www.copealcoy.es\/wp-content\/uploads\/2015\/09\/53567947.jpg\" \/>\n\t<meta property=\"og:image:width\" content=\"500\" \/>\n\t<meta property=\"og:image:height\" content=\"332\" \/>\n\t<meta property=\"og:image:type\" content=\"image\/jpeg\" \/>\n<meta name=\"author\" content=\"Cope Alcoy\" \/>\n<meta name=\"twitter:label1\" content=\"Escrito por\" \/>\n\t<meta name=\"twitter:data1\" content=\"Cope Alcoy\" \/>\n\t<meta name=\"twitter:label2\" content=\"Tiempo de lectura\" \/>\n\t<meta name=\"twitter:data2\" content=\"2 minutos\" \/>\n<script type=\"application\/ld+json\" class=\"yoast-schema-graph\">{\"@context\":\"https:\\\/\\\/schema.org\",\"@graph\":[{\"@type\":\"Article\",\"@id\":\"https:\\\/\\\/www.copealcoy.es\\\/es\\\/benilloba-cerro-2016-con-superavit\\\/#article\",\"isPartOf\":{\"@id\":\"https:\\\/\\\/www.copealcoy.es\\\/es\\\/benilloba-cerro-2016-con-superavit\\\/\"},\"author\":{\"name\":\"Cope Alcoy\",\"@id\":\"https:\\\/\\\/www.copealcoy.es\\\/es\\\/#\\\/schema\\\/person\\\/e777c87fa024e57d40170af9df39882c\"},\"headline\":\"Benilloba cerr\u00f3 2016 con sup\u00e9ravit\",\"datePublished\":\"2017-06-13T16:40:47+00:00\",\"mainEntityOfPage\":{\"@id\":\"https:\\\/\\\/www.copealcoy.es\\\/es\\\/benilloba-cerro-2016-con-superavit\\\/\"},\"wordCount\":328,\"commentCount\":0,\"image\":{\"@id\":\"https:\\\/\\\/www.copealcoy.es\\\/es\\\/benilloba-cerro-2016-con-superavit\\\/#primaryimage\"},\"thumbnailUrl\":\"https:\\\/\\\/www.copealcoy.es\\\/wp-content\\\/uploads\\\/2015\\\/09\\\/53567947.jpg\",\"keywords\":[\"Anna Delia Gisbert\",\"Benilloba\",\"Comtat\",\"Econom\u00eda\",\"Presupuestos\"],\"articleSection\":[\"Comarcas\",\"Noticias\"],\"inLanguage\":\"es\"},{\"@type\":\"WebPage\",\"@id\":\"https:\\\/\\\/www.copealcoy.es\\\/es\\\/benilloba-cerro-2016-con-superavit\\\/\",\"url\":\"https:\\\/\\\/www.copealcoy.es\\\/es\\\/benilloba-cerro-2016-con-superavit\\\/\",\"name\":\"Benilloba cerr\u00f3 2016 con sup\u00e9ravit - COPE Alcoy\",\"isPartOf\":{\"@id\":\"https:\\\/\\\/www.copealcoy.es\\\/es\\\/#website\"},\"primaryImageOfPage\":{\"@id\":\"https:\\\/\\\/www.copealcoy.es\\\/es\\\/benilloba-cerro-2016-con-superavit\\\/#primaryimage\"},\"image\":{\"@id\":\"https:\\\/\\\/www.copealcoy.es\\\/es\\\/benilloba-cerro-2016-con-superavit\\\/#primaryimage\"},\"thumbnailUrl\":\"https:\\\/\\\/www.copealcoy.es\\\/wp-content\\\/uploads\\\/2015\\\/09\\\/53567947.jpg\",\"datePublished\":\"2017-06-13T16:40:47+00:00\",\"author\":{\"@id\":\"https:\\\/\\\/www.copealcoy.es\\\/es\\\/#\\\/schema\\\/person\\\/e777c87fa024e57d40170af9df39882c\"},\"breadcrumb\":{\"@id\":\"https:\\\/\\\/www.copealcoy.es\\\/es\\\/benilloba-cerro-2016-con-superavit\\\/#breadcrumb\"},\"inLanguage\":\"es\",\"potentialAction\":[{\"@type\":\"ReadAction\",\"target\":[\"https:\\\/\\\/www.copealcoy.es\\\/es\\\/benilloba-cerro-2016-con-superavit\\\/\"]}]},{\"@type\":\"ImageObject\",\"inLanguage\":\"es\",\"@id\":\"https:\\\/\\\/www.copealcoy.es\\\/es\\\/benilloba-cerro-2016-con-superavit\\\/#primaryimage\",\"url\":\"https:\\\/\\\/www.copealcoy.es\\\/wp-content\\\/uploads\\\/2015\\\/09\\\/53567947.jpg\",\"contentUrl\":\"https:\\\/\\\/www.copealcoy.es\\\/wp-content\\\/uploads\\\/2015\\\/09\\\/53567947.jpg\",\"width\":500,\"height\":332},{\"@type\":\"BreadcrumbList\",\"@id\":\"https:\\\/\\\/www.copealcoy.es\\\/es\\\/benilloba-cerro-2016-con-superavit\\\/#breadcrumb\",\"itemListElement\":[{\"@type\":\"ListItem\",\"position\":1,\"name\":\"Portada\",\"item\":\"https:\\\/\\\/www.copealcoy.es\\\/es\\\/\"},{\"@type\":\"ListItem\",\"position\":2,\"name\":\"Benilloba cerr\u00f3 2016 con sup\u00e9ravit\"}]},{\"@type\":\"WebSite\",\"@id\":\"https:\\\/\\\/www.copealcoy.es\\\/es\\\/#website\",\"url\":\"https:\\\/\\\/www.copealcoy.es\\\/es\\\/\",\"name\":\"COPE Alcoy\",\"description\":\"Emisora COPE de radio local con emisi\u00f3n online. Pont de Sant Jordi 8-10 03803 Alcoy\",\"potentialAction\":[{\"@type\":\"SearchAction\",\"target\":{\"@type\":\"EntryPoint\",\"urlTemplate\":\"https:\\\/\\\/www.copealcoy.es\\\/es\\\/?s={search_term_string}\"},\"query-input\":{\"@type\":\"PropertyValueSpecification\",\"valueRequired\":true,\"valueName\":\"search_term_string\"}}],\"inLanguage\":\"es\"},{\"@type\":\"Person\",\"@id\":\"https:\\\/\\\/www.copealcoy.es\\\/es\\\/#\\\/schema\\\/person\\\/e777c87fa024e57d40170af9df39882c\",\"name\":\"Cope Alcoy\",\"image\":{\"@type\":\"ImageObject\",\"inLanguage\":\"es\",\"@id\":\"https:\\\/\\\/secure.gravatar.com\\\/avatar\\\/bb65d0283347e303893ba14f0692005417c1e0e690a325a4c5d8bb2b3943ee14?s=96&d=mm&r=g\",\"url\":\"https:\\\/\\\/secure.gravatar.com\\\/avatar\\\/bb65d0283347e303893ba14f0692005417c1e0e690a325a4c5d8bb2b3943ee14?s=96&d=mm&r=g\",\"contentUrl\":\"https:\\\/\\\/secure.gravatar.com\\\/avatar\\\/bb65d0283347e303893ba14f0692005417c1e0e690a325a4c5d8bb2b3943ee14?s=96&d=mm&r=g\",\"caption\":\"Cope Alcoy\"}}]}<\/script>\n<!-- \/ Yoast SEO plugin. -->","yoast_head_json":{"title":"Benilloba cerr\u00f3 2016 con sup\u00e9ravit - COPE Alcoy","robots":{"index":"index","follow":"follow","max-snippet":"max-snippet:-1","max-image-preview":"max-image-preview:large","max-video-preview":"max-video-preview:-1"},"canonical":"https:\/\/www.copealcoy.es\/es\/benilloba-cerro-2016-con-superavit\/","og_locale":"es_ES","og_type":"article","og_title":"Benilloba cerr\u00f3 2016 con sup\u00e9ravit - COPE Alcoy","og_description":"Benilloba aprob\u00f3 a finales del pasado mes de mayo sus presupuestos municipales para este a\u00f1o 2017 que ascienden a los\u00a0533.580...","og_url":"https:\/\/www.copealcoy.es\/es\/benilloba-cerro-2016-con-superavit\/","og_site_name":"COPE Alcoy","article_published_time":"2017-06-13T16:40:47+00:00","og_image":[{"width":500,"height":332,"url":"https:\/\/www.copealcoy.es\/wp-content\/uploads\/2015\/09\/53567947.jpg","type":"image\/jpeg"}],"author":"Cope Alcoy","twitter_misc":{"Escrito por":"Cope Alcoy","Tiempo de lectura":"2 minutos"},"schema":{"@context":"https:\/\/schema.org","@graph":[{"@type":"Article","@id":"https:\/\/www.copealcoy.es\/es\/benilloba-cerro-2016-con-superavit\/#article","isPartOf":{"@id":"https:\/\/www.copealcoy.es\/es\/benilloba-cerro-2016-con-superavit\/"},"author":{"name":"Cope Alcoy","@id":"https:\/\/www.copealcoy.es\/es\/#\/schema\/person\/e777c87fa024e57d40170af9df39882c"},"headline":"Benilloba cerr\u00f3 2016 con sup\u00e9ravit","datePublished":"2017-06-13T16:40:47+00:00","mainEntityOfPage":{"@id":"https:\/\/www.copealcoy.es\/es\/benilloba-cerro-2016-con-superavit\/"},"wordCount":328,"commentCount":0,"image":{"@id":"https:\/\/www.copealcoy.es\/es\/benilloba-cerro-2016-con-superavit\/#primaryimage"},"thumbnailUrl":"https:\/\/www.copealcoy.es\/wp-content\/uploads\/2015\/09\/53567947.jpg","keywords":["Anna Delia Gisbert","Benilloba","Comtat","Econom\u00eda","Presupuestos"],"articleSection":["Comarcas","Noticias"],"inLanguage":"es"},{"@type":"WebPage","@id":"https:\/\/www.copealcoy.es\/es\/benilloba-cerro-2016-con-superavit\/","url":"https:\/\/www.copealcoy.es\/es\/benilloba-cerro-2016-con-superavit\/","name":"Benilloba cerr\u00f3 2016 con sup\u00e9ravit - COPE Alcoy","isPartOf":{"@id":"https:\/\/www.copealcoy.es\/es\/#website"},"primaryImageOfPage":{"@id":"https:\/\/www.copealcoy.es\/es\/benilloba-cerro-2016-con-superavit\/#primaryimage"},"image":{"@id":"https:\/\/www.copealcoy.es\/es\/benilloba-cerro-2016-con-superavit\/#primaryimage"},"thumbnailUrl":"https:\/\/www.copealcoy.es\/wp-content\/uploads\/2015\/09\/53567947.jpg","datePublished":"2017-06-13T16:40:47+00:00","author":{"@id":"https:\/\/www.copealcoy.es\/es\/#\/schema\/person\/e777c87fa024e57d40170af9df39882c"},"breadcrumb":{"@id":"https:\/\/www.copealcoy.es\/es\/benilloba-cerro-2016-con-superavit\/#breadcrumb"},"inLanguage":"es","potentialAction":[{"@type":"ReadAction","target":["https:\/\/www.copealcoy.es\/es\/benilloba-cerro-2016-con-superavit\/"]}]},{"@type":"ImageObject","inLanguage":"es","@id":"https:\/\/www.copealcoy.es\/es\/benilloba-cerro-2016-con-superavit\/#primaryimage","url":"https:\/\/www.copealcoy.es\/wp-content\/uploads\/2015\/09\/53567947.jpg","contentUrl":"https:\/\/www.copealcoy.es\/wp-content\/uploads\/2015\/09\/53567947.jpg","width":500,"height":332},{"@type":"BreadcrumbList","@id":"https:\/\/www.copealcoy.es\/es\/benilloba-cerro-2016-con-superavit\/#breadcrumb","itemListElement":[{"@type":"ListItem","position":1,"name":"Portada","item":"https:\/\/www.copealcoy.es\/es\/"},{"@type":"ListItem","position":2,"name":"Benilloba cerr\u00f3 2016 con sup\u00e9ravit"}]},{"@type":"WebSite","@id":"https:\/\/www.copealcoy.es\/es\/#website","url":"https:\/\/www.copealcoy.es\/es\/","name":"COPE Alcoy","description":"Emisora COPE de radio local con emisi\u00f3n online. Pont de Sant Jordi 8-10 03803 Alcoy","potentialAction":[{"@type":"SearchAction","target":{"@type":"EntryPoint","urlTemplate":"https:\/\/www.copealcoy.es\/es\/?s={search_term_string}"},"query-input":{"@type":"PropertyValueSpecification","valueRequired":true,"valueName":"search_term_string"}}],"inLanguage":"es"},{"@type":"Person","@id":"https:\/\/www.copealcoy.es\/es\/#\/schema\/person\/e777c87fa024e57d40170af9df39882c","name":"Cope Alcoy","image":{"@type":"ImageObject","inLanguage":"es","@id":"https:\/\/secure.gravatar.com\/avatar\/bb65d0283347e303893ba14f0692005417c1e0e690a325a4c5d8bb2b3943ee14?s=96&d=mm&r=g","url":"https:\/\/secure.gravatar.com\/avatar\/bb65d0283347e303893ba14f0692005417c1e0e690a325a4c5d8bb2b3943ee14?s=96&d=mm&r=g","contentUrl":"https:\/\/secure.gravatar.com\/avatar\/bb65d0283347e303893ba14f0692005417c1e0e690a325a4c5d8bb2b3943ee14?s=96&d=mm&r=g","caption":"Cope Alcoy"}}]}},"_links":{"self":[{"href":"https:\/\/www.copealcoy.es\/es\/wp-json\/wp\/v2\/posts\/32718","targetHints":{"allow":["GET"]}}],"collection":[{"href":"https:\/\/www.copealcoy.es\/es\/wp-json\/wp\/v2\/posts"}],"about":[{"href":"https:\/\/www.copealcoy.es\/es\/wp-json\/wp\/v2\/types\/post"}],"author":[{"embeddable":true,"href":"https:\/\/www.copealcoy.es\/es\/wp-json\/wp\/v2\/users\/1"}],"replies":[{"embeddable":true,"href":"https:\/\/www.copealcoy.es\/es\/wp-json\/wp\/v2\/comments?post=32718"}],"version-history":[{"count":0,"href":"https:\/\/www.copealcoy.es\/es\/wp-json\/wp\/v2\/posts\/32718\/revisions"}],"wp:featuredmedia":[{"embeddable":true,"href":"https:\/\/www.copealcoy.es\/es\/wp-json\/wp\/v2\/media\/15603"}],"wp:attachment":[{"href":"https:\/\/www.copealcoy.es\/es\/wp-json\/wp\/v2\/media?parent=32718"}],"wp:term":[{"taxonomy":"category","embeddable":true,"href":"https:\/\/www.copealcoy.es\/es\/wp-json\/wp\/v2\/categories?post=32718"},{"taxonomy":"post_tag","embeddable":true,"href":"https:\/\/www.copealcoy.es\/es\/wp-json\/wp\/v2\/tags?post=32718"}],"curies":[{"name":"wp","href":"https:\/\/api.w.org\/{rel}","templated":true}]}}