{"id":32696,"date":"2017-06-13T06:05:16","date_gmt":"2017-06-13T06:05:16","guid":{"rendered":"http:\/\/copealcoi.es\/new\/?p=32696"},"modified":"2017-06-13T10:43:46","modified_gmt":"2017-06-13T10:43:46","slug":"cocentaina-adelanta-el-inicio-de-la-entrada-a-las-7-de-la-tarde","status":"publish","type":"post","link":"https:\/\/www.copealcoy.es\/es\/cocentaina-adelanta-el-inicio-de-la-entrada-a-las-7-de-la-tarde\/","title":{"rendered":"Cocentaina adelanta el inicio de la Entrada a las 7 de la tarde"},"content":{"rendered":"<p style=\"text-align: justify;\">Cocentaina <strong>adelantar\u00e1 en este 2017 el inicio de la Entrada de Moros y Cristianos<\/strong> a las siete de la tarde.\u00a0La Federaci\u00f3n Junta de Fiestas <strong>ha acordado por unanimidad<\/strong> este cambio despu\u00e9s de <strong>debatir \u00a0la propuesta\u00a0lanzada por\u00a0los Caps de Fil\u00e0<\/strong> en la \u00faltima asamblea\u00a0que ha celebrado la entidad. De esta forma <strong>el acto\u00a0recuperar\u00e1 su antiguo horario<\/strong>, dejando atr\u00e1s el arranque del desfile a las 20 horas que se aprob\u00f3 en 2014 y que se ha mantenido en los \u00faltimos tres a\u00f1os.<\/p>\n<p style=\"text-align: justify;\">El presidente de la Federaci\u00f3n Junta de Fiestas, <strong>Hip\u00f2lit Borr\u00e0s<\/strong>, explica que <strong>esta decisi\u00f3n se ha adoptado despu\u00e9s de evaluar el transcurso de la Entrada del pasado a\u00f1o<\/strong> y las caracter\u00edsticas que tendr\u00e1 la misma en\u00a0este 2017 \u201c<em>todos hemos coincidido en que el acto termin\u00f3 m\u00e1s tarde de lo que estaba previsto porque se increment\u00f3 la participaci\u00f3n al haber una formaci\u00f3n m\u00e1s en el bando cristiano y porque varias Filaes celebraron efem\u00e9rides. Este a\u00f1o tambi\u00e9n tenemos la circunstancia de que a los boatos de los cuatro cargos se sumar\u00e1n las escuadras especiales del 75 aniversario de los Mud\u00e9jares y Bequeteros<\/em>, <em>con lo cual nos enfrentamos a que el desfile pueda acabar demasiado tarde<\/em>\u201d. En este sentido el Presidente de la Junta de Fiestas <strong>tambi\u00e9n aclara que este cambio estar\u00e1 sometido a la evaluaci\u00f3n de los Caps de Fil\u00e0<\/strong> una vez termine la trilog\u00eda festera del pr\u00f3ximo agosto \u201c<em>para ver si funciona y si se mantiene o si adoptamos otra soluci\u00f3n. El principal objetivo es conseguir un desfile fluido para que las \u00faltimas Filaes y especialmente la del abanderado moro, no tengan que enfrentarse a menos p\u00fablico en las sillas por ser ya altas horas de la noche<\/em>\u201d, indica.<\/p>\n<p style=\"text-align: justify;\">Se\u00f1alar que la Entrada de Moros y Cristianos de Cocentaina <strong>ya retras\u00f3 en una hora su inicio en el a\u00f1o 1996<\/strong> al aprobarse en aquel momento una serie de cambios que implicaron el paso del primer d\u00eda de la trilog\u00eda del domingo al s\u00e1bado.\u00a0Este horario<strong> se mantuvo en vigor hasta 2014<\/strong>, a\u00f1o en el que los Caps de Fil\u00e0 y la Junta de Fiestas acordaron por amplia mayor\u00eda <strong>que el acto se iniciase a las 20 horas<\/strong> para evitar el fuerte calor habitual de cada mes de agosto. Ahora, tras tres a\u00f1os con este formato implantado, el desfile del pr\u00f3ximo 12 de agosto <strong>volver\u00e1 a dar comienzo a las siete en punto de la tarde<\/strong> desde la parte alta del Passeig del Comtat.<\/p>\n","protected":false},"excerpt":{"rendered":"<p>Cocentaina adelantar\u00e1 en este 2017 el inicio de la Entrada de Moros y Cristianos a las siete de la tarde.\u00a0La&#8230;<\/p>\n","protected":false},"author":1,"featured_media":24477,"comment_status":"open","ping_status":"open","sticky":false,"template":"","format":"standard","meta":{"footnotes":""},"categories":[98,75],"tags":[132,237,1987,3220,609],"class_list":["post-32696","post","type-post","status-publish","format-standard","has-post-thumbnail","hentry","category-comarcas","category-noticias","tag-cocentaina","tag-comtat","tag-entrada","tag-hipolit-borras","tag-moros-y-cristianos"],"yoast_head":"<!-- This site is optimized with the Yoast SEO plugin v27.3 - https:\/\/yoast.com\/product\/yoast-seo-wordpress\/ -->\n<title>Cocentaina adelanta el inicio de la Entrada a las 7 de la tarde - COPE Alcoy<\/title>\n<meta name=\"robots\" content=\"index, follow, max-snippet:-1, max-image-preview:large, max-video-preview:-1\" \/>\n<link rel=\"canonical\" href=\"https:\/\/www.copealcoy.es\/es\/cocentaina-adelanta-el-inicio-de-la-entrada-a-las-7-de-la-tarde\/\" \/>\n<meta property=\"og:locale\" content=\"es_ES\" \/>\n<meta property=\"og:type\" content=\"article\" \/>\n<meta property=\"og:title\" content=\"Cocentaina adelanta el inicio de la Entrada a las 7 de la tarde - COPE Alcoy\" \/>\n<meta property=\"og:description\" content=\"Cocentaina adelantar\u00e1 en este 2017 el inicio de la Entrada de Moros y Cristianos a las siete de la tarde.\u00a0La...\" \/>\n<meta property=\"og:url\" content=\"https:\/\/www.copealcoy.es\/es\/cocentaina-adelanta-el-inicio-de-la-entrada-a-las-7-de-la-tarde\/\" \/>\n<meta property=\"og:site_name\" content=\"COPE Alcoy\" \/>\n<meta property=\"article:published_time\" content=\"2017-06-13T06:05:16+00:00\" \/>\n<meta property=\"article:modified_time\" content=\"2017-06-13T10:43:46+00:00\" \/>\n<meta property=\"og:image\" content=\"https:\/\/www.copealcoy.es\/wp-content\/uploads\/2016\/08\/13962608_928952470561020_2124552510210345003_n.jpg\" \/>\n\t<meta property=\"og:image:width\" content=\"591\" \/>\n\t<meta property=\"og:image:height\" content=\"394\" \/>\n\t<meta property=\"og:image:type\" content=\"image\/jpeg\" \/>\n<meta name=\"author\" content=\"Cope Alcoy\" \/>\n<meta name=\"twitter:label1\" content=\"Escrito por\" \/>\n\t<meta name=\"twitter:data1\" content=\"Cope Alcoy\" \/>\n\t<meta name=\"twitter:label2\" content=\"Tiempo de lectura\" \/>\n\t<meta name=\"twitter:data2\" content=\"2 minutos\" \/>\n<script type=\"application\/ld+json\" class=\"yoast-schema-graph\">{\"@context\":\"https:\\\/\\\/schema.org\",\"@graph\":[{\"@type\":\"Article\",\"@id\":\"https:\\\/\\\/www.copealcoy.es\\\/es\\\/cocentaina-adelanta-el-inicio-de-la-entrada-a-las-7-de-la-tarde\\\/#article\",\"isPartOf\":{\"@id\":\"https:\\\/\\\/www.copealcoy.es\\\/es\\\/cocentaina-adelanta-el-inicio-de-la-entrada-a-las-7-de-la-tarde\\\/\"},\"author\":{\"name\":\"Cope Alcoy\",\"@id\":\"https:\\\/\\\/www.copealcoy.es\\\/es\\\/#\\\/schema\\\/person\\\/e777c87fa024e57d40170af9df39882c\"},\"headline\":\"Cocentaina adelanta el inicio de la Entrada a las 7 de la tarde\",\"datePublished\":\"2017-06-13T06:05:16+00:00\",\"dateModified\":\"2017-06-13T10:43:46+00:00\",\"mainEntityOfPage\":{\"@id\":\"https:\\\/\\\/www.copealcoy.es\\\/es\\\/cocentaina-adelanta-el-inicio-de-la-entrada-a-las-7-de-la-tarde\\\/\"},\"wordCount\":446,\"commentCount\":0,\"image\":{\"@id\":\"https:\\\/\\\/www.copealcoy.es\\\/es\\\/cocentaina-adelanta-el-inicio-de-la-entrada-a-las-7-de-la-tarde\\\/#primaryimage\"},\"thumbnailUrl\":\"https:\\\/\\\/www.copealcoy.es\\\/wp-content\\\/uploads\\\/2016\\\/08\\\/13962608_928952470561020_2124552510210345003_n.jpg\",\"keywords\":[\"Cocentaina\",\"Comtat\",\"Entrada\",\"Hip\u00f2lit Borr\u00e1s\",\"Moros Y Cristianos\"],\"articleSection\":[\"Comarcas\",\"Noticias\"],\"inLanguage\":\"es\"},{\"@type\":\"WebPage\",\"@id\":\"https:\\\/\\\/www.copealcoy.es\\\/es\\\/cocentaina-adelanta-el-inicio-de-la-entrada-a-las-7-de-la-tarde\\\/\",\"url\":\"https:\\\/\\\/www.copealcoy.es\\\/es\\\/cocentaina-adelanta-el-inicio-de-la-entrada-a-las-7-de-la-tarde\\\/\",\"name\":\"Cocentaina adelanta el inicio de la Entrada a las 7 de la tarde - COPE Alcoy\",\"isPartOf\":{\"@id\":\"https:\\\/\\\/www.copealcoy.es\\\/es\\\/#website\"},\"primaryImageOfPage\":{\"@id\":\"https:\\\/\\\/www.copealcoy.es\\\/es\\\/cocentaina-adelanta-el-inicio-de-la-entrada-a-las-7-de-la-tarde\\\/#primaryimage\"},\"image\":{\"@id\":\"https:\\\/\\\/www.copealcoy.es\\\/es\\\/cocentaina-adelanta-el-inicio-de-la-entrada-a-las-7-de-la-tarde\\\/#primaryimage\"},\"thumbnailUrl\":\"https:\\\/\\\/www.copealcoy.es\\\/wp-content\\\/uploads\\\/2016\\\/08\\\/13962608_928952470561020_2124552510210345003_n.jpg\",\"datePublished\":\"2017-06-13T06:05:16+00:00\",\"dateModified\":\"2017-06-13T10:43:46+00:00\",\"author\":{\"@id\":\"https:\\\/\\\/www.copealcoy.es\\\/es\\\/#\\\/schema\\\/person\\\/e777c87fa024e57d40170af9df39882c\"},\"breadcrumb\":{\"@id\":\"https:\\\/\\\/www.copealcoy.es\\\/es\\\/cocentaina-adelanta-el-inicio-de-la-entrada-a-las-7-de-la-tarde\\\/#breadcrumb\"},\"inLanguage\":\"es\",\"potentialAction\":[{\"@type\":\"ReadAction\",\"target\":[\"https:\\\/\\\/www.copealcoy.es\\\/es\\\/cocentaina-adelanta-el-inicio-de-la-entrada-a-las-7-de-la-tarde\\\/\"]}]},{\"@type\":\"ImageObject\",\"inLanguage\":\"es\",\"@id\":\"https:\\\/\\\/www.copealcoy.es\\\/es\\\/cocentaina-adelanta-el-inicio-de-la-entrada-a-las-7-de-la-tarde\\\/#primaryimage\",\"url\":\"https:\\\/\\\/www.copealcoy.es\\\/wp-content\\\/uploads\\\/2016\\\/08\\\/13962608_928952470561020_2124552510210345003_n.jpg\",\"contentUrl\":\"https:\\\/\\\/www.copealcoy.es\\\/wp-content\\\/uploads\\\/2016\\\/08\\\/13962608_928952470561020_2124552510210345003_n.jpg\",\"width\":591,\"height\":394,\"caption\":\"La Fil\u00e0 Guardia Jalifiana con su escuadra especial \\\/ Foto: Pau Vela\"},{\"@type\":\"BreadcrumbList\",\"@id\":\"https:\\\/\\\/www.copealcoy.es\\\/es\\\/cocentaina-adelanta-el-inicio-de-la-entrada-a-las-7-de-la-tarde\\\/#breadcrumb\",\"itemListElement\":[{\"@type\":\"ListItem\",\"position\":1,\"name\":\"Portada\",\"item\":\"https:\\\/\\\/www.copealcoy.es\\\/es\\\/\"},{\"@type\":\"ListItem\",\"position\":2,\"name\":\"Cocentaina adelanta el inicio de la Entrada a las 7 de la tarde\"}]},{\"@type\":\"WebSite\",\"@id\":\"https:\\\/\\\/www.copealcoy.es\\\/es\\\/#website\",\"url\":\"https:\\\/\\\/www.copealcoy.es\\\/es\\\/\",\"name\":\"COPE Alcoy\",\"description\":\"Emisora COPE de radio local con emisi\u00f3n online. Pont de Sant Jordi 8-10 03803 Alcoy\",\"potentialAction\":[{\"@type\":\"SearchAction\",\"target\":{\"@type\":\"EntryPoint\",\"urlTemplate\":\"https:\\\/\\\/www.copealcoy.es\\\/es\\\/?s={search_term_string}\"},\"query-input\":{\"@type\":\"PropertyValueSpecification\",\"valueRequired\":true,\"valueName\":\"search_term_string\"}}],\"inLanguage\":\"es\"},{\"@type\":\"Person\",\"@id\":\"https:\\\/\\\/www.copealcoy.es\\\/es\\\/#\\\/schema\\\/person\\\/e777c87fa024e57d40170af9df39882c\",\"name\":\"Cope Alcoy\",\"image\":{\"@type\":\"ImageObject\",\"inLanguage\":\"es\",\"@id\":\"https:\\\/\\\/secure.gravatar.com\\\/avatar\\\/bb65d0283347e303893ba14f0692005417c1e0e690a325a4c5d8bb2b3943ee14?s=96&d=mm&r=g\",\"url\":\"https:\\\/\\\/secure.gravatar.com\\\/avatar\\\/bb65d0283347e303893ba14f0692005417c1e0e690a325a4c5d8bb2b3943ee14?s=96&d=mm&r=g\",\"contentUrl\":\"https:\\\/\\\/secure.gravatar.com\\\/avatar\\\/bb65d0283347e303893ba14f0692005417c1e0e690a325a4c5d8bb2b3943ee14?s=96&d=mm&r=g\",\"caption\":\"Cope Alcoy\"}}]}<\/script>\n<!-- \/ Yoast SEO plugin. -->","yoast_head_json":{"title":"Cocentaina adelanta el inicio de la Entrada a las 7 de la tarde - COPE Alcoy","robots":{"index":"index","follow":"follow","max-snippet":"max-snippet:-1","max-image-preview":"max-image-preview:large","max-video-preview":"max-video-preview:-1"},"canonical":"https:\/\/www.copealcoy.es\/es\/cocentaina-adelanta-el-inicio-de-la-entrada-a-las-7-de-la-tarde\/","og_locale":"es_ES","og_type":"article","og_title":"Cocentaina adelanta el inicio de la Entrada a las 7 de la tarde - COPE Alcoy","og_description":"Cocentaina adelantar\u00e1 en este 2017 el inicio de la Entrada de Moros y Cristianos a las siete de la tarde.\u00a0La...","og_url":"https:\/\/www.copealcoy.es\/es\/cocentaina-adelanta-el-inicio-de-la-entrada-a-las-7-de-la-tarde\/","og_site_name":"COPE Alcoy","article_published_time":"2017-06-13T06:05:16+00:00","article_modified_time":"2017-06-13T10:43:46+00:00","og_image":[{"width":591,"height":394,"url":"https:\/\/www.copealcoy.es\/wp-content\/uploads\/2016\/08\/13962608_928952470561020_2124552510210345003_n.jpg","type":"image\/jpeg"}],"author":"Cope Alcoy","twitter_misc":{"Escrito por":"Cope Alcoy","Tiempo de lectura":"2 minutos"},"schema":{"@context":"https:\/\/schema.org","@graph":[{"@type":"Article","@id":"https:\/\/www.copealcoy.es\/es\/cocentaina-adelanta-el-inicio-de-la-entrada-a-las-7-de-la-tarde\/#article","isPartOf":{"@id":"https:\/\/www.copealcoy.es\/es\/cocentaina-adelanta-el-inicio-de-la-entrada-a-las-7-de-la-tarde\/"},"author":{"name":"Cope Alcoy","@id":"https:\/\/www.copealcoy.es\/es\/#\/schema\/person\/e777c87fa024e57d40170af9df39882c"},"headline":"Cocentaina adelanta el inicio de la Entrada a las 7 de la tarde","datePublished":"2017-06-13T06:05:16+00:00","dateModified":"2017-06-13T10:43:46+00:00","mainEntityOfPage":{"@id":"https:\/\/www.copealcoy.es\/es\/cocentaina-adelanta-el-inicio-de-la-entrada-a-las-7-de-la-tarde\/"},"wordCount":446,"commentCount":0,"image":{"@id":"https:\/\/www.copealcoy.es\/es\/cocentaina-adelanta-el-inicio-de-la-entrada-a-las-7-de-la-tarde\/#primaryimage"},"thumbnailUrl":"https:\/\/www.copealcoy.es\/wp-content\/uploads\/2016\/08\/13962608_928952470561020_2124552510210345003_n.jpg","keywords":["Cocentaina","Comtat","Entrada","Hip\u00f2lit Borr\u00e1s","Moros Y Cristianos"],"articleSection":["Comarcas","Noticias"],"inLanguage":"es"},{"@type":"WebPage","@id":"https:\/\/www.copealcoy.es\/es\/cocentaina-adelanta-el-inicio-de-la-entrada-a-las-7-de-la-tarde\/","url":"https:\/\/www.copealcoy.es\/es\/cocentaina-adelanta-el-inicio-de-la-entrada-a-las-7-de-la-tarde\/","name":"Cocentaina adelanta el inicio de la Entrada a las 7 de la tarde - COPE Alcoy","isPartOf":{"@id":"https:\/\/www.copealcoy.es\/es\/#website"},"primaryImageOfPage":{"@id":"https:\/\/www.copealcoy.es\/es\/cocentaina-adelanta-el-inicio-de-la-entrada-a-las-7-de-la-tarde\/#primaryimage"},"image":{"@id":"https:\/\/www.copealcoy.es\/es\/cocentaina-adelanta-el-inicio-de-la-entrada-a-las-7-de-la-tarde\/#primaryimage"},"thumbnailUrl":"https:\/\/www.copealcoy.es\/wp-content\/uploads\/2016\/08\/13962608_928952470561020_2124552510210345003_n.jpg","datePublished":"2017-06-13T06:05:16+00:00","dateModified":"2017-06-13T10:43:46+00:00","author":{"@id":"https:\/\/www.copealcoy.es\/es\/#\/schema\/person\/e777c87fa024e57d40170af9df39882c"},"breadcrumb":{"@id":"https:\/\/www.copealcoy.es\/es\/cocentaina-adelanta-el-inicio-de-la-entrada-a-las-7-de-la-tarde\/#breadcrumb"},"inLanguage":"es","potentialAction":[{"@type":"ReadAction","target":["https:\/\/www.copealcoy.es\/es\/cocentaina-adelanta-el-inicio-de-la-entrada-a-las-7-de-la-tarde\/"]}]},{"@type":"ImageObject","inLanguage":"es","@id":"https:\/\/www.copealcoy.es\/es\/cocentaina-adelanta-el-inicio-de-la-entrada-a-las-7-de-la-tarde\/#primaryimage","url":"https:\/\/www.copealcoy.es\/wp-content\/uploads\/2016\/08\/13962608_928952470561020_2124552510210345003_n.jpg","contentUrl":"https:\/\/www.copealcoy.es\/wp-content\/uploads\/2016\/08\/13962608_928952470561020_2124552510210345003_n.jpg","width":591,"height":394,"caption":"La Fil\u00e0 Guardia Jalifiana con su escuadra especial \/ Foto: Pau Vela"},{"@type":"BreadcrumbList","@id":"https:\/\/www.copealcoy.es\/es\/cocentaina-adelanta-el-inicio-de-la-entrada-a-las-7-de-la-tarde\/#breadcrumb","itemListElement":[{"@type":"ListItem","position":1,"name":"Portada","item":"https:\/\/www.copealcoy.es\/es\/"},{"@type":"ListItem","position":2,"name":"Cocentaina adelanta el inicio de la Entrada a las 7 de la tarde"}]},{"@type":"WebSite","@id":"https:\/\/www.copealcoy.es\/es\/#website","url":"https:\/\/www.copealcoy.es\/es\/","name":"COPE Alcoy","description":"Emisora COPE de radio local con emisi\u00f3n online. Pont de Sant Jordi 8-10 03803 Alcoy","potentialAction":[{"@type":"SearchAction","target":{"@type":"EntryPoint","urlTemplate":"https:\/\/www.copealcoy.es\/es\/?s={search_term_string}"},"query-input":{"@type":"PropertyValueSpecification","valueRequired":true,"valueName":"search_term_string"}}],"inLanguage":"es"},{"@type":"Person","@id":"https:\/\/www.copealcoy.es\/es\/#\/schema\/person\/e777c87fa024e57d40170af9df39882c","name":"Cope Alcoy","image":{"@type":"ImageObject","inLanguage":"es","@id":"https:\/\/secure.gravatar.com\/avatar\/bb65d0283347e303893ba14f0692005417c1e0e690a325a4c5d8bb2b3943ee14?s=96&d=mm&r=g","url":"https:\/\/secure.gravatar.com\/avatar\/bb65d0283347e303893ba14f0692005417c1e0e690a325a4c5d8bb2b3943ee14?s=96&d=mm&r=g","contentUrl":"https:\/\/secure.gravatar.com\/avatar\/bb65d0283347e303893ba14f0692005417c1e0e690a325a4c5d8bb2b3943ee14?s=96&d=mm&r=g","caption":"Cope Alcoy"}}]}},"_links":{"self":[{"href":"https:\/\/www.copealcoy.es\/es\/wp-json\/wp\/v2\/posts\/32696","targetHints":{"allow":["GET"]}}],"collection":[{"href":"https:\/\/www.copealcoy.es\/es\/wp-json\/wp\/v2\/posts"}],"about":[{"href":"https:\/\/www.copealcoy.es\/es\/wp-json\/wp\/v2\/types\/post"}],"author":[{"embeddable":true,"href":"https:\/\/www.copealcoy.es\/es\/wp-json\/wp\/v2\/users\/1"}],"replies":[{"embeddable":true,"href":"https:\/\/www.copealcoy.es\/es\/wp-json\/wp\/v2\/comments?post=32696"}],"version-history":[{"count":0,"href":"https:\/\/www.copealcoy.es\/es\/wp-json\/wp\/v2\/posts\/32696\/revisions"}],"wp:featuredmedia":[{"embeddable":true,"href":"https:\/\/www.copealcoy.es\/es\/wp-json\/wp\/v2\/media\/24477"}],"wp:attachment":[{"href":"https:\/\/www.copealcoy.es\/es\/wp-json\/wp\/v2\/media?parent=32696"}],"wp:term":[{"taxonomy":"category","embeddable":true,"href":"https:\/\/www.copealcoy.es\/es\/wp-json\/wp\/v2\/categories?post=32696"},{"taxonomy":"post_tag","embeddable":true,"href":"https:\/\/www.copealcoy.es\/es\/wp-json\/wp\/v2\/tags?post=32696"}],"curies":[{"name":"wp","href":"https:\/\/api.w.org\/{rel}","templated":true}]}}