{"id":32631,"date":"2017-06-09T22:14:15","date_gmt":"2017-06-09T22:14:15","guid":{"rendered":"http:\/\/copealcoi.es\/new\/?p=32631"},"modified":"2017-06-09T22:18:09","modified_gmt":"2017-06-09T22:18:09","slug":"benillup-acoge-la-segunda-trobada-pobles-per-la-diversitat","status":"publish","type":"post","link":"https:\/\/www.copealcoy.es\/es\/benillup-acoge-la-segunda-trobada-pobles-per-la-diversitat\/","title":{"rendered":"Benillup acoge la segunda Trobada de Pobles per la Diversitat"},"content":{"rendered":"<p style=\"text-align: justify;\">Benillup acoge este s\u00e1bado 10 de junio <strong>la segunda Trobada de Pobles per la Diversitat<\/strong> en una jornada festiva y l\u00fadica que <strong>contar\u00e1 con numerosas actividades<\/strong> organizadas por el <strong>colectivo LGTBI Mariola<\/strong>, los festeros del municipio y el Ayuntamiento.<\/p>\n<p style=\"text-align: justify;\">En el programa destaca\u00a0<strong>una excursi\u00f3n por los alrededores del pueblo y una comida de hermandad<\/strong> as\u00ed como una <strong>exposici\u00f3n<\/strong> sobre\u00a0los derechos humanos. Tambi\u00e9n habr\u00e1 <strong>una charla<\/strong> a cargo de Amnist\u00eda Internacional sobre la situaci\u00f3n de las personas LGTBI en diferentes pa\u00edses de Europa y \u00c1frica. Por otra parte se realizar\u00e1n <strong>talleres did\u00e1cticos<\/strong>, <strong>pasacalles<\/strong> a cargo de la Colla El Pinyol de Callosa d\u00b4en Sarri\u00e0, la actuaci\u00f3n del mago Lumaki o el cantacan\u00e7ons Dani Miquel as\u00ed como la de Germans Quartet. Uno de los platos fuertes <strong>ser\u00e1 la crem\u00e0 de un armario<\/strong> con el fin de simbolizar la necesidad de que la sociedad avance hacia la ruptura de barreras y perjuicios.<\/p>\n<p style=\"text-align: justify;\">Desde LGTBI Mariola <strong>han hecho un llamamiento a la participaci\u00f3n<\/strong> y han destacado que el motivo de elegir Benillup para este acto radica en que con el mismo <strong>se quiere apoyar la lucha que est\u00e1n realizando los vecinos<\/strong> para conseguir soluciones que frenen la <strong>erosi\u00f3n del Barranc de Caraita<\/strong>. Del mismo modo inciden en la importancia de realizar estas iniciativas en localidades\u00a0del interior de la comarca &#8220;<em>con esta jornada queremos poner en valor la idea\u00a0de que se puede vivir con naturalidad toda orientaci\u00f3n sexual e identidad de g\u00e9nero al margen de si se hace en una gran ciudad o en un peque\u00f1o pueblo de solo un centenar de habitantes<\/em>&#8220;, asegura <strong>Jordi Jim\u00e9nez<\/strong>, presidente del colectivo.<\/p>\n","protected":false},"excerpt":{"rendered":"<p>Benillup acoge este s\u00e1bado 10 de junio la segunda Trobada de Pobles per la Diversitat en una jornada festiva y&#8230;<\/p>\n","protected":false},"author":1,"featured_media":32632,"comment_status":"open","ping_status":"open","sticky":false,"template":"","format":"standard","meta":{"footnotes":""},"categories":[98,75],"tags":[409,4266,4265,4264],"class_list":["post-32631","post","type-post","status-publish","format-standard","has-post-thumbnail","hentry","category-comarcas","category-noticias","tag-benillup","tag-lgtbi","tag-pobles-diversitat","tag-trobada"],"yoast_head":"<!-- This site is optimized with the Yoast SEO plugin v27.3 - https:\/\/yoast.com\/product\/yoast-seo-wordpress\/ -->\n<title>Benillup acoge la segunda Trobada de Pobles per la Diversitat - COPE Alcoy<\/title>\n<meta name=\"robots\" content=\"index, follow, max-snippet:-1, max-image-preview:large, max-video-preview:-1\" \/>\n<link rel=\"canonical\" href=\"https:\/\/www.copealcoy.es\/es\/benillup-acoge-la-segunda-trobada-pobles-per-la-diversitat\/\" \/>\n<meta property=\"og:locale\" content=\"es_ES\" \/>\n<meta property=\"og:type\" content=\"article\" \/>\n<meta property=\"og:title\" content=\"Benillup acoge la segunda Trobada de Pobles per la Diversitat - COPE Alcoy\" \/>\n<meta property=\"og:description\" content=\"Benillup acoge este s\u00e1bado 10 de junio la segunda Trobada de Pobles per la Diversitat en una jornada festiva y...\" \/>\n<meta property=\"og:url\" content=\"https:\/\/www.copealcoy.es\/es\/benillup-acoge-la-segunda-trobada-pobles-per-la-diversitat\/\" \/>\n<meta property=\"og:site_name\" content=\"COPE Alcoy\" \/>\n<meta property=\"article:published_time\" content=\"2017-06-09T22:14:15+00:00\" \/>\n<meta property=\"article:modified_time\" content=\"2017-06-09T22:18:09+00:00\" \/>\n<meta property=\"og:image\" content=\"https:\/\/www.copealcoy.es\/wp-content\/uploads\/2017\/06\/18767498_1705489356158296_2506391408896104732_n-1.jpg\" \/>\n\t<meta property=\"og:image:width\" content=\"960\" \/>\n\t<meta property=\"og:image:height\" content=\"720\" \/>\n\t<meta property=\"og:image:type\" content=\"image\/jpeg\" \/>\n<meta name=\"author\" content=\"Cope Alcoy\" \/>\n<meta name=\"twitter:label1\" content=\"Escrito por\" \/>\n\t<meta name=\"twitter:data1\" content=\"Cope Alcoy\" \/>\n\t<meta name=\"twitter:label2\" content=\"Tiempo de lectura\" \/>\n\t<meta name=\"twitter:data2\" content=\"1 minuto\" \/>\n<script type=\"application\/ld+json\" class=\"yoast-schema-graph\">{\"@context\":\"https:\\\/\\\/schema.org\",\"@graph\":[{\"@type\":\"Article\",\"@id\":\"https:\\\/\\\/www.copealcoy.es\\\/es\\\/benillup-acoge-la-segunda-trobada-pobles-per-la-diversitat\\\/#article\",\"isPartOf\":{\"@id\":\"https:\\\/\\\/www.copealcoy.es\\\/es\\\/benillup-acoge-la-segunda-trobada-pobles-per-la-diversitat\\\/\"},\"author\":{\"name\":\"Cope Alcoy\",\"@id\":\"https:\\\/\\\/www.copealcoy.es\\\/es\\\/#\\\/schema\\\/person\\\/e777c87fa024e57d40170af9df39882c\"},\"headline\":\"Benillup acoge la segunda Trobada de Pobles per la Diversitat\",\"datePublished\":\"2017-06-09T22:14:15+00:00\",\"dateModified\":\"2017-06-09T22:18:09+00:00\",\"mainEntityOfPage\":{\"@id\":\"https:\\\/\\\/www.copealcoy.es\\\/es\\\/benillup-acoge-la-segunda-trobada-pobles-per-la-diversitat\\\/\"},\"wordCount\":297,\"commentCount\":0,\"image\":{\"@id\":\"https:\\\/\\\/www.copealcoy.es\\\/es\\\/benillup-acoge-la-segunda-trobada-pobles-per-la-diversitat\\\/#primaryimage\"},\"thumbnailUrl\":\"https:\\\/\\\/www.copealcoy.es\\\/wp-content\\\/uploads\\\/2017\\\/06\\\/18767498_1705489356158296_2506391408896104732_n-1.jpg\",\"keywords\":[\"Benillup\",\"LGTBI\",\"Pobles Diversitat\",\"Trobada\"],\"articleSection\":[\"Comarcas\",\"Noticias\"],\"inLanguage\":\"es\"},{\"@type\":\"WebPage\",\"@id\":\"https:\\\/\\\/www.copealcoy.es\\\/es\\\/benillup-acoge-la-segunda-trobada-pobles-per-la-diversitat\\\/\",\"url\":\"https:\\\/\\\/www.copealcoy.es\\\/es\\\/benillup-acoge-la-segunda-trobada-pobles-per-la-diversitat\\\/\",\"name\":\"Benillup acoge la segunda Trobada de Pobles per la Diversitat - COPE Alcoy\",\"isPartOf\":{\"@id\":\"https:\\\/\\\/www.copealcoy.es\\\/es\\\/#website\"},\"primaryImageOfPage\":{\"@id\":\"https:\\\/\\\/www.copealcoy.es\\\/es\\\/benillup-acoge-la-segunda-trobada-pobles-per-la-diversitat\\\/#primaryimage\"},\"image\":{\"@id\":\"https:\\\/\\\/www.copealcoy.es\\\/es\\\/benillup-acoge-la-segunda-trobada-pobles-per-la-diversitat\\\/#primaryimage\"},\"thumbnailUrl\":\"https:\\\/\\\/www.copealcoy.es\\\/wp-content\\\/uploads\\\/2017\\\/06\\\/18767498_1705489356158296_2506391408896104732_n-1.jpg\",\"datePublished\":\"2017-06-09T22:14:15+00:00\",\"dateModified\":\"2017-06-09T22:18:09+00:00\",\"author\":{\"@id\":\"https:\\\/\\\/www.copealcoy.es\\\/es\\\/#\\\/schema\\\/person\\\/e777c87fa024e57d40170af9df39882c\"},\"breadcrumb\":{\"@id\":\"https:\\\/\\\/www.copealcoy.es\\\/es\\\/benillup-acoge-la-segunda-trobada-pobles-per-la-diversitat\\\/#breadcrumb\"},\"inLanguage\":\"es\",\"potentialAction\":[{\"@type\":\"ReadAction\",\"target\":[\"https:\\\/\\\/www.copealcoy.es\\\/es\\\/benillup-acoge-la-segunda-trobada-pobles-per-la-diversitat\\\/\"]}]},{\"@type\":\"ImageObject\",\"inLanguage\":\"es\",\"@id\":\"https:\\\/\\\/www.copealcoy.es\\\/es\\\/benillup-acoge-la-segunda-trobada-pobles-per-la-diversitat\\\/#primaryimage\",\"url\":\"https:\\\/\\\/www.copealcoy.es\\\/wp-content\\\/uploads\\\/2017\\\/06\\\/18767498_1705489356158296_2506391408896104732_n-1.jpg\",\"contentUrl\":\"https:\\\/\\\/www.copealcoy.es\\\/wp-content\\\/uploads\\\/2017\\\/06\\\/18767498_1705489356158296_2506391408896104732_n-1.jpg\",\"width\":960,\"height\":720},{\"@type\":\"BreadcrumbList\",\"@id\":\"https:\\\/\\\/www.copealcoy.es\\\/es\\\/benillup-acoge-la-segunda-trobada-pobles-per-la-diversitat\\\/#breadcrumb\",\"itemListElement\":[{\"@type\":\"ListItem\",\"position\":1,\"name\":\"Portada\",\"item\":\"https:\\\/\\\/www.copealcoy.es\\\/es\\\/\"},{\"@type\":\"ListItem\",\"position\":2,\"name\":\"Benillup acoge la segunda Trobada de Pobles per la Diversitat\"}]},{\"@type\":\"WebSite\",\"@id\":\"https:\\\/\\\/www.copealcoy.es\\\/es\\\/#website\",\"url\":\"https:\\\/\\\/www.copealcoy.es\\\/es\\\/\",\"name\":\"COPE Alcoy\",\"description\":\"Emisora COPE de radio local con emisi\u00f3n online. Pont de Sant Jordi 8-10 03803 Alcoy\",\"potentialAction\":[{\"@type\":\"SearchAction\",\"target\":{\"@type\":\"EntryPoint\",\"urlTemplate\":\"https:\\\/\\\/www.copealcoy.es\\\/es\\\/?s={search_term_string}\"},\"query-input\":{\"@type\":\"PropertyValueSpecification\",\"valueRequired\":true,\"valueName\":\"search_term_string\"}}],\"inLanguage\":\"es\"},{\"@type\":\"Person\",\"@id\":\"https:\\\/\\\/www.copealcoy.es\\\/es\\\/#\\\/schema\\\/person\\\/e777c87fa024e57d40170af9df39882c\",\"name\":\"Cope Alcoy\",\"image\":{\"@type\":\"ImageObject\",\"inLanguage\":\"es\",\"@id\":\"https:\\\/\\\/secure.gravatar.com\\\/avatar\\\/bb65d0283347e303893ba14f0692005417c1e0e690a325a4c5d8bb2b3943ee14?s=96&d=mm&r=g\",\"url\":\"https:\\\/\\\/secure.gravatar.com\\\/avatar\\\/bb65d0283347e303893ba14f0692005417c1e0e690a325a4c5d8bb2b3943ee14?s=96&d=mm&r=g\",\"contentUrl\":\"https:\\\/\\\/secure.gravatar.com\\\/avatar\\\/bb65d0283347e303893ba14f0692005417c1e0e690a325a4c5d8bb2b3943ee14?s=96&d=mm&r=g\",\"caption\":\"Cope Alcoy\"}}]}<\/script>\n<!-- \/ Yoast SEO plugin. -->","yoast_head_json":{"title":"Benillup acoge la segunda Trobada de Pobles per la Diversitat - COPE Alcoy","robots":{"index":"index","follow":"follow","max-snippet":"max-snippet:-1","max-image-preview":"max-image-preview:large","max-video-preview":"max-video-preview:-1"},"canonical":"https:\/\/www.copealcoy.es\/es\/benillup-acoge-la-segunda-trobada-pobles-per-la-diversitat\/","og_locale":"es_ES","og_type":"article","og_title":"Benillup acoge la segunda Trobada de Pobles per la Diversitat - COPE Alcoy","og_description":"Benillup acoge este s\u00e1bado 10 de junio la segunda Trobada de Pobles per la Diversitat en una jornada festiva y...","og_url":"https:\/\/www.copealcoy.es\/es\/benillup-acoge-la-segunda-trobada-pobles-per-la-diversitat\/","og_site_name":"COPE Alcoy","article_published_time":"2017-06-09T22:14:15+00:00","article_modified_time":"2017-06-09T22:18:09+00:00","og_image":[{"width":960,"height":720,"url":"https:\/\/www.copealcoy.es\/wp-content\/uploads\/2017\/06\/18767498_1705489356158296_2506391408896104732_n-1.jpg","type":"image\/jpeg"}],"author":"Cope Alcoy","twitter_misc":{"Escrito por":"Cope Alcoy","Tiempo de lectura":"1 minuto"},"schema":{"@context":"https:\/\/schema.org","@graph":[{"@type":"Article","@id":"https:\/\/www.copealcoy.es\/es\/benillup-acoge-la-segunda-trobada-pobles-per-la-diversitat\/#article","isPartOf":{"@id":"https:\/\/www.copealcoy.es\/es\/benillup-acoge-la-segunda-trobada-pobles-per-la-diversitat\/"},"author":{"name":"Cope Alcoy","@id":"https:\/\/www.copealcoy.es\/es\/#\/schema\/person\/e777c87fa024e57d40170af9df39882c"},"headline":"Benillup acoge la segunda Trobada de Pobles per la Diversitat","datePublished":"2017-06-09T22:14:15+00:00","dateModified":"2017-06-09T22:18:09+00:00","mainEntityOfPage":{"@id":"https:\/\/www.copealcoy.es\/es\/benillup-acoge-la-segunda-trobada-pobles-per-la-diversitat\/"},"wordCount":297,"commentCount":0,"image":{"@id":"https:\/\/www.copealcoy.es\/es\/benillup-acoge-la-segunda-trobada-pobles-per-la-diversitat\/#primaryimage"},"thumbnailUrl":"https:\/\/www.copealcoy.es\/wp-content\/uploads\/2017\/06\/18767498_1705489356158296_2506391408896104732_n-1.jpg","keywords":["Benillup","LGTBI","Pobles Diversitat","Trobada"],"articleSection":["Comarcas","Noticias"],"inLanguage":"es"},{"@type":"WebPage","@id":"https:\/\/www.copealcoy.es\/es\/benillup-acoge-la-segunda-trobada-pobles-per-la-diversitat\/","url":"https:\/\/www.copealcoy.es\/es\/benillup-acoge-la-segunda-trobada-pobles-per-la-diversitat\/","name":"Benillup acoge la segunda Trobada de Pobles per la Diversitat - COPE Alcoy","isPartOf":{"@id":"https:\/\/www.copealcoy.es\/es\/#website"},"primaryImageOfPage":{"@id":"https:\/\/www.copealcoy.es\/es\/benillup-acoge-la-segunda-trobada-pobles-per-la-diversitat\/#primaryimage"},"image":{"@id":"https:\/\/www.copealcoy.es\/es\/benillup-acoge-la-segunda-trobada-pobles-per-la-diversitat\/#primaryimage"},"thumbnailUrl":"https:\/\/www.copealcoy.es\/wp-content\/uploads\/2017\/06\/18767498_1705489356158296_2506391408896104732_n-1.jpg","datePublished":"2017-06-09T22:14:15+00:00","dateModified":"2017-06-09T22:18:09+00:00","author":{"@id":"https:\/\/www.copealcoy.es\/es\/#\/schema\/person\/e777c87fa024e57d40170af9df39882c"},"breadcrumb":{"@id":"https:\/\/www.copealcoy.es\/es\/benillup-acoge-la-segunda-trobada-pobles-per-la-diversitat\/#breadcrumb"},"inLanguage":"es","potentialAction":[{"@type":"ReadAction","target":["https:\/\/www.copealcoy.es\/es\/benillup-acoge-la-segunda-trobada-pobles-per-la-diversitat\/"]}]},{"@type":"ImageObject","inLanguage":"es","@id":"https:\/\/www.copealcoy.es\/es\/benillup-acoge-la-segunda-trobada-pobles-per-la-diversitat\/#primaryimage","url":"https:\/\/www.copealcoy.es\/wp-content\/uploads\/2017\/06\/18767498_1705489356158296_2506391408896104732_n-1.jpg","contentUrl":"https:\/\/www.copealcoy.es\/wp-content\/uploads\/2017\/06\/18767498_1705489356158296_2506391408896104732_n-1.jpg","width":960,"height":720},{"@type":"BreadcrumbList","@id":"https:\/\/www.copealcoy.es\/es\/benillup-acoge-la-segunda-trobada-pobles-per-la-diversitat\/#breadcrumb","itemListElement":[{"@type":"ListItem","position":1,"name":"Portada","item":"https:\/\/www.copealcoy.es\/es\/"},{"@type":"ListItem","position":2,"name":"Benillup acoge la segunda Trobada de Pobles per la Diversitat"}]},{"@type":"WebSite","@id":"https:\/\/www.copealcoy.es\/es\/#website","url":"https:\/\/www.copealcoy.es\/es\/","name":"COPE Alcoy","description":"Emisora COPE de radio local con emisi\u00f3n online. Pont de Sant Jordi 8-10 03803 Alcoy","potentialAction":[{"@type":"SearchAction","target":{"@type":"EntryPoint","urlTemplate":"https:\/\/www.copealcoy.es\/es\/?s={search_term_string}"},"query-input":{"@type":"PropertyValueSpecification","valueRequired":true,"valueName":"search_term_string"}}],"inLanguage":"es"},{"@type":"Person","@id":"https:\/\/www.copealcoy.es\/es\/#\/schema\/person\/e777c87fa024e57d40170af9df39882c","name":"Cope Alcoy","image":{"@type":"ImageObject","inLanguage":"es","@id":"https:\/\/secure.gravatar.com\/avatar\/bb65d0283347e303893ba14f0692005417c1e0e690a325a4c5d8bb2b3943ee14?s=96&d=mm&r=g","url":"https:\/\/secure.gravatar.com\/avatar\/bb65d0283347e303893ba14f0692005417c1e0e690a325a4c5d8bb2b3943ee14?s=96&d=mm&r=g","contentUrl":"https:\/\/secure.gravatar.com\/avatar\/bb65d0283347e303893ba14f0692005417c1e0e690a325a4c5d8bb2b3943ee14?s=96&d=mm&r=g","caption":"Cope Alcoy"}}]}},"_links":{"self":[{"href":"https:\/\/www.copealcoy.es\/es\/wp-json\/wp\/v2\/posts\/32631","targetHints":{"allow":["GET"]}}],"collection":[{"href":"https:\/\/www.copealcoy.es\/es\/wp-json\/wp\/v2\/posts"}],"about":[{"href":"https:\/\/www.copealcoy.es\/es\/wp-json\/wp\/v2\/types\/post"}],"author":[{"embeddable":true,"href":"https:\/\/www.copealcoy.es\/es\/wp-json\/wp\/v2\/users\/1"}],"replies":[{"embeddable":true,"href":"https:\/\/www.copealcoy.es\/es\/wp-json\/wp\/v2\/comments?post=32631"}],"version-history":[{"count":0,"href":"https:\/\/www.copealcoy.es\/es\/wp-json\/wp\/v2\/posts\/32631\/revisions"}],"wp:featuredmedia":[{"embeddable":true,"href":"https:\/\/www.copealcoy.es\/es\/wp-json\/wp\/v2\/media\/32632"}],"wp:attachment":[{"href":"https:\/\/www.copealcoy.es\/es\/wp-json\/wp\/v2\/media?parent=32631"}],"wp:term":[{"taxonomy":"category","embeddable":true,"href":"https:\/\/www.copealcoy.es\/es\/wp-json\/wp\/v2\/categories?post=32631"},{"taxonomy":"post_tag","embeddable":true,"href":"https:\/\/www.copealcoy.es\/es\/wp-json\/wp\/v2\/tags?post=32631"}],"curies":[{"name":"wp","href":"https:\/\/api.w.org\/{rel}","templated":true}]}}