{"id":32583,"date":"2017-06-08T22:16:41","date_gmt":"2017-06-08T22:16:41","guid":{"rendered":"http:\/\/copealcoi.es\/new\/?p=32583"},"modified":"2017-06-08T22:20:28","modified_gmt":"2017-06-08T22:20:28","slug":"lesport-en-3d-trae-la-emocion-del-deporte-a-alcoy","status":"publish","type":"post","link":"https:\/\/www.copealcoy.es\/es\/lesport-en-3d-trae-la-emocion-del-deporte-a-alcoy\/","title":{"rendered":"L\u00b4Esport en 3D trae la emoci\u00f3n del deporte a Alcoy"},"content":{"rendered":"<p style=\"text-align: justify;\">Alcoy inicia este viernes <strong>la sexta edici\u00f3n de l\u00b4Esport en 3D<\/strong> con una previsi\u00f3n de participantes que <strong>superar\u00e1 los 4.500 deportistas<\/strong> en un total de 29 modalidades diferentes.<\/p>\n<p style=\"text-align: justify;\">Las actividades arrancan este viernes a primera hora de la ma\u00f1ana <strong>con un recorrido de la antorcha ol\u00edmpica<\/strong> por los centros educativos de la ciudad hasta llegar a mediod\u00eda al Ayuntamiento. All\u00ed <strong>ser\u00e1 recibida por las autoridades locales<\/strong> y colocada en un lugar destacado en el zagu\u00e1n del Consistorio. A las siete y media de la tarde <strong>partir\u00e1 de nuevo la citada antorcha en direcci\u00f3n hacia el Polideportivo Municipal Francisco Laporta<\/strong> y en esta ocasi\u00f3n ser\u00e1 portada\u00a0por componentes del <strong>Trialcoy, el Pat\u00edn Alcodiam Salesiano, el Atl\u00e9tico Salesiano, Horta Major, Club Escacs Alcoi y tambi\u00e9n la Uni\u00f3n Ciclista Alcoy<\/strong>. A la llegada al recinto deportivo se efectuar\u00e1 el encendido del pebetero y se izar\u00e1n las banderas a cargo de\u00a0<strong>Jos\u00e9 Bellvert\u00a0(Pista CF) <\/strong>y<strong> Miguel Sarasa.\u00a0<\/strong>Este \u00faltimo adem\u00e1s <strong>recibir\u00e1 un reconocimiento con la\u00a0dedicaci\u00f3n del Pabell\u00f3n B\u00a0del Polideportivo<\/strong> mientras que tambi\u00e9n <strong>habr\u00e1 un minuto de silencio en memoria de Paco Dom\u00e9nech<\/strong>, fallecido esta semana, y persona que tambi\u00e9n iba a tener un protagonismo destacado en este acto inaugural.<\/p>\n<p style=\"text-align: justify;\">A partir de aqu\u00ed <strong>el ritmo de las competiciones ir\u00e1 en aumento<\/strong> aunque muchas de ellas ya dar\u00e1n inicio a las cuatro de de la tarde. La ma\u00f1ana del s\u00e1bado estar\u00e1 reservada a varios <strong>torneos escolares y a las 13 horas se entregar\u00e1n los trofeos de &#8216;Els Jocs Esportius&#8217;<\/strong> mientras que comenzar\u00e1 a funcionar el <strong>Esport Festival<\/strong> con pruebas y regalos para los m\u00e1s peque\u00f1os. Por la tarde seguir\u00e1 la actividad deportiva y <strong>destacar\u00e1n las exhibiciones\u00a0<\/strong>de gimnasia o patinaje as\u00ed como la entrega de trofeos a las 21:30h.<\/p>\n<p style=\"text-align: justify;\">Por \u00faltimo el domingo ser\u00e1 el turno a partir de las nueve y media de la ma\u00f1ana de <strong>la 10K Alcoy Uni\u00f3n Alcoyana Seguros<\/strong>, con m\u00e1s de 700 inscritos para esta edici\u00f3n, y de novedades como <strong>una marcha en bici<\/strong> que organiza la Uni\u00f3n Ciclista de Alcoy.<\/p>\n<p style=\"text-align: justify;\">Toda la informaci\u00f3n del Esport en 3D <strong><a href=\"http:\/\/www.alcoi.org\/export\/sites\/default\/es\/areas\/deportes\/actividades\/actividades_cde\/descarga\/REVISTA-ESPORT-EN-3D-2017.pdf\">se puede consultar en esta gu\u00eda<\/a> que ha preparado el \u00e1rea de Deportes <\/strong>del Ayuntamiento de Alcoy.<\/p>\n","protected":false},"excerpt":{"rendered":"<p>Alcoy inicia este viernes la sexta edici\u00f3n de l\u00b4Esport en 3D con una previsi\u00f3n de participantes que superar\u00e1 los 4.500&#8230;<\/p>\n","protected":false},"author":1,"featured_media":32584,"comment_status":"open","ping_status":"open","sticky":false,"template":"","format":"standard","meta":{"footnotes":""},"categories":[97,92,75,125],"tags":[1752,1494,4258,1492,1002,2366,1447],"class_list":["post-32583","post","type-post","status-publish","format-standard","has-post-thumbnail","hentry","category-alcoy","category-deportes","category-noticias","category-portada","tag-alberto-belda","tag-alcoy","tag-competiciones","tag-deportes","tag-esport-3d","tag-miguel-juan-reig","tag-polideportivo"],"yoast_head":"<!-- This site is optimized with the Yoast SEO plugin v27.3 - https:\/\/yoast.com\/product\/yoast-seo-wordpress\/ -->\n<title>L\u00b4Esport en 3D trae la emoci\u00f3n del deporte a Alcoy - COPE Alcoy<\/title>\n<meta name=\"robots\" content=\"index, follow, max-snippet:-1, max-image-preview:large, max-video-preview:-1\" \/>\n<link rel=\"canonical\" href=\"https:\/\/www.copealcoy.es\/es\/lesport-en-3d-trae-la-emocion-del-deporte-a-alcoy\/\" \/>\n<meta property=\"og:locale\" content=\"es_ES\" \/>\n<meta property=\"og:type\" content=\"article\" \/>\n<meta property=\"og:title\" content=\"L\u00b4Esport en 3D trae la emoci\u00f3n del deporte a Alcoy - COPE Alcoy\" \/>\n<meta property=\"og:description\" content=\"Alcoy inicia este viernes la sexta edici\u00f3n de l\u00b4Esport en 3D con una previsi\u00f3n de participantes que superar\u00e1 los 4.500...\" \/>\n<meta property=\"og:url\" content=\"https:\/\/www.copealcoy.es\/es\/lesport-en-3d-trae-la-emocion-del-deporte-a-alcoy\/\" \/>\n<meta property=\"og:site_name\" content=\"COPE Alcoy\" \/>\n<meta property=\"article:published_time\" content=\"2017-06-08T22:16:41+00:00\" \/>\n<meta property=\"article:modified_time\" content=\"2017-06-08T22:20:28+00:00\" \/>\n<meta property=\"og:image\" content=\"https:\/\/www.copealcoy.es\/wp-content\/uploads\/2017\/06\/IMG_0197-1024x683.jpg\" \/>\n\t<meta property=\"og:image:width\" content=\"1024\" \/>\n\t<meta property=\"og:image:height\" content=\"683\" \/>\n\t<meta property=\"og:image:type\" content=\"image\/jpeg\" \/>\n<meta name=\"author\" content=\"Cope Alcoy\" \/>\n<meta name=\"twitter:label1\" content=\"Escrito por\" \/>\n\t<meta name=\"twitter:data1\" content=\"Cope Alcoy\" \/>\n\t<meta name=\"twitter:label2\" content=\"Tiempo de lectura\" \/>\n\t<meta name=\"twitter:data2\" content=\"2 minutos\" \/>\n<script type=\"application\/ld+json\" class=\"yoast-schema-graph\">{\"@context\":\"https:\\\/\\\/schema.org\",\"@graph\":[{\"@type\":\"Article\",\"@id\":\"https:\\\/\\\/www.copealcoy.es\\\/es\\\/lesport-en-3d-trae-la-emocion-del-deporte-a-alcoy\\\/#article\",\"isPartOf\":{\"@id\":\"https:\\\/\\\/www.copealcoy.es\\\/es\\\/lesport-en-3d-trae-la-emocion-del-deporte-a-alcoy\\\/\"},\"author\":{\"name\":\"Cope Alcoy\",\"@id\":\"https:\\\/\\\/www.copealcoy.es\\\/es\\\/#\\\/schema\\\/person\\\/e777c87fa024e57d40170af9df39882c\"},\"headline\":\"L\u00b4Esport en 3D trae la emoci\u00f3n del deporte a Alcoy\",\"datePublished\":\"2017-06-08T22:16:41+00:00\",\"dateModified\":\"2017-06-08T22:20:28+00:00\",\"mainEntityOfPage\":{\"@id\":\"https:\\\/\\\/www.copealcoy.es\\\/es\\\/lesport-en-3d-trae-la-emocion-del-deporte-a-alcoy\\\/\"},\"wordCount\":400,\"commentCount\":0,\"image\":{\"@id\":\"https:\\\/\\\/www.copealcoy.es\\\/es\\\/lesport-en-3d-trae-la-emocion-del-deporte-a-alcoy\\\/#primaryimage\"},\"thumbnailUrl\":\"https:\\\/\\\/www.copealcoy.es\\\/wp-content\\\/uploads\\\/2017\\\/06\\\/IMG_0197.jpg\",\"keywords\":[\"Alberto Belda\",\"Alcoy\",\"competiciones\",\"Deportes\",\"Esport 3D\",\"Miguel Juan Reig\",\"Polideportivo\"],\"articleSection\":[\"Alcoy\",\"Deportes\",\"Noticias\",\"Portada\"],\"inLanguage\":\"es\"},{\"@type\":\"WebPage\",\"@id\":\"https:\\\/\\\/www.copealcoy.es\\\/es\\\/lesport-en-3d-trae-la-emocion-del-deporte-a-alcoy\\\/\",\"url\":\"https:\\\/\\\/www.copealcoy.es\\\/es\\\/lesport-en-3d-trae-la-emocion-del-deporte-a-alcoy\\\/\",\"name\":\"L\u00b4Esport en 3D trae la emoci\u00f3n del deporte a Alcoy - COPE Alcoy\",\"isPartOf\":{\"@id\":\"https:\\\/\\\/www.copealcoy.es\\\/es\\\/#website\"},\"primaryImageOfPage\":{\"@id\":\"https:\\\/\\\/www.copealcoy.es\\\/es\\\/lesport-en-3d-trae-la-emocion-del-deporte-a-alcoy\\\/#primaryimage\"},\"image\":{\"@id\":\"https:\\\/\\\/www.copealcoy.es\\\/es\\\/lesport-en-3d-trae-la-emocion-del-deporte-a-alcoy\\\/#primaryimage\"},\"thumbnailUrl\":\"https:\\\/\\\/www.copealcoy.es\\\/wp-content\\\/uploads\\\/2017\\\/06\\\/IMG_0197.jpg\",\"datePublished\":\"2017-06-08T22:16:41+00:00\",\"dateModified\":\"2017-06-08T22:20:28+00:00\",\"author\":{\"@id\":\"https:\\\/\\\/www.copealcoy.es\\\/es\\\/#\\\/schema\\\/person\\\/e777c87fa024e57d40170af9df39882c\"},\"breadcrumb\":{\"@id\":\"https:\\\/\\\/www.copealcoy.es\\\/es\\\/lesport-en-3d-trae-la-emocion-del-deporte-a-alcoy\\\/#breadcrumb\"},\"inLanguage\":\"es\",\"potentialAction\":[{\"@type\":\"ReadAction\",\"target\":[\"https:\\\/\\\/www.copealcoy.es\\\/es\\\/lesport-en-3d-trae-la-emocion-del-deporte-a-alcoy\\\/\"]}]},{\"@type\":\"ImageObject\",\"inLanguage\":\"es\",\"@id\":\"https:\\\/\\\/www.copealcoy.es\\\/es\\\/lesport-en-3d-trae-la-emocion-del-deporte-a-alcoy\\\/#primaryimage\",\"url\":\"https:\\\/\\\/www.copealcoy.es\\\/wp-content\\\/uploads\\\/2017\\\/06\\\/IMG_0197.jpg\",\"contentUrl\":\"https:\\\/\\\/www.copealcoy.es\\\/wp-content\\\/uploads\\\/2017\\\/06\\\/IMG_0197.jpg\",\"width\":4272,\"height\":2848},{\"@type\":\"BreadcrumbList\",\"@id\":\"https:\\\/\\\/www.copealcoy.es\\\/es\\\/lesport-en-3d-trae-la-emocion-del-deporte-a-alcoy\\\/#breadcrumb\",\"itemListElement\":[{\"@type\":\"ListItem\",\"position\":1,\"name\":\"Portada\",\"item\":\"https:\\\/\\\/www.copealcoy.es\\\/es\\\/\"},{\"@type\":\"ListItem\",\"position\":2,\"name\":\"L\u00b4Esport en 3D trae la emoci\u00f3n del deporte a Alcoy\"}]},{\"@type\":\"WebSite\",\"@id\":\"https:\\\/\\\/www.copealcoy.es\\\/es\\\/#website\",\"url\":\"https:\\\/\\\/www.copealcoy.es\\\/es\\\/\",\"name\":\"COPE Alcoy\",\"description\":\"Emisora COPE de radio local con emisi\u00f3n online. Pont de Sant Jordi 8-10 03803 Alcoy\",\"potentialAction\":[{\"@type\":\"SearchAction\",\"target\":{\"@type\":\"EntryPoint\",\"urlTemplate\":\"https:\\\/\\\/www.copealcoy.es\\\/es\\\/?s={search_term_string}\"},\"query-input\":{\"@type\":\"PropertyValueSpecification\",\"valueRequired\":true,\"valueName\":\"search_term_string\"}}],\"inLanguage\":\"es\"},{\"@type\":\"Person\",\"@id\":\"https:\\\/\\\/www.copealcoy.es\\\/es\\\/#\\\/schema\\\/person\\\/e777c87fa024e57d40170af9df39882c\",\"name\":\"Cope Alcoy\",\"image\":{\"@type\":\"ImageObject\",\"inLanguage\":\"es\",\"@id\":\"https:\\\/\\\/secure.gravatar.com\\\/avatar\\\/bb65d0283347e303893ba14f0692005417c1e0e690a325a4c5d8bb2b3943ee14?s=96&d=mm&r=g\",\"url\":\"https:\\\/\\\/secure.gravatar.com\\\/avatar\\\/bb65d0283347e303893ba14f0692005417c1e0e690a325a4c5d8bb2b3943ee14?s=96&d=mm&r=g\",\"contentUrl\":\"https:\\\/\\\/secure.gravatar.com\\\/avatar\\\/bb65d0283347e303893ba14f0692005417c1e0e690a325a4c5d8bb2b3943ee14?s=96&d=mm&r=g\",\"caption\":\"Cope Alcoy\"}}]}<\/script>\n<!-- \/ Yoast SEO plugin. -->","yoast_head_json":{"title":"L\u00b4Esport en 3D trae la emoci\u00f3n del deporte a Alcoy - COPE Alcoy","robots":{"index":"index","follow":"follow","max-snippet":"max-snippet:-1","max-image-preview":"max-image-preview:large","max-video-preview":"max-video-preview:-1"},"canonical":"https:\/\/www.copealcoy.es\/es\/lesport-en-3d-trae-la-emocion-del-deporte-a-alcoy\/","og_locale":"es_ES","og_type":"article","og_title":"L\u00b4Esport en 3D trae la emoci\u00f3n del deporte a Alcoy - COPE Alcoy","og_description":"Alcoy inicia este viernes la sexta edici\u00f3n de l\u00b4Esport en 3D con una previsi\u00f3n de participantes que superar\u00e1 los 4.500...","og_url":"https:\/\/www.copealcoy.es\/es\/lesport-en-3d-trae-la-emocion-del-deporte-a-alcoy\/","og_site_name":"COPE Alcoy","article_published_time":"2017-06-08T22:16:41+00:00","article_modified_time":"2017-06-08T22:20:28+00:00","og_image":[{"width":1024,"height":683,"url":"https:\/\/www.copealcoy.es\/wp-content\/uploads\/2017\/06\/IMG_0197-1024x683.jpg","type":"image\/jpeg"}],"author":"Cope Alcoy","twitter_misc":{"Escrito por":"Cope Alcoy","Tiempo de lectura":"2 minutos"},"schema":{"@context":"https:\/\/schema.org","@graph":[{"@type":"Article","@id":"https:\/\/www.copealcoy.es\/es\/lesport-en-3d-trae-la-emocion-del-deporte-a-alcoy\/#article","isPartOf":{"@id":"https:\/\/www.copealcoy.es\/es\/lesport-en-3d-trae-la-emocion-del-deporte-a-alcoy\/"},"author":{"name":"Cope Alcoy","@id":"https:\/\/www.copealcoy.es\/es\/#\/schema\/person\/e777c87fa024e57d40170af9df39882c"},"headline":"L\u00b4Esport en 3D trae la emoci\u00f3n del deporte a Alcoy","datePublished":"2017-06-08T22:16:41+00:00","dateModified":"2017-06-08T22:20:28+00:00","mainEntityOfPage":{"@id":"https:\/\/www.copealcoy.es\/es\/lesport-en-3d-trae-la-emocion-del-deporte-a-alcoy\/"},"wordCount":400,"commentCount":0,"image":{"@id":"https:\/\/www.copealcoy.es\/es\/lesport-en-3d-trae-la-emocion-del-deporte-a-alcoy\/#primaryimage"},"thumbnailUrl":"https:\/\/www.copealcoy.es\/wp-content\/uploads\/2017\/06\/IMG_0197.jpg","keywords":["Alberto Belda","Alcoy","competiciones","Deportes","Esport 3D","Miguel Juan Reig","Polideportivo"],"articleSection":["Alcoy","Deportes","Noticias","Portada"],"inLanguage":"es"},{"@type":"WebPage","@id":"https:\/\/www.copealcoy.es\/es\/lesport-en-3d-trae-la-emocion-del-deporte-a-alcoy\/","url":"https:\/\/www.copealcoy.es\/es\/lesport-en-3d-trae-la-emocion-del-deporte-a-alcoy\/","name":"L\u00b4Esport en 3D trae la emoci\u00f3n del deporte a Alcoy - COPE Alcoy","isPartOf":{"@id":"https:\/\/www.copealcoy.es\/es\/#website"},"primaryImageOfPage":{"@id":"https:\/\/www.copealcoy.es\/es\/lesport-en-3d-trae-la-emocion-del-deporte-a-alcoy\/#primaryimage"},"image":{"@id":"https:\/\/www.copealcoy.es\/es\/lesport-en-3d-trae-la-emocion-del-deporte-a-alcoy\/#primaryimage"},"thumbnailUrl":"https:\/\/www.copealcoy.es\/wp-content\/uploads\/2017\/06\/IMG_0197.jpg","datePublished":"2017-06-08T22:16:41+00:00","dateModified":"2017-06-08T22:20:28+00:00","author":{"@id":"https:\/\/www.copealcoy.es\/es\/#\/schema\/person\/e777c87fa024e57d40170af9df39882c"},"breadcrumb":{"@id":"https:\/\/www.copealcoy.es\/es\/lesport-en-3d-trae-la-emocion-del-deporte-a-alcoy\/#breadcrumb"},"inLanguage":"es","potentialAction":[{"@type":"ReadAction","target":["https:\/\/www.copealcoy.es\/es\/lesport-en-3d-trae-la-emocion-del-deporte-a-alcoy\/"]}]},{"@type":"ImageObject","inLanguage":"es","@id":"https:\/\/www.copealcoy.es\/es\/lesport-en-3d-trae-la-emocion-del-deporte-a-alcoy\/#primaryimage","url":"https:\/\/www.copealcoy.es\/wp-content\/uploads\/2017\/06\/IMG_0197.jpg","contentUrl":"https:\/\/www.copealcoy.es\/wp-content\/uploads\/2017\/06\/IMG_0197.jpg","width":4272,"height":2848},{"@type":"BreadcrumbList","@id":"https:\/\/www.copealcoy.es\/es\/lesport-en-3d-trae-la-emocion-del-deporte-a-alcoy\/#breadcrumb","itemListElement":[{"@type":"ListItem","position":1,"name":"Portada","item":"https:\/\/www.copealcoy.es\/es\/"},{"@type":"ListItem","position":2,"name":"L\u00b4Esport en 3D trae la emoci\u00f3n del deporte a Alcoy"}]},{"@type":"WebSite","@id":"https:\/\/www.copealcoy.es\/es\/#website","url":"https:\/\/www.copealcoy.es\/es\/","name":"COPE Alcoy","description":"Emisora COPE de radio local con emisi\u00f3n online. Pont de Sant Jordi 8-10 03803 Alcoy","potentialAction":[{"@type":"SearchAction","target":{"@type":"EntryPoint","urlTemplate":"https:\/\/www.copealcoy.es\/es\/?s={search_term_string}"},"query-input":{"@type":"PropertyValueSpecification","valueRequired":true,"valueName":"search_term_string"}}],"inLanguage":"es"},{"@type":"Person","@id":"https:\/\/www.copealcoy.es\/es\/#\/schema\/person\/e777c87fa024e57d40170af9df39882c","name":"Cope Alcoy","image":{"@type":"ImageObject","inLanguage":"es","@id":"https:\/\/secure.gravatar.com\/avatar\/bb65d0283347e303893ba14f0692005417c1e0e690a325a4c5d8bb2b3943ee14?s=96&d=mm&r=g","url":"https:\/\/secure.gravatar.com\/avatar\/bb65d0283347e303893ba14f0692005417c1e0e690a325a4c5d8bb2b3943ee14?s=96&d=mm&r=g","contentUrl":"https:\/\/secure.gravatar.com\/avatar\/bb65d0283347e303893ba14f0692005417c1e0e690a325a4c5d8bb2b3943ee14?s=96&d=mm&r=g","caption":"Cope Alcoy"}}]}},"_links":{"self":[{"href":"https:\/\/www.copealcoy.es\/es\/wp-json\/wp\/v2\/posts\/32583","targetHints":{"allow":["GET"]}}],"collection":[{"href":"https:\/\/www.copealcoy.es\/es\/wp-json\/wp\/v2\/posts"}],"about":[{"href":"https:\/\/www.copealcoy.es\/es\/wp-json\/wp\/v2\/types\/post"}],"author":[{"embeddable":true,"href":"https:\/\/www.copealcoy.es\/es\/wp-json\/wp\/v2\/users\/1"}],"replies":[{"embeddable":true,"href":"https:\/\/www.copealcoy.es\/es\/wp-json\/wp\/v2\/comments?post=32583"}],"version-history":[{"count":0,"href":"https:\/\/www.copealcoy.es\/es\/wp-json\/wp\/v2\/posts\/32583\/revisions"}],"wp:featuredmedia":[{"embeddable":true,"href":"https:\/\/www.copealcoy.es\/es\/wp-json\/wp\/v2\/media\/32584"}],"wp:attachment":[{"href":"https:\/\/www.copealcoy.es\/es\/wp-json\/wp\/v2\/media?parent=32583"}],"wp:term":[{"taxonomy":"category","embeddable":true,"href":"https:\/\/www.copealcoy.es\/es\/wp-json\/wp\/v2\/categories?post=32583"},{"taxonomy":"post_tag","embeddable":true,"href":"https:\/\/www.copealcoy.es\/es\/wp-json\/wp\/v2\/tags?post=32583"}],"curies":[{"name":"wp","href":"https:\/\/api.w.org\/{rel}","templated":true}]}}