{"id":32556,"date":"2017-06-07T23:21:34","date_gmt":"2017-06-07T23:21:34","guid":{"rendered":"http:\/\/copealcoi.es\/new\/?p=32556"},"modified":"2017-06-07T23:52:13","modified_gmt":"2017-06-07T23:52:13","slug":"muro-inicia-el-relevo-en-la-alcaldia-con-la-emotiva-despedida-de-francesc-valls","status":"publish","type":"post","link":"https:\/\/www.copealcoy.es\/es\/muro-inicia-el-relevo-en-la-alcaldia-con-la-emotiva-despedida-de-francesc-valls\/","title":{"rendered":"Muro inicia el relevo en la alcald\u00eda con la emotiva despedida de Francesc Valls"},"content":{"rendered":"<p style=\"text-align: justify;\">El pleno del Ayuntamiento de Muro <strong>hizo efectiva ayer por la tarde la renuncia de Francesc Valls como primer edil<\/strong> para as\u00ed <strong>iniciar el relevo en la alcald\u00eda entre Esquerra Unida y Comprom\u00eds<\/strong> con el fin de materializar el acuerdo de gobierno alcanzado entre ambas formaciones en junio de 2015.<\/p>\n<p style=\"text-align: justify;\">Valls aprovech\u00f3 la ocasi\u00f3n <strong>para dirigir unas palabras al p\u00fablico asistente<\/strong> y destac\u00f3 en su intervenci\u00f3n\u00a0que en estos dos a\u00f1os en los que ha estado al frente de la alcald\u00eda <strong>se ha cumplido en un 50% el programa electoral de Esquerra Unida<\/strong>. En este sentido <strong>cit\u00f3 medidas<\/strong> como los presupuestos participativos, la creaci\u00f3n de un parque canino, la lucha por la construcci\u00f3n del nuevo Bracal, el fomento de la participaci\u00f3n ciudadana, los avances con la Mancomunidad para crear en Muro el albergue comarcal de animales o el impulso de los deportes minoritarios \u201c<em>queda mucho que hacer y hay que seguir en el camino. Agradezco a los trabajadores municipales, a EU, a la familia y a mi pareja porque me han ayudado mucho en todo este tiempo\u201d<\/em>, apunt\u00f3\u00a0con l\u00e1grimas en los ojos. Se\u00f1alar que a partir de ahora<strong> Francesc Valls\u00a0asumir\u00e1 las \u00e1reas de Hacienda y Juventud<\/strong> manteniendo Comunicaci\u00f3n y Prensa .<\/p>\n<p style=\"text-align: justify;\"><strong>Agradecimientos de todos los grupos pol\u00edticos<\/strong><\/p>\n<p style=\"text-align: justify;\">Tambi\u00e9n <strong>el resto de grupos pol\u00edticos agradecieron la labor desempe\u00f1ada por Francesc Valls al frente de la alcald\u00eda<\/strong> de Muro entre 2015 y 2017 &#8220;<em>has demostrado que otra forma de hacer pol\u00edtica es posible<\/em>&#8220;, dijo la portavoz de Esquerra Unida, <strong>Fani Juan<\/strong>. De igual forma <strong>el Partido Popular dio la enhorabuena al hasta ahora alcalde<\/strong> por la gesti\u00f3n realizada &#8220;<em>podemos estar o no de acuerdo en muchas cosas pero tengo que reconocer que has trabajado mucho por nuestro pueblo<\/em>&#8221; coment\u00f3 el portavoz <strong>\u00c1ngel Moll\u00e0,<\/strong> mientras que <strong>el PSOE record\u00f3 su entrada en el Ejecutivo Municipal<\/strong> &#8220;<em>llegamos de tu mano, seguiremos trabajando juntos en todo lo que queda de legislatura<\/em>&#8220;, destac\u00f3 el portavoz socialista, <strong>Pep Baeza<\/strong>.<\/p>\n<p style=\"text-align: justify;\">Por \u00faltimo la futura alcaldesa y portavoz de Comprom\u00eds, <strong>Jacquelin Cerd\u00e0<\/strong>, <strong>tendi\u00f3 la mano a Francesc Valls y a Esquerra Unida<\/strong> para seguir trabajando conjuntamente &#8220;<em>necesitamos coordinarnos m\u00e1s para remar todos en una misma direcci\u00f3n pero esto no es un punto y final sino un punto y seguido<\/em>&#8220;, concluy\u00f3.<\/p>\n<p style=\"text-align: justify;\">Recordar que este s\u00e1bado, a partir de las once de la ma\u00f1ana,<strong> se efectuar\u00e1 el citado relevo en la alcald\u00eda en el transcurso de un pleno extraordinario<\/strong> que servir\u00e1 tambi\u00e9n para la toma de posesi\u00f3n de Jacquelin Cerd\u00e0 como nueva primera edil.<\/p>\n<p><iframe loading=\"lazy\" title=\"Despedida De Francesc Valls Como Alcalde De Muro - 7 De Junio De 2017\" width=\"100%\" height=\"120\" src=\"https:\/\/www.mixcloud.com\/widget\/iframe\/?feed=https%3A%2F%2Fwww.mixcloud.com%2FCOPEAlcoy%2Fdespedida-de-francesc-valls-como-alcalde-de-muro-7-de-junio-de-2017%2F&amp;hide_cover=1\" frameborder=\"0\"><\/iframe><\/p>\n<p>&nbsp;<\/p>\n","protected":false},"excerpt":{"rendered":"<p>El pleno del Ayuntamiento de Muro hizo efectiva ayer por la tarde la renuncia de Francesc Valls como primer edil&#8230;<\/p>\n","protected":false},"author":1,"featured_media":13931,"comment_status":"open","ping_status":"open","sticky":false,"template":"","format":"standard","meta":{"footnotes":""},"categories":[98,75],"tags":[804,1760,1865,135,322,4253,4254],"class_list":["post-32556","post","type-post","status-publish","format-standard","has-post-thumbnail","hentry","category-comarcas","category-noticias","tag-alcaldia","tag-francesc-valls","tag-jacquelin-cerda","tag-muro","tag-pleno","tag-relevo","tag-renuncia"],"yoast_head":"<!-- This site is optimized with the Yoast SEO plugin v27.3 - https:\/\/yoast.com\/product\/yoast-seo-wordpress\/ -->\n<title>Muro inicia el relevo en la alcald\u00eda con la emotiva despedida de Francesc Valls - COPE Alcoy<\/title>\n<meta name=\"robots\" content=\"index, follow, max-snippet:-1, max-image-preview:large, max-video-preview:-1\" \/>\n<link rel=\"canonical\" href=\"https:\/\/www.copealcoy.es\/es\/muro-inicia-el-relevo-en-la-alcaldia-con-la-emotiva-despedida-de-francesc-valls\/\" \/>\n<meta property=\"og:locale\" content=\"es_ES\" \/>\n<meta property=\"og:type\" content=\"article\" \/>\n<meta property=\"og:title\" content=\"Muro inicia el relevo en la alcald\u00eda con la emotiva despedida de Francesc Valls - COPE Alcoy\" \/>\n<meta property=\"og:description\" content=\"El pleno del Ayuntamiento de Muro hizo efectiva ayer por la tarde la renuncia de Francesc Valls como primer edil...\" \/>\n<meta property=\"og:url\" content=\"https:\/\/www.copealcoy.es\/es\/muro-inicia-el-relevo-en-la-alcaldia-con-la-emotiva-despedida-de-francesc-valls\/\" \/>\n<meta property=\"og:site_name\" content=\"COPE Alcoy\" \/>\n<meta property=\"article:published_time\" content=\"2017-06-07T23:21:34+00:00\" \/>\n<meta property=\"article:modified_time\" content=\"2017-06-07T23:52:13+00:00\" \/>\n<meta property=\"og:image\" content=\"https:\/\/www.copealcoy.es\/wp-content\/uploads\/2015\/06\/DSC00313.jpg\" \/>\n\t<meta property=\"og:image:width\" content=\"2592\" \/>\n\t<meta property=\"og:image:height\" content=\"1944\" \/>\n\t<meta property=\"og:image:type\" content=\"image\/jpeg\" \/>\n<meta name=\"author\" content=\"Cope Alcoy\" \/>\n<meta name=\"twitter:label1\" content=\"Escrito por\" \/>\n\t<meta name=\"twitter:data1\" content=\"Cope Alcoy\" \/>\n\t<meta name=\"twitter:label2\" content=\"Tiempo de lectura\" \/>\n\t<meta name=\"twitter:data2\" content=\"2 minutos\" \/>\n<script type=\"application\/ld+json\" class=\"yoast-schema-graph\">{\"@context\":\"https:\\\/\\\/schema.org\",\"@graph\":[{\"@type\":\"Article\",\"@id\":\"https:\\\/\\\/www.copealcoy.es\\\/es\\\/muro-inicia-el-relevo-en-la-alcaldia-con-la-emotiva-despedida-de-francesc-valls\\\/#article\",\"isPartOf\":{\"@id\":\"https:\\\/\\\/www.copealcoy.es\\\/es\\\/muro-inicia-el-relevo-en-la-alcaldia-con-la-emotiva-despedida-de-francesc-valls\\\/\"},\"author\":{\"name\":\"Cope Alcoy\",\"@id\":\"https:\\\/\\\/www.copealcoy.es\\\/es\\\/#\\\/schema\\\/person\\\/e777c87fa024e57d40170af9df39882c\"},\"headline\":\"Muro inicia el relevo en la alcald\u00eda con la emotiva despedida de Francesc Valls\",\"datePublished\":\"2017-06-07T23:21:34+00:00\",\"dateModified\":\"2017-06-07T23:52:13+00:00\",\"mainEntityOfPage\":{\"@id\":\"https:\\\/\\\/www.copealcoy.es\\\/es\\\/muro-inicia-el-relevo-en-la-alcaldia-con-la-emotiva-despedida-de-francesc-valls\\\/\"},\"wordCount\":461,\"commentCount\":0,\"image\":{\"@id\":\"https:\\\/\\\/www.copealcoy.es\\\/es\\\/muro-inicia-el-relevo-en-la-alcaldia-con-la-emotiva-despedida-de-francesc-valls\\\/#primaryimage\"},\"thumbnailUrl\":\"https:\\\/\\\/www.copealcoy.es\\\/wp-content\\\/uploads\\\/2015\\\/06\\\/DSC00313.jpg\",\"keywords\":[\"alcald\u00eda\",\"Francesc Valls\",\"Jacquelin Cerd\u00e0\",\"Muro\",\"Pleno\",\"relevo\",\"renuncia\"],\"articleSection\":[\"Comarcas\",\"Noticias\"],\"inLanguage\":\"es\"},{\"@type\":\"WebPage\",\"@id\":\"https:\\\/\\\/www.copealcoy.es\\\/es\\\/muro-inicia-el-relevo-en-la-alcaldia-con-la-emotiva-despedida-de-francesc-valls\\\/\",\"url\":\"https:\\\/\\\/www.copealcoy.es\\\/es\\\/muro-inicia-el-relevo-en-la-alcaldia-con-la-emotiva-despedida-de-francesc-valls\\\/\",\"name\":\"Muro inicia el relevo en la alcald\u00eda con la emotiva despedida de Francesc Valls - COPE Alcoy\",\"isPartOf\":{\"@id\":\"https:\\\/\\\/www.copealcoy.es\\\/es\\\/#website\"},\"primaryImageOfPage\":{\"@id\":\"https:\\\/\\\/www.copealcoy.es\\\/es\\\/muro-inicia-el-relevo-en-la-alcaldia-con-la-emotiva-despedida-de-francesc-valls\\\/#primaryimage\"},\"image\":{\"@id\":\"https:\\\/\\\/www.copealcoy.es\\\/es\\\/muro-inicia-el-relevo-en-la-alcaldia-con-la-emotiva-despedida-de-francesc-valls\\\/#primaryimage\"},\"thumbnailUrl\":\"https:\\\/\\\/www.copealcoy.es\\\/wp-content\\\/uploads\\\/2015\\\/06\\\/DSC00313.jpg\",\"datePublished\":\"2017-06-07T23:21:34+00:00\",\"dateModified\":\"2017-06-07T23:52:13+00:00\",\"author\":{\"@id\":\"https:\\\/\\\/www.copealcoy.es\\\/es\\\/#\\\/schema\\\/person\\\/e777c87fa024e57d40170af9df39882c\"},\"breadcrumb\":{\"@id\":\"https:\\\/\\\/www.copealcoy.es\\\/es\\\/muro-inicia-el-relevo-en-la-alcaldia-con-la-emotiva-despedida-de-francesc-valls\\\/#breadcrumb\"},\"inLanguage\":\"es\",\"potentialAction\":[{\"@type\":\"ReadAction\",\"target\":[\"https:\\\/\\\/www.copealcoy.es\\\/es\\\/muro-inicia-el-relevo-en-la-alcaldia-con-la-emotiva-despedida-de-francesc-valls\\\/\"]}]},{\"@type\":\"ImageObject\",\"inLanguage\":\"es\",\"@id\":\"https:\\\/\\\/www.copealcoy.es\\\/es\\\/muro-inicia-el-relevo-en-la-alcaldia-con-la-emotiva-despedida-de-francesc-valls\\\/#primaryimage\",\"url\":\"https:\\\/\\\/www.copealcoy.es\\\/wp-content\\\/uploads\\\/2015\\\/06\\\/DSC00313.jpg\",\"contentUrl\":\"https:\\\/\\\/www.copealcoy.es\\\/wp-content\\\/uploads\\\/2015\\\/06\\\/DSC00313.jpg\",\"width\":1440,\"height\":1080,\"caption\":\"Francesc Valls lidera el nuevo gobierno municipal de Muro \\\/ Foto: Gabriel Pascual\"},{\"@type\":\"BreadcrumbList\",\"@id\":\"https:\\\/\\\/www.copealcoy.es\\\/es\\\/muro-inicia-el-relevo-en-la-alcaldia-con-la-emotiva-despedida-de-francesc-valls\\\/#breadcrumb\",\"itemListElement\":[{\"@type\":\"ListItem\",\"position\":1,\"name\":\"Portada\",\"item\":\"https:\\\/\\\/www.copealcoy.es\\\/es\\\/\"},{\"@type\":\"ListItem\",\"position\":2,\"name\":\"Muro inicia el relevo en la alcald\u00eda con la emotiva despedida de Francesc Valls\"}]},{\"@type\":\"WebSite\",\"@id\":\"https:\\\/\\\/www.copealcoy.es\\\/es\\\/#website\",\"url\":\"https:\\\/\\\/www.copealcoy.es\\\/es\\\/\",\"name\":\"COPE Alcoy\",\"description\":\"Emisora COPE de radio local con emisi\u00f3n online. Pont de Sant Jordi 8-10 03803 Alcoy\",\"potentialAction\":[{\"@type\":\"SearchAction\",\"target\":{\"@type\":\"EntryPoint\",\"urlTemplate\":\"https:\\\/\\\/www.copealcoy.es\\\/es\\\/?s={search_term_string}\"},\"query-input\":{\"@type\":\"PropertyValueSpecification\",\"valueRequired\":true,\"valueName\":\"search_term_string\"}}],\"inLanguage\":\"es\"},{\"@type\":\"Person\",\"@id\":\"https:\\\/\\\/www.copealcoy.es\\\/es\\\/#\\\/schema\\\/person\\\/e777c87fa024e57d40170af9df39882c\",\"name\":\"Cope Alcoy\",\"image\":{\"@type\":\"ImageObject\",\"inLanguage\":\"es\",\"@id\":\"https:\\\/\\\/secure.gravatar.com\\\/avatar\\\/bb65d0283347e303893ba14f0692005417c1e0e690a325a4c5d8bb2b3943ee14?s=96&d=mm&r=g\",\"url\":\"https:\\\/\\\/secure.gravatar.com\\\/avatar\\\/bb65d0283347e303893ba14f0692005417c1e0e690a325a4c5d8bb2b3943ee14?s=96&d=mm&r=g\",\"contentUrl\":\"https:\\\/\\\/secure.gravatar.com\\\/avatar\\\/bb65d0283347e303893ba14f0692005417c1e0e690a325a4c5d8bb2b3943ee14?s=96&d=mm&r=g\",\"caption\":\"Cope Alcoy\"}}]}<\/script>\n<!-- \/ Yoast SEO plugin. -->","yoast_head_json":{"title":"Muro inicia el relevo en la alcald\u00eda con la emotiva despedida de Francesc Valls - COPE Alcoy","robots":{"index":"index","follow":"follow","max-snippet":"max-snippet:-1","max-image-preview":"max-image-preview:large","max-video-preview":"max-video-preview:-1"},"canonical":"https:\/\/www.copealcoy.es\/es\/muro-inicia-el-relevo-en-la-alcaldia-con-la-emotiva-despedida-de-francesc-valls\/","og_locale":"es_ES","og_type":"article","og_title":"Muro inicia el relevo en la alcald\u00eda con la emotiva despedida de Francesc Valls - COPE Alcoy","og_description":"El pleno del Ayuntamiento de Muro hizo efectiva ayer por la tarde la renuncia de Francesc Valls como primer edil...","og_url":"https:\/\/www.copealcoy.es\/es\/muro-inicia-el-relevo-en-la-alcaldia-con-la-emotiva-despedida-de-francesc-valls\/","og_site_name":"COPE Alcoy","article_published_time":"2017-06-07T23:21:34+00:00","article_modified_time":"2017-06-07T23:52:13+00:00","og_image":[{"width":2592,"height":1944,"url":"https:\/\/www.copealcoy.es\/wp-content\/uploads\/2015\/06\/DSC00313.jpg","type":"image\/jpeg"}],"author":"Cope Alcoy","twitter_misc":{"Escrito por":"Cope Alcoy","Tiempo de lectura":"2 minutos"},"schema":{"@context":"https:\/\/schema.org","@graph":[{"@type":"Article","@id":"https:\/\/www.copealcoy.es\/es\/muro-inicia-el-relevo-en-la-alcaldia-con-la-emotiva-despedida-de-francesc-valls\/#article","isPartOf":{"@id":"https:\/\/www.copealcoy.es\/es\/muro-inicia-el-relevo-en-la-alcaldia-con-la-emotiva-despedida-de-francesc-valls\/"},"author":{"name":"Cope Alcoy","@id":"https:\/\/www.copealcoy.es\/es\/#\/schema\/person\/e777c87fa024e57d40170af9df39882c"},"headline":"Muro inicia el relevo en la alcald\u00eda con la emotiva despedida de Francesc Valls","datePublished":"2017-06-07T23:21:34+00:00","dateModified":"2017-06-07T23:52:13+00:00","mainEntityOfPage":{"@id":"https:\/\/www.copealcoy.es\/es\/muro-inicia-el-relevo-en-la-alcaldia-con-la-emotiva-despedida-de-francesc-valls\/"},"wordCount":461,"commentCount":0,"image":{"@id":"https:\/\/www.copealcoy.es\/es\/muro-inicia-el-relevo-en-la-alcaldia-con-la-emotiva-despedida-de-francesc-valls\/#primaryimage"},"thumbnailUrl":"https:\/\/www.copealcoy.es\/wp-content\/uploads\/2015\/06\/DSC00313.jpg","keywords":["alcald\u00eda","Francesc Valls","Jacquelin Cerd\u00e0","Muro","Pleno","relevo","renuncia"],"articleSection":["Comarcas","Noticias"],"inLanguage":"es"},{"@type":"WebPage","@id":"https:\/\/www.copealcoy.es\/es\/muro-inicia-el-relevo-en-la-alcaldia-con-la-emotiva-despedida-de-francesc-valls\/","url":"https:\/\/www.copealcoy.es\/es\/muro-inicia-el-relevo-en-la-alcaldia-con-la-emotiva-despedida-de-francesc-valls\/","name":"Muro inicia el relevo en la alcald\u00eda con la emotiva despedida de Francesc Valls - COPE Alcoy","isPartOf":{"@id":"https:\/\/www.copealcoy.es\/es\/#website"},"primaryImageOfPage":{"@id":"https:\/\/www.copealcoy.es\/es\/muro-inicia-el-relevo-en-la-alcaldia-con-la-emotiva-despedida-de-francesc-valls\/#primaryimage"},"image":{"@id":"https:\/\/www.copealcoy.es\/es\/muro-inicia-el-relevo-en-la-alcaldia-con-la-emotiva-despedida-de-francesc-valls\/#primaryimage"},"thumbnailUrl":"https:\/\/www.copealcoy.es\/wp-content\/uploads\/2015\/06\/DSC00313.jpg","datePublished":"2017-06-07T23:21:34+00:00","dateModified":"2017-06-07T23:52:13+00:00","author":{"@id":"https:\/\/www.copealcoy.es\/es\/#\/schema\/person\/e777c87fa024e57d40170af9df39882c"},"breadcrumb":{"@id":"https:\/\/www.copealcoy.es\/es\/muro-inicia-el-relevo-en-la-alcaldia-con-la-emotiva-despedida-de-francesc-valls\/#breadcrumb"},"inLanguage":"es","potentialAction":[{"@type":"ReadAction","target":["https:\/\/www.copealcoy.es\/es\/muro-inicia-el-relevo-en-la-alcaldia-con-la-emotiva-despedida-de-francesc-valls\/"]}]},{"@type":"ImageObject","inLanguage":"es","@id":"https:\/\/www.copealcoy.es\/es\/muro-inicia-el-relevo-en-la-alcaldia-con-la-emotiva-despedida-de-francesc-valls\/#primaryimage","url":"https:\/\/www.copealcoy.es\/wp-content\/uploads\/2015\/06\/DSC00313.jpg","contentUrl":"https:\/\/www.copealcoy.es\/wp-content\/uploads\/2015\/06\/DSC00313.jpg","width":1440,"height":1080,"caption":"Francesc Valls lidera el nuevo gobierno municipal de Muro \/ Foto: Gabriel Pascual"},{"@type":"BreadcrumbList","@id":"https:\/\/www.copealcoy.es\/es\/muro-inicia-el-relevo-en-la-alcaldia-con-la-emotiva-despedida-de-francesc-valls\/#breadcrumb","itemListElement":[{"@type":"ListItem","position":1,"name":"Portada","item":"https:\/\/www.copealcoy.es\/es\/"},{"@type":"ListItem","position":2,"name":"Muro inicia el relevo en la alcald\u00eda con la emotiva despedida de Francesc Valls"}]},{"@type":"WebSite","@id":"https:\/\/www.copealcoy.es\/es\/#website","url":"https:\/\/www.copealcoy.es\/es\/","name":"COPE Alcoy","description":"Emisora COPE de radio local con emisi\u00f3n online. Pont de Sant Jordi 8-10 03803 Alcoy","potentialAction":[{"@type":"SearchAction","target":{"@type":"EntryPoint","urlTemplate":"https:\/\/www.copealcoy.es\/es\/?s={search_term_string}"},"query-input":{"@type":"PropertyValueSpecification","valueRequired":true,"valueName":"search_term_string"}}],"inLanguage":"es"},{"@type":"Person","@id":"https:\/\/www.copealcoy.es\/es\/#\/schema\/person\/e777c87fa024e57d40170af9df39882c","name":"Cope Alcoy","image":{"@type":"ImageObject","inLanguage":"es","@id":"https:\/\/secure.gravatar.com\/avatar\/bb65d0283347e303893ba14f0692005417c1e0e690a325a4c5d8bb2b3943ee14?s=96&d=mm&r=g","url":"https:\/\/secure.gravatar.com\/avatar\/bb65d0283347e303893ba14f0692005417c1e0e690a325a4c5d8bb2b3943ee14?s=96&d=mm&r=g","contentUrl":"https:\/\/secure.gravatar.com\/avatar\/bb65d0283347e303893ba14f0692005417c1e0e690a325a4c5d8bb2b3943ee14?s=96&d=mm&r=g","caption":"Cope Alcoy"}}]}},"_links":{"self":[{"href":"https:\/\/www.copealcoy.es\/es\/wp-json\/wp\/v2\/posts\/32556","targetHints":{"allow":["GET"]}}],"collection":[{"href":"https:\/\/www.copealcoy.es\/es\/wp-json\/wp\/v2\/posts"}],"about":[{"href":"https:\/\/www.copealcoy.es\/es\/wp-json\/wp\/v2\/types\/post"}],"author":[{"embeddable":true,"href":"https:\/\/www.copealcoy.es\/es\/wp-json\/wp\/v2\/users\/1"}],"replies":[{"embeddable":true,"href":"https:\/\/www.copealcoy.es\/es\/wp-json\/wp\/v2\/comments?post=32556"}],"version-history":[{"count":0,"href":"https:\/\/www.copealcoy.es\/es\/wp-json\/wp\/v2\/posts\/32556\/revisions"}],"wp:featuredmedia":[{"embeddable":true,"href":"https:\/\/www.copealcoy.es\/es\/wp-json\/wp\/v2\/media\/13931"}],"wp:attachment":[{"href":"https:\/\/www.copealcoy.es\/es\/wp-json\/wp\/v2\/media?parent=32556"}],"wp:term":[{"taxonomy":"category","embeddable":true,"href":"https:\/\/www.copealcoy.es\/es\/wp-json\/wp\/v2\/categories?post=32556"},{"taxonomy":"post_tag","embeddable":true,"href":"https:\/\/www.copealcoy.es\/es\/wp-json\/wp\/v2\/tags?post=32556"}],"curies":[{"name":"wp","href":"https:\/\/api.w.org\/{rel}","templated":true}]}}