{"id":32538,"date":"2017-06-07T16:29:30","date_gmt":"2017-06-07T16:29:30","guid":{"rendered":"http:\/\/copealcoi.es\/new\/?p=32538"},"modified":"2017-06-07T16:33:42","modified_gmt":"2017-06-07T16:33:42","slug":"alcoy-acogera-en-septiembre-la-i-semana-del-modernismo","status":"publish","type":"post","link":"https:\/\/www.copealcoy.es\/es\/alcoy-acogera-en-septiembre-la-i-semana-del-modernismo\/","title":{"rendered":"Alcoy acoger\u00e1 en septiembre la I Semana del Modernismo"},"content":{"rendered":"<p style=\"text-align: justify;\">Alcoy acoger\u00e1 el pr\u00f3ximo mes de septiembre <strong>la I Semana del Modernismo y la I Feria Modernista<\/strong>, unas iniciativas que <strong>se llevar\u00e1n a cabo entre los d\u00edas 18 y 24<\/strong> con la organizaci\u00f3n del Ayuntamiento y la colaboraci\u00f3n de varias entidades locales.<\/p>\n<p style=\"text-align: justify;\">Durante toda la semana <strong>habr\u00e1 numerosas\u00a0actividades culturales<\/strong> as\u00ed como rutas por el Modernismo de la ciudad, conferencias, actividades en los centros educativos\u00a0con una gu\u00eda did\u00e1ctica, bailes y talleres de indumentaria. Adem\u00e1s el fin de semana <strong>estar\u00e1 reservado a la\u00a0citada Feria del Modernismo<\/strong> que tendr\u00e1 lugar en La Glorieta y que contar\u00e1 con la participaci\u00f3n de\u00a0las poblaciones que forman parte de la Ruta Europea del Modernismo, a la que pertenece Alcoy.<\/p>\n<p style=\"text-align: justify;\">El alcalde de Alcoy, <strong>Antonio Franc\u00e9s<\/strong>, ha aplaudido la puesta en marcha de estos cert\u00e1menes y ha destacado que <strong>servir\u00e1n para poner en valor una \u00e9poca que fue dorada para la ciudad<\/strong> &#8220;<em>tanto a nivel econ\u00f3mico como industrial, social y cultural. Alcoy puede presumir de tener un gran patrimonio modernista<\/em>&#8220;, destaca.<\/p>\n<p style=\"text-align: justify;\">Por su parte la concejala de Turismo, <strong>Lorena Zamorano<\/strong>, ha avanzado que e<strong>sta primera edici\u00f3n versar\u00e1 en torno a la figura del arquitecto Vicente Pascual<\/strong> &#8220;<em>estamos ante una oportunidad de que conocer con m\u00e1s detalle nuestro pasado modernista y de aprovechar tur\u00edsticamente este patrimonio que tenemos<\/em>&#8220;, matiz\u00f3.<\/p>\n<p style=\"text-align: justify;\">La I Semana del Modernismo y Feria Modernista <strong>cuenta con la colaboraci\u00f3n<\/strong> del Centre Alcoi\u00e0 d\u2019Estudis Hist\u00f2rics i Arqueol\u00f2gics (CAEHA), la Asociaci\u00f3n Espa\u00f1ola Contra el C\u00e1ncer (AECC), el Grup de Danses Carrascal, la Asociaci\u00f3n de Amas de Casa Lucentum y los centros de mayores de la ciudad. \u00a0Tambi\u00e9n <strong>est\u00e1 abierto a todos los colectivos<\/strong> que quieran sumarse.<\/p>\n<p><iframe loading=\"lazy\" title=\"RP I Setmana del Modernisme\" width=\"1200\" height=\"675\" src=\"https:\/\/www.youtube.com\/embed\/yUVZJl1_1yQ?feature=oembed\" frameborder=\"0\" allow=\"accelerometer; autoplay; encrypted-media; gyroscope; picture-in-picture\" allowfullscreen><\/iframe><\/p>\n","protected":false},"excerpt":{"rendered":"<p>Alcoy acoger\u00e1 el pr\u00f3ximo mes de septiembre la I Semana del Modernismo y la I Feria Modernista, unas iniciativas que&#8230;<\/p>\n","protected":false},"author":1,"featured_media":32539,"comment_status":"open","ping_status":"open","sticky":false,"template":"","format":"standard","meta":{"footnotes":""},"categories":[97,78,75],"tags":[1494,1793,1120,1796,4251,4250],"class_list":["post-32538","post","type-post","status-publish","format-standard","has-post-thumbnail","hentry","category-alcoy","category-fiestaycultura","category-noticias","tag-alcoy","tag-antonio-frances","tag-feria","tag-lorena-zamorano","tag-semana-del-modernismo","tag-septiembre"],"yoast_head":"<!-- This site is optimized with the Yoast SEO plugin v27.3 - https:\/\/yoast.com\/product\/yoast-seo-wordpress\/ -->\n<title>Alcoy acoger\u00e1 en septiembre la I Semana del Modernismo - COPE Alcoy<\/title>\n<meta name=\"robots\" content=\"index, follow, max-snippet:-1, max-image-preview:large, max-video-preview:-1\" \/>\n<link rel=\"canonical\" href=\"https:\/\/www.copealcoy.es\/es\/alcoy-acogera-en-septiembre-la-i-semana-del-modernismo\/\" \/>\n<meta property=\"og:locale\" content=\"es_ES\" \/>\n<meta property=\"og:type\" content=\"article\" \/>\n<meta property=\"og:title\" content=\"Alcoy acoger\u00e1 en septiembre la I Semana del Modernismo - COPE Alcoy\" \/>\n<meta property=\"og:description\" content=\"Alcoy acoger\u00e1 el pr\u00f3ximo mes de septiembre la I Semana del Modernismo y la I Feria Modernista, unas iniciativas que...\" \/>\n<meta property=\"og:url\" content=\"https:\/\/www.copealcoy.es\/es\/alcoy-acogera-en-septiembre-la-i-semana-del-modernismo\/\" \/>\n<meta property=\"og:site_name\" content=\"COPE Alcoy\" \/>\n<meta property=\"article:published_time\" content=\"2017-06-07T16:29:30+00:00\" \/>\n<meta property=\"article:modified_time\" content=\"2017-06-07T16:33:42+00:00\" \/>\n<meta property=\"og:image\" content=\"https:\/\/www.copealcoy.es\/wp-content\/uploads\/2017\/06\/Setmana-del-Modernisme-2-1024x683.jpg\" \/>\n\t<meta property=\"og:image:width\" content=\"1024\" \/>\n\t<meta property=\"og:image:height\" content=\"683\" \/>\n\t<meta property=\"og:image:type\" content=\"image\/jpeg\" \/>\n<meta name=\"author\" content=\"Cope Alcoy\" \/>\n<meta name=\"twitter:label1\" content=\"Escrito por\" \/>\n\t<meta name=\"twitter:data1\" content=\"Cope Alcoy\" \/>\n\t<meta name=\"twitter:label2\" content=\"Tiempo de lectura\" \/>\n\t<meta name=\"twitter:data2\" content=\"2 minutos\" \/>\n<script type=\"application\/ld+json\" class=\"yoast-schema-graph\">{\"@context\":\"https:\\\/\\\/schema.org\",\"@graph\":[{\"@type\":\"Article\",\"@id\":\"https:\\\/\\\/www.copealcoy.es\\\/es\\\/alcoy-acogera-en-septiembre-la-i-semana-del-modernismo\\\/#article\",\"isPartOf\":{\"@id\":\"https:\\\/\\\/www.copealcoy.es\\\/es\\\/alcoy-acogera-en-septiembre-la-i-semana-del-modernismo\\\/\"},\"author\":{\"name\":\"Cope Alcoy\",\"@id\":\"https:\\\/\\\/www.copealcoy.es\\\/es\\\/#\\\/schema\\\/person\\\/e777c87fa024e57d40170af9df39882c\"},\"headline\":\"Alcoy acoger\u00e1 en septiembre la I Semana del Modernismo\",\"datePublished\":\"2017-06-07T16:29:30+00:00\",\"dateModified\":\"2017-06-07T16:33:42+00:00\",\"mainEntityOfPage\":{\"@id\":\"https:\\\/\\\/www.copealcoy.es\\\/es\\\/alcoy-acogera-en-septiembre-la-i-semana-del-modernismo\\\/\"},\"wordCount\":311,\"commentCount\":0,\"image\":{\"@id\":\"https:\\\/\\\/www.copealcoy.es\\\/es\\\/alcoy-acogera-en-septiembre-la-i-semana-del-modernismo\\\/#primaryimage\"},\"thumbnailUrl\":\"https:\\\/\\\/www.copealcoy.es\\\/wp-content\\\/uploads\\\/2017\\\/06\\\/Setmana-del-Modernisme-2.jpg\",\"keywords\":[\"Alcoy\",\"Antonio Franc\u00e9s\",\"Feria\",\"Lorena Zamorano\",\"Semana del Modernismo\",\"septiembre\"],\"articleSection\":[\"Alcoy\",\"Fiesta y Cultura\",\"Noticias\"],\"inLanguage\":\"es\"},{\"@type\":\"WebPage\",\"@id\":\"https:\\\/\\\/www.copealcoy.es\\\/es\\\/alcoy-acogera-en-septiembre-la-i-semana-del-modernismo\\\/\",\"url\":\"https:\\\/\\\/www.copealcoy.es\\\/es\\\/alcoy-acogera-en-septiembre-la-i-semana-del-modernismo\\\/\",\"name\":\"Alcoy acoger\u00e1 en septiembre la I Semana del Modernismo - COPE Alcoy\",\"isPartOf\":{\"@id\":\"https:\\\/\\\/www.copealcoy.es\\\/es\\\/#website\"},\"primaryImageOfPage\":{\"@id\":\"https:\\\/\\\/www.copealcoy.es\\\/es\\\/alcoy-acogera-en-septiembre-la-i-semana-del-modernismo\\\/#primaryimage\"},\"image\":{\"@id\":\"https:\\\/\\\/www.copealcoy.es\\\/es\\\/alcoy-acogera-en-septiembre-la-i-semana-del-modernismo\\\/#primaryimage\"},\"thumbnailUrl\":\"https:\\\/\\\/www.copealcoy.es\\\/wp-content\\\/uploads\\\/2017\\\/06\\\/Setmana-del-Modernisme-2.jpg\",\"datePublished\":\"2017-06-07T16:29:30+00:00\",\"dateModified\":\"2017-06-07T16:33:42+00:00\",\"author\":{\"@id\":\"https:\\\/\\\/www.copealcoy.es\\\/es\\\/#\\\/schema\\\/person\\\/e777c87fa024e57d40170af9df39882c\"},\"breadcrumb\":{\"@id\":\"https:\\\/\\\/www.copealcoy.es\\\/es\\\/alcoy-acogera-en-septiembre-la-i-semana-del-modernismo\\\/#breadcrumb\"},\"inLanguage\":\"es\",\"potentialAction\":[{\"@type\":\"ReadAction\",\"target\":[\"https:\\\/\\\/www.copealcoy.es\\\/es\\\/alcoy-acogera-en-septiembre-la-i-semana-del-modernismo\\\/\"]}]},{\"@type\":\"ImageObject\",\"inLanguage\":\"es\",\"@id\":\"https:\\\/\\\/www.copealcoy.es\\\/es\\\/alcoy-acogera-en-septiembre-la-i-semana-del-modernismo\\\/#primaryimage\",\"url\":\"https:\\\/\\\/www.copealcoy.es\\\/wp-content\\\/uploads\\\/2017\\\/06\\\/Setmana-del-Modernisme-2.jpg\",\"contentUrl\":\"https:\\\/\\\/www.copealcoy.es\\\/wp-content\\\/uploads\\\/2017\\\/06\\\/Setmana-del-Modernisme-2.jpg\",\"width\":4272,\"height\":2848},{\"@type\":\"BreadcrumbList\",\"@id\":\"https:\\\/\\\/www.copealcoy.es\\\/es\\\/alcoy-acogera-en-septiembre-la-i-semana-del-modernismo\\\/#breadcrumb\",\"itemListElement\":[{\"@type\":\"ListItem\",\"position\":1,\"name\":\"Portada\",\"item\":\"https:\\\/\\\/www.copealcoy.es\\\/es\\\/\"},{\"@type\":\"ListItem\",\"position\":2,\"name\":\"Alcoy acoger\u00e1 en septiembre la I Semana del Modernismo\"}]},{\"@type\":\"WebSite\",\"@id\":\"https:\\\/\\\/www.copealcoy.es\\\/es\\\/#website\",\"url\":\"https:\\\/\\\/www.copealcoy.es\\\/es\\\/\",\"name\":\"COPE Alcoy\",\"description\":\"Emisora COPE de radio local con emisi\u00f3n online. Pont de Sant Jordi 8-10 03803 Alcoy\",\"potentialAction\":[{\"@type\":\"SearchAction\",\"target\":{\"@type\":\"EntryPoint\",\"urlTemplate\":\"https:\\\/\\\/www.copealcoy.es\\\/es\\\/?s={search_term_string}\"},\"query-input\":{\"@type\":\"PropertyValueSpecification\",\"valueRequired\":true,\"valueName\":\"search_term_string\"}}],\"inLanguage\":\"es\"},{\"@type\":\"Person\",\"@id\":\"https:\\\/\\\/www.copealcoy.es\\\/es\\\/#\\\/schema\\\/person\\\/e777c87fa024e57d40170af9df39882c\",\"name\":\"Cope Alcoy\",\"image\":{\"@type\":\"ImageObject\",\"inLanguage\":\"es\",\"@id\":\"https:\\\/\\\/secure.gravatar.com\\\/avatar\\\/bb65d0283347e303893ba14f0692005417c1e0e690a325a4c5d8bb2b3943ee14?s=96&d=mm&r=g\",\"url\":\"https:\\\/\\\/secure.gravatar.com\\\/avatar\\\/bb65d0283347e303893ba14f0692005417c1e0e690a325a4c5d8bb2b3943ee14?s=96&d=mm&r=g\",\"contentUrl\":\"https:\\\/\\\/secure.gravatar.com\\\/avatar\\\/bb65d0283347e303893ba14f0692005417c1e0e690a325a4c5d8bb2b3943ee14?s=96&d=mm&r=g\",\"caption\":\"Cope Alcoy\"}}]}<\/script>\n<!-- \/ Yoast SEO plugin. -->","yoast_head_json":{"title":"Alcoy acoger\u00e1 en septiembre la I Semana del Modernismo - COPE Alcoy","robots":{"index":"index","follow":"follow","max-snippet":"max-snippet:-1","max-image-preview":"max-image-preview:large","max-video-preview":"max-video-preview:-1"},"canonical":"https:\/\/www.copealcoy.es\/es\/alcoy-acogera-en-septiembre-la-i-semana-del-modernismo\/","og_locale":"es_ES","og_type":"article","og_title":"Alcoy acoger\u00e1 en septiembre la I Semana del Modernismo - COPE Alcoy","og_description":"Alcoy acoger\u00e1 el pr\u00f3ximo mes de septiembre la I Semana del Modernismo y la I Feria Modernista, unas iniciativas que...","og_url":"https:\/\/www.copealcoy.es\/es\/alcoy-acogera-en-septiembre-la-i-semana-del-modernismo\/","og_site_name":"COPE Alcoy","article_published_time":"2017-06-07T16:29:30+00:00","article_modified_time":"2017-06-07T16:33:42+00:00","og_image":[{"width":1024,"height":683,"url":"https:\/\/www.copealcoy.es\/wp-content\/uploads\/2017\/06\/Setmana-del-Modernisme-2-1024x683.jpg","type":"image\/jpeg"}],"author":"Cope Alcoy","twitter_misc":{"Escrito por":"Cope Alcoy","Tiempo de lectura":"2 minutos"},"schema":{"@context":"https:\/\/schema.org","@graph":[{"@type":"Article","@id":"https:\/\/www.copealcoy.es\/es\/alcoy-acogera-en-septiembre-la-i-semana-del-modernismo\/#article","isPartOf":{"@id":"https:\/\/www.copealcoy.es\/es\/alcoy-acogera-en-septiembre-la-i-semana-del-modernismo\/"},"author":{"name":"Cope Alcoy","@id":"https:\/\/www.copealcoy.es\/es\/#\/schema\/person\/e777c87fa024e57d40170af9df39882c"},"headline":"Alcoy acoger\u00e1 en septiembre la I Semana del Modernismo","datePublished":"2017-06-07T16:29:30+00:00","dateModified":"2017-06-07T16:33:42+00:00","mainEntityOfPage":{"@id":"https:\/\/www.copealcoy.es\/es\/alcoy-acogera-en-septiembre-la-i-semana-del-modernismo\/"},"wordCount":311,"commentCount":0,"image":{"@id":"https:\/\/www.copealcoy.es\/es\/alcoy-acogera-en-septiembre-la-i-semana-del-modernismo\/#primaryimage"},"thumbnailUrl":"https:\/\/www.copealcoy.es\/wp-content\/uploads\/2017\/06\/Setmana-del-Modernisme-2.jpg","keywords":["Alcoy","Antonio Franc\u00e9s","Feria","Lorena Zamorano","Semana del Modernismo","septiembre"],"articleSection":["Alcoy","Fiesta y Cultura","Noticias"],"inLanguage":"es"},{"@type":"WebPage","@id":"https:\/\/www.copealcoy.es\/es\/alcoy-acogera-en-septiembre-la-i-semana-del-modernismo\/","url":"https:\/\/www.copealcoy.es\/es\/alcoy-acogera-en-septiembre-la-i-semana-del-modernismo\/","name":"Alcoy acoger\u00e1 en septiembre la I Semana del Modernismo - COPE Alcoy","isPartOf":{"@id":"https:\/\/www.copealcoy.es\/es\/#website"},"primaryImageOfPage":{"@id":"https:\/\/www.copealcoy.es\/es\/alcoy-acogera-en-septiembre-la-i-semana-del-modernismo\/#primaryimage"},"image":{"@id":"https:\/\/www.copealcoy.es\/es\/alcoy-acogera-en-septiembre-la-i-semana-del-modernismo\/#primaryimage"},"thumbnailUrl":"https:\/\/www.copealcoy.es\/wp-content\/uploads\/2017\/06\/Setmana-del-Modernisme-2.jpg","datePublished":"2017-06-07T16:29:30+00:00","dateModified":"2017-06-07T16:33:42+00:00","author":{"@id":"https:\/\/www.copealcoy.es\/es\/#\/schema\/person\/e777c87fa024e57d40170af9df39882c"},"breadcrumb":{"@id":"https:\/\/www.copealcoy.es\/es\/alcoy-acogera-en-septiembre-la-i-semana-del-modernismo\/#breadcrumb"},"inLanguage":"es","potentialAction":[{"@type":"ReadAction","target":["https:\/\/www.copealcoy.es\/es\/alcoy-acogera-en-septiembre-la-i-semana-del-modernismo\/"]}]},{"@type":"ImageObject","inLanguage":"es","@id":"https:\/\/www.copealcoy.es\/es\/alcoy-acogera-en-septiembre-la-i-semana-del-modernismo\/#primaryimage","url":"https:\/\/www.copealcoy.es\/wp-content\/uploads\/2017\/06\/Setmana-del-Modernisme-2.jpg","contentUrl":"https:\/\/www.copealcoy.es\/wp-content\/uploads\/2017\/06\/Setmana-del-Modernisme-2.jpg","width":4272,"height":2848},{"@type":"BreadcrumbList","@id":"https:\/\/www.copealcoy.es\/es\/alcoy-acogera-en-septiembre-la-i-semana-del-modernismo\/#breadcrumb","itemListElement":[{"@type":"ListItem","position":1,"name":"Portada","item":"https:\/\/www.copealcoy.es\/es\/"},{"@type":"ListItem","position":2,"name":"Alcoy acoger\u00e1 en septiembre la I Semana del Modernismo"}]},{"@type":"WebSite","@id":"https:\/\/www.copealcoy.es\/es\/#website","url":"https:\/\/www.copealcoy.es\/es\/","name":"COPE Alcoy","description":"Emisora COPE de radio local con emisi\u00f3n online. Pont de Sant Jordi 8-10 03803 Alcoy","potentialAction":[{"@type":"SearchAction","target":{"@type":"EntryPoint","urlTemplate":"https:\/\/www.copealcoy.es\/es\/?s={search_term_string}"},"query-input":{"@type":"PropertyValueSpecification","valueRequired":true,"valueName":"search_term_string"}}],"inLanguage":"es"},{"@type":"Person","@id":"https:\/\/www.copealcoy.es\/es\/#\/schema\/person\/e777c87fa024e57d40170af9df39882c","name":"Cope Alcoy","image":{"@type":"ImageObject","inLanguage":"es","@id":"https:\/\/secure.gravatar.com\/avatar\/bb65d0283347e303893ba14f0692005417c1e0e690a325a4c5d8bb2b3943ee14?s=96&d=mm&r=g","url":"https:\/\/secure.gravatar.com\/avatar\/bb65d0283347e303893ba14f0692005417c1e0e690a325a4c5d8bb2b3943ee14?s=96&d=mm&r=g","contentUrl":"https:\/\/secure.gravatar.com\/avatar\/bb65d0283347e303893ba14f0692005417c1e0e690a325a4c5d8bb2b3943ee14?s=96&d=mm&r=g","caption":"Cope Alcoy"}}]}},"_links":{"self":[{"href":"https:\/\/www.copealcoy.es\/es\/wp-json\/wp\/v2\/posts\/32538","targetHints":{"allow":["GET"]}}],"collection":[{"href":"https:\/\/www.copealcoy.es\/es\/wp-json\/wp\/v2\/posts"}],"about":[{"href":"https:\/\/www.copealcoy.es\/es\/wp-json\/wp\/v2\/types\/post"}],"author":[{"embeddable":true,"href":"https:\/\/www.copealcoy.es\/es\/wp-json\/wp\/v2\/users\/1"}],"replies":[{"embeddable":true,"href":"https:\/\/www.copealcoy.es\/es\/wp-json\/wp\/v2\/comments?post=32538"}],"version-history":[{"count":0,"href":"https:\/\/www.copealcoy.es\/es\/wp-json\/wp\/v2\/posts\/32538\/revisions"}],"wp:featuredmedia":[{"embeddable":true,"href":"https:\/\/www.copealcoy.es\/es\/wp-json\/wp\/v2\/media\/32539"}],"wp:attachment":[{"href":"https:\/\/www.copealcoy.es\/es\/wp-json\/wp\/v2\/media?parent=32538"}],"wp:term":[{"taxonomy":"category","embeddable":true,"href":"https:\/\/www.copealcoy.es\/es\/wp-json\/wp\/v2\/categories?post=32538"},{"taxonomy":"post_tag","embeddable":true,"href":"https:\/\/www.copealcoy.es\/es\/wp-json\/wp\/v2\/tags?post=32538"}],"curies":[{"name":"wp","href":"https:\/\/api.w.org\/{rel}","templated":true}]}}