{"id":32169,"date":"2017-05-26T16:08:19","date_gmt":"2017-05-26T16:08:19","guid":{"rendered":"http:\/\/copealcoi.es\/new\/?p=32169"},"modified":"2017-05-26T16:13:13","modified_gmt":"2017-05-26T16:13:13","slug":"llega-a-alcoy-la-edicion-2017-de-la-feria-andaluza","status":"publish","type":"post","link":"https:\/\/www.copealcoy.es\/es\/llega-a-alcoy-la-edicion-2017-de-la-feria-andaluza\/","title":{"rendered":"Llega a Alcoy la edici\u00f3n 2017 de la Feria Andaluza"},"content":{"rendered":"<p style=\"text-align: justify;\">Alcoy dar\u00e1 la bienvenida este viernes a <strong>la cuarta edici\u00f3n de su Feria Andaluza<\/strong> que se celebrar\u00e1 hasta el pr\u00f3ximo domingo <strong>en el recinto de las Aulas Verdes<\/strong> del Barrio de la Zona Norte.<\/p>\n<p style=\"text-align: justify;\">El evento <strong>vuelve a estar organizado por la Casa de Andaluc\u00eda y el Ayuntamiento de Alcoy<\/strong> y para esta ocasi\u00f3n se ha preparado de nuevo <strong>un completo programa de actividades<\/strong> que\u00a0incluye bailes, m\u00fasica tradicional, un <em>flashmoob\u00a0<\/em>flamenco en homenaje a Camar\u00f3n, actuaciones de coros rocieros, gastronom\u00eda con tapas y bebidas tradiciones, productos t\u00edpicos as\u00ed como espect\u00e1culos de jinetes. \u00a0Tampoco faltar\u00e1, el cl\u00e1sico encendido de luces ni los paseos en carruajes o en burros.<\/p>\n<p style=\"text-align: justify;\">El edil de Fiestas, <strong>Ra\u00fcl Llopis<\/strong>, destacaba este viernes en La Ma\u00f1ana de COPE ALCOY que la Feria Andaluza ya <strong>es un evento que esperan cada a\u00f1o con ganas los alcoyanos y los vecinos de nuestras comarcas<\/strong> &#8220;<em>una fiesta consolidada y para todos los p\u00fablicos que cuenta con una amplia oferta en la ciudad. El Ayuntamiento ha dispuesto ya toda la infraestructura y como novedad se ha instalado una rampa en una de las puertas laterales para favorecer la entrada de caballos<\/em>&#8220;, ha afirmado.<\/p>\n<p style=\"text-align: justify;\">Las actividades de la Feria Andaluza <strong>comenzaron ya ayer por la noche en la Casa de Andaluc\u00eda con la presentaci\u00f3n del libro<\/strong>\u00a0<em>La huella de una guerra: castre\u00f1os y espeje\u00f1os en Alcoy.\u00a0<\/em><\/p>\n","protected":false},"excerpt":{"rendered":"<p>Alcoy dar\u00e1 la bienvenida este viernes a la cuarta edici\u00f3n de su Feria Andaluza que se celebrar\u00e1 hasta el pr\u00f3ximo&#8230;<\/p>\n","protected":false},"author":1,"featured_media":32170,"comment_status":"open","ping_status":"open","sticky":false,"template":"","format":"standard","meta":{"footnotes":""},"categories":[97,78,75],"tags":[1494,2229,982,716],"class_list":["post-32169","post","type-post","status-publish","format-standard","has-post-thumbnail","hentry","category-alcoy","category-fiestaycultura","category-noticias","tag-alcoy","tag-casa-de-andalucia","tag-feria-andaluza","tag-gastronomia"],"yoast_head":"<!-- This site is optimized with the Yoast SEO plugin v27.3 - https:\/\/yoast.com\/product\/yoast-seo-wordpress\/ -->\n<title>Llega a Alcoy la edici\u00f3n 2017 de la Feria Andaluza - COPE Alcoy<\/title>\n<meta name=\"robots\" content=\"index, follow, max-snippet:-1, max-image-preview:large, max-video-preview:-1\" \/>\n<link rel=\"canonical\" href=\"https:\/\/www.copealcoy.es\/es\/llega-a-alcoy-la-edicion-2017-de-la-feria-andaluza\/\" \/>\n<meta property=\"og:locale\" content=\"es_ES\" \/>\n<meta property=\"og:type\" content=\"article\" \/>\n<meta property=\"og:title\" content=\"Llega a Alcoy la edici\u00f3n 2017 de la Feria Andaluza - COPE Alcoy\" \/>\n<meta property=\"og:description\" content=\"Alcoy dar\u00e1 la bienvenida este viernes a la cuarta edici\u00f3n de su Feria Andaluza que se celebrar\u00e1 hasta el pr\u00f3ximo...\" \/>\n<meta property=\"og:url\" content=\"https:\/\/www.copealcoy.es\/es\/llega-a-alcoy-la-edicion-2017-de-la-feria-andaluza\/\" \/>\n<meta property=\"og:site_name\" content=\"COPE Alcoy\" \/>\n<meta property=\"article:published_time\" content=\"2017-05-26T16:08:19+00:00\" \/>\n<meta property=\"article:modified_time\" content=\"2017-05-26T16:13:13+00:00\" \/>\n<meta property=\"og:image\" content=\"https:\/\/www.copealcoy.es\/wp-content\/uploads\/2017\/05\/13239305_1757819481104935_5546925124445245787_n.jpg\" \/>\n\t<meta property=\"og:image:width\" content=\"960\" \/>\n\t<meta property=\"og:image:height\" content=\"540\" \/>\n\t<meta property=\"og:image:type\" content=\"image\/jpeg\" \/>\n<meta name=\"author\" content=\"Cope Alcoy\" \/>\n<meta name=\"twitter:label1\" content=\"Escrito por\" \/>\n\t<meta name=\"twitter:data1\" content=\"Cope Alcoy\" \/>\n\t<meta name=\"twitter:label2\" content=\"Tiempo de lectura\" \/>\n\t<meta name=\"twitter:data2\" content=\"1 minuto\" \/>\n<script type=\"application\/ld+json\" class=\"yoast-schema-graph\">{\"@context\":\"https:\\\/\\\/schema.org\",\"@graph\":[{\"@type\":\"Article\",\"@id\":\"https:\\\/\\\/www.copealcoy.es\\\/es\\\/llega-a-alcoy-la-edicion-2017-de-la-feria-andaluza\\\/#article\",\"isPartOf\":{\"@id\":\"https:\\\/\\\/www.copealcoy.es\\\/es\\\/llega-a-alcoy-la-edicion-2017-de-la-feria-andaluza\\\/\"},\"author\":{\"name\":\"Cope Alcoy\",\"@id\":\"https:\\\/\\\/www.copealcoy.es\\\/es\\\/#\\\/schema\\\/person\\\/e777c87fa024e57d40170af9df39882c\"},\"headline\":\"Llega a Alcoy la edici\u00f3n 2017 de la Feria Andaluza\",\"datePublished\":\"2017-05-26T16:08:19+00:00\",\"dateModified\":\"2017-05-26T16:13:13+00:00\",\"mainEntityOfPage\":{\"@id\":\"https:\\\/\\\/www.copealcoy.es\\\/es\\\/llega-a-alcoy-la-edicion-2017-de-la-feria-andaluza\\\/\"},\"wordCount\":252,\"commentCount\":0,\"image\":{\"@id\":\"https:\\\/\\\/www.copealcoy.es\\\/es\\\/llega-a-alcoy-la-edicion-2017-de-la-feria-andaluza\\\/#primaryimage\"},\"thumbnailUrl\":\"https:\\\/\\\/www.copealcoy.es\\\/wp-content\\\/uploads\\\/2017\\\/05\\\/13239305_1757819481104935_5546925124445245787_n.jpg\",\"keywords\":[\"Alcoy\",\"Casa de Andaluc\u00eda\",\"Feria Andaluza\",\"Gastronom\u00eda\"],\"articleSection\":[\"Alcoy\",\"Fiesta y Cultura\",\"Noticias\"],\"inLanguage\":\"es\"},{\"@type\":\"WebPage\",\"@id\":\"https:\\\/\\\/www.copealcoy.es\\\/es\\\/llega-a-alcoy-la-edicion-2017-de-la-feria-andaluza\\\/\",\"url\":\"https:\\\/\\\/www.copealcoy.es\\\/es\\\/llega-a-alcoy-la-edicion-2017-de-la-feria-andaluza\\\/\",\"name\":\"Llega a Alcoy la edici\u00f3n 2017 de la Feria Andaluza - COPE Alcoy\",\"isPartOf\":{\"@id\":\"https:\\\/\\\/www.copealcoy.es\\\/es\\\/#website\"},\"primaryImageOfPage\":{\"@id\":\"https:\\\/\\\/www.copealcoy.es\\\/es\\\/llega-a-alcoy-la-edicion-2017-de-la-feria-andaluza\\\/#primaryimage\"},\"image\":{\"@id\":\"https:\\\/\\\/www.copealcoy.es\\\/es\\\/llega-a-alcoy-la-edicion-2017-de-la-feria-andaluza\\\/#primaryimage\"},\"thumbnailUrl\":\"https:\\\/\\\/www.copealcoy.es\\\/wp-content\\\/uploads\\\/2017\\\/05\\\/13239305_1757819481104935_5546925124445245787_n.jpg\",\"datePublished\":\"2017-05-26T16:08:19+00:00\",\"dateModified\":\"2017-05-26T16:13:13+00:00\",\"author\":{\"@id\":\"https:\\\/\\\/www.copealcoy.es\\\/es\\\/#\\\/schema\\\/person\\\/e777c87fa024e57d40170af9df39882c\"},\"breadcrumb\":{\"@id\":\"https:\\\/\\\/www.copealcoy.es\\\/es\\\/llega-a-alcoy-la-edicion-2017-de-la-feria-andaluza\\\/#breadcrumb\"},\"inLanguage\":\"es\",\"potentialAction\":[{\"@type\":\"ReadAction\",\"target\":[\"https:\\\/\\\/www.copealcoy.es\\\/es\\\/llega-a-alcoy-la-edicion-2017-de-la-feria-andaluza\\\/\"]}]},{\"@type\":\"ImageObject\",\"inLanguage\":\"es\",\"@id\":\"https:\\\/\\\/www.copealcoy.es\\\/es\\\/llega-a-alcoy-la-edicion-2017-de-la-feria-andaluza\\\/#primaryimage\",\"url\":\"https:\\\/\\\/www.copealcoy.es\\\/wp-content\\\/uploads\\\/2017\\\/05\\\/13239305_1757819481104935_5546925124445245787_n.jpg\",\"contentUrl\":\"https:\\\/\\\/www.copealcoy.es\\\/wp-content\\\/uploads\\\/2017\\\/05\\\/13239305_1757819481104935_5546925124445245787_n.jpg\",\"width\":960,\"height\":540},{\"@type\":\"BreadcrumbList\",\"@id\":\"https:\\\/\\\/www.copealcoy.es\\\/es\\\/llega-a-alcoy-la-edicion-2017-de-la-feria-andaluza\\\/#breadcrumb\",\"itemListElement\":[{\"@type\":\"ListItem\",\"position\":1,\"name\":\"Portada\",\"item\":\"https:\\\/\\\/www.copealcoy.es\\\/es\\\/\"},{\"@type\":\"ListItem\",\"position\":2,\"name\":\"Llega a Alcoy la edici\u00f3n 2017 de la Feria Andaluza\"}]},{\"@type\":\"WebSite\",\"@id\":\"https:\\\/\\\/www.copealcoy.es\\\/es\\\/#website\",\"url\":\"https:\\\/\\\/www.copealcoy.es\\\/es\\\/\",\"name\":\"COPE Alcoy\",\"description\":\"Emisora COPE de radio local con emisi\u00f3n online. Pont de Sant Jordi 8-10 03803 Alcoy\",\"potentialAction\":[{\"@type\":\"SearchAction\",\"target\":{\"@type\":\"EntryPoint\",\"urlTemplate\":\"https:\\\/\\\/www.copealcoy.es\\\/es\\\/?s={search_term_string}\"},\"query-input\":{\"@type\":\"PropertyValueSpecification\",\"valueRequired\":true,\"valueName\":\"search_term_string\"}}],\"inLanguage\":\"es\"},{\"@type\":\"Person\",\"@id\":\"https:\\\/\\\/www.copealcoy.es\\\/es\\\/#\\\/schema\\\/person\\\/e777c87fa024e57d40170af9df39882c\",\"name\":\"Cope Alcoy\",\"image\":{\"@type\":\"ImageObject\",\"inLanguage\":\"es\",\"@id\":\"https:\\\/\\\/secure.gravatar.com\\\/avatar\\\/bb65d0283347e303893ba14f0692005417c1e0e690a325a4c5d8bb2b3943ee14?s=96&d=mm&r=g\",\"url\":\"https:\\\/\\\/secure.gravatar.com\\\/avatar\\\/bb65d0283347e303893ba14f0692005417c1e0e690a325a4c5d8bb2b3943ee14?s=96&d=mm&r=g\",\"contentUrl\":\"https:\\\/\\\/secure.gravatar.com\\\/avatar\\\/bb65d0283347e303893ba14f0692005417c1e0e690a325a4c5d8bb2b3943ee14?s=96&d=mm&r=g\",\"caption\":\"Cope Alcoy\"}}]}<\/script>\n<!-- \/ Yoast SEO plugin. -->","yoast_head_json":{"title":"Llega a Alcoy la edici\u00f3n 2017 de la Feria Andaluza - COPE Alcoy","robots":{"index":"index","follow":"follow","max-snippet":"max-snippet:-1","max-image-preview":"max-image-preview:large","max-video-preview":"max-video-preview:-1"},"canonical":"https:\/\/www.copealcoy.es\/es\/llega-a-alcoy-la-edicion-2017-de-la-feria-andaluza\/","og_locale":"es_ES","og_type":"article","og_title":"Llega a Alcoy la edici\u00f3n 2017 de la Feria Andaluza - COPE Alcoy","og_description":"Alcoy dar\u00e1 la bienvenida este viernes a la cuarta edici\u00f3n de su Feria Andaluza que se celebrar\u00e1 hasta el pr\u00f3ximo...","og_url":"https:\/\/www.copealcoy.es\/es\/llega-a-alcoy-la-edicion-2017-de-la-feria-andaluza\/","og_site_name":"COPE Alcoy","article_published_time":"2017-05-26T16:08:19+00:00","article_modified_time":"2017-05-26T16:13:13+00:00","og_image":[{"width":960,"height":540,"url":"https:\/\/www.copealcoy.es\/wp-content\/uploads\/2017\/05\/13239305_1757819481104935_5546925124445245787_n.jpg","type":"image\/jpeg"}],"author":"Cope Alcoy","twitter_misc":{"Escrito por":"Cope Alcoy","Tiempo de lectura":"1 minuto"},"schema":{"@context":"https:\/\/schema.org","@graph":[{"@type":"Article","@id":"https:\/\/www.copealcoy.es\/es\/llega-a-alcoy-la-edicion-2017-de-la-feria-andaluza\/#article","isPartOf":{"@id":"https:\/\/www.copealcoy.es\/es\/llega-a-alcoy-la-edicion-2017-de-la-feria-andaluza\/"},"author":{"name":"Cope Alcoy","@id":"https:\/\/www.copealcoy.es\/es\/#\/schema\/person\/e777c87fa024e57d40170af9df39882c"},"headline":"Llega a Alcoy la edici\u00f3n 2017 de la Feria Andaluza","datePublished":"2017-05-26T16:08:19+00:00","dateModified":"2017-05-26T16:13:13+00:00","mainEntityOfPage":{"@id":"https:\/\/www.copealcoy.es\/es\/llega-a-alcoy-la-edicion-2017-de-la-feria-andaluza\/"},"wordCount":252,"commentCount":0,"image":{"@id":"https:\/\/www.copealcoy.es\/es\/llega-a-alcoy-la-edicion-2017-de-la-feria-andaluza\/#primaryimage"},"thumbnailUrl":"https:\/\/www.copealcoy.es\/wp-content\/uploads\/2017\/05\/13239305_1757819481104935_5546925124445245787_n.jpg","keywords":["Alcoy","Casa de Andaluc\u00eda","Feria Andaluza","Gastronom\u00eda"],"articleSection":["Alcoy","Fiesta y Cultura","Noticias"],"inLanguage":"es"},{"@type":"WebPage","@id":"https:\/\/www.copealcoy.es\/es\/llega-a-alcoy-la-edicion-2017-de-la-feria-andaluza\/","url":"https:\/\/www.copealcoy.es\/es\/llega-a-alcoy-la-edicion-2017-de-la-feria-andaluza\/","name":"Llega a Alcoy la edici\u00f3n 2017 de la Feria Andaluza - COPE Alcoy","isPartOf":{"@id":"https:\/\/www.copealcoy.es\/es\/#website"},"primaryImageOfPage":{"@id":"https:\/\/www.copealcoy.es\/es\/llega-a-alcoy-la-edicion-2017-de-la-feria-andaluza\/#primaryimage"},"image":{"@id":"https:\/\/www.copealcoy.es\/es\/llega-a-alcoy-la-edicion-2017-de-la-feria-andaluza\/#primaryimage"},"thumbnailUrl":"https:\/\/www.copealcoy.es\/wp-content\/uploads\/2017\/05\/13239305_1757819481104935_5546925124445245787_n.jpg","datePublished":"2017-05-26T16:08:19+00:00","dateModified":"2017-05-26T16:13:13+00:00","author":{"@id":"https:\/\/www.copealcoy.es\/es\/#\/schema\/person\/e777c87fa024e57d40170af9df39882c"},"breadcrumb":{"@id":"https:\/\/www.copealcoy.es\/es\/llega-a-alcoy-la-edicion-2017-de-la-feria-andaluza\/#breadcrumb"},"inLanguage":"es","potentialAction":[{"@type":"ReadAction","target":["https:\/\/www.copealcoy.es\/es\/llega-a-alcoy-la-edicion-2017-de-la-feria-andaluza\/"]}]},{"@type":"ImageObject","inLanguage":"es","@id":"https:\/\/www.copealcoy.es\/es\/llega-a-alcoy-la-edicion-2017-de-la-feria-andaluza\/#primaryimage","url":"https:\/\/www.copealcoy.es\/wp-content\/uploads\/2017\/05\/13239305_1757819481104935_5546925124445245787_n.jpg","contentUrl":"https:\/\/www.copealcoy.es\/wp-content\/uploads\/2017\/05\/13239305_1757819481104935_5546925124445245787_n.jpg","width":960,"height":540},{"@type":"BreadcrumbList","@id":"https:\/\/www.copealcoy.es\/es\/llega-a-alcoy-la-edicion-2017-de-la-feria-andaluza\/#breadcrumb","itemListElement":[{"@type":"ListItem","position":1,"name":"Portada","item":"https:\/\/www.copealcoy.es\/es\/"},{"@type":"ListItem","position":2,"name":"Llega a Alcoy la edici\u00f3n 2017 de la Feria Andaluza"}]},{"@type":"WebSite","@id":"https:\/\/www.copealcoy.es\/es\/#website","url":"https:\/\/www.copealcoy.es\/es\/","name":"COPE Alcoy","description":"Emisora COPE de radio local con emisi\u00f3n online. Pont de Sant Jordi 8-10 03803 Alcoy","potentialAction":[{"@type":"SearchAction","target":{"@type":"EntryPoint","urlTemplate":"https:\/\/www.copealcoy.es\/es\/?s={search_term_string}"},"query-input":{"@type":"PropertyValueSpecification","valueRequired":true,"valueName":"search_term_string"}}],"inLanguage":"es"},{"@type":"Person","@id":"https:\/\/www.copealcoy.es\/es\/#\/schema\/person\/e777c87fa024e57d40170af9df39882c","name":"Cope Alcoy","image":{"@type":"ImageObject","inLanguage":"es","@id":"https:\/\/secure.gravatar.com\/avatar\/bb65d0283347e303893ba14f0692005417c1e0e690a325a4c5d8bb2b3943ee14?s=96&d=mm&r=g","url":"https:\/\/secure.gravatar.com\/avatar\/bb65d0283347e303893ba14f0692005417c1e0e690a325a4c5d8bb2b3943ee14?s=96&d=mm&r=g","contentUrl":"https:\/\/secure.gravatar.com\/avatar\/bb65d0283347e303893ba14f0692005417c1e0e690a325a4c5d8bb2b3943ee14?s=96&d=mm&r=g","caption":"Cope Alcoy"}}]}},"_links":{"self":[{"href":"https:\/\/www.copealcoy.es\/es\/wp-json\/wp\/v2\/posts\/32169","targetHints":{"allow":["GET"]}}],"collection":[{"href":"https:\/\/www.copealcoy.es\/es\/wp-json\/wp\/v2\/posts"}],"about":[{"href":"https:\/\/www.copealcoy.es\/es\/wp-json\/wp\/v2\/types\/post"}],"author":[{"embeddable":true,"href":"https:\/\/www.copealcoy.es\/es\/wp-json\/wp\/v2\/users\/1"}],"replies":[{"embeddable":true,"href":"https:\/\/www.copealcoy.es\/es\/wp-json\/wp\/v2\/comments?post=32169"}],"version-history":[{"count":0,"href":"https:\/\/www.copealcoy.es\/es\/wp-json\/wp\/v2\/posts\/32169\/revisions"}],"wp:featuredmedia":[{"embeddable":true,"href":"https:\/\/www.copealcoy.es\/es\/wp-json\/wp\/v2\/media\/32170"}],"wp:attachment":[{"href":"https:\/\/www.copealcoy.es\/es\/wp-json\/wp\/v2\/media?parent=32169"}],"wp:term":[{"taxonomy":"category","embeddable":true,"href":"https:\/\/www.copealcoy.es\/es\/wp-json\/wp\/v2\/categories?post=32169"},{"taxonomy":"post_tag","embeddable":true,"href":"https:\/\/www.copealcoy.es\/es\/wp-json\/wp\/v2\/tags?post=32169"}],"curies":[{"name":"wp","href":"https:\/\/api.w.org\/{rel}","templated":true}]}}