{"id":32083,"date":"2017-05-24T16:44:09","date_gmt":"2017-05-24T16:44:09","guid":{"rendered":"http:\/\/copealcoi.es\/new\/?p=32083"},"modified":"2017-05-24T16:51:18","modified_gmt":"2017-05-24T16:51:18","slug":"el-ies-fray-ignacio-barrachina-participan-en-varias-actividades-del-programa-erasmus-valgreen","status":"publish","type":"post","link":"https:\/\/www.copealcoy.es\/es\/el-ies-fray-ignacio-barrachina-participan-en-varias-actividades-del-programa-erasmus-valgreen\/","title":{"rendered":"El IES Fray Ignacio Barrachina participan en varias actividades del programa Erasmus Valgreen"},"content":{"rendered":"<p style=\"text-align: justify;\">El <strong>IES Fray Ignacio Barrachina<\/strong> de Ibi <strong>organiza mensualmente actividades extraescolares<\/strong> con sus alumnos <strong>con el objetivo de ense\u00f1arles las oportunidades<\/strong> que ofrecen <strong>el medio ambiente y la gesti\u00f3n forestal<\/strong> desde el punto de vista profesional. Estas actividades se enmarcan <strong>dentro del programa europeo de cooperaci\u00f3n Erasmus Plus<\/strong> a trav\u00e9s del proyecto liderado por el Instituto ibense que <strong>lleva por nombre VALGREEN:<\/strong> Reforestation of arid zones in the south of Europe as a profession of the future.<\/p>\n<p style=\"text-align: justify;\">Dichas actividades <strong>tienen forma de talleres<\/strong> y en ellas <strong>participan los alumnos del m\u00f3dulo medio de formaci\u00f3n profesional en gesti\u00f3n forestal<\/strong> que se imparte en el propio instituto. Hasta el momento <strong>se han realizado talleres<\/strong> de elaboraci\u00f3n de productos de esparto, de creaci\u00f3n de caminos, reconocimiento de especies forestales o la realizaci\u00f3n de un huerto escolar y reconocimiento de especies forestales. En todos ellos, <strong>siempre se ha buscado la vertiente pr\u00e1ctica y pragm\u00e1tica<\/strong>\u00a0adem\u00e1s de la interacci\u00f3n con la sociedad.<\/p>\n<p style=\"text-align: justify;\">Todas estas actividades <strong>se enmarcan dentro del programa Erasmus<\/strong> que tiene como objetivo <strong>mejorar la calidad de la formaci\u00f3n profesional<\/strong> y en este caso, tiene en cuenta una serie de actividades internacionales. Entre estas destacan <strong>la organizaci\u00f3n de cursos para el profesorado, la realizaci\u00f3n de material divulgativo y el intercambio de buenas pr\u00e1cticas entre las entidades socias<\/strong> como son el propio IES Fray Ignacio Barrachina (Espa\u00f1a), el Instituto Lorenzo Fumane (Italia), la Escuela de Formaci\u00f3n Profesional del Alto Lima EPRALIMA (Portugal) y la Universidad Frederick (Chipre).<\/p>\n","protected":false},"excerpt":{"rendered":"<p>El IES Fray Ignacio Barrachina de Ibi organiza mensualmente actividades extraescolares con sus alumnos con el objetivo de ense\u00f1arles las&#8230;<\/p>\n","protected":false},"author":1,"featured_media":32084,"comment_status":"open","ping_status":"open","sticky":false,"template":"","format":"standard","meta":{"footnotes":""},"categories":[900,75],"tags":[4183,474,4182,4184],"class_list":["post-32083","post","type-post","status-publish","format-standard","has-post-thumbnail","hentry","category-educacion","category-noticias","tag-erasmus","tag-ibi","tag-ies-fray-ignacio-barrachina","tag-valgreen"],"yoast_head":"<!-- This site is optimized with the Yoast SEO plugin v27.3 - https:\/\/yoast.com\/product\/yoast-seo-wordpress\/ -->\n<title>El IES Fray Ignacio Barrachina participan en varias actividades del programa Erasmus Valgreen - COPE Alcoy<\/title>\n<meta name=\"robots\" content=\"index, follow, max-snippet:-1, max-image-preview:large, max-video-preview:-1\" \/>\n<link rel=\"canonical\" href=\"https:\/\/www.copealcoy.es\/es\/el-ies-fray-ignacio-barrachina-participan-en-varias-actividades-del-programa-erasmus-valgreen\/\" \/>\n<meta property=\"og:locale\" content=\"es_ES\" \/>\n<meta property=\"og:type\" content=\"article\" \/>\n<meta property=\"og:title\" content=\"El IES Fray Ignacio Barrachina participan en varias actividades del programa Erasmus Valgreen - COPE Alcoy\" \/>\n<meta property=\"og:description\" content=\"El IES Fray Ignacio Barrachina de Ibi organiza mensualmente actividades extraescolares con sus alumnos con el objetivo de ense\u00f1arles las...\" \/>\n<meta property=\"og:url\" content=\"https:\/\/www.copealcoy.es\/es\/el-ies-fray-ignacio-barrachina-participan-en-varias-actividades-del-programa-erasmus-valgreen\/\" \/>\n<meta property=\"og:site_name\" content=\"COPE Alcoy\" \/>\n<meta property=\"article:published_time\" content=\"2017-05-24T16:44:09+00:00\" \/>\n<meta property=\"article:modified_time\" content=\"2017-05-24T16:51:18+00:00\" \/>\n<meta property=\"og:image\" content=\"https:\/\/www.copealcoy.es\/wp-content\/uploads\/2017\/05\/Alumnos-1-1024x768.jpg\" \/>\n\t<meta property=\"og:image:width\" content=\"1024\" \/>\n\t<meta property=\"og:image:height\" content=\"768\" \/>\n\t<meta property=\"og:image:type\" content=\"image\/jpeg\" \/>\n<meta name=\"author\" content=\"Cope Alcoy\" \/>\n<meta name=\"twitter:label1\" content=\"Escrito por\" \/>\n\t<meta name=\"twitter:data1\" content=\"Cope Alcoy\" \/>\n\t<meta name=\"twitter:label2\" content=\"Tiempo de lectura\" \/>\n\t<meta name=\"twitter:data2\" content=\"1 minuto\" \/>\n<script type=\"application\/ld+json\" class=\"yoast-schema-graph\">{\"@context\":\"https:\\\/\\\/schema.org\",\"@graph\":[{\"@type\":\"Article\",\"@id\":\"https:\\\/\\\/www.copealcoy.es\\\/es\\\/el-ies-fray-ignacio-barrachina-participan-en-varias-actividades-del-programa-erasmus-valgreen\\\/#article\",\"isPartOf\":{\"@id\":\"https:\\\/\\\/www.copealcoy.es\\\/es\\\/el-ies-fray-ignacio-barrachina-participan-en-varias-actividades-del-programa-erasmus-valgreen\\\/\"},\"author\":{\"name\":\"Cope Alcoy\",\"@id\":\"https:\\\/\\\/www.copealcoy.es\\\/es\\\/#\\\/schema\\\/person\\\/e777c87fa024e57d40170af9df39882c\"},\"headline\":\"El IES Fray Ignacio Barrachina participan en varias actividades del programa Erasmus Valgreen\",\"datePublished\":\"2017-05-24T16:44:09+00:00\",\"dateModified\":\"2017-05-24T16:51:18+00:00\",\"mainEntityOfPage\":{\"@id\":\"https:\\\/\\\/www.copealcoy.es\\\/es\\\/el-ies-fray-ignacio-barrachina-participan-en-varias-actividades-del-programa-erasmus-valgreen\\\/\"},\"wordCount\":276,\"commentCount\":0,\"image\":{\"@id\":\"https:\\\/\\\/www.copealcoy.es\\\/es\\\/el-ies-fray-ignacio-barrachina-participan-en-varias-actividades-del-programa-erasmus-valgreen\\\/#primaryimage\"},\"thumbnailUrl\":\"https:\\\/\\\/www.copealcoy.es\\\/wp-content\\\/uploads\\\/2017\\\/05\\\/Alumnos-1.jpg\",\"keywords\":[\"Erasmus\",\"Ibi\",\"IES Fray Ignacio Barrachina\",\"Valgreen\"],\"articleSection\":[\"Educaci\u00f3n\",\"Noticias\"],\"inLanguage\":\"es\"},{\"@type\":\"WebPage\",\"@id\":\"https:\\\/\\\/www.copealcoy.es\\\/es\\\/el-ies-fray-ignacio-barrachina-participan-en-varias-actividades-del-programa-erasmus-valgreen\\\/\",\"url\":\"https:\\\/\\\/www.copealcoy.es\\\/es\\\/el-ies-fray-ignacio-barrachina-participan-en-varias-actividades-del-programa-erasmus-valgreen\\\/\",\"name\":\"El IES Fray Ignacio Barrachina participan en varias actividades del programa Erasmus Valgreen - COPE Alcoy\",\"isPartOf\":{\"@id\":\"https:\\\/\\\/www.copealcoy.es\\\/es\\\/#website\"},\"primaryImageOfPage\":{\"@id\":\"https:\\\/\\\/www.copealcoy.es\\\/es\\\/el-ies-fray-ignacio-barrachina-participan-en-varias-actividades-del-programa-erasmus-valgreen\\\/#primaryimage\"},\"image\":{\"@id\":\"https:\\\/\\\/www.copealcoy.es\\\/es\\\/el-ies-fray-ignacio-barrachina-participan-en-varias-actividades-del-programa-erasmus-valgreen\\\/#primaryimage\"},\"thumbnailUrl\":\"https:\\\/\\\/www.copealcoy.es\\\/wp-content\\\/uploads\\\/2017\\\/05\\\/Alumnos-1.jpg\",\"datePublished\":\"2017-05-24T16:44:09+00:00\",\"dateModified\":\"2017-05-24T16:51:18+00:00\",\"author\":{\"@id\":\"https:\\\/\\\/www.copealcoy.es\\\/es\\\/#\\\/schema\\\/person\\\/e777c87fa024e57d40170af9df39882c\"},\"breadcrumb\":{\"@id\":\"https:\\\/\\\/www.copealcoy.es\\\/es\\\/el-ies-fray-ignacio-barrachina-participan-en-varias-actividades-del-programa-erasmus-valgreen\\\/#breadcrumb\"},\"inLanguage\":\"es\",\"potentialAction\":[{\"@type\":\"ReadAction\",\"target\":[\"https:\\\/\\\/www.copealcoy.es\\\/es\\\/el-ies-fray-ignacio-barrachina-participan-en-varias-actividades-del-programa-erasmus-valgreen\\\/\"]}]},{\"@type\":\"ImageObject\",\"inLanguage\":\"es\",\"@id\":\"https:\\\/\\\/www.copealcoy.es\\\/es\\\/el-ies-fray-ignacio-barrachina-participan-en-varias-actividades-del-programa-erasmus-valgreen\\\/#primaryimage\",\"url\":\"https:\\\/\\\/www.copealcoy.es\\\/wp-content\\\/uploads\\\/2017\\\/05\\\/Alumnos-1.jpg\",\"contentUrl\":\"https:\\\/\\\/www.copealcoy.es\\\/wp-content\\\/uploads\\\/2017\\\/05\\\/Alumnos-1.jpg\",\"width\":3264,\"height\":2448},{\"@type\":\"BreadcrumbList\",\"@id\":\"https:\\\/\\\/www.copealcoy.es\\\/es\\\/el-ies-fray-ignacio-barrachina-participan-en-varias-actividades-del-programa-erasmus-valgreen\\\/#breadcrumb\",\"itemListElement\":[{\"@type\":\"ListItem\",\"position\":1,\"name\":\"Portada\",\"item\":\"https:\\\/\\\/www.copealcoy.es\\\/es\\\/\"},{\"@type\":\"ListItem\",\"position\":2,\"name\":\"El IES Fray Ignacio Barrachina participan en varias actividades del programa Erasmus Valgreen\"}]},{\"@type\":\"WebSite\",\"@id\":\"https:\\\/\\\/www.copealcoy.es\\\/es\\\/#website\",\"url\":\"https:\\\/\\\/www.copealcoy.es\\\/es\\\/\",\"name\":\"COPE Alcoy\",\"description\":\"Emisora COPE de radio local con emisi\u00f3n online. Pont de Sant Jordi 8-10 03803 Alcoy\",\"potentialAction\":[{\"@type\":\"SearchAction\",\"target\":{\"@type\":\"EntryPoint\",\"urlTemplate\":\"https:\\\/\\\/www.copealcoy.es\\\/es\\\/?s={search_term_string}\"},\"query-input\":{\"@type\":\"PropertyValueSpecification\",\"valueRequired\":true,\"valueName\":\"search_term_string\"}}],\"inLanguage\":\"es\"},{\"@type\":\"Person\",\"@id\":\"https:\\\/\\\/www.copealcoy.es\\\/es\\\/#\\\/schema\\\/person\\\/e777c87fa024e57d40170af9df39882c\",\"name\":\"Cope Alcoy\",\"image\":{\"@type\":\"ImageObject\",\"inLanguage\":\"es\",\"@id\":\"https:\\\/\\\/secure.gravatar.com\\\/avatar\\\/bb65d0283347e303893ba14f0692005417c1e0e690a325a4c5d8bb2b3943ee14?s=96&d=mm&r=g\",\"url\":\"https:\\\/\\\/secure.gravatar.com\\\/avatar\\\/bb65d0283347e303893ba14f0692005417c1e0e690a325a4c5d8bb2b3943ee14?s=96&d=mm&r=g\",\"contentUrl\":\"https:\\\/\\\/secure.gravatar.com\\\/avatar\\\/bb65d0283347e303893ba14f0692005417c1e0e690a325a4c5d8bb2b3943ee14?s=96&d=mm&r=g\",\"caption\":\"Cope Alcoy\"}}]}<\/script>\n<!-- \/ Yoast SEO plugin. -->","yoast_head_json":{"title":"El IES Fray Ignacio Barrachina participan en varias actividades del programa Erasmus Valgreen - COPE Alcoy","robots":{"index":"index","follow":"follow","max-snippet":"max-snippet:-1","max-image-preview":"max-image-preview:large","max-video-preview":"max-video-preview:-1"},"canonical":"https:\/\/www.copealcoy.es\/es\/el-ies-fray-ignacio-barrachina-participan-en-varias-actividades-del-programa-erasmus-valgreen\/","og_locale":"es_ES","og_type":"article","og_title":"El IES Fray Ignacio Barrachina participan en varias actividades del programa Erasmus Valgreen - COPE Alcoy","og_description":"El IES Fray Ignacio Barrachina de Ibi organiza mensualmente actividades extraescolares con sus alumnos con el objetivo de ense\u00f1arles las...","og_url":"https:\/\/www.copealcoy.es\/es\/el-ies-fray-ignacio-barrachina-participan-en-varias-actividades-del-programa-erasmus-valgreen\/","og_site_name":"COPE Alcoy","article_published_time":"2017-05-24T16:44:09+00:00","article_modified_time":"2017-05-24T16:51:18+00:00","og_image":[{"width":1024,"height":768,"url":"https:\/\/www.copealcoy.es\/wp-content\/uploads\/2017\/05\/Alumnos-1-1024x768.jpg","type":"image\/jpeg"}],"author":"Cope Alcoy","twitter_misc":{"Escrito por":"Cope Alcoy","Tiempo de lectura":"1 minuto"},"schema":{"@context":"https:\/\/schema.org","@graph":[{"@type":"Article","@id":"https:\/\/www.copealcoy.es\/es\/el-ies-fray-ignacio-barrachina-participan-en-varias-actividades-del-programa-erasmus-valgreen\/#article","isPartOf":{"@id":"https:\/\/www.copealcoy.es\/es\/el-ies-fray-ignacio-barrachina-participan-en-varias-actividades-del-programa-erasmus-valgreen\/"},"author":{"name":"Cope Alcoy","@id":"https:\/\/www.copealcoy.es\/es\/#\/schema\/person\/e777c87fa024e57d40170af9df39882c"},"headline":"El IES Fray Ignacio Barrachina participan en varias actividades del programa Erasmus Valgreen","datePublished":"2017-05-24T16:44:09+00:00","dateModified":"2017-05-24T16:51:18+00:00","mainEntityOfPage":{"@id":"https:\/\/www.copealcoy.es\/es\/el-ies-fray-ignacio-barrachina-participan-en-varias-actividades-del-programa-erasmus-valgreen\/"},"wordCount":276,"commentCount":0,"image":{"@id":"https:\/\/www.copealcoy.es\/es\/el-ies-fray-ignacio-barrachina-participan-en-varias-actividades-del-programa-erasmus-valgreen\/#primaryimage"},"thumbnailUrl":"https:\/\/www.copealcoy.es\/wp-content\/uploads\/2017\/05\/Alumnos-1.jpg","keywords":["Erasmus","Ibi","IES Fray Ignacio Barrachina","Valgreen"],"articleSection":["Educaci\u00f3n","Noticias"],"inLanguage":"es"},{"@type":"WebPage","@id":"https:\/\/www.copealcoy.es\/es\/el-ies-fray-ignacio-barrachina-participan-en-varias-actividades-del-programa-erasmus-valgreen\/","url":"https:\/\/www.copealcoy.es\/es\/el-ies-fray-ignacio-barrachina-participan-en-varias-actividades-del-programa-erasmus-valgreen\/","name":"El IES Fray Ignacio Barrachina participan en varias actividades del programa Erasmus Valgreen - COPE Alcoy","isPartOf":{"@id":"https:\/\/www.copealcoy.es\/es\/#website"},"primaryImageOfPage":{"@id":"https:\/\/www.copealcoy.es\/es\/el-ies-fray-ignacio-barrachina-participan-en-varias-actividades-del-programa-erasmus-valgreen\/#primaryimage"},"image":{"@id":"https:\/\/www.copealcoy.es\/es\/el-ies-fray-ignacio-barrachina-participan-en-varias-actividades-del-programa-erasmus-valgreen\/#primaryimage"},"thumbnailUrl":"https:\/\/www.copealcoy.es\/wp-content\/uploads\/2017\/05\/Alumnos-1.jpg","datePublished":"2017-05-24T16:44:09+00:00","dateModified":"2017-05-24T16:51:18+00:00","author":{"@id":"https:\/\/www.copealcoy.es\/es\/#\/schema\/person\/e777c87fa024e57d40170af9df39882c"},"breadcrumb":{"@id":"https:\/\/www.copealcoy.es\/es\/el-ies-fray-ignacio-barrachina-participan-en-varias-actividades-del-programa-erasmus-valgreen\/#breadcrumb"},"inLanguage":"es","potentialAction":[{"@type":"ReadAction","target":["https:\/\/www.copealcoy.es\/es\/el-ies-fray-ignacio-barrachina-participan-en-varias-actividades-del-programa-erasmus-valgreen\/"]}]},{"@type":"ImageObject","inLanguage":"es","@id":"https:\/\/www.copealcoy.es\/es\/el-ies-fray-ignacio-barrachina-participan-en-varias-actividades-del-programa-erasmus-valgreen\/#primaryimage","url":"https:\/\/www.copealcoy.es\/wp-content\/uploads\/2017\/05\/Alumnos-1.jpg","contentUrl":"https:\/\/www.copealcoy.es\/wp-content\/uploads\/2017\/05\/Alumnos-1.jpg","width":3264,"height":2448},{"@type":"BreadcrumbList","@id":"https:\/\/www.copealcoy.es\/es\/el-ies-fray-ignacio-barrachina-participan-en-varias-actividades-del-programa-erasmus-valgreen\/#breadcrumb","itemListElement":[{"@type":"ListItem","position":1,"name":"Portada","item":"https:\/\/www.copealcoy.es\/es\/"},{"@type":"ListItem","position":2,"name":"El IES Fray Ignacio Barrachina participan en varias actividades del programa Erasmus Valgreen"}]},{"@type":"WebSite","@id":"https:\/\/www.copealcoy.es\/es\/#website","url":"https:\/\/www.copealcoy.es\/es\/","name":"COPE Alcoy","description":"Emisora COPE de radio local con emisi\u00f3n online. Pont de Sant Jordi 8-10 03803 Alcoy","potentialAction":[{"@type":"SearchAction","target":{"@type":"EntryPoint","urlTemplate":"https:\/\/www.copealcoy.es\/es\/?s={search_term_string}"},"query-input":{"@type":"PropertyValueSpecification","valueRequired":true,"valueName":"search_term_string"}}],"inLanguage":"es"},{"@type":"Person","@id":"https:\/\/www.copealcoy.es\/es\/#\/schema\/person\/e777c87fa024e57d40170af9df39882c","name":"Cope Alcoy","image":{"@type":"ImageObject","inLanguage":"es","@id":"https:\/\/secure.gravatar.com\/avatar\/bb65d0283347e303893ba14f0692005417c1e0e690a325a4c5d8bb2b3943ee14?s=96&d=mm&r=g","url":"https:\/\/secure.gravatar.com\/avatar\/bb65d0283347e303893ba14f0692005417c1e0e690a325a4c5d8bb2b3943ee14?s=96&d=mm&r=g","contentUrl":"https:\/\/secure.gravatar.com\/avatar\/bb65d0283347e303893ba14f0692005417c1e0e690a325a4c5d8bb2b3943ee14?s=96&d=mm&r=g","caption":"Cope Alcoy"}}]}},"_links":{"self":[{"href":"https:\/\/www.copealcoy.es\/es\/wp-json\/wp\/v2\/posts\/32083","targetHints":{"allow":["GET"]}}],"collection":[{"href":"https:\/\/www.copealcoy.es\/es\/wp-json\/wp\/v2\/posts"}],"about":[{"href":"https:\/\/www.copealcoy.es\/es\/wp-json\/wp\/v2\/types\/post"}],"author":[{"embeddable":true,"href":"https:\/\/www.copealcoy.es\/es\/wp-json\/wp\/v2\/users\/1"}],"replies":[{"embeddable":true,"href":"https:\/\/www.copealcoy.es\/es\/wp-json\/wp\/v2\/comments?post=32083"}],"version-history":[{"count":0,"href":"https:\/\/www.copealcoy.es\/es\/wp-json\/wp\/v2\/posts\/32083\/revisions"}],"wp:featuredmedia":[{"embeddable":true,"href":"https:\/\/www.copealcoy.es\/es\/wp-json\/wp\/v2\/media\/32084"}],"wp:attachment":[{"href":"https:\/\/www.copealcoy.es\/es\/wp-json\/wp\/v2\/media?parent=32083"}],"wp:term":[{"taxonomy":"category","embeddable":true,"href":"https:\/\/www.copealcoy.es\/es\/wp-json\/wp\/v2\/categories?post=32083"},{"taxonomy":"post_tag","embeddable":true,"href":"https:\/\/www.copealcoy.es\/es\/wp-json\/wp\/v2\/tags?post=32083"}],"curies":[{"name":"wp","href":"https:\/\/api.w.org\/{rel}","templated":true}]}}