{"id":32027,"date":"2017-05-22T12:04:19","date_gmt":"2017-05-22T12:04:19","guid":{"rendered":"http:\/\/copealcoi.es\/new\/?p=32027"},"modified":"2017-05-22T20:09:29","modified_gmt":"2017-05-22T20:09:29","slug":"tsj-falla-ayuntamiento-cocentaina-las-obras-del-passeig","status":"publish","type":"post","link":"https:\/\/www.copealcoy.es\/es\/tsj-falla-ayuntamiento-cocentaina-las-obras-del-passeig\/","title":{"rendered":"El TSJ falla contra el Ayuntamiento de Cocentaina por las obras del Passeig"},"content":{"rendered":"<p style=\"text-align: justify;\">El <strong>Tribunal Superior de Justicia de la Comunidad Valenciana<\/strong> (TSJ) ha fallado el recurso interpuesto en su d\u00eda por la empresa <strong>que ejecut\u00f3 las obras de remodelaci\u00f3n del Passeig del Comtat<\/strong> de Cocentaina en el a\u00f1o 2009 y <strong>ha condenado\u00a0al Ayuntamiento a hacer frente al pago de 8.000 euros<\/strong> a Asfaltos Guerola. Adem\u00e1s tambi\u00e9n <strong>tendr\u00e1 que hacer frente al pago de 1.500 euros<\/strong> en concepto de costas.<\/p>\n<p style=\"text-align: justify;\">Hay que recordar que el Consistorio contestano, tras el acuerdo alcanzado en Junta de Gobierno y en sesi\u00f3n plenaria en su momento, <strong>exigi\u00f3 a la citada empresa la reparaci\u00f3n de las deficiencias aparecidas<\/strong> tras la finalizaci\u00f3n de las obras al considerar que <strong>las mismas eran fruto<\/strong> de una mala ejecuci\u00f3n de los trabajos. Posteriormente <strong>Asfaltos Guerola interpuso\u00a0un recurso de apelaci\u00f3n<\/strong> contra esta decisi\u00f3n y ahora<strong> la resoluci\u00f3n del TSJ da la raz\u00f3n a los argumentos de la empresa<\/strong>\u00a0que defend\u00edan que los problemas aparecidos en el Passeig &#8220;<em>se deben a una inadecuaci\u00f3n entre un proyecto de avenida semi-peatonal con materiales para tal finalidad y el uso real que se est\u00e1 dando a la obra<\/em>&#8220;, reza el texto.<\/p>\n<p style=\"text-align: justify;\">Recordar que <strong>las obras para remodelar el Passeig del Comtat de Cocentaina se realizaron entre 2009 y 2010<\/strong> con un coste cercano al mill\u00f3n de euros y el Consistorio recepcion\u00f3 las mismas un a\u00f1o despu\u00e9s a pesar de que desde el primer momento <strong>se hab\u00edan detectado problemas<\/strong> en adoquines y bordillos.<\/p>\n<p><strong>Col\u00b7lectiu &#8211; Comprom\u00eds y PP cr\u00edticos con el proyecto<\/strong><\/p>\n<p style=\"text-align: justify;\">La Coalici\u00f3n <strong>Col\u00b7lectiu 03820 &#8211; Comprom\u00eds<\/strong> va valorado esta sentencia destacando que la misma ha demostrado que <strong>el proyecto de reforma del Passeig del Comtat no estaba correctamente planificado<\/strong> &#8220;<em>estamos ante uno de tantos ejemplos en los que se gasta mucho dinero p\u00fablico y que, por su mala planificaci\u00f3n o deficiente mantenimiento, contin\u00faa generando problemas y gastos a los contestanos<\/em>&#8220;, afirma el portavoz, Xavier Anduix.<\/p>\n<p style=\"text-align: justify;\">Tambi\u00e9n desde <strong>el PP<\/strong> han asegurado que <strong>la situaci\u00f3n del Passeig del Comtat es fruto de la mala gesti\u00f3n del Gobierno Municipal del PSOE<\/strong> y han exigido responsabilidades &#8220;<em>poner parches a la mala gesti\u00f3n no es un gasto social,\u00a0es tirar a la espalda de los contribuyentes el fracaso de una gesti\u00f3n irresponsable<\/em>&#8220;, indican los populares en un comunicado.<\/p>\n<div id=\"gt-src-c\" class=\"g-unit\"><\/div>\n","protected":false},"excerpt":{"rendered":"<p>El Tribunal Superior de Justicia de la Comunidad Valenciana (TSJ) ha fallado el recurso interpuesto en su d\u00eda por la&#8230;<\/p>\n","protected":false},"author":1,"featured_media":32028,"comment_status":"open","ping_status":"open","sticky":false,"template":"","format":"standard","meta":{"footnotes":""},"categories":[98,75],"tags":[229,132,4175,145,3686,658],"class_list":["post-32027","post","type-post","status-publish","format-standard","has-post-thumbnail","hentry","category-comarcas","category-noticias","tag-ayuntamiento","tag-cocentaina","tag-condena","tag-obras","tag-passeig-del-comtat","tag-tsj"],"yoast_head":"<!-- This site is optimized with the Yoast SEO plugin v27.3 - https:\/\/yoast.com\/product\/yoast-seo-wordpress\/ -->\n<title>El TSJ falla contra el Ayuntamiento de Cocentaina por las obras del Passeig - COPE Alcoy<\/title>\n<meta name=\"robots\" content=\"index, follow, max-snippet:-1, max-image-preview:large, max-video-preview:-1\" \/>\n<link rel=\"canonical\" href=\"https:\/\/www.copealcoy.es\/es\/tsj-falla-ayuntamiento-cocentaina-las-obras-del-passeig\/\" \/>\n<meta property=\"og:locale\" content=\"es_ES\" \/>\n<meta property=\"og:type\" content=\"article\" \/>\n<meta property=\"og:title\" content=\"El TSJ falla contra el Ayuntamiento de Cocentaina por las obras del Passeig - COPE Alcoy\" \/>\n<meta property=\"og:description\" content=\"El Tribunal Superior de Justicia de la Comunidad Valenciana (TSJ) ha fallado el recurso interpuesto en su d\u00eda por la...\" \/>\n<meta property=\"og:url\" content=\"https:\/\/www.copealcoy.es\/es\/tsj-falla-ayuntamiento-cocentaina-las-obras-del-passeig\/\" \/>\n<meta property=\"og:site_name\" content=\"COPE Alcoy\" \/>\n<meta property=\"article:published_time\" content=\"2017-05-22T12:04:19+00:00\" \/>\n<meta property=\"article:modified_time\" content=\"2017-05-22T20:09:29+00:00\" \/>\n<meta property=\"og:image\" content=\"https:\/\/www.copealcoy.es\/wp-content\/uploads\/2017\/05\/img_37512.jpg\" \/>\n\t<meta property=\"og:image:width\" content=\"670\" \/>\n\t<meta property=\"og:image:height\" content=\"377\" \/>\n\t<meta property=\"og:image:type\" content=\"image\/jpeg\" \/>\n<meta name=\"author\" content=\"Cope Alcoy\" \/>\n<meta name=\"twitter:label1\" content=\"Escrito por\" \/>\n\t<meta name=\"twitter:data1\" content=\"Cope Alcoy\" \/>\n\t<meta name=\"twitter:label2\" content=\"Tiempo de lectura\" \/>\n\t<meta name=\"twitter:data2\" content=\"2 minutos\" \/>\n<script type=\"application\/ld+json\" class=\"yoast-schema-graph\">{\"@context\":\"https:\\\/\\\/schema.org\",\"@graph\":[{\"@type\":\"Article\",\"@id\":\"https:\\\/\\\/www.copealcoy.es\\\/es\\\/tsj-falla-ayuntamiento-cocentaina-las-obras-del-passeig\\\/#article\",\"isPartOf\":{\"@id\":\"https:\\\/\\\/www.copealcoy.es\\\/es\\\/tsj-falla-ayuntamiento-cocentaina-las-obras-del-passeig\\\/\"},\"author\":{\"name\":\"Cope Alcoy\",\"@id\":\"https:\\\/\\\/www.copealcoy.es\\\/es\\\/#\\\/schema\\\/person\\\/e777c87fa024e57d40170af9df39882c\"},\"headline\":\"El TSJ falla contra el Ayuntamiento de Cocentaina por las obras del Passeig\",\"datePublished\":\"2017-05-22T12:04:19+00:00\",\"dateModified\":\"2017-05-22T20:09:29+00:00\",\"mainEntityOfPage\":{\"@id\":\"https:\\\/\\\/www.copealcoy.es\\\/es\\\/tsj-falla-ayuntamiento-cocentaina-las-obras-del-passeig\\\/\"},\"wordCount\":410,\"commentCount\":0,\"image\":{\"@id\":\"https:\\\/\\\/www.copealcoy.es\\\/es\\\/tsj-falla-ayuntamiento-cocentaina-las-obras-del-passeig\\\/#primaryimage\"},\"thumbnailUrl\":\"https:\\\/\\\/www.copealcoy.es\\\/wp-content\\\/uploads\\\/2017\\\/05\\\/img_37512.jpg\",\"keywords\":[\"Ayuntamiento\",\"Cocentaina\",\"condena\",\"Obras\",\"Passeig del Comtat\",\"TSJ\"],\"articleSection\":[\"Comarcas\",\"Noticias\"],\"inLanguage\":\"es\"},{\"@type\":\"WebPage\",\"@id\":\"https:\\\/\\\/www.copealcoy.es\\\/es\\\/tsj-falla-ayuntamiento-cocentaina-las-obras-del-passeig\\\/\",\"url\":\"https:\\\/\\\/www.copealcoy.es\\\/es\\\/tsj-falla-ayuntamiento-cocentaina-las-obras-del-passeig\\\/\",\"name\":\"El TSJ falla contra el Ayuntamiento de Cocentaina por las obras del Passeig - COPE Alcoy\",\"isPartOf\":{\"@id\":\"https:\\\/\\\/www.copealcoy.es\\\/es\\\/#website\"},\"primaryImageOfPage\":{\"@id\":\"https:\\\/\\\/www.copealcoy.es\\\/es\\\/tsj-falla-ayuntamiento-cocentaina-las-obras-del-passeig\\\/#primaryimage\"},\"image\":{\"@id\":\"https:\\\/\\\/www.copealcoy.es\\\/es\\\/tsj-falla-ayuntamiento-cocentaina-las-obras-del-passeig\\\/#primaryimage\"},\"thumbnailUrl\":\"https:\\\/\\\/www.copealcoy.es\\\/wp-content\\\/uploads\\\/2017\\\/05\\\/img_37512.jpg\",\"datePublished\":\"2017-05-22T12:04:19+00:00\",\"dateModified\":\"2017-05-22T20:09:29+00:00\",\"author\":{\"@id\":\"https:\\\/\\\/www.copealcoy.es\\\/es\\\/#\\\/schema\\\/person\\\/e777c87fa024e57d40170af9df39882c\"},\"breadcrumb\":{\"@id\":\"https:\\\/\\\/www.copealcoy.es\\\/es\\\/tsj-falla-ayuntamiento-cocentaina-las-obras-del-passeig\\\/#breadcrumb\"},\"inLanguage\":\"es\",\"potentialAction\":[{\"@type\":\"ReadAction\",\"target\":[\"https:\\\/\\\/www.copealcoy.es\\\/es\\\/tsj-falla-ayuntamiento-cocentaina-las-obras-del-passeig\\\/\"]}]},{\"@type\":\"ImageObject\",\"inLanguage\":\"es\",\"@id\":\"https:\\\/\\\/www.copealcoy.es\\\/es\\\/tsj-falla-ayuntamiento-cocentaina-las-obras-del-passeig\\\/#primaryimage\",\"url\":\"https:\\\/\\\/www.copealcoy.es\\\/wp-content\\\/uploads\\\/2017\\\/05\\\/img_37512.jpg\",\"contentUrl\":\"https:\\\/\\\/www.copealcoy.es\\\/wp-content\\\/uploads\\\/2017\\\/05\\\/img_37512.jpg\",\"width\":670,\"height\":377},{\"@type\":\"BreadcrumbList\",\"@id\":\"https:\\\/\\\/www.copealcoy.es\\\/es\\\/tsj-falla-ayuntamiento-cocentaina-las-obras-del-passeig\\\/#breadcrumb\",\"itemListElement\":[{\"@type\":\"ListItem\",\"position\":1,\"name\":\"Portada\",\"item\":\"https:\\\/\\\/www.copealcoy.es\\\/es\\\/\"},{\"@type\":\"ListItem\",\"position\":2,\"name\":\"El TSJ falla contra el Ayuntamiento de Cocentaina por las obras del Passeig\"}]},{\"@type\":\"WebSite\",\"@id\":\"https:\\\/\\\/www.copealcoy.es\\\/es\\\/#website\",\"url\":\"https:\\\/\\\/www.copealcoy.es\\\/es\\\/\",\"name\":\"COPE Alcoy\",\"description\":\"Emisora COPE de radio local con emisi\u00f3n online. Pont de Sant Jordi 8-10 03803 Alcoy\",\"potentialAction\":[{\"@type\":\"SearchAction\",\"target\":{\"@type\":\"EntryPoint\",\"urlTemplate\":\"https:\\\/\\\/www.copealcoy.es\\\/es\\\/?s={search_term_string}\"},\"query-input\":{\"@type\":\"PropertyValueSpecification\",\"valueRequired\":true,\"valueName\":\"search_term_string\"}}],\"inLanguage\":\"es\"},{\"@type\":\"Person\",\"@id\":\"https:\\\/\\\/www.copealcoy.es\\\/es\\\/#\\\/schema\\\/person\\\/e777c87fa024e57d40170af9df39882c\",\"name\":\"Cope Alcoy\",\"image\":{\"@type\":\"ImageObject\",\"inLanguage\":\"es\",\"@id\":\"https:\\\/\\\/secure.gravatar.com\\\/avatar\\\/bb65d0283347e303893ba14f0692005417c1e0e690a325a4c5d8bb2b3943ee14?s=96&d=mm&r=g\",\"url\":\"https:\\\/\\\/secure.gravatar.com\\\/avatar\\\/bb65d0283347e303893ba14f0692005417c1e0e690a325a4c5d8bb2b3943ee14?s=96&d=mm&r=g\",\"contentUrl\":\"https:\\\/\\\/secure.gravatar.com\\\/avatar\\\/bb65d0283347e303893ba14f0692005417c1e0e690a325a4c5d8bb2b3943ee14?s=96&d=mm&r=g\",\"caption\":\"Cope Alcoy\"}}]}<\/script>\n<!-- \/ Yoast SEO plugin. -->","yoast_head_json":{"title":"El TSJ falla contra el Ayuntamiento de Cocentaina por las obras del Passeig - COPE Alcoy","robots":{"index":"index","follow":"follow","max-snippet":"max-snippet:-1","max-image-preview":"max-image-preview:large","max-video-preview":"max-video-preview:-1"},"canonical":"https:\/\/www.copealcoy.es\/es\/tsj-falla-ayuntamiento-cocentaina-las-obras-del-passeig\/","og_locale":"es_ES","og_type":"article","og_title":"El TSJ falla contra el Ayuntamiento de Cocentaina por las obras del Passeig - COPE Alcoy","og_description":"El Tribunal Superior de Justicia de la Comunidad Valenciana (TSJ) ha fallado el recurso interpuesto en su d\u00eda por la...","og_url":"https:\/\/www.copealcoy.es\/es\/tsj-falla-ayuntamiento-cocentaina-las-obras-del-passeig\/","og_site_name":"COPE Alcoy","article_published_time":"2017-05-22T12:04:19+00:00","article_modified_time":"2017-05-22T20:09:29+00:00","og_image":[{"width":670,"height":377,"url":"https:\/\/www.copealcoy.es\/wp-content\/uploads\/2017\/05\/img_37512.jpg","type":"image\/jpeg"}],"author":"Cope Alcoy","twitter_misc":{"Escrito por":"Cope Alcoy","Tiempo de lectura":"2 minutos"},"schema":{"@context":"https:\/\/schema.org","@graph":[{"@type":"Article","@id":"https:\/\/www.copealcoy.es\/es\/tsj-falla-ayuntamiento-cocentaina-las-obras-del-passeig\/#article","isPartOf":{"@id":"https:\/\/www.copealcoy.es\/es\/tsj-falla-ayuntamiento-cocentaina-las-obras-del-passeig\/"},"author":{"name":"Cope Alcoy","@id":"https:\/\/www.copealcoy.es\/es\/#\/schema\/person\/e777c87fa024e57d40170af9df39882c"},"headline":"El TSJ falla contra el Ayuntamiento de Cocentaina por las obras del Passeig","datePublished":"2017-05-22T12:04:19+00:00","dateModified":"2017-05-22T20:09:29+00:00","mainEntityOfPage":{"@id":"https:\/\/www.copealcoy.es\/es\/tsj-falla-ayuntamiento-cocentaina-las-obras-del-passeig\/"},"wordCount":410,"commentCount":0,"image":{"@id":"https:\/\/www.copealcoy.es\/es\/tsj-falla-ayuntamiento-cocentaina-las-obras-del-passeig\/#primaryimage"},"thumbnailUrl":"https:\/\/www.copealcoy.es\/wp-content\/uploads\/2017\/05\/img_37512.jpg","keywords":["Ayuntamiento","Cocentaina","condena","Obras","Passeig del Comtat","TSJ"],"articleSection":["Comarcas","Noticias"],"inLanguage":"es"},{"@type":"WebPage","@id":"https:\/\/www.copealcoy.es\/es\/tsj-falla-ayuntamiento-cocentaina-las-obras-del-passeig\/","url":"https:\/\/www.copealcoy.es\/es\/tsj-falla-ayuntamiento-cocentaina-las-obras-del-passeig\/","name":"El TSJ falla contra el Ayuntamiento de Cocentaina por las obras del Passeig - COPE Alcoy","isPartOf":{"@id":"https:\/\/www.copealcoy.es\/es\/#website"},"primaryImageOfPage":{"@id":"https:\/\/www.copealcoy.es\/es\/tsj-falla-ayuntamiento-cocentaina-las-obras-del-passeig\/#primaryimage"},"image":{"@id":"https:\/\/www.copealcoy.es\/es\/tsj-falla-ayuntamiento-cocentaina-las-obras-del-passeig\/#primaryimage"},"thumbnailUrl":"https:\/\/www.copealcoy.es\/wp-content\/uploads\/2017\/05\/img_37512.jpg","datePublished":"2017-05-22T12:04:19+00:00","dateModified":"2017-05-22T20:09:29+00:00","author":{"@id":"https:\/\/www.copealcoy.es\/es\/#\/schema\/person\/e777c87fa024e57d40170af9df39882c"},"breadcrumb":{"@id":"https:\/\/www.copealcoy.es\/es\/tsj-falla-ayuntamiento-cocentaina-las-obras-del-passeig\/#breadcrumb"},"inLanguage":"es","potentialAction":[{"@type":"ReadAction","target":["https:\/\/www.copealcoy.es\/es\/tsj-falla-ayuntamiento-cocentaina-las-obras-del-passeig\/"]}]},{"@type":"ImageObject","inLanguage":"es","@id":"https:\/\/www.copealcoy.es\/es\/tsj-falla-ayuntamiento-cocentaina-las-obras-del-passeig\/#primaryimage","url":"https:\/\/www.copealcoy.es\/wp-content\/uploads\/2017\/05\/img_37512.jpg","contentUrl":"https:\/\/www.copealcoy.es\/wp-content\/uploads\/2017\/05\/img_37512.jpg","width":670,"height":377},{"@type":"BreadcrumbList","@id":"https:\/\/www.copealcoy.es\/es\/tsj-falla-ayuntamiento-cocentaina-las-obras-del-passeig\/#breadcrumb","itemListElement":[{"@type":"ListItem","position":1,"name":"Portada","item":"https:\/\/www.copealcoy.es\/es\/"},{"@type":"ListItem","position":2,"name":"El TSJ falla contra el Ayuntamiento de Cocentaina por las obras del Passeig"}]},{"@type":"WebSite","@id":"https:\/\/www.copealcoy.es\/es\/#website","url":"https:\/\/www.copealcoy.es\/es\/","name":"COPE Alcoy","description":"Emisora COPE de radio local con emisi\u00f3n online. Pont de Sant Jordi 8-10 03803 Alcoy","potentialAction":[{"@type":"SearchAction","target":{"@type":"EntryPoint","urlTemplate":"https:\/\/www.copealcoy.es\/es\/?s={search_term_string}"},"query-input":{"@type":"PropertyValueSpecification","valueRequired":true,"valueName":"search_term_string"}}],"inLanguage":"es"},{"@type":"Person","@id":"https:\/\/www.copealcoy.es\/es\/#\/schema\/person\/e777c87fa024e57d40170af9df39882c","name":"Cope Alcoy","image":{"@type":"ImageObject","inLanguage":"es","@id":"https:\/\/secure.gravatar.com\/avatar\/bb65d0283347e303893ba14f0692005417c1e0e690a325a4c5d8bb2b3943ee14?s=96&d=mm&r=g","url":"https:\/\/secure.gravatar.com\/avatar\/bb65d0283347e303893ba14f0692005417c1e0e690a325a4c5d8bb2b3943ee14?s=96&d=mm&r=g","contentUrl":"https:\/\/secure.gravatar.com\/avatar\/bb65d0283347e303893ba14f0692005417c1e0e690a325a4c5d8bb2b3943ee14?s=96&d=mm&r=g","caption":"Cope Alcoy"}}]}},"_links":{"self":[{"href":"https:\/\/www.copealcoy.es\/es\/wp-json\/wp\/v2\/posts\/32027","targetHints":{"allow":["GET"]}}],"collection":[{"href":"https:\/\/www.copealcoy.es\/es\/wp-json\/wp\/v2\/posts"}],"about":[{"href":"https:\/\/www.copealcoy.es\/es\/wp-json\/wp\/v2\/types\/post"}],"author":[{"embeddable":true,"href":"https:\/\/www.copealcoy.es\/es\/wp-json\/wp\/v2\/users\/1"}],"replies":[{"embeddable":true,"href":"https:\/\/www.copealcoy.es\/es\/wp-json\/wp\/v2\/comments?post=32027"}],"version-history":[{"count":0,"href":"https:\/\/www.copealcoy.es\/es\/wp-json\/wp\/v2\/posts\/32027\/revisions"}],"wp:featuredmedia":[{"embeddable":true,"href":"https:\/\/www.copealcoy.es\/es\/wp-json\/wp\/v2\/media\/32028"}],"wp:attachment":[{"href":"https:\/\/www.copealcoy.es\/es\/wp-json\/wp\/v2\/media?parent=32027"}],"wp:term":[{"taxonomy":"category","embeddable":true,"href":"https:\/\/www.copealcoy.es\/es\/wp-json\/wp\/v2\/categories?post=32027"},{"taxonomy":"post_tag","embeddable":true,"href":"https:\/\/www.copealcoy.es\/es\/wp-json\/wp\/v2\/tags?post=32027"}],"curies":[{"name":"wp","href":"https:\/\/api.w.org\/{rel}","templated":true}]}}