{"id":31942,"date":"2017-04-10T16:31:36","date_gmt":"2017-04-10T16:31:36","guid":{"rendered":"http:\/\/copealcoi.es\/new\/?p=31942"},"modified":"2017-05-21T16:35:13","modified_gmt":"2017-05-21T16:35:13","slug":"la-nostra-festa-con-el-sant-jordiet-2017","status":"publish","type":"post","link":"https:\/\/www.copealcoy.es\/es\/la-nostra-festa-con-el-sant-jordiet-2017\/","title":{"rendered":"La Nostra Festa con el Sant Jordiet 2017"},"content":{"rendered":"<p>El programa &#8216;La Nostra Festa&#8217; que dirige y presenta nuestro compa\u00f1ero Carlos Tal\u00e9ns se traslada a la Escuela de Equitaci\u00f3n Peluca para recibir al Sant Jordiet de 2017: Tom\u00e1s Pascual Cant\u00f3<\/p>\n<p><iframe loading=\"lazy\" title=\"La Nostra Festa Especial Sant Jordiet 2017\" width=\"1200\" height=\"675\" src=\"https:\/\/www.youtube.com\/embed\/yAgsntdwmZU?feature=oembed\" frameborder=\"0\" allow=\"accelerometer; autoplay; encrypted-media; gyroscope; picture-in-picture\" allowfullscreen><\/iframe><\/p>\n","protected":false},"excerpt":{"rendered":"<p>El programa &#8216;La Nostra Festa&#8217; que dirige y presenta nuestro compa\u00f1ero Carlos Tal\u00e9ns se traslada a la Escuela de Equitaci\u00f3n&#8230;<\/p>\n","protected":false},"author":1,"featured_media":30931,"comment_status":"open","ping_status":"open","sticky":false,"template":"","format":"standard","meta":{"footnotes":""},"categories":[3907],"tags":[4010,4008,609,4009,461,3150],"class_list":["post-31942","post","type-post","status-publish","format-standard","has-post-thumbnail","hentry","category-videos","tag-carlos-talens","tag-la-nostra-festa","tag-moros-y-cristianos","tag-programa-especial","tag-sant-jordiet","tag-tomas-pascual-canto"],"yoast_head":"<!-- This site is optimized with the Yoast SEO plugin v27.3 - https:\/\/yoast.com\/product\/yoast-seo-wordpress\/ -->\n<title>La Nostra Festa con el Sant Jordiet 2017 - COPE Alcoy<\/title>\n<meta name=\"robots\" content=\"index, follow, max-snippet:-1, max-image-preview:large, max-video-preview:-1\" \/>\n<link rel=\"canonical\" href=\"https:\/\/www.copealcoy.es\/es\/la-nostra-festa-con-el-sant-jordiet-2017\/\" \/>\n<meta property=\"og:locale\" content=\"es_ES\" \/>\n<meta property=\"og:type\" content=\"article\" \/>\n<meta property=\"og:title\" content=\"La Nostra Festa con el Sant Jordiet 2017 - COPE Alcoy\" \/>\n<meta property=\"og:description\" content=\"El programa &#8216;La Nostra Festa&#8217; que dirige y presenta nuestro compa\u00f1ero Carlos Tal\u00e9ns se traslada a la Escuela de Equitaci\u00f3n...\" \/>\n<meta property=\"og:url\" content=\"https:\/\/www.copealcoy.es\/es\/la-nostra-festa-con-el-sant-jordiet-2017\/\" \/>\n<meta property=\"og:site_name\" content=\"COPE Alcoy\" \/>\n<meta property=\"article:published_time\" content=\"2017-04-10T16:31:36+00:00\" \/>\n<meta property=\"article:modified_time\" content=\"2017-05-21T16:35:13+00:00\" \/>\n<meta property=\"og:image\" content=\"https:\/\/www.copealcoy.es\/wp-content\/uploads\/2017\/04\/IMG_8504.jpg\" \/>\n\t<meta property=\"og:image:width\" content=\"1600\" \/>\n\t<meta property=\"og:image:height\" content=\"900\" \/>\n\t<meta property=\"og:image:type\" content=\"image\/jpeg\" \/>\n<meta name=\"author\" content=\"Cope Alcoy\" \/>\n<meta name=\"twitter:label1\" content=\"Escrito por\" \/>\n\t<meta name=\"twitter:data1\" content=\"Cope Alcoy\" \/>\n<script type=\"application\/ld+json\" class=\"yoast-schema-graph\">{\"@context\":\"https:\\\/\\\/schema.org\",\"@graph\":[{\"@type\":\"Article\",\"@id\":\"https:\\\/\\\/www.copealcoy.es\\\/es\\\/la-nostra-festa-con-el-sant-jordiet-2017\\\/#article\",\"isPartOf\":{\"@id\":\"https:\\\/\\\/www.copealcoy.es\\\/es\\\/la-nostra-festa-con-el-sant-jordiet-2017\\\/\"},\"author\":{\"name\":\"Cope Alcoy\",\"@id\":\"https:\\\/\\\/www.copealcoy.es\\\/es\\\/#\\\/schema\\\/person\\\/e777c87fa024e57d40170af9df39882c\"},\"headline\":\"La Nostra Festa con el Sant Jordiet 2017\",\"datePublished\":\"2017-04-10T16:31:36+00:00\",\"dateModified\":\"2017-05-21T16:35:13+00:00\",\"mainEntityOfPage\":{\"@id\":\"https:\\\/\\\/www.copealcoy.es\\\/es\\\/la-nostra-festa-con-el-sant-jordiet-2017\\\/\"},\"wordCount\":48,\"commentCount\":0,\"image\":{\"@id\":\"https:\\\/\\\/www.copealcoy.es\\\/es\\\/la-nostra-festa-con-el-sant-jordiet-2017\\\/#primaryimage\"},\"thumbnailUrl\":\"https:\\\/\\\/www.copealcoy.es\\\/wp-content\\\/uploads\\\/2017\\\/04\\\/IMG_8504.jpg\",\"keywords\":[\"Carlos Tal\u00e9ns\",\"La Nostra Festa\",\"Moros Y Cristianos\",\"programa especial\",\"Sant Jordiet\",\"Tom\u00e1s Pascual Cant\u00f3\"],\"articleSection\":[\"V\u00eddeos\"],\"inLanguage\":\"es\"},{\"@type\":\"WebPage\",\"@id\":\"https:\\\/\\\/www.copealcoy.es\\\/es\\\/la-nostra-festa-con-el-sant-jordiet-2017\\\/\",\"url\":\"https:\\\/\\\/www.copealcoy.es\\\/es\\\/la-nostra-festa-con-el-sant-jordiet-2017\\\/\",\"name\":\"La Nostra Festa con el Sant Jordiet 2017 - COPE Alcoy\",\"isPartOf\":{\"@id\":\"https:\\\/\\\/www.copealcoy.es\\\/es\\\/#website\"},\"primaryImageOfPage\":{\"@id\":\"https:\\\/\\\/www.copealcoy.es\\\/es\\\/la-nostra-festa-con-el-sant-jordiet-2017\\\/#primaryimage\"},\"image\":{\"@id\":\"https:\\\/\\\/www.copealcoy.es\\\/es\\\/la-nostra-festa-con-el-sant-jordiet-2017\\\/#primaryimage\"},\"thumbnailUrl\":\"https:\\\/\\\/www.copealcoy.es\\\/wp-content\\\/uploads\\\/2017\\\/04\\\/IMG_8504.jpg\",\"datePublished\":\"2017-04-10T16:31:36+00:00\",\"dateModified\":\"2017-05-21T16:35:13+00:00\",\"author\":{\"@id\":\"https:\\\/\\\/www.copealcoy.es\\\/es\\\/#\\\/schema\\\/person\\\/e777c87fa024e57d40170af9df39882c\"},\"breadcrumb\":{\"@id\":\"https:\\\/\\\/www.copealcoy.es\\\/es\\\/la-nostra-festa-con-el-sant-jordiet-2017\\\/#breadcrumb\"},\"inLanguage\":\"es\",\"potentialAction\":[{\"@type\":\"ReadAction\",\"target\":[\"https:\\\/\\\/www.copealcoy.es\\\/es\\\/la-nostra-festa-con-el-sant-jordiet-2017\\\/\"]}]},{\"@type\":\"ImageObject\",\"inLanguage\":\"es\",\"@id\":\"https:\\\/\\\/www.copealcoy.es\\\/es\\\/la-nostra-festa-con-el-sant-jordiet-2017\\\/#primaryimage\",\"url\":\"https:\\\/\\\/www.copealcoy.es\\\/wp-content\\\/uploads\\\/2017\\\/04\\\/IMG_8504.jpg\",\"contentUrl\":\"https:\\\/\\\/www.copealcoy.es\\\/wp-content\\\/uploads\\\/2017\\\/04\\\/IMG_8504.jpg\",\"width\":1600,\"height\":900,\"caption\":\"Tom\u00e1s Pascual Cant\u00f3, Sant Jordiet 2017, en las instalaciones de la Escuela de Equitaci\u00f3n Peluca \\\/ Foto: M. Aracil\"},{\"@type\":\"BreadcrumbList\",\"@id\":\"https:\\\/\\\/www.copealcoy.es\\\/es\\\/la-nostra-festa-con-el-sant-jordiet-2017\\\/#breadcrumb\",\"itemListElement\":[{\"@type\":\"ListItem\",\"position\":1,\"name\":\"Portada\",\"item\":\"https:\\\/\\\/www.copealcoy.es\\\/es\\\/\"},{\"@type\":\"ListItem\",\"position\":2,\"name\":\"La Nostra Festa con el Sant Jordiet 2017\"}]},{\"@type\":\"WebSite\",\"@id\":\"https:\\\/\\\/www.copealcoy.es\\\/es\\\/#website\",\"url\":\"https:\\\/\\\/www.copealcoy.es\\\/es\\\/\",\"name\":\"COPE Alcoy\",\"description\":\"Emisora COPE de radio local con emisi\u00f3n online. Pont de Sant Jordi 8-10 03803 Alcoy\",\"potentialAction\":[{\"@type\":\"SearchAction\",\"target\":{\"@type\":\"EntryPoint\",\"urlTemplate\":\"https:\\\/\\\/www.copealcoy.es\\\/es\\\/?s={search_term_string}\"},\"query-input\":{\"@type\":\"PropertyValueSpecification\",\"valueRequired\":true,\"valueName\":\"search_term_string\"}}],\"inLanguage\":\"es\"},{\"@type\":\"Person\",\"@id\":\"https:\\\/\\\/www.copealcoy.es\\\/es\\\/#\\\/schema\\\/person\\\/e777c87fa024e57d40170af9df39882c\",\"name\":\"Cope Alcoy\",\"image\":{\"@type\":\"ImageObject\",\"inLanguage\":\"es\",\"@id\":\"https:\\\/\\\/secure.gravatar.com\\\/avatar\\\/bb65d0283347e303893ba14f0692005417c1e0e690a325a4c5d8bb2b3943ee14?s=96&d=mm&r=g\",\"url\":\"https:\\\/\\\/secure.gravatar.com\\\/avatar\\\/bb65d0283347e303893ba14f0692005417c1e0e690a325a4c5d8bb2b3943ee14?s=96&d=mm&r=g\",\"contentUrl\":\"https:\\\/\\\/secure.gravatar.com\\\/avatar\\\/bb65d0283347e303893ba14f0692005417c1e0e690a325a4c5d8bb2b3943ee14?s=96&d=mm&r=g\",\"caption\":\"Cope Alcoy\"}}]}<\/script>\n<!-- \/ Yoast SEO plugin. -->","yoast_head_json":{"title":"La Nostra Festa con el Sant Jordiet 2017 - COPE Alcoy","robots":{"index":"index","follow":"follow","max-snippet":"max-snippet:-1","max-image-preview":"max-image-preview:large","max-video-preview":"max-video-preview:-1"},"canonical":"https:\/\/www.copealcoy.es\/es\/la-nostra-festa-con-el-sant-jordiet-2017\/","og_locale":"es_ES","og_type":"article","og_title":"La Nostra Festa con el Sant Jordiet 2017 - COPE Alcoy","og_description":"El programa &#8216;La Nostra Festa&#8217; que dirige y presenta nuestro compa\u00f1ero Carlos Tal\u00e9ns se traslada a la Escuela de Equitaci\u00f3n...","og_url":"https:\/\/www.copealcoy.es\/es\/la-nostra-festa-con-el-sant-jordiet-2017\/","og_site_name":"COPE Alcoy","article_published_time":"2017-04-10T16:31:36+00:00","article_modified_time":"2017-05-21T16:35:13+00:00","og_image":[{"width":1600,"height":900,"url":"https:\/\/www.copealcoy.es\/wp-content\/uploads\/2017\/04\/IMG_8504.jpg","type":"image\/jpeg"}],"author":"Cope Alcoy","twitter_misc":{"Escrito por":"Cope Alcoy"},"schema":{"@context":"https:\/\/schema.org","@graph":[{"@type":"Article","@id":"https:\/\/www.copealcoy.es\/es\/la-nostra-festa-con-el-sant-jordiet-2017\/#article","isPartOf":{"@id":"https:\/\/www.copealcoy.es\/es\/la-nostra-festa-con-el-sant-jordiet-2017\/"},"author":{"name":"Cope Alcoy","@id":"https:\/\/www.copealcoy.es\/es\/#\/schema\/person\/e777c87fa024e57d40170af9df39882c"},"headline":"La Nostra Festa con el Sant Jordiet 2017","datePublished":"2017-04-10T16:31:36+00:00","dateModified":"2017-05-21T16:35:13+00:00","mainEntityOfPage":{"@id":"https:\/\/www.copealcoy.es\/es\/la-nostra-festa-con-el-sant-jordiet-2017\/"},"wordCount":48,"commentCount":0,"image":{"@id":"https:\/\/www.copealcoy.es\/es\/la-nostra-festa-con-el-sant-jordiet-2017\/#primaryimage"},"thumbnailUrl":"https:\/\/www.copealcoy.es\/wp-content\/uploads\/2017\/04\/IMG_8504.jpg","keywords":["Carlos Tal\u00e9ns","La Nostra Festa","Moros Y Cristianos","programa especial","Sant Jordiet","Tom\u00e1s Pascual Cant\u00f3"],"articleSection":["V\u00eddeos"],"inLanguage":"es"},{"@type":"WebPage","@id":"https:\/\/www.copealcoy.es\/es\/la-nostra-festa-con-el-sant-jordiet-2017\/","url":"https:\/\/www.copealcoy.es\/es\/la-nostra-festa-con-el-sant-jordiet-2017\/","name":"La Nostra Festa con el Sant Jordiet 2017 - COPE Alcoy","isPartOf":{"@id":"https:\/\/www.copealcoy.es\/es\/#website"},"primaryImageOfPage":{"@id":"https:\/\/www.copealcoy.es\/es\/la-nostra-festa-con-el-sant-jordiet-2017\/#primaryimage"},"image":{"@id":"https:\/\/www.copealcoy.es\/es\/la-nostra-festa-con-el-sant-jordiet-2017\/#primaryimage"},"thumbnailUrl":"https:\/\/www.copealcoy.es\/wp-content\/uploads\/2017\/04\/IMG_8504.jpg","datePublished":"2017-04-10T16:31:36+00:00","dateModified":"2017-05-21T16:35:13+00:00","author":{"@id":"https:\/\/www.copealcoy.es\/es\/#\/schema\/person\/e777c87fa024e57d40170af9df39882c"},"breadcrumb":{"@id":"https:\/\/www.copealcoy.es\/es\/la-nostra-festa-con-el-sant-jordiet-2017\/#breadcrumb"},"inLanguage":"es","potentialAction":[{"@type":"ReadAction","target":["https:\/\/www.copealcoy.es\/es\/la-nostra-festa-con-el-sant-jordiet-2017\/"]}]},{"@type":"ImageObject","inLanguage":"es","@id":"https:\/\/www.copealcoy.es\/es\/la-nostra-festa-con-el-sant-jordiet-2017\/#primaryimage","url":"https:\/\/www.copealcoy.es\/wp-content\/uploads\/2017\/04\/IMG_8504.jpg","contentUrl":"https:\/\/www.copealcoy.es\/wp-content\/uploads\/2017\/04\/IMG_8504.jpg","width":1600,"height":900,"caption":"Tom\u00e1s Pascual Cant\u00f3, Sant Jordiet 2017, en las instalaciones de la Escuela de Equitaci\u00f3n Peluca \/ Foto: M. Aracil"},{"@type":"BreadcrumbList","@id":"https:\/\/www.copealcoy.es\/es\/la-nostra-festa-con-el-sant-jordiet-2017\/#breadcrumb","itemListElement":[{"@type":"ListItem","position":1,"name":"Portada","item":"https:\/\/www.copealcoy.es\/es\/"},{"@type":"ListItem","position":2,"name":"La Nostra Festa con el Sant Jordiet 2017"}]},{"@type":"WebSite","@id":"https:\/\/www.copealcoy.es\/es\/#website","url":"https:\/\/www.copealcoy.es\/es\/","name":"COPE Alcoy","description":"Emisora COPE de radio local con emisi\u00f3n online. Pont de Sant Jordi 8-10 03803 Alcoy","potentialAction":[{"@type":"SearchAction","target":{"@type":"EntryPoint","urlTemplate":"https:\/\/www.copealcoy.es\/es\/?s={search_term_string}"},"query-input":{"@type":"PropertyValueSpecification","valueRequired":true,"valueName":"search_term_string"}}],"inLanguage":"es"},{"@type":"Person","@id":"https:\/\/www.copealcoy.es\/es\/#\/schema\/person\/e777c87fa024e57d40170af9df39882c","name":"Cope Alcoy","image":{"@type":"ImageObject","inLanguage":"es","@id":"https:\/\/secure.gravatar.com\/avatar\/bb65d0283347e303893ba14f0692005417c1e0e690a325a4c5d8bb2b3943ee14?s=96&d=mm&r=g","url":"https:\/\/secure.gravatar.com\/avatar\/bb65d0283347e303893ba14f0692005417c1e0e690a325a4c5d8bb2b3943ee14?s=96&d=mm&r=g","contentUrl":"https:\/\/secure.gravatar.com\/avatar\/bb65d0283347e303893ba14f0692005417c1e0e690a325a4c5d8bb2b3943ee14?s=96&d=mm&r=g","caption":"Cope Alcoy"}}]}},"_links":{"self":[{"href":"https:\/\/www.copealcoy.es\/es\/wp-json\/wp\/v2\/posts\/31942","targetHints":{"allow":["GET"]}}],"collection":[{"href":"https:\/\/www.copealcoy.es\/es\/wp-json\/wp\/v2\/posts"}],"about":[{"href":"https:\/\/www.copealcoy.es\/es\/wp-json\/wp\/v2\/types\/post"}],"author":[{"embeddable":true,"href":"https:\/\/www.copealcoy.es\/es\/wp-json\/wp\/v2\/users\/1"}],"replies":[{"embeddable":true,"href":"https:\/\/www.copealcoy.es\/es\/wp-json\/wp\/v2\/comments?post=31942"}],"version-history":[{"count":0,"href":"https:\/\/www.copealcoy.es\/es\/wp-json\/wp\/v2\/posts\/31942\/revisions"}],"wp:featuredmedia":[{"embeddable":true,"href":"https:\/\/www.copealcoy.es\/es\/wp-json\/wp\/v2\/media\/30931"}],"wp:attachment":[{"href":"https:\/\/www.copealcoy.es\/es\/wp-json\/wp\/v2\/media?parent=31942"}],"wp:term":[{"taxonomy":"category","embeddable":true,"href":"https:\/\/www.copealcoy.es\/es\/wp-json\/wp\/v2\/categories?post=31942"},{"taxonomy":"post_tag","embeddable":true,"href":"https:\/\/www.copealcoy.es\/es\/wp-json\/wp\/v2\/tags?post=31942"}],"curies":[{"name":"wp","href":"https:\/\/api.w.org\/{rel}","templated":true}]}}