{"id":31885,"date":"2017-05-18T17:43:56","date_gmt":"2017-05-18T17:43:56","guid":{"rendered":"http:\/\/copealcoi.es\/new\/?p=31885"},"modified":"2017-05-18T17:48:00","modified_gmt":"2017-05-18T17:48:00","slug":"compromis-denuncia-mal-estado-del-camino-barxell","status":"publish","type":"post","link":"https:\/\/www.copealcoy.es\/es\/compromis-denuncia-mal-estado-del-camino-barxell\/","title":{"rendered":"Comprom\u00eds denuncia el mal estado del camino de Barxell"},"content":{"rendered":"<p style=\"text-align: justify;\">Comprom\u00eds Alcoi ha denunciado <strong>el abandono por parte del Ayuntamiento<\/strong> en las infraestructuras que son de titularidad municipal.<\/p>\n<p style=\"text-align: justify;\">La formaci\u00f3n nacionalista asegura ahora que <strong>el camino municipal que da acceso a las viviendas de Barxell<\/strong>, concretamente por d\u00f3nde va el trazado de la canalizaci\u00f3n de agua potable <strong>desde la Fuente de Barxell hasta el dep\u00f3sito de Batoy<\/strong>, est\u00e1 en mal estado desde hace meses atr\u00e1s.<\/p>\n<p style=\"text-align: justify;\">El portavoz de Comprom\u00eds Alcoi, <strong>M\u00e0rius Ivorra<\/strong>, explica que este camino es de titularidad municipal desde hace a\u00f1os, y que<strong> los vecinos han estado haciendo el mantenimiento de su bolsillo<\/strong> en todo este tiempo. No obstante, asegura Ivorra, este \u00faltimo invierno el tiempo<strong> ha provocado da\u00f1os considerables en la V\u00eda<\/strong> y desde el Consistorio no se ha atendido todav\u00eda la petici\u00f3n de los vecinos para reparar la misma\u00a0&#8220;<em>los vecinos transmitieron sus inquietudes al Ayuntamiento por el estado del camino, pero ha pasado el tiempo y las promesas no se han cumplido. Ya estamos acostumbrados a la falta de mantenimiento a la cual el Gobierno de Antonio Franc\u00e9s<strong>\u00a0<\/strong>est\u00e1 sometiendo a la ciudad<\/em>&#8220;,\u00a0concluye el portavoz.<\/p>\n","protected":false},"excerpt":{"rendered":"<p>Comprom\u00eds Alcoi ha denunciado el abandono por parte del Ayuntamiento en las infraestructuras que son de titularidad municipal. La formaci\u00f3n&#8230;<\/p>\n","protected":false},"author":1,"featured_media":31886,"comment_status":"open","ping_status":"open","sticky":false,"template":"","format":"standard","meta":{"footnotes":""},"categories":[97,75,79],"tags":[1494,252,4161,152,1461,2696,2008],"class_list":["post-31885","post","type-post","status-publish","format-standard","has-post-thumbnail","hentry","category-alcoy","category-noticias","category-politicayeconomia","tag-alcoy","tag-barxell","tag-camino","tag-compromis","tag-denuncia","tag-mal-estado","tag-marius-ivorra"],"yoast_head":"<!-- This site is optimized with the Yoast SEO plugin v27.3 - https:\/\/yoast.com\/product\/yoast-seo-wordpress\/ -->\n<title>Comprom\u00eds denuncia el mal estado del camino de Barxell - COPE Alcoy<\/title>\n<meta name=\"robots\" content=\"index, follow, max-snippet:-1, max-image-preview:large, max-video-preview:-1\" \/>\n<link rel=\"canonical\" href=\"https:\/\/www.copealcoy.es\/es\/compromis-denuncia-mal-estado-del-camino-barxell\/\" \/>\n<meta property=\"og:locale\" content=\"es_ES\" \/>\n<meta property=\"og:type\" content=\"article\" \/>\n<meta property=\"og:title\" content=\"Comprom\u00eds denuncia el mal estado del camino de Barxell - COPE Alcoy\" \/>\n<meta property=\"og:description\" content=\"Comprom\u00eds Alcoi ha denunciado el abandono por parte del Ayuntamiento en las infraestructuras que son de titularidad municipal. La formaci\u00f3n...\" \/>\n<meta property=\"og:url\" content=\"https:\/\/www.copealcoy.es\/es\/compromis-denuncia-mal-estado-del-camino-barxell\/\" \/>\n<meta property=\"og:site_name\" content=\"COPE Alcoy\" \/>\n<meta property=\"article:published_time\" content=\"2017-05-18T17:43:56+00:00\" \/>\n<meta property=\"article:modified_time\" content=\"2017-05-18T17:48:00+00:00\" \/>\n<meta property=\"og:image\" content=\"https:\/\/www.copealcoy.es\/wp-content\/uploads\/2017\/05\/img_37416.jpg\" \/>\n\t<meta property=\"og:image:width\" content=\"670\" \/>\n\t<meta property=\"og:image:height\" content=\"377\" \/>\n\t<meta property=\"og:image:type\" content=\"image\/jpeg\" \/>\n<meta name=\"author\" content=\"Cope Alcoy\" \/>\n<meta name=\"twitter:label1\" content=\"Escrito por\" \/>\n\t<meta name=\"twitter:data1\" content=\"Cope Alcoy\" \/>\n\t<meta name=\"twitter:label2\" content=\"Tiempo de lectura\" \/>\n\t<meta name=\"twitter:data2\" content=\"1 minuto\" \/>\n<script type=\"application\/ld+json\" class=\"yoast-schema-graph\">{\"@context\":\"https:\\\/\\\/schema.org\",\"@graph\":[{\"@type\":\"Article\",\"@id\":\"https:\\\/\\\/www.copealcoy.es\\\/es\\\/compromis-denuncia-mal-estado-del-camino-barxell\\\/#article\",\"isPartOf\":{\"@id\":\"https:\\\/\\\/www.copealcoy.es\\\/es\\\/compromis-denuncia-mal-estado-del-camino-barxell\\\/\"},\"author\":{\"name\":\"Cope Alcoy\",\"@id\":\"https:\\\/\\\/www.copealcoy.es\\\/es\\\/#\\\/schema\\\/person\\\/e777c87fa024e57d40170af9df39882c\"},\"headline\":\"Comprom\u00eds denuncia el mal estado del camino de Barxell\",\"datePublished\":\"2017-05-18T17:43:56+00:00\",\"dateModified\":\"2017-05-18T17:48:00+00:00\",\"mainEntityOfPage\":{\"@id\":\"https:\\\/\\\/www.copealcoy.es\\\/es\\\/compromis-denuncia-mal-estado-del-camino-barxell\\\/\"},\"wordCount\":205,\"commentCount\":0,\"image\":{\"@id\":\"https:\\\/\\\/www.copealcoy.es\\\/es\\\/compromis-denuncia-mal-estado-del-camino-barxell\\\/#primaryimage\"},\"thumbnailUrl\":\"https:\\\/\\\/www.copealcoy.es\\\/wp-content\\\/uploads\\\/2017\\\/05\\\/img_37416.jpg\",\"keywords\":[\"Alcoy\",\"Barxell\",\"camino\",\"Comprom\u00eds\",\"Denuncia\",\"mal estado\",\"M\u00e0rius Ivorra\"],\"articleSection\":[\"Alcoy\",\"Noticias\",\"Pol\u00edtica y Econom\u00eda\"],\"inLanguage\":\"es\"},{\"@type\":\"WebPage\",\"@id\":\"https:\\\/\\\/www.copealcoy.es\\\/es\\\/compromis-denuncia-mal-estado-del-camino-barxell\\\/\",\"url\":\"https:\\\/\\\/www.copealcoy.es\\\/es\\\/compromis-denuncia-mal-estado-del-camino-barxell\\\/\",\"name\":\"Comprom\u00eds denuncia el mal estado del camino de Barxell - COPE Alcoy\",\"isPartOf\":{\"@id\":\"https:\\\/\\\/www.copealcoy.es\\\/es\\\/#website\"},\"primaryImageOfPage\":{\"@id\":\"https:\\\/\\\/www.copealcoy.es\\\/es\\\/compromis-denuncia-mal-estado-del-camino-barxell\\\/#primaryimage\"},\"image\":{\"@id\":\"https:\\\/\\\/www.copealcoy.es\\\/es\\\/compromis-denuncia-mal-estado-del-camino-barxell\\\/#primaryimage\"},\"thumbnailUrl\":\"https:\\\/\\\/www.copealcoy.es\\\/wp-content\\\/uploads\\\/2017\\\/05\\\/img_37416.jpg\",\"datePublished\":\"2017-05-18T17:43:56+00:00\",\"dateModified\":\"2017-05-18T17:48:00+00:00\",\"author\":{\"@id\":\"https:\\\/\\\/www.copealcoy.es\\\/es\\\/#\\\/schema\\\/person\\\/e777c87fa024e57d40170af9df39882c\"},\"breadcrumb\":{\"@id\":\"https:\\\/\\\/www.copealcoy.es\\\/es\\\/compromis-denuncia-mal-estado-del-camino-barxell\\\/#breadcrumb\"},\"inLanguage\":\"es\",\"potentialAction\":[{\"@type\":\"ReadAction\",\"target\":[\"https:\\\/\\\/www.copealcoy.es\\\/es\\\/compromis-denuncia-mal-estado-del-camino-barxell\\\/\"]}]},{\"@type\":\"ImageObject\",\"inLanguage\":\"es\",\"@id\":\"https:\\\/\\\/www.copealcoy.es\\\/es\\\/compromis-denuncia-mal-estado-del-camino-barxell\\\/#primaryimage\",\"url\":\"https:\\\/\\\/www.copealcoy.es\\\/wp-content\\\/uploads\\\/2017\\\/05\\\/img_37416.jpg\",\"contentUrl\":\"https:\\\/\\\/www.copealcoy.es\\\/wp-content\\\/uploads\\\/2017\\\/05\\\/img_37416.jpg\",\"width\":670,\"height\":377},{\"@type\":\"BreadcrumbList\",\"@id\":\"https:\\\/\\\/www.copealcoy.es\\\/es\\\/compromis-denuncia-mal-estado-del-camino-barxell\\\/#breadcrumb\",\"itemListElement\":[{\"@type\":\"ListItem\",\"position\":1,\"name\":\"Portada\",\"item\":\"https:\\\/\\\/www.copealcoy.es\\\/es\\\/\"},{\"@type\":\"ListItem\",\"position\":2,\"name\":\"Comprom\u00eds denuncia el mal estado del camino de Barxell\"}]},{\"@type\":\"WebSite\",\"@id\":\"https:\\\/\\\/www.copealcoy.es\\\/es\\\/#website\",\"url\":\"https:\\\/\\\/www.copealcoy.es\\\/es\\\/\",\"name\":\"COPE Alcoy\",\"description\":\"Emisora COPE de radio local con emisi\u00f3n online. Pont de Sant Jordi 8-10 03803 Alcoy\",\"potentialAction\":[{\"@type\":\"SearchAction\",\"target\":{\"@type\":\"EntryPoint\",\"urlTemplate\":\"https:\\\/\\\/www.copealcoy.es\\\/es\\\/?s={search_term_string}\"},\"query-input\":{\"@type\":\"PropertyValueSpecification\",\"valueRequired\":true,\"valueName\":\"search_term_string\"}}],\"inLanguage\":\"es\"},{\"@type\":\"Person\",\"@id\":\"https:\\\/\\\/www.copealcoy.es\\\/es\\\/#\\\/schema\\\/person\\\/e777c87fa024e57d40170af9df39882c\",\"name\":\"Cope Alcoy\",\"image\":{\"@type\":\"ImageObject\",\"inLanguage\":\"es\",\"@id\":\"https:\\\/\\\/secure.gravatar.com\\\/avatar\\\/bb65d0283347e303893ba14f0692005417c1e0e690a325a4c5d8bb2b3943ee14?s=96&d=mm&r=g\",\"url\":\"https:\\\/\\\/secure.gravatar.com\\\/avatar\\\/bb65d0283347e303893ba14f0692005417c1e0e690a325a4c5d8bb2b3943ee14?s=96&d=mm&r=g\",\"contentUrl\":\"https:\\\/\\\/secure.gravatar.com\\\/avatar\\\/bb65d0283347e303893ba14f0692005417c1e0e690a325a4c5d8bb2b3943ee14?s=96&d=mm&r=g\",\"caption\":\"Cope Alcoy\"}}]}<\/script>\n<!-- \/ Yoast SEO plugin. -->","yoast_head_json":{"title":"Comprom\u00eds denuncia el mal estado del camino de Barxell - COPE Alcoy","robots":{"index":"index","follow":"follow","max-snippet":"max-snippet:-1","max-image-preview":"max-image-preview:large","max-video-preview":"max-video-preview:-1"},"canonical":"https:\/\/www.copealcoy.es\/es\/compromis-denuncia-mal-estado-del-camino-barxell\/","og_locale":"es_ES","og_type":"article","og_title":"Comprom\u00eds denuncia el mal estado del camino de Barxell - COPE Alcoy","og_description":"Comprom\u00eds Alcoi ha denunciado el abandono por parte del Ayuntamiento en las infraestructuras que son de titularidad municipal. La formaci\u00f3n...","og_url":"https:\/\/www.copealcoy.es\/es\/compromis-denuncia-mal-estado-del-camino-barxell\/","og_site_name":"COPE Alcoy","article_published_time":"2017-05-18T17:43:56+00:00","article_modified_time":"2017-05-18T17:48:00+00:00","og_image":[{"width":670,"height":377,"url":"https:\/\/www.copealcoy.es\/wp-content\/uploads\/2017\/05\/img_37416.jpg","type":"image\/jpeg"}],"author":"Cope Alcoy","twitter_misc":{"Escrito por":"Cope Alcoy","Tiempo de lectura":"1 minuto"},"schema":{"@context":"https:\/\/schema.org","@graph":[{"@type":"Article","@id":"https:\/\/www.copealcoy.es\/es\/compromis-denuncia-mal-estado-del-camino-barxell\/#article","isPartOf":{"@id":"https:\/\/www.copealcoy.es\/es\/compromis-denuncia-mal-estado-del-camino-barxell\/"},"author":{"name":"Cope Alcoy","@id":"https:\/\/www.copealcoy.es\/es\/#\/schema\/person\/e777c87fa024e57d40170af9df39882c"},"headline":"Comprom\u00eds denuncia el mal estado del camino de Barxell","datePublished":"2017-05-18T17:43:56+00:00","dateModified":"2017-05-18T17:48:00+00:00","mainEntityOfPage":{"@id":"https:\/\/www.copealcoy.es\/es\/compromis-denuncia-mal-estado-del-camino-barxell\/"},"wordCount":205,"commentCount":0,"image":{"@id":"https:\/\/www.copealcoy.es\/es\/compromis-denuncia-mal-estado-del-camino-barxell\/#primaryimage"},"thumbnailUrl":"https:\/\/www.copealcoy.es\/wp-content\/uploads\/2017\/05\/img_37416.jpg","keywords":["Alcoy","Barxell","camino","Comprom\u00eds","Denuncia","mal estado","M\u00e0rius Ivorra"],"articleSection":["Alcoy","Noticias","Pol\u00edtica y Econom\u00eda"],"inLanguage":"es"},{"@type":"WebPage","@id":"https:\/\/www.copealcoy.es\/es\/compromis-denuncia-mal-estado-del-camino-barxell\/","url":"https:\/\/www.copealcoy.es\/es\/compromis-denuncia-mal-estado-del-camino-barxell\/","name":"Comprom\u00eds denuncia el mal estado del camino de Barxell - COPE Alcoy","isPartOf":{"@id":"https:\/\/www.copealcoy.es\/es\/#website"},"primaryImageOfPage":{"@id":"https:\/\/www.copealcoy.es\/es\/compromis-denuncia-mal-estado-del-camino-barxell\/#primaryimage"},"image":{"@id":"https:\/\/www.copealcoy.es\/es\/compromis-denuncia-mal-estado-del-camino-barxell\/#primaryimage"},"thumbnailUrl":"https:\/\/www.copealcoy.es\/wp-content\/uploads\/2017\/05\/img_37416.jpg","datePublished":"2017-05-18T17:43:56+00:00","dateModified":"2017-05-18T17:48:00+00:00","author":{"@id":"https:\/\/www.copealcoy.es\/es\/#\/schema\/person\/e777c87fa024e57d40170af9df39882c"},"breadcrumb":{"@id":"https:\/\/www.copealcoy.es\/es\/compromis-denuncia-mal-estado-del-camino-barxell\/#breadcrumb"},"inLanguage":"es","potentialAction":[{"@type":"ReadAction","target":["https:\/\/www.copealcoy.es\/es\/compromis-denuncia-mal-estado-del-camino-barxell\/"]}]},{"@type":"ImageObject","inLanguage":"es","@id":"https:\/\/www.copealcoy.es\/es\/compromis-denuncia-mal-estado-del-camino-barxell\/#primaryimage","url":"https:\/\/www.copealcoy.es\/wp-content\/uploads\/2017\/05\/img_37416.jpg","contentUrl":"https:\/\/www.copealcoy.es\/wp-content\/uploads\/2017\/05\/img_37416.jpg","width":670,"height":377},{"@type":"BreadcrumbList","@id":"https:\/\/www.copealcoy.es\/es\/compromis-denuncia-mal-estado-del-camino-barxell\/#breadcrumb","itemListElement":[{"@type":"ListItem","position":1,"name":"Portada","item":"https:\/\/www.copealcoy.es\/es\/"},{"@type":"ListItem","position":2,"name":"Comprom\u00eds denuncia el mal estado del camino de Barxell"}]},{"@type":"WebSite","@id":"https:\/\/www.copealcoy.es\/es\/#website","url":"https:\/\/www.copealcoy.es\/es\/","name":"COPE Alcoy","description":"Emisora COPE de radio local con emisi\u00f3n online. Pont de Sant Jordi 8-10 03803 Alcoy","potentialAction":[{"@type":"SearchAction","target":{"@type":"EntryPoint","urlTemplate":"https:\/\/www.copealcoy.es\/es\/?s={search_term_string}"},"query-input":{"@type":"PropertyValueSpecification","valueRequired":true,"valueName":"search_term_string"}}],"inLanguage":"es"},{"@type":"Person","@id":"https:\/\/www.copealcoy.es\/es\/#\/schema\/person\/e777c87fa024e57d40170af9df39882c","name":"Cope Alcoy","image":{"@type":"ImageObject","inLanguage":"es","@id":"https:\/\/secure.gravatar.com\/avatar\/bb65d0283347e303893ba14f0692005417c1e0e690a325a4c5d8bb2b3943ee14?s=96&d=mm&r=g","url":"https:\/\/secure.gravatar.com\/avatar\/bb65d0283347e303893ba14f0692005417c1e0e690a325a4c5d8bb2b3943ee14?s=96&d=mm&r=g","contentUrl":"https:\/\/secure.gravatar.com\/avatar\/bb65d0283347e303893ba14f0692005417c1e0e690a325a4c5d8bb2b3943ee14?s=96&d=mm&r=g","caption":"Cope Alcoy"}}]}},"_links":{"self":[{"href":"https:\/\/www.copealcoy.es\/es\/wp-json\/wp\/v2\/posts\/31885","targetHints":{"allow":["GET"]}}],"collection":[{"href":"https:\/\/www.copealcoy.es\/es\/wp-json\/wp\/v2\/posts"}],"about":[{"href":"https:\/\/www.copealcoy.es\/es\/wp-json\/wp\/v2\/types\/post"}],"author":[{"embeddable":true,"href":"https:\/\/www.copealcoy.es\/es\/wp-json\/wp\/v2\/users\/1"}],"replies":[{"embeddable":true,"href":"https:\/\/www.copealcoy.es\/es\/wp-json\/wp\/v2\/comments?post=31885"}],"version-history":[{"count":0,"href":"https:\/\/www.copealcoy.es\/es\/wp-json\/wp\/v2\/posts\/31885\/revisions"}],"wp:featuredmedia":[{"embeddable":true,"href":"https:\/\/www.copealcoy.es\/es\/wp-json\/wp\/v2\/media\/31886"}],"wp:attachment":[{"href":"https:\/\/www.copealcoy.es\/es\/wp-json\/wp\/v2\/media?parent=31885"}],"wp:term":[{"taxonomy":"category","embeddable":true,"href":"https:\/\/www.copealcoy.es\/es\/wp-json\/wp\/v2\/categories?post=31885"},{"taxonomy":"post_tag","embeddable":true,"href":"https:\/\/www.copealcoy.es\/es\/wp-json\/wp\/v2\/tags?post=31885"}],"curies":[{"name":"wp","href":"https:\/\/api.w.org\/{rel}","templated":true}]}}