{"id":31821,"date":"2017-05-17T23:16:55","date_gmt":"2017-05-17T23:16:55","guid":{"rendered":"http:\/\/copealcoi.es\/new\/?p=31821"},"modified":"2017-05-17T23:16:55","modified_gmt":"2017-05-17T23:16:55","slug":"el-pp-quiere-saber-si-el-plan-de-accesibilidad-esta-completo","status":"publish","type":"post","link":"https:\/\/www.copealcoy.es\/es\/el-pp-quiere-saber-si-el-plan-de-accesibilidad-esta-completo\/","title":{"rendered":"El PP quiere saber si el Plan de Accesibilidad est\u00e1 completo"},"content":{"rendered":"<p style=\"text-align: justify;\">El <strong>Partido Popular<\/strong> de Alcoy preguntar\u00e1 al Gobierno Municipal en la Comisi\u00f3n de Sostenibilidad \u00a0<strong>si considera completo el Plan Integral de Accesibilidad de Alcoy<\/strong>, presentado p\u00fablicamente el pasado 23 de marzo. Los populares plantear\u00e1n esta cuesti\u00f3n despu\u00e9s de que hace unos d\u00edas <strong>el colectivo Avanzar denunciase que consideraba el estudio incompleto<\/strong>, entre otras razones, porque <strong>tan solo se eval\u00faan itinerarios principales y secundarios<\/strong>, lo que representa <strong>un 31% del total<\/strong> de viales de la ciudad.<\/p>\n<p style=\"text-align: justify;\">\n<p style=\"text-align: justify;\">El concejal del PP, <strong>Edu Tormo<\/strong>, destaca que estas preguntas <strong>servir\u00e1n para conocer si el citado Plan tiene m\u00e1s fases<\/strong> &#8220;<em>se trata de un buen trabajo t\u00e9cnico, pero es significativo que Avanzar, lo critique. Queremos conocer la opini\u00f3n del gobierno. Desconocemos si se trata de una primera fase o si el gobierno de Antonio Franc\u00e9s tiene, realmente, intenci\u00f3n de olvidarse del 69% de v\u00edas p\u00fablicas. Tambi\u00e9n es importante conocer los plazos de ejecuci\u00f3n<\/em>&#8220;<strong>, <\/strong>asegura.<strong>\u00a0<\/strong><\/p>\n<p style=\"text-align: justify;\">Los populares avanzan por \u00faltimo\u00a0que, entre otras cosas, <strong>preguntar\u00e1n<\/strong> por el inicio de las obras de la nueva calle Entenza, la estabilizaci\u00f3n del talud de la Beniata, la ciudad deportiva del alcoyano, la pasarela Alcoy &#8211; Cocentaina o las rotondas de Oliver y de acceso Norte.<\/p>\n","protected":false},"excerpt":{"rendered":"<p>El Partido Popular de Alcoy preguntar\u00e1 al Gobierno Municipal en la Comisi\u00f3n de Sostenibilidad \u00a0si considera completo el Plan Integral&#8230;<\/p>\n","protected":false},"author":1,"featured_media":18955,"comment_status":"open","ping_status":"open","sticky":false,"template":"","format":"standard","meta":{"footnotes":""},"categories":[97,75,79],"tags":[1494,1814,448,4150,4149],"class_list":["post-31821","post","type-post","status-publish","format-standard","has-post-thumbnail","hentry","category-alcoy","category-noticias","category-politicayeconomia","tag-alcoy","tag-edu-tormo","tag-partido-popular","tag-plan-de-accesibilidad","tag-preguntara"],"yoast_head":"<!-- This site is optimized with the Yoast SEO plugin v27.3 - https:\/\/yoast.com\/product\/yoast-seo-wordpress\/ -->\n<title>El PP quiere saber si el Plan de Accesibilidad est\u00e1 completo - COPE Alcoy<\/title>\n<meta name=\"robots\" content=\"index, follow, max-snippet:-1, max-image-preview:large, max-video-preview:-1\" \/>\n<link rel=\"canonical\" href=\"https:\/\/www.copealcoy.es\/es\/el-pp-quiere-saber-si-el-plan-de-accesibilidad-esta-completo\/\" \/>\n<meta property=\"og:locale\" content=\"es_ES\" \/>\n<meta property=\"og:type\" content=\"article\" \/>\n<meta property=\"og:title\" content=\"El PP quiere saber si el Plan de Accesibilidad est\u00e1 completo - COPE Alcoy\" \/>\n<meta property=\"og:description\" content=\"El Partido Popular de Alcoy preguntar\u00e1 al Gobierno Municipal en la Comisi\u00f3n de Sostenibilidad \u00a0si considera completo el Plan Integral...\" \/>\n<meta property=\"og:url\" content=\"https:\/\/www.copealcoy.es\/es\/el-pp-quiere-saber-si-el-plan-de-accesibilidad-esta-completo\/\" \/>\n<meta property=\"og:site_name\" content=\"COPE Alcoy\" \/>\n<meta property=\"article:published_time\" content=\"2017-05-17T23:16:55+00:00\" \/>\n<meta property=\"og:image\" content=\"https:\/\/www.copealcoy.es\/wp-content\/uploads\/2016\/02\/IMG_1381.jpg\" \/>\n\t<meta property=\"og:image:width\" content=\"2592\" \/>\n\t<meta property=\"og:image:height\" content=\"1936\" \/>\n\t<meta property=\"og:image:type\" content=\"image\/jpeg\" \/>\n<meta name=\"author\" content=\"Cope Alcoy\" \/>\n<meta name=\"twitter:label1\" content=\"Escrito por\" \/>\n\t<meta name=\"twitter:data1\" content=\"Cope Alcoy\" \/>\n\t<meta name=\"twitter:label2\" content=\"Tiempo de lectura\" \/>\n\t<meta name=\"twitter:data2\" content=\"1 minuto\" \/>\n<script type=\"application\/ld+json\" class=\"yoast-schema-graph\">{\"@context\":\"https:\\\/\\\/schema.org\",\"@graph\":[{\"@type\":\"Article\",\"@id\":\"https:\\\/\\\/www.copealcoy.es\\\/es\\\/el-pp-quiere-saber-si-el-plan-de-accesibilidad-esta-completo\\\/#article\",\"isPartOf\":{\"@id\":\"https:\\\/\\\/www.copealcoy.es\\\/es\\\/el-pp-quiere-saber-si-el-plan-de-accesibilidad-esta-completo\\\/\"},\"author\":{\"name\":\"Cope Alcoy\",\"@id\":\"https:\\\/\\\/www.copealcoy.es\\\/es\\\/#\\\/schema\\\/person\\\/e777c87fa024e57d40170af9df39882c\"},\"headline\":\"El PP quiere saber si el Plan de Accesibilidad est\u00e1 completo\",\"datePublished\":\"2017-05-17T23:16:55+00:00\",\"mainEntityOfPage\":{\"@id\":\"https:\\\/\\\/www.copealcoy.es\\\/es\\\/el-pp-quiere-saber-si-el-plan-de-accesibilidad-esta-completo\\\/\"},\"wordCount\":223,\"commentCount\":0,\"image\":{\"@id\":\"https:\\\/\\\/www.copealcoy.es\\\/es\\\/el-pp-quiere-saber-si-el-plan-de-accesibilidad-esta-completo\\\/#primaryimage\"},\"thumbnailUrl\":\"https:\\\/\\\/www.copealcoy.es\\\/wp-content\\\/uploads\\\/2016\\\/02\\\/IMG_1381.jpg\",\"keywords\":[\"Alcoy\",\"Edu Tormo\",\"Partido Popular\",\"Plan de Accesibilidad\",\"Preguntar\u00e1\"],\"articleSection\":[\"Alcoy\",\"Noticias\",\"Pol\u00edtica y Econom\u00eda\"],\"inLanguage\":\"es\"},{\"@type\":\"WebPage\",\"@id\":\"https:\\\/\\\/www.copealcoy.es\\\/es\\\/el-pp-quiere-saber-si-el-plan-de-accesibilidad-esta-completo\\\/\",\"url\":\"https:\\\/\\\/www.copealcoy.es\\\/es\\\/el-pp-quiere-saber-si-el-plan-de-accesibilidad-esta-completo\\\/\",\"name\":\"El PP quiere saber si el Plan de Accesibilidad est\u00e1 completo - COPE Alcoy\",\"isPartOf\":{\"@id\":\"https:\\\/\\\/www.copealcoy.es\\\/es\\\/#website\"},\"primaryImageOfPage\":{\"@id\":\"https:\\\/\\\/www.copealcoy.es\\\/es\\\/el-pp-quiere-saber-si-el-plan-de-accesibilidad-esta-completo\\\/#primaryimage\"},\"image\":{\"@id\":\"https:\\\/\\\/www.copealcoy.es\\\/es\\\/el-pp-quiere-saber-si-el-plan-de-accesibilidad-esta-completo\\\/#primaryimage\"},\"thumbnailUrl\":\"https:\\\/\\\/www.copealcoy.es\\\/wp-content\\\/uploads\\\/2016\\\/02\\\/IMG_1381.jpg\",\"datePublished\":\"2017-05-17T23:16:55+00:00\",\"author\":{\"@id\":\"https:\\\/\\\/www.copealcoy.es\\\/es\\\/#\\\/schema\\\/person\\\/e777c87fa024e57d40170af9df39882c\"},\"breadcrumb\":{\"@id\":\"https:\\\/\\\/www.copealcoy.es\\\/es\\\/el-pp-quiere-saber-si-el-plan-de-accesibilidad-esta-completo\\\/#breadcrumb\"},\"inLanguage\":\"es\",\"potentialAction\":[{\"@type\":\"ReadAction\",\"target\":[\"https:\\\/\\\/www.copealcoy.es\\\/es\\\/el-pp-quiere-saber-si-el-plan-de-accesibilidad-esta-completo\\\/\"]}]},{\"@type\":\"ImageObject\",\"inLanguage\":\"es\",\"@id\":\"https:\\\/\\\/www.copealcoy.es\\\/es\\\/el-pp-quiere-saber-si-el-plan-de-accesibilidad-esta-completo\\\/#primaryimage\",\"url\":\"https:\\\/\\\/www.copealcoy.es\\\/wp-content\\\/uploads\\\/2016\\\/02\\\/IMG_1381.jpg\",\"contentUrl\":\"https:\\\/\\\/www.copealcoy.es\\\/wp-content\\\/uploads\\\/2016\\\/02\\\/IMG_1381.jpg\",\"width\":2592,\"height\":1936},{\"@type\":\"BreadcrumbList\",\"@id\":\"https:\\\/\\\/www.copealcoy.es\\\/es\\\/el-pp-quiere-saber-si-el-plan-de-accesibilidad-esta-completo\\\/#breadcrumb\",\"itemListElement\":[{\"@type\":\"ListItem\",\"position\":1,\"name\":\"Portada\",\"item\":\"https:\\\/\\\/www.copealcoy.es\\\/es\\\/\"},{\"@type\":\"ListItem\",\"position\":2,\"name\":\"El PP quiere saber si el Plan de Accesibilidad est\u00e1 completo\"}]},{\"@type\":\"WebSite\",\"@id\":\"https:\\\/\\\/www.copealcoy.es\\\/es\\\/#website\",\"url\":\"https:\\\/\\\/www.copealcoy.es\\\/es\\\/\",\"name\":\"COPE Alcoy\",\"description\":\"Emisora COPE de radio local con emisi\u00f3n online. Pont de Sant Jordi 8-10 03803 Alcoy\",\"potentialAction\":[{\"@type\":\"SearchAction\",\"target\":{\"@type\":\"EntryPoint\",\"urlTemplate\":\"https:\\\/\\\/www.copealcoy.es\\\/es\\\/?s={search_term_string}\"},\"query-input\":{\"@type\":\"PropertyValueSpecification\",\"valueRequired\":true,\"valueName\":\"search_term_string\"}}],\"inLanguage\":\"es\"},{\"@type\":\"Person\",\"@id\":\"https:\\\/\\\/www.copealcoy.es\\\/es\\\/#\\\/schema\\\/person\\\/e777c87fa024e57d40170af9df39882c\",\"name\":\"Cope Alcoy\",\"image\":{\"@type\":\"ImageObject\",\"inLanguage\":\"es\",\"@id\":\"https:\\\/\\\/secure.gravatar.com\\\/avatar\\\/bb65d0283347e303893ba14f0692005417c1e0e690a325a4c5d8bb2b3943ee14?s=96&d=mm&r=g\",\"url\":\"https:\\\/\\\/secure.gravatar.com\\\/avatar\\\/bb65d0283347e303893ba14f0692005417c1e0e690a325a4c5d8bb2b3943ee14?s=96&d=mm&r=g\",\"contentUrl\":\"https:\\\/\\\/secure.gravatar.com\\\/avatar\\\/bb65d0283347e303893ba14f0692005417c1e0e690a325a4c5d8bb2b3943ee14?s=96&d=mm&r=g\",\"caption\":\"Cope Alcoy\"}}]}<\/script>\n<!-- \/ Yoast SEO plugin. -->","yoast_head_json":{"title":"El PP quiere saber si el Plan de Accesibilidad est\u00e1 completo - COPE Alcoy","robots":{"index":"index","follow":"follow","max-snippet":"max-snippet:-1","max-image-preview":"max-image-preview:large","max-video-preview":"max-video-preview:-1"},"canonical":"https:\/\/www.copealcoy.es\/es\/el-pp-quiere-saber-si-el-plan-de-accesibilidad-esta-completo\/","og_locale":"es_ES","og_type":"article","og_title":"El PP quiere saber si el Plan de Accesibilidad est\u00e1 completo - COPE Alcoy","og_description":"El Partido Popular de Alcoy preguntar\u00e1 al Gobierno Municipal en la Comisi\u00f3n de Sostenibilidad \u00a0si considera completo el Plan Integral...","og_url":"https:\/\/www.copealcoy.es\/es\/el-pp-quiere-saber-si-el-plan-de-accesibilidad-esta-completo\/","og_site_name":"COPE Alcoy","article_published_time":"2017-05-17T23:16:55+00:00","og_image":[{"width":2592,"height":1936,"url":"https:\/\/www.copealcoy.es\/wp-content\/uploads\/2016\/02\/IMG_1381.jpg","type":"image\/jpeg"}],"author":"Cope Alcoy","twitter_misc":{"Escrito por":"Cope Alcoy","Tiempo de lectura":"1 minuto"},"schema":{"@context":"https:\/\/schema.org","@graph":[{"@type":"Article","@id":"https:\/\/www.copealcoy.es\/es\/el-pp-quiere-saber-si-el-plan-de-accesibilidad-esta-completo\/#article","isPartOf":{"@id":"https:\/\/www.copealcoy.es\/es\/el-pp-quiere-saber-si-el-plan-de-accesibilidad-esta-completo\/"},"author":{"name":"Cope Alcoy","@id":"https:\/\/www.copealcoy.es\/es\/#\/schema\/person\/e777c87fa024e57d40170af9df39882c"},"headline":"El PP quiere saber si el Plan de Accesibilidad est\u00e1 completo","datePublished":"2017-05-17T23:16:55+00:00","mainEntityOfPage":{"@id":"https:\/\/www.copealcoy.es\/es\/el-pp-quiere-saber-si-el-plan-de-accesibilidad-esta-completo\/"},"wordCount":223,"commentCount":0,"image":{"@id":"https:\/\/www.copealcoy.es\/es\/el-pp-quiere-saber-si-el-plan-de-accesibilidad-esta-completo\/#primaryimage"},"thumbnailUrl":"https:\/\/www.copealcoy.es\/wp-content\/uploads\/2016\/02\/IMG_1381.jpg","keywords":["Alcoy","Edu Tormo","Partido Popular","Plan de Accesibilidad","Preguntar\u00e1"],"articleSection":["Alcoy","Noticias","Pol\u00edtica y Econom\u00eda"],"inLanguage":"es"},{"@type":"WebPage","@id":"https:\/\/www.copealcoy.es\/es\/el-pp-quiere-saber-si-el-plan-de-accesibilidad-esta-completo\/","url":"https:\/\/www.copealcoy.es\/es\/el-pp-quiere-saber-si-el-plan-de-accesibilidad-esta-completo\/","name":"El PP quiere saber si el Plan de Accesibilidad est\u00e1 completo - COPE Alcoy","isPartOf":{"@id":"https:\/\/www.copealcoy.es\/es\/#website"},"primaryImageOfPage":{"@id":"https:\/\/www.copealcoy.es\/es\/el-pp-quiere-saber-si-el-plan-de-accesibilidad-esta-completo\/#primaryimage"},"image":{"@id":"https:\/\/www.copealcoy.es\/es\/el-pp-quiere-saber-si-el-plan-de-accesibilidad-esta-completo\/#primaryimage"},"thumbnailUrl":"https:\/\/www.copealcoy.es\/wp-content\/uploads\/2016\/02\/IMG_1381.jpg","datePublished":"2017-05-17T23:16:55+00:00","author":{"@id":"https:\/\/www.copealcoy.es\/es\/#\/schema\/person\/e777c87fa024e57d40170af9df39882c"},"breadcrumb":{"@id":"https:\/\/www.copealcoy.es\/es\/el-pp-quiere-saber-si-el-plan-de-accesibilidad-esta-completo\/#breadcrumb"},"inLanguage":"es","potentialAction":[{"@type":"ReadAction","target":["https:\/\/www.copealcoy.es\/es\/el-pp-quiere-saber-si-el-plan-de-accesibilidad-esta-completo\/"]}]},{"@type":"ImageObject","inLanguage":"es","@id":"https:\/\/www.copealcoy.es\/es\/el-pp-quiere-saber-si-el-plan-de-accesibilidad-esta-completo\/#primaryimage","url":"https:\/\/www.copealcoy.es\/wp-content\/uploads\/2016\/02\/IMG_1381.jpg","contentUrl":"https:\/\/www.copealcoy.es\/wp-content\/uploads\/2016\/02\/IMG_1381.jpg","width":2592,"height":1936},{"@type":"BreadcrumbList","@id":"https:\/\/www.copealcoy.es\/es\/el-pp-quiere-saber-si-el-plan-de-accesibilidad-esta-completo\/#breadcrumb","itemListElement":[{"@type":"ListItem","position":1,"name":"Portada","item":"https:\/\/www.copealcoy.es\/es\/"},{"@type":"ListItem","position":2,"name":"El PP quiere saber si el Plan de Accesibilidad est\u00e1 completo"}]},{"@type":"WebSite","@id":"https:\/\/www.copealcoy.es\/es\/#website","url":"https:\/\/www.copealcoy.es\/es\/","name":"COPE Alcoy","description":"Emisora COPE de radio local con emisi\u00f3n online. Pont de Sant Jordi 8-10 03803 Alcoy","potentialAction":[{"@type":"SearchAction","target":{"@type":"EntryPoint","urlTemplate":"https:\/\/www.copealcoy.es\/es\/?s={search_term_string}"},"query-input":{"@type":"PropertyValueSpecification","valueRequired":true,"valueName":"search_term_string"}}],"inLanguage":"es"},{"@type":"Person","@id":"https:\/\/www.copealcoy.es\/es\/#\/schema\/person\/e777c87fa024e57d40170af9df39882c","name":"Cope Alcoy","image":{"@type":"ImageObject","inLanguage":"es","@id":"https:\/\/secure.gravatar.com\/avatar\/bb65d0283347e303893ba14f0692005417c1e0e690a325a4c5d8bb2b3943ee14?s=96&d=mm&r=g","url":"https:\/\/secure.gravatar.com\/avatar\/bb65d0283347e303893ba14f0692005417c1e0e690a325a4c5d8bb2b3943ee14?s=96&d=mm&r=g","contentUrl":"https:\/\/secure.gravatar.com\/avatar\/bb65d0283347e303893ba14f0692005417c1e0e690a325a4c5d8bb2b3943ee14?s=96&d=mm&r=g","caption":"Cope Alcoy"}}]}},"_links":{"self":[{"href":"https:\/\/www.copealcoy.es\/es\/wp-json\/wp\/v2\/posts\/31821","targetHints":{"allow":["GET"]}}],"collection":[{"href":"https:\/\/www.copealcoy.es\/es\/wp-json\/wp\/v2\/posts"}],"about":[{"href":"https:\/\/www.copealcoy.es\/es\/wp-json\/wp\/v2\/types\/post"}],"author":[{"embeddable":true,"href":"https:\/\/www.copealcoy.es\/es\/wp-json\/wp\/v2\/users\/1"}],"replies":[{"embeddable":true,"href":"https:\/\/www.copealcoy.es\/es\/wp-json\/wp\/v2\/comments?post=31821"}],"version-history":[{"count":0,"href":"https:\/\/www.copealcoy.es\/es\/wp-json\/wp\/v2\/posts\/31821\/revisions"}],"wp:featuredmedia":[{"embeddable":true,"href":"https:\/\/www.copealcoy.es\/es\/wp-json\/wp\/v2\/media\/18955"}],"wp:attachment":[{"href":"https:\/\/www.copealcoy.es\/es\/wp-json\/wp\/v2\/media?parent=31821"}],"wp:term":[{"taxonomy":"category","embeddable":true,"href":"https:\/\/www.copealcoy.es\/es\/wp-json\/wp\/v2\/categories?post=31821"},{"taxonomy":"post_tag","embeddable":true,"href":"https:\/\/www.copealcoy.es\/es\/wp-json\/wp\/v2\/tags?post=31821"}],"curies":[{"name":"wp","href":"https:\/\/api.w.org\/{rel}","templated":true}]}}