{"id":31786,"date":"2017-05-16T14:13:37","date_gmt":"2017-05-16T14:13:37","guid":{"rendered":"http:\/\/copealcoi.es\/new\/?p=31786"},"modified":"2017-05-16T14:17:37","modified_gmt":"2017-05-16T14:17:37","slug":"agres-inicia-la-redaccion-de-su-plan-estrategico","status":"publish","type":"post","link":"https:\/\/www.copealcoy.es\/es\/agres-inicia-la-redaccion-de-su-plan-estrategico\/","title":{"rendered":"Agres inicia la redacci\u00f3n de su Plan Estrat\u00e9gico"},"content":{"rendered":"<p style=\"text-align: justify;\">El Ayuntamiento de Agres <strong>ha iniciado el proceso participativo para definir el\u00a0Plan Estrat\u00e9gico<\/strong>\u00a0de la localidad con el que se pretende que los vecinos <strong>marquen las pautas del futuro de\u00a0la poblaci\u00f3n<\/strong> a corto, medio y largo plazo.<\/p>\n<p style=\"text-align: justify;\">El alcalde de esta localidad del Comtat, <strong>Josep Manel Franc\u00e9s<\/strong>, explicaba en el Informativo Comarcal de COPE ALCOY que durante las pr\u00f3ximas semanas <strong>se van a llevar a cabo asambleas sectoriales<\/strong> en las que participar\u00e1n las asociaciones locales as\u00ed como el pueblo en general &#8220;<em>para explicarles en qu\u00e9 consistir\u00e1 este proyecto, c\u00f3mo se llevar\u00e1 a cabo y qu\u00e9 herramientas ser\u00e1n necesarias para fomentar su implicaci\u00f3n<\/em>&#8220;, detalla. Tambi\u00e9n el primer edil informa que tras el verano se formar\u00e1 <strong>un grupo de trabajo que abordar\u00e1 la redacci\u00f3n del citado Plan Estrat\u00e9gico<\/strong> &#8220;<em>a partir de septiembre comenzar\u00e1n a plantearse las propuestas de mejora de Agres de cara al futuro y se analizar\u00e1n con todo detalle siempre con la participaci\u00f3n de nuestros vecinos<\/em>&#8220;, matiza Franc\u00e9s.<\/p>\n<p style=\"text-align: justify;\">La realizaci\u00f3n del Plan Estrat\u00e9gico de Agres<strong> fue aprobada meses atr\u00e1s por unanimidad de la Corporaci\u00f3n Municipal<\/strong> y se espera que el documento pueda estar finalizado antes de que acabe el a\u00f1o.<\/p>\n<p><strong>\u00a0<\/strong><\/p>\n","protected":false},"excerpt":{"rendered":"<p>El Ayuntamiento de Agres ha iniciado el proceso participativo para definir el\u00a0Plan Estrat\u00e9gico\u00a0de la localidad con el que se pretende&#8230;<\/p>\n","protected":false},"author":1,"featured_media":12501,"comment_status":"open","ping_status":"open","sticky":false,"template":"","format":"standard","meta":{"footnotes":""},"categories":[98,75],"tags":[293,237,3744,1673],"class_list":["post-31786","post","type-post","status-publish","format-standard","has-post-thumbnail","hentry","category-comarcas","category-noticias","tag-agres","tag-comtat","tag-josep-manel-frances","tag-plan-estrategico"],"yoast_head":"<!-- This site is optimized with the Yoast SEO plugin v27.3 - https:\/\/yoast.com\/product\/yoast-seo-wordpress\/ -->\n<title>Agres inicia la redacci\u00f3n de su Plan Estrat\u00e9gico - COPE Alcoy<\/title>\n<meta name=\"robots\" content=\"index, follow, max-snippet:-1, max-image-preview:large, max-video-preview:-1\" \/>\n<link rel=\"canonical\" href=\"https:\/\/www.copealcoy.es\/es\/agres-inicia-la-redaccion-de-su-plan-estrategico\/\" \/>\n<meta property=\"og:locale\" content=\"es_ES\" \/>\n<meta property=\"og:type\" content=\"article\" \/>\n<meta property=\"og:title\" content=\"Agres inicia la redacci\u00f3n de su Plan Estrat\u00e9gico - COPE Alcoy\" \/>\n<meta property=\"og:description\" content=\"El Ayuntamiento de Agres ha iniciado el proceso participativo para definir el\u00a0Plan Estrat\u00e9gico\u00a0de la localidad con el que se pretende...\" \/>\n<meta property=\"og:url\" content=\"https:\/\/www.copealcoy.es\/es\/agres-inicia-la-redaccion-de-su-plan-estrategico\/\" \/>\n<meta property=\"og:site_name\" content=\"COPE Alcoy\" \/>\n<meta property=\"article:published_time\" content=\"2017-05-16T14:13:37+00:00\" \/>\n<meta property=\"article:modified_time\" content=\"2017-05-16T14:17:37+00:00\" \/>\n<meta property=\"og:image\" content=\"https:\/\/www.copealcoy.es\/wp-content\/uploads\/2015\/04\/VistaAgres1.jpg\" \/>\n\t<meta property=\"og:image:width\" content=\"600\" \/>\n\t<meta property=\"og:image:height\" content=\"400\" \/>\n\t<meta property=\"og:image:type\" content=\"image\/jpeg\" \/>\n<meta name=\"author\" content=\"Cope Alcoy\" \/>\n<meta name=\"twitter:label1\" content=\"Escrito por\" \/>\n\t<meta name=\"twitter:data1\" content=\"Cope Alcoy\" \/>\n\t<meta name=\"twitter:label2\" content=\"Tiempo de lectura\" \/>\n\t<meta name=\"twitter:data2\" content=\"1 minuto\" \/>\n<script type=\"application\/ld+json\" class=\"yoast-schema-graph\">{\"@context\":\"https:\\\/\\\/schema.org\",\"@graph\":[{\"@type\":\"Article\",\"@id\":\"https:\\\/\\\/www.copealcoy.es\\\/es\\\/agres-inicia-la-redaccion-de-su-plan-estrategico\\\/#article\",\"isPartOf\":{\"@id\":\"https:\\\/\\\/www.copealcoy.es\\\/es\\\/agres-inicia-la-redaccion-de-su-plan-estrategico\\\/\"},\"author\":{\"name\":\"Cope Alcoy\",\"@id\":\"https:\\\/\\\/www.copealcoy.es\\\/es\\\/#\\\/schema\\\/person\\\/e777c87fa024e57d40170af9df39882c\"},\"headline\":\"Agres inicia la redacci\u00f3n de su Plan Estrat\u00e9gico\",\"datePublished\":\"2017-05-16T14:13:37+00:00\",\"dateModified\":\"2017-05-16T14:17:37+00:00\",\"mainEntityOfPage\":{\"@id\":\"https:\\\/\\\/www.copealcoy.es\\\/es\\\/agres-inicia-la-redaccion-de-su-plan-estrategico\\\/\"},\"wordCount\":222,\"commentCount\":0,\"image\":{\"@id\":\"https:\\\/\\\/www.copealcoy.es\\\/es\\\/agres-inicia-la-redaccion-de-su-plan-estrategico\\\/#primaryimage\"},\"thumbnailUrl\":\"https:\\\/\\\/www.copealcoy.es\\\/wp-content\\\/uploads\\\/2015\\\/04\\\/VistaAgres1.jpg\",\"keywords\":[\"Agres\",\"Comtat\",\"Josep Manel Franc\u00e9s\",\"Plan Estrat\u00e9gico\"],\"articleSection\":[\"Comarcas\",\"Noticias\"],\"inLanguage\":\"es\"},{\"@type\":\"WebPage\",\"@id\":\"https:\\\/\\\/www.copealcoy.es\\\/es\\\/agres-inicia-la-redaccion-de-su-plan-estrategico\\\/\",\"url\":\"https:\\\/\\\/www.copealcoy.es\\\/es\\\/agres-inicia-la-redaccion-de-su-plan-estrategico\\\/\",\"name\":\"Agres inicia la redacci\u00f3n de su Plan Estrat\u00e9gico - COPE Alcoy\",\"isPartOf\":{\"@id\":\"https:\\\/\\\/www.copealcoy.es\\\/es\\\/#website\"},\"primaryImageOfPage\":{\"@id\":\"https:\\\/\\\/www.copealcoy.es\\\/es\\\/agres-inicia-la-redaccion-de-su-plan-estrategico\\\/#primaryimage\"},\"image\":{\"@id\":\"https:\\\/\\\/www.copealcoy.es\\\/es\\\/agres-inicia-la-redaccion-de-su-plan-estrategico\\\/#primaryimage\"},\"thumbnailUrl\":\"https:\\\/\\\/www.copealcoy.es\\\/wp-content\\\/uploads\\\/2015\\\/04\\\/VistaAgres1.jpg\",\"datePublished\":\"2017-05-16T14:13:37+00:00\",\"dateModified\":\"2017-05-16T14:17:37+00:00\",\"author\":{\"@id\":\"https:\\\/\\\/www.copealcoy.es\\\/es\\\/#\\\/schema\\\/person\\\/e777c87fa024e57d40170af9df39882c\"},\"breadcrumb\":{\"@id\":\"https:\\\/\\\/www.copealcoy.es\\\/es\\\/agres-inicia-la-redaccion-de-su-plan-estrategico\\\/#breadcrumb\"},\"inLanguage\":\"es\",\"potentialAction\":[{\"@type\":\"ReadAction\",\"target\":[\"https:\\\/\\\/www.copealcoy.es\\\/es\\\/agres-inicia-la-redaccion-de-su-plan-estrategico\\\/\"]}]},{\"@type\":\"ImageObject\",\"inLanguage\":\"es\",\"@id\":\"https:\\\/\\\/www.copealcoy.es\\\/es\\\/agres-inicia-la-redaccion-de-su-plan-estrategico\\\/#primaryimage\",\"url\":\"https:\\\/\\\/www.copealcoy.es\\\/wp-content\\\/uploads\\\/2015\\\/04\\\/VistaAgres1.jpg\",\"contentUrl\":\"https:\\\/\\\/www.copealcoy.es\\\/wp-content\\\/uploads\\\/2015\\\/04\\\/VistaAgres1.jpg\",\"width\":600,\"height\":400},{\"@type\":\"BreadcrumbList\",\"@id\":\"https:\\\/\\\/www.copealcoy.es\\\/es\\\/agres-inicia-la-redaccion-de-su-plan-estrategico\\\/#breadcrumb\",\"itemListElement\":[{\"@type\":\"ListItem\",\"position\":1,\"name\":\"Portada\",\"item\":\"https:\\\/\\\/www.copealcoy.es\\\/es\\\/\"},{\"@type\":\"ListItem\",\"position\":2,\"name\":\"Agres inicia la redacci\u00f3n de su Plan Estrat\u00e9gico\"}]},{\"@type\":\"WebSite\",\"@id\":\"https:\\\/\\\/www.copealcoy.es\\\/es\\\/#website\",\"url\":\"https:\\\/\\\/www.copealcoy.es\\\/es\\\/\",\"name\":\"COPE Alcoy\",\"description\":\"Emisora COPE de radio local con emisi\u00f3n online. Pont de Sant Jordi 8-10 03803 Alcoy\",\"potentialAction\":[{\"@type\":\"SearchAction\",\"target\":{\"@type\":\"EntryPoint\",\"urlTemplate\":\"https:\\\/\\\/www.copealcoy.es\\\/es\\\/?s={search_term_string}\"},\"query-input\":{\"@type\":\"PropertyValueSpecification\",\"valueRequired\":true,\"valueName\":\"search_term_string\"}}],\"inLanguage\":\"es\"},{\"@type\":\"Person\",\"@id\":\"https:\\\/\\\/www.copealcoy.es\\\/es\\\/#\\\/schema\\\/person\\\/e777c87fa024e57d40170af9df39882c\",\"name\":\"Cope Alcoy\",\"image\":{\"@type\":\"ImageObject\",\"inLanguage\":\"es\",\"@id\":\"https:\\\/\\\/secure.gravatar.com\\\/avatar\\\/bb65d0283347e303893ba14f0692005417c1e0e690a325a4c5d8bb2b3943ee14?s=96&d=mm&r=g\",\"url\":\"https:\\\/\\\/secure.gravatar.com\\\/avatar\\\/bb65d0283347e303893ba14f0692005417c1e0e690a325a4c5d8bb2b3943ee14?s=96&d=mm&r=g\",\"contentUrl\":\"https:\\\/\\\/secure.gravatar.com\\\/avatar\\\/bb65d0283347e303893ba14f0692005417c1e0e690a325a4c5d8bb2b3943ee14?s=96&d=mm&r=g\",\"caption\":\"Cope Alcoy\"}}]}<\/script>\n<!-- \/ Yoast SEO plugin. -->","yoast_head_json":{"title":"Agres inicia la redacci\u00f3n de su Plan Estrat\u00e9gico - COPE Alcoy","robots":{"index":"index","follow":"follow","max-snippet":"max-snippet:-1","max-image-preview":"max-image-preview:large","max-video-preview":"max-video-preview:-1"},"canonical":"https:\/\/www.copealcoy.es\/es\/agres-inicia-la-redaccion-de-su-plan-estrategico\/","og_locale":"es_ES","og_type":"article","og_title":"Agres inicia la redacci\u00f3n de su Plan Estrat\u00e9gico - COPE Alcoy","og_description":"El Ayuntamiento de Agres ha iniciado el proceso participativo para definir el\u00a0Plan Estrat\u00e9gico\u00a0de la localidad con el que se pretende...","og_url":"https:\/\/www.copealcoy.es\/es\/agres-inicia-la-redaccion-de-su-plan-estrategico\/","og_site_name":"COPE Alcoy","article_published_time":"2017-05-16T14:13:37+00:00","article_modified_time":"2017-05-16T14:17:37+00:00","og_image":[{"width":600,"height":400,"url":"https:\/\/www.copealcoy.es\/wp-content\/uploads\/2015\/04\/VistaAgres1.jpg","type":"image\/jpeg"}],"author":"Cope Alcoy","twitter_misc":{"Escrito por":"Cope Alcoy","Tiempo de lectura":"1 minuto"},"schema":{"@context":"https:\/\/schema.org","@graph":[{"@type":"Article","@id":"https:\/\/www.copealcoy.es\/es\/agres-inicia-la-redaccion-de-su-plan-estrategico\/#article","isPartOf":{"@id":"https:\/\/www.copealcoy.es\/es\/agres-inicia-la-redaccion-de-su-plan-estrategico\/"},"author":{"name":"Cope Alcoy","@id":"https:\/\/www.copealcoy.es\/es\/#\/schema\/person\/e777c87fa024e57d40170af9df39882c"},"headline":"Agres inicia la redacci\u00f3n de su Plan Estrat\u00e9gico","datePublished":"2017-05-16T14:13:37+00:00","dateModified":"2017-05-16T14:17:37+00:00","mainEntityOfPage":{"@id":"https:\/\/www.copealcoy.es\/es\/agres-inicia-la-redaccion-de-su-plan-estrategico\/"},"wordCount":222,"commentCount":0,"image":{"@id":"https:\/\/www.copealcoy.es\/es\/agres-inicia-la-redaccion-de-su-plan-estrategico\/#primaryimage"},"thumbnailUrl":"https:\/\/www.copealcoy.es\/wp-content\/uploads\/2015\/04\/VistaAgres1.jpg","keywords":["Agres","Comtat","Josep Manel Franc\u00e9s","Plan Estrat\u00e9gico"],"articleSection":["Comarcas","Noticias"],"inLanguage":"es"},{"@type":"WebPage","@id":"https:\/\/www.copealcoy.es\/es\/agres-inicia-la-redaccion-de-su-plan-estrategico\/","url":"https:\/\/www.copealcoy.es\/es\/agres-inicia-la-redaccion-de-su-plan-estrategico\/","name":"Agres inicia la redacci\u00f3n de su Plan Estrat\u00e9gico - COPE Alcoy","isPartOf":{"@id":"https:\/\/www.copealcoy.es\/es\/#website"},"primaryImageOfPage":{"@id":"https:\/\/www.copealcoy.es\/es\/agres-inicia-la-redaccion-de-su-plan-estrategico\/#primaryimage"},"image":{"@id":"https:\/\/www.copealcoy.es\/es\/agres-inicia-la-redaccion-de-su-plan-estrategico\/#primaryimage"},"thumbnailUrl":"https:\/\/www.copealcoy.es\/wp-content\/uploads\/2015\/04\/VistaAgres1.jpg","datePublished":"2017-05-16T14:13:37+00:00","dateModified":"2017-05-16T14:17:37+00:00","author":{"@id":"https:\/\/www.copealcoy.es\/es\/#\/schema\/person\/e777c87fa024e57d40170af9df39882c"},"breadcrumb":{"@id":"https:\/\/www.copealcoy.es\/es\/agres-inicia-la-redaccion-de-su-plan-estrategico\/#breadcrumb"},"inLanguage":"es","potentialAction":[{"@type":"ReadAction","target":["https:\/\/www.copealcoy.es\/es\/agres-inicia-la-redaccion-de-su-plan-estrategico\/"]}]},{"@type":"ImageObject","inLanguage":"es","@id":"https:\/\/www.copealcoy.es\/es\/agres-inicia-la-redaccion-de-su-plan-estrategico\/#primaryimage","url":"https:\/\/www.copealcoy.es\/wp-content\/uploads\/2015\/04\/VistaAgres1.jpg","contentUrl":"https:\/\/www.copealcoy.es\/wp-content\/uploads\/2015\/04\/VistaAgres1.jpg","width":600,"height":400},{"@type":"BreadcrumbList","@id":"https:\/\/www.copealcoy.es\/es\/agres-inicia-la-redaccion-de-su-plan-estrategico\/#breadcrumb","itemListElement":[{"@type":"ListItem","position":1,"name":"Portada","item":"https:\/\/www.copealcoy.es\/es\/"},{"@type":"ListItem","position":2,"name":"Agres inicia la redacci\u00f3n de su Plan Estrat\u00e9gico"}]},{"@type":"WebSite","@id":"https:\/\/www.copealcoy.es\/es\/#website","url":"https:\/\/www.copealcoy.es\/es\/","name":"COPE Alcoy","description":"Emisora COPE de radio local con emisi\u00f3n online. Pont de Sant Jordi 8-10 03803 Alcoy","potentialAction":[{"@type":"SearchAction","target":{"@type":"EntryPoint","urlTemplate":"https:\/\/www.copealcoy.es\/es\/?s={search_term_string}"},"query-input":{"@type":"PropertyValueSpecification","valueRequired":true,"valueName":"search_term_string"}}],"inLanguage":"es"},{"@type":"Person","@id":"https:\/\/www.copealcoy.es\/es\/#\/schema\/person\/e777c87fa024e57d40170af9df39882c","name":"Cope Alcoy","image":{"@type":"ImageObject","inLanguage":"es","@id":"https:\/\/secure.gravatar.com\/avatar\/bb65d0283347e303893ba14f0692005417c1e0e690a325a4c5d8bb2b3943ee14?s=96&d=mm&r=g","url":"https:\/\/secure.gravatar.com\/avatar\/bb65d0283347e303893ba14f0692005417c1e0e690a325a4c5d8bb2b3943ee14?s=96&d=mm&r=g","contentUrl":"https:\/\/secure.gravatar.com\/avatar\/bb65d0283347e303893ba14f0692005417c1e0e690a325a4c5d8bb2b3943ee14?s=96&d=mm&r=g","caption":"Cope Alcoy"}}]}},"_links":{"self":[{"href":"https:\/\/www.copealcoy.es\/es\/wp-json\/wp\/v2\/posts\/31786","targetHints":{"allow":["GET"]}}],"collection":[{"href":"https:\/\/www.copealcoy.es\/es\/wp-json\/wp\/v2\/posts"}],"about":[{"href":"https:\/\/www.copealcoy.es\/es\/wp-json\/wp\/v2\/types\/post"}],"author":[{"embeddable":true,"href":"https:\/\/www.copealcoy.es\/es\/wp-json\/wp\/v2\/users\/1"}],"replies":[{"embeddable":true,"href":"https:\/\/www.copealcoy.es\/es\/wp-json\/wp\/v2\/comments?post=31786"}],"version-history":[{"count":0,"href":"https:\/\/www.copealcoy.es\/es\/wp-json\/wp\/v2\/posts\/31786\/revisions"}],"wp:featuredmedia":[{"embeddable":true,"href":"https:\/\/www.copealcoy.es\/es\/wp-json\/wp\/v2\/media\/12501"}],"wp:attachment":[{"href":"https:\/\/www.copealcoy.es\/es\/wp-json\/wp\/v2\/media?parent=31786"}],"wp:term":[{"taxonomy":"category","embeddable":true,"href":"https:\/\/www.copealcoy.es\/es\/wp-json\/wp\/v2\/categories?post=31786"},{"taxonomy":"post_tag","embeddable":true,"href":"https:\/\/www.copealcoy.es\/es\/wp-json\/wp\/v2\/tags?post=31786"}],"curies":[{"name":"wp","href":"https:\/\/api.w.org\/{rel}","templated":true}]}}