{"id":31771,"date":"2017-05-15T16:24:29","date_gmt":"2017-05-15T16:24:29","guid":{"rendered":"http:\/\/copealcoi.es\/new\/?p=31771"},"modified":"2017-05-16T14:36:04","modified_gmt":"2017-05-16T14:36:04","slug":"una-comision-definira-como-alcoy-recupera-la-inversion-de-los-juzgados","status":"publish","type":"post","link":"https:\/\/www.copealcoy.es\/es\/una-comision-definira-como-alcoy-recupera-la-inversion-de-los-juzgados\/","title":{"rendered":"Una comisi\u00f3n definir\u00e1 c\u00f3mo Alcoy recupera la inversi\u00f3n de los juzgados"},"content":{"rendered":"<p style=\"text-align: justify;\">La Consellera de Justicia, <strong>Gabriela Bravo<\/strong>, ha visitado este lunes las instalaciones del <strong>nuevo Palacio de Justicia de Alcoy<\/strong>, ubicado en la zona de la Verge Mar\u00eda, y \u00a0que <strong>empez\u00f3 a funcionar a pleno rendimiento<\/strong> a mediados del pasado mes de marzo<\/p>\n<p style=\"text-align: justify;\">Bravo ha destacado que este proyecto es por fin una realidad <strong>tras m\u00e1s de 14 a\u00f1os de espera<\/strong> y ha indicado que todav\u00eda <strong>quedan algunas peque\u00f1as actuaciones a realizar<\/strong> para solventar algunas deficiencias que se van detectando a medida que se incrementa el uso de las nuevas instalaciones judiciales &#8220;<em>con este nuevo Palacio de Justicia\u00a0se ha solucionado un problema enquistado desde hace 14 a\u00f1os<\/em>&#8220;, remarc\u00f3 la Consellera. De igual modo ha afirmado que que Alcoy y en su extensi\u00f3n el conjunto de la comarca <strong>cuentan ya con un Palacio de Justicia digno<\/strong>\u00a0&#8220;<em>quiero agradecer personalmente la paciencia que han tenido los ciudadanos de Alcoi y el esfuerzo realizado por el personal de la Administraci\u00f3n de Justicia que, durante a\u00f1os, ha tenido que trabajar en unas condiciones lamentables que, afortunadamente, hoy son solo un mal recuerdo<\/em>&#8220;, asever\u00f3<\/p>\n<p style=\"text-align: justify;\"><strong>Una comisi\u00f3n determinar\u00e1 la f\u00f3rmula para recuperar la inversi\u00f3n\u00a0<\/strong><\/p>\n<p style=\"text-align: justify;\">La Consellera de Justicia tambi\u00e9n ha hablado en su visita de hoy a los nuevos juzgados de Alcoy\u00a0del <strong>convenio entre la Conseller\u00eda y el Ayuntamiento<\/strong> para definir la f\u00f3rmula que <strong>permita al Consistorio\u00a0recuperar la inversi\u00f3n de m\u00e1s de 3 millones de euros<\/strong> que hizo en su d\u00eda para adecuar este inmueble. Sobre ello <strong>Gabriela Bravo ha avanzado que se crear\u00e1 una comisi\u00f3n mixta entre Ayuntamiento y Conseller\u00eda<\/strong> &#8220;<em>que permita alcanzar una soluci\u00f3n satisfactoria para ambas partes y si es posible antes de que acabe esta legislatura<\/em>&#8220;, concluy\u00f3.<\/p>\n<p style=\"text-align: justify;\">Recordar que el <strong>acuerdo alcanzado el pasado verano entre ambas administraciones<\/strong> contempla que la conselleria de Justicia adecentara las instalaciones de la Verge Mar\u00eda para trasladar all\u00ed los Juzgados desde el inmueble de Al-Azraq a cambio de ocupar gratuitamente el edificio durante un a\u00f1o. Despu\u00e9s de esto, y mientras se alcanza la soluci\u00f3n definitiva,\u00a0<strong>la Generalitat pagar\u00e1 en concepto de alquiler 32.000 euros anuales<\/strong> durante los tres a\u00f1os siguientes.<\/p>\n<p>&nbsp;<\/p>\n","protected":false},"excerpt":{"rendered":"<p>La Consellera de Justicia, Gabriela Bravo, ha visitado este lunes las instalaciones del nuevo Palacio de Justicia de Alcoy, ubicado&#8230;<\/p>\n","protected":false},"author":1,"featured_media":31772,"comment_status":"open","ping_status":"open","sticky":false,"template":"","format":"standard","meta":{"footnotes":""},"categories":[97,75,79,125],"tags":[1494,1793,229,1885,245,959],"class_list":["post-31771","post","type-post","status-publish","format-standard","has-post-thumbnail","hentry","category-alcoy","category-noticias","category-politicayeconomia","category-portada","tag-alcoy","tag-antonio-frances","tag-ayuntamiento","tag-gabriela-bravo","tag-juzgados","tag-palacio-de-justicia"],"yoast_head":"<!-- This site is optimized with the Yoast SEO plugin v27.3 - https:\/\/yoast.com\/product\/yoast-seo-wordpress\/ -->\n<title>Una comisi\u00f3n definir\u00e1 c\u00f3mo Alcoy recupera la inversi\u00f3n de los juzgados - COPE Alcoy<\/title>\n<meta name=\"robots\" content=\"index, follow, max-snippet:-1, max-image-preview:large, max-video-preview:-1\" \/>\n<link rel=\"canonical\" href=\"https:\/\/www.copealcoy.es\/es\/una-comision-definira-como-alcoy-recupera-la-inversion-de-los-juzgados\/\" \/>\n<meta property=\"og:locale\" content=\"es_ES\" \/>\n<meta property=\"og:type\" content=\"article\" \/>\n<meta property=\"og:title\" content=\"Una comisi\u00f3n definir\u00e1 c\u00f3mo Alcoy recupera la inversi\u00f3n de los juzgados - COPE Alcoy\" \/>\n<meta property=\"og:description\" content=\"La Consellera de Justicia, Gabriela Bravo, ha visitado este lunes las instalaciones del nuevo Palacio de Justicia de Alcoy, ubicado...\" \/>\n<meta property=\"og:url\" content=\"https:\/\/www.copealcoy.es\/es\/una-comision-definira-como-alcoy-recupera-la-inversion-de-los-juzgados\/\" \/>\n<meta property=\"og:site_name\" content=\"COPE Alcoy\" \/>\n<meta property=\"article:published_time\" content=\"2017-05-15T16:24:29+00:00\" \/>\n<meta property=\"article:modified_time\" content=\"2017-05-16T14:36:04+00:00\" \/>\n<meta property=\"og:image\" content=\"https:\/\/www.copealcoy.es\/wp-content\/uploads\/2017\/05\/C_3g-6jWAAUa3rN.jpg\" \/>\n\t<meta property=\"og:image:width\" content=\"1200\" \/>\n\t<meta property=\"og:image:height\" content=\"675\" \/>\n\t<meta property=\"og:image:type\" content=\"image\/jpeg\" \/>\n<meta name=\"author\" content=\"Cope Alcoy\" \/>\n<meta name=\"twitter:label1\" content=\"Escrito por\" \/>\n\t<meta name=\"twitter:data1\" content=\"Cope Alcoy\" \/>\n\t<meta name=\"twitter:label2\" content=\"Tiempo de lectura\" \/>\n\t<meta name=\"twitter:data2\" content=\"2 minutos\" \/>\n<script type=\"application\/ld+json\" class=\"yoast-schema-graph\">{\"@context\":\"https:\\\/\\\/schema.org\",\"@graph\":[{\"@type\":\"Article\",\"@id\":\"https:\\\/\\\/www.copealcoy.es\\\/es\\\/una-comision-definira-como-alcoy-recupera-la-inversion-de-los-juzgados\\\/#article\",\"isPartOf\":{\"@id\":\"https:\\\/\\\/www.copealcoy.es\\\/es\\\/una-comision-definira-como-alcoy-recupera-la-inversion-de-los-juzgados\\\/\"},\"author\":{\"name\":\"Cope Alcoy\",\"@id\":\"https:\\\/\\\/www.copealcoy.es\\\/es\\\/#\\\/schema\\\/person\\\/e777c87fa024e57d40170af9df39882c\"},\"headline\":\"Una comisi\u00f3n definir\u00e1 c\u00f3mo Alcoy recupera la inversi\u00f3n de los juzgados\",\"datePublished\":\"2017-05-15T16:24:29+00:00\",\"dateModified\":\"2017-05-16T14:36:04+00:00\",\"mainEntityOfPage\":{\"@id\":\"https:\\\/\\\/www.copealcoy.es\\\/es\\\/una-comision-definira-como-alcoy-recupera-la-inversion-de-los-juzgados\\\/\"},\"wordCount\":383,\"commentCount\":0,\"image\":{\"@id\":\"https:\\\/\\\/www.copealcoy.es\\\/es\\\/una-comision-definira-como-alcoy-recupera-la-inversion-de-los-juzgados\\\/#primaryimage\"},\"thumbnailUrl\":\"https:\\\/\\\/www.copealcoy.es\\\/wp-content\\\/uploads\\\/2017\\\/05\\\/C_3g-6jWAAUa3rN.jpg\",\"keywords\":[\"Alcoy\",\"Antonio Franc\u00e9s\",\"Ayuntamiento\",\"Gabriela Bravo\",\"Juzgados\",\"Palacio de Justicia\"],\"articleSection\":[\"Alcoy\",\"Noticias\",\"Pol\u00edtica y Econom\u00eda\",\"Portada\"],\"inLanguage\":\"es\"},{\"@type\":\"WebPage\",\"@id\":\"https:\\\/\\\/www.copealcoy.es\\\/es\\\/una-comision-definira-como-alcoy-recupera-la-inversion-de-los-juzgados\\\/\",\"url\":\"https:\\\/\\\/www.copealcoy.es\\\/es\\\/una-comision-definira-como-alcoy-recupera-la-inversion-de-los-juzgados\\\/\",\"name\":\"Una comisi\u00f3n definir\u00e1 c\u00f3mo Alcoy recupera la inversi\u00f3n de los juzgados - COPE Alcoy\",\"isPartOf\":{\"@id\":\"https:\\\/\\\/www.copealcoy.es\\\/es\\\/#website\"},\"primaryImageOfPage\":{\"@id\":\"https:\\\/\\\/www.copealcoy.es\\\/es\\\/una-comision-definira-como-alcoy-recupera-la-inversion-de-los-juzgados\\\/#primaryimage\"},\"image\":{\"@id\":\"https:\\\/\\\/www.copealcoy.es\\\/es\\\/una-comision-definira-como-alcoy-recupera-la-inversion-de-los-juzgados\\\/#primaryimage\"},\"thumbnailUrl\":\"https:\\\/\\\/www.copealcoy.es\\\/wp-content\\\/uploads\\\/2017\\\/05\\\/C_3g-6jWAAUa3rN.jpg\",\"datePublished\":\"2017-05-15T16:24:29+00:00\",\"dateModified\":\"2017-05-16T14:36:04+00:00\",\"author\":{\"@id\":\"https:\\\/\\\/www.copealcoy.es\\\/es\\\/#\\\/schema\\\/person\\\/e777c87fa024e57d40170af9df39882c\"},\"breadcrumb\":{\"@id\":\"https:\\\/\\\/www.copealcoy.es\\\/es\\\/una-comision-definira-como-alcoy-recupera-la-inversion-de-los-juzgados\\\/#breadcrumb\"},\"inLanguage\":\"es\",\"potentialAction\":[{\"@type\":\"ReadAction\",\"target\":[\"https:\\\/\\\/www.copealcoy.es\\\/es\\\/una-comision-definira-como-alcoy-recupera-la-inversion-de-los-juzgados\\\/\"]}]},{\"@type\":\"ImageObject\",\"inLanguage\":\"es\",\"@id\":\"https:\\\/\\\/www.copealcoy.es\\\/es\\\/una-comision-definira-como-alcoy-recupera-la-inversion-de-los-juzgados\\\/#primaryimage\",\"url\":\"https:\\\/\\\/www.copealcoy.es\\\/wp-content\\\/uploads\\\/2017\\\/05\\\/C_3g-6jWAAUa3rN.jpg\",\"contentUrl\":\"https:\\\/\\\/www.copealcoy.es\\\/wp-content\\\/uploads\\\/2017\\\/05\\\/C_3g-6jWAAUa3rN.jpg\",\"width\":1200,\"height\":675,\"caption\":\"Gabriela Bravo ha visitado este lunes los nuevos juzgados \\\/ Foto: GVA Justicia\"},{\"@type\":\"BreadcrumbList\",\"@id\":\"https:\\\/\\\/www.copealcoy.es\\\/es\\\/una-comision-definira-como-alcoy-recupera-la-inversion-de-los-juzgados\\\/#breadcrumb\",\"itemListElement\":[{\"@type\":\"ListItem\",\"position\":1,\"name\":\"Portada\",\"item\":\"https:\\\/\\\/www.copealcoy.es\\\/es\\\/\"},{\"@type\":\"ListItem\",\"position\":2,\"name\":\"Una comisi\u00f3n definir\u00e1 c\u00f3mo Alcoy recupera la inversi\u00f3n de los juzgados\"}]},{\"@type\":\"WebSite\",\"@id\":\"https:\\\/\\\/www.copealcoy.es\\\/es\\\/#website\",\"url\":\"https:\\\/\\\/www.copealcoy.es\\\/es\\\/\",\"name\":\"COPE Alcoy\",\"description\":\"Emisora COPE de radio local con emisi\u00f3n online. Pont de Sant Jordi 8-10 03803 Alcoy\",\"potentialAction\":[{\"@type\":\"SearchAction\",\"target\":{\"@type\":\"EntryPoint\",\"urlTemplate\":\"https:\\\/\\\/www.copealcoy.es\\\/es\\\/?s={search_term_string}\"},\"query-input\":{\"@type\":\"PropertyValueSpecification\",\"valueRequired\":true,\"valueName\":\"search_term_string\"}}],\"inLanguage\":\"es\"},{\"@type\":\"Person\",\"@id\":\"https:\\\/\\\/www.copealcoy.es\\\/es\\\/#\\\/schema\\\/person\\\/e777c87fa024e57d40170af9df39882c\",\"name\":\"Cope Alcoy\",\"image\":{\"@type\":\"ImageObject\",\"inLanguage\":\"es\",\"@id\":\"https:\\\/\\\/secure.gravatar.com\\\/avatar\\\/bb65d0283347e303893ba14f0692005417c1e0e690a325a4c5d8bb2b3943ee14?s=96&d=mm&r=g\",\"url\":\"https:\\\/\\\/secure.gravatar.com\\\/avatar\\\/bb65d0283347e303893ba14f0692005417c1e0e690a325a4c5d8bb2b3943ee14?s=96&d=mm&r=g\",\"contentUrl\":\"https:\\\/\\\/secure.gravatar.com\\\/avatar\\\/bb65d0283347e303893ba14f0692005417c1e0e690a325a4c5d8bb2b3943ee14?s=96&d=mm&r=g\",\"caption\":\"Cope Alcoy\"}}]}<\/script>\n<!-- \/ Yoast SEO plugin. -->","yoast_head_json":{"title":"Una comisi\u00f3n definir\u00e1 c\u00f3mo Alcoy recupera la inversi\u00f3n de los juzgados - COPE Alcoy","robots":{"index":"index","follow":"follow","max-snippet":"max-snippet:-1","max-image-preview":"max-image-preview:large","max-video-preview":"max-video-preview:-1"},"canonical":"https:\/\/www.copealcoy.es\/es\/una-comision-definira-como-alcoy-recupera-la-inversion-de-los-juzgados\/","og_locale":"es_ES","og_type":"article","og_title":"Una comisi\u00f3n definir\u00e1 c\u00f3mo Alcoy recupera la inversi\u00f3n de los juzgados - COPE Alcoy","og_description":"La Consellera de Justicia, Gabriela Bravo, ha visitado este lunes las instalaciones del nuevo Palacio de Justicia de Alcoy, ubicado...","og_url":"https:\/\/www.copealcoy.es\/es\/una-comision-definira-como-alcoy-recupera-la-inversion-de-los-juzgados\/","og_site_name":"COPE Alcoy","article_published_time":"2017-05-15T16:24:29+00:00","article_modified_time":"2017-05-16T14:36:04+00:00","og_image":[{"width":1200,"height":675,"url":"https:\/\/www.copealcoy.es\/wp-content\/uploads\/2017\/05\/C_3g-6jWAAUa3rN.jpg","type":"image\/jpeg"}],"author":"Cope Alcoy","twitter_misc":{"Escrito por":"Cope Alcoy","Tiempo de lectura":"2 minutos"},"schema":{"@context":"https:\/\/schema.org","@graph":[{"@type":"Article","@id":"https:\/\/www.copealcoy.es\/es\/una-comision-definira-como-alcoy-recupera-la-inversion-de-los-juzgados\/#article","isPartOf":{"@id":"https:\/\/www.copealcoy.es\/es\/una-comision-definira-como-alcoy-recupera-la-inversion-de-los-juzgados\/"},"author":{"name":"Cope Alcoy","@id":"https:\/\/www.copealcoy.es\/es\/#\/schema\/person\/e777c87fa024e57d40170af9df39882c"},"headline":"Una comisi\u00f3n definir\u00e1 c\u00f3mo Alcoy recupera la inversi\u00f3n de los juzgados","datePublished":"2017-05-15T16:24:29+00:00","dateModified":"2017-05-16T14:36:04+00:00","mainEntityOfPage":{"@id":"https:\/\/www.copealcoy.es\/es\/una-comision-definira-como-alcoy-recupera-la-inversion-de-los-juzgados\/"},"wordCount":383,"commentCount":0,"image":{"@id":"https:\/\/www.copealcoy.es\/es\/una-comision-definira-como-alcoy-recupera-la-inversion-de-los-juzgados\/#primaryimage"},"thumbnailUrl":"https:\/\/www.copealcoy.es\/wp-content\/uploads\/2017\/05\/C_3g-6jWAAUa3rN.jpg","keywords":["Alcoy","Antonio Franc\u00e9s","Ayuntamiento","Gabriela Bravo","Juzgados","Palacio de Justicia"],"articleSection":["Alcoy","Noticias","Pol\u00edtica y Econom\u00eda","Portada"],"inLanguage":"es"},{"@type":"WebPage","@id":"https:\/\/www.copealcoy.es\/es\/una-comision-definira-como-alcoy-recupera-la-inversion-de-los-juzgados\/","url":"https:\/\/www.copealcoy.es\/es\/una-comision-definira-como-alcoy-recupera-la-inversion-de-los-juzgados\/","name":"Una comisi\u00f3n definir\u00e1 c\u00f3mo Alcoy recupera la inversi\u00f3n de los juzgados - COPE Alcoy","isPartOf":{"@id":"https:\/\/www.copealcoy.es\/es\/#website"},"primaryImageOfPage":{"@id":"https:\/\/www.copealcoy.es\/es\/una-comision-definira-como-alcoy-recupera-la-inversion-de-los-juzgados\/#primaryimage"},"image":{"@id":"https:\/\/www.copealcoy.es\/es\/una-comision-definira-como-alcoy-recupera-la-inversion-de-los-juzgados\/#primaryimage"},"thumbnailUrl":"https:\/\/www.copealcoy.es\/wp-content\/uploads\/2017\/05\/C_3g-6jWAAUa3rN.jpg","datePublished":"2017-05-15T16:24:29+00:00","dateModified":"2017-05-16T14:36:04+00:00","author":{"@id":"https:\/\/www.copealcoy.es\/es\/#\/schema\/person\/e777c87fa024e57d40170af9df39882c"},"breadcrumb":{"@id":"https:\/\/www.copealcoy.es\/es\/una-comision-definira-como-alcoy-recupera-la-inversion-de-los-juzgados\/#breadcrumb"},"inLanguage":"es","potentialAction":[{"@type":"ReadAction","target":["https:\/\/www.copealcoy.es\/es\/una-comision-definira-como-alcoy-recupera-la-inversion-de-los-juzgados\/"]}]},{"@type":"ImageObject","inLanguage":"es","@id":"https:\/\/www.copealcoy.es\/es\/una-comision-definira-como-alcoy-recupera-la-inversion-de-los-juzgados\/#primaryimage","url":"https:\/\/www.copealcoy.es\/wp-content\/uploads\/2017\/05\/C_3g-6jWAAUa3rN.jpg","contentUrl":"https:\/\/www.copealcoy.es\/wp-content\/uploads\/2017\/05\/C_3g-6jWAAUa3rN.jpg","width":1200,"height":675,"caption":"Gabriela Bravo ha visitado este lunes los nuevos juzgados \/ Foto: GVA Justicia"},{"@type":"BreadcrumbList","@id":"https:\/\/www.copealcoy.es\/es\/una-comision-definira-como-alcoy-recupera-la-inversion-de-los-juzgados\/#breadcrumb","itemListElement":[{"@type":"ListItem","position":1,"name":"Portada","item":"https:\/\/www.copealcoy.es\/es\/"},{"@type":"ListItem","position":2,"name":"Una comisi\u00f3n definir\u00e1 c\u00f3mo Alcoy recupera la inversi\u00f3n de los juzgados"}]},{"@type":"WebSite","@id":"https:\/\/www.copealcoy.es\/es\/#website","url":"https:\/\/www.copealcoy.es\/es\/","name":"COPE Alcoy","description":"Emisora COPE de radio local con emisi\u00f3n online. Pont de Sant Jordi 8-10 03803 Alcoy","potentialAction":[{"@type":"SearchAction","target":{"@type":"EntryPoint","urlTemplate":"https:\/\/www.copealcoy.es\/es\/?s={search_term_string}"},"query-input":{"@type":"PropertyValueSpecification","valueRequired":true,"valueName":"search_term_string"}}],"inLanguage":"es"},{"@type":"Person","@id":"https:\/\/www.copealcoy.es\/es\/#\/schema\/person\/e777c87fa024e57d40170af9df39882c","name":"Cope Alcoy","image":{"@type":"ImageObject","inLanguage":"es","@id":"https:\/\/secure.gravatar.com\/avatar\/bb65d0283347e303893ba14f0692005417c1e0e690a325a4c5d8bb2b3943ee14?s=96&d=mm&r=g","url":"https:\/\/secure.gravatar.com\/avatar\/bb65d0283347e303893ba14f0692005417c1e0e690a325a4c5d8bb2b3943ee14?s=96&d=mm&r=g","contentUrl":"https:\/\/secure.gravatar.com\/avatar\/bb65d0283347e303893ba14f0692005417c1e0e690a325a4c5d8bb2b3943ee14?s=96&d=mm&r=g","caption":"Cope Alcoy"}}]}},"_links":{"self":[{"href":"https:\/\/www.copealcoy.es\/es\/wp-json\/wp\/v2\/posts\/31771","targetHints":{"allow":["GET"]}}],"collection":[{"href":"https:\/\/www.copealcoy.es\/es\/wp-json\/wp\/v2\/posts"}],"about":[{"href":"https:\/\/www.copealcoy.es\/es\/wp-json\/wp\/v2\/types\/post"}],"author":[{"embeddable":true,"href":"https:\/\/www.copealcoy.es\/es\/wp-json\/wp\/v2\/users\/1"}],"replies":[{"embeddable":true,"href":"https:\/\/www.copealcoy.es\/es\/wp-json\/wp\/v2\/comments?post=31771"}],"version-history":[{"count":0,"href":"https:\/\/www.copealcoy.es\/es\/wp-json\/wp\/v2\/posts\/31771\/revisions"}],"wp:featuredmedia":[{"embeddable":true,"href":"https:\/\/www.copealcoy.es\/es\/wp-json\/wp\/v2\/media\/31772"}],"wp:attachment":[{"href":"https:\/\/www.copealcoy.es\/es\/wp-json\/wp\/v2\/media?parent=31771"}],"wp:term":[{"taxonomy":"category","embeddable":true,"href":"https:\/\/www.copealcoy.es\/es\/wp-json\/wp\/v2\/categories?post=31771"},{"taxonomy":"post_tag","embeddable":true,"href":"https:\/\/www.copealcoy.es\/es\/wp-json\/wp\/v2\/tags?post=31771"}],"curies":[{"name":"wp","href":"https:\/\/api.w.org\/{rel}","templated":true}]}}