{"id":31757,"date":"2017-05-15T15:39:28","date_gmt":"2017-05-15T15:39:28","guid":{"rendered":"http:\/\/copealcoi.es\/new\/?p=31757"},"modified":"2017-05-15T15:45:43","modified_gmt":"2017-05-15T15:45:43","slug":"humor-y-polvora-despiden-el-primer-capitulo-de-las-fiestas-de-muro","status":"publish","type":"post","link":"https:\/\/www.copealcoy.es\/es\/humor-y-polvora-despiden-el-primer-capitulo-de-las-fiestas-de-muro\/","title":{"rendered":"Humor y p\u00f3lvora despiden el primer cap\u00edtulo de las fiestas de Muro"},"content":{"rendered":"<p style=\"text-align: justify;\">La <strong>batalla entre moros y cristianos<\/strong> est\u00e1 protagonizando este\u00a0\u00faltimo d\u00eda de las fiestas de moros y cristianos de Muro que <strong>incluye\u00a0actos tan tradicionales<\/strong> como las embajadas de ambos bandos o el disparo de arcabucer\u00eda.<\/p>\n<p style=\"text-align: justify;\">La jornada ha comenzado esta ma\u00f1ana\u00a0con la representaci\u00f3n de <strong>la singular\u00a0\u2018Ambaixada del Tonell\u2019<\/strong> que se celebr\u00f3 a partir de las diez y media de la ma\u00f1ana en la Placeta Molina y que nuevo <strong>reuni\u00f3 a numeroso p\u00fablico<\/strong> a las puertas del Ayuntamiento. Las filaes <strong>Llana y Mare de D\u00e9u<\/strong> protagonizaron este acto y <strong>se disputaron el preciado contenido del Tonel<\/strong> a trav\u00e9s de <strong>un di\u00e1logo en clave local y humor\u00edstica<\/strong> en el que no faltaron las referencias a la actualidad. Las intervenciones despertaron las carcajadas de los presentes y finalmente, ante la falta de acuerdo, <strong>ambas formaciones acordaron marchar juntas<\/strong> a disfrutar de un buen almuerzo y <strong>dar cuenta del vino del m\u00edtico tonel<\/strong> que da nombre a este embajada. Indicar que l\u00b4Ambaixada del Tonell si que <strong>se ha podido celebrar este a\u00f1o con normalidad<\/strong> despu\u00e9s de que el pasado a\u00f1o <a href=\"https:\/\/www.copealcoy.es\/la-lluvia-obliga-a-suspender-lambaixada-del-tonell-en-muro\/\"><strong><span style=\"color: #0000ff;\">la lluvia impidiese<\/span><\/strong><\/a> su realizaci\u00f3n.<\/p>\n<p style=\"text-align: justify;\">A mediod\u00eda se ha celebrado\u00a0el disparo y <strong>la Embajada Mora declamada este a\u00f1o por Estefan\u00eda Pascual<\/strong>, festera de la Fil\u00e0 Realistas, y <strong>primera mujer<\/strong> en desempe\u00f1ar este cargo en las Fiestas de Muro. Las palabras dieron paso a la lucha armada y finalmente<strong> se materializ\u00f3 la victoria de las tropas \u00e1rabes<\/strong> con el izado de la ense\u00f1a de la media luna en lo alto del castillo de la Pla\u00e7a Matzem.<\/p>\n<p style=\"text-align: justify;\"><strong>El ritual se repite esta tarde<\/strong><\/p>\n<p style=\"text-align: justify;\">La programaci\u00f3n del D\u00eda dels Trons continuar\u00e1 esta tarde a partir de las seis y media <strong>con un\u00a0nuevo disparo<\/strong> seguido de <strong>la embajada cristiana<\/strong> que protagonizar\u00e1 el festero de la Fil\u00e0 Mare de D\u00e9u, Rafael Reig. Al igual que por la ma\u00f1ana no habr\u00e1\u00a0acuerdo y el di\u00e1logo acabar\u00e1 con la lucha cuerpo a cuerpo entre los cargos festeros <strong>imponi\u00e9ndose, como marca la historia, los de la cruz a las huestes mahometanas<\/strong>. El d\u00eda dels trons finalizar\u00e1 esta noche con la humor\u00edstica <strong>Retreta<\/strong> que abrir\u00e1\u00a0un peque\u00f1o par\u00e9ntesis antes de que las fiestas acaben oficialmente el domingo con la mencionada <strong>Puj\u00e0<\/strong> de la Mare de D\u00e9u dels Desemparats.<\/p>\n<p><em>\u00a0<\/em><\/p>\n","protected":false},"excerpt":{"rendered":"<p>La batalla entre moros y cristianos est\u00e1 protagonizando este\u00a0\u00faltimo d\u00eda de las fiestas de moros y cristianos de Muro que&#8230;<\/p>\n","protected":false},"author":1,"featured_media":31760,"comment_status":"open","ping_status":"open","sticky":false,"template":"","format":"standard","meta":{"footnotes":""},"categories":[98,75],"tags":[4143,710,4144,1397,609,135,607],"class_list":["post-31757","post","type-post","status-publish","format-standard","has-post-thumbnail","hentry","category-comarcas","category-noticias","tag-ambaixada-del-tonell","tag-humor","tag-llana","tag-mare-de-deu","tag-moros-y-cristianos","tag-muro","tag-polvora"],"yoast_head":"<!-- This site is optimized with the Yoast SEO plugin v27.3 - https:\/\/yoast.com\/product\/yoast-seo-wordpress\/ -->\n<title>Humor y p\u00f3lvora despiden el primer cap\u00edtulo de las fiestas de Muro - COPE Alcoy<\/title>\n<meta name=\"robots\" content=\"index, follow, max-snippet:-1, max-image-preview:large, max-video-preview:-1\" \/>\n<link rel=\"canonical\" href=\"https:\/\/www.copealcoy.es\/es\/humor-y-polvora-despiden-el-primer-capitulo-de-las-fiestas-de-muro\/\" \/>\n<meta property=\"og:locale\" content=\"es_ES\" \/>\n<meta property=\"og:type\" content=\"article\" \/>\n<meta property=\"og:title\" content=\"Humor y p\u00f3lvora despiden el primer cap\u00edtulo de las fiestas de Muro - COPE Alcoy\" \/>\n<meta property=\"og:description\" content=\"La batalla entre moros y cristianos est\u00e1 protagonizando este\u00a0\u00faltimo d\u00eda de las fiestas de moros y cristianos de Muro que...\" \/>\n<meta property=\"og:url\" content=\"https:\/\/www.copealcoy.es\/es\/humor-y-polvora-despiden-el-primer-capitulo-de-las-fiestas-de-muro\/\" \/>\n<meta property=\"og:site_name\" content=\"COPE Alcoy\" \/>\n<meta property=\"article:published_time\" content=\"2017-05-15T15:39:28+00:00\" \/>\n<meta property=\"article:modified_time\" content=\"2017-05-15T15:45:43+00:00\" \/>\n<meta property=\"og:image\" content=\"https:\/\/www.copealcoy.es\/wp-content\/uploads\/2017\/05\/18447243_1086594821484002_8617031803973459726_n.jpg\" \/>\n\t<meta property=\"og:image:width\" content=\"960\" \/>\n\t<meta property=\"og:image:height\" content=\"600\" \/>\n\t<meta property=\"og:image:type\" content=\"image\/jpeg\" \/>\n<meta name=\"author\" content=\"Cope Alcoy\" \/>\n<meta name=\"twitter:label1\" content=\"Escrito por\" \/>\n\t<meta name=\"twitter:data1\" content=\"Cope Alcoy\" \/>\n\t<meta name=\"twitter:label2\" content=\"Tiempo de lectura\" \/>\n\t<meta name=\"twitter:data2\" content=\"2 minutos\" \/>\n<script type=\"application\/ld+json\" class=\"yoast-schema-graph\">{\"@context\":\"https:\\\/\\\/schema.org\",\"@graph\":[{\"@type\":\"Article\",\"@id\":\"https:\\\/\\\/www.copealcoy.es\\\/es\\\/humor-y-polvora-despiden-el-primer-capitulo-de-las-fiestas-de-muro\\\/#article\",\"isPartOf\":{\"@id\":\"https:\\\/\\\/www.copealcoy.es\\\/es\\\/humor-y-polvora-despiden-el-primer-capitulo-de-las-fiestas-de-muro\\\/\"},\"author\":{\"name\":\"Cope Alcoy\",\"@id\":\"https:\\\/\\\/www.copealcoy.es\\\/es\\\/#\\\/schema\\\/person\\\/e777c87fa024e57d40170af9df39882c\"},\"headline\":\"Humor y p\u00f3lvora despiden el primer cap\u00edtulo de las fiestas de Muro\",\"datePublished\":\"2017-05-15T15:39:28+00:00\",\"dateModified\":\"2017-05-15T15:45:43+00:00\",\"mainEntityOfPage\":{\"@id\":\"https:\\\/\\\/www.copealcoy.es\\\/es\\\/humor-y-polvora-despiden-el-primer-capitulo-de-las-fiestas-de-muro\\\/\"},\"wordCount\":417,\"commentCount\":0,\"image\":{\"@id\":\"https:\\\/\\\/www.copealcoy.es\\\/es\\\/humor-y-polvora-despiden-el-primer-capitulo-de-las-fiestas-de-muro\\\/#primaryimage\"},\"thumbnailUrl\":\"https:\\\/\\\/www.copealcoy.es\\\/wp-content\\\/uploads\\\/2017\\\/05\\\/18447243_1086594821484002_8617031803973459726_n.jpg\",\"keywords\":[\"Ambaixada del Tonell\",\"Humor\",\"Llana\",\"Mare de D\u00e9u\",\"Moros Y Cristianos\",\"Muro\",\"P\u00f3lvora\"],\"articleSection\":[\"Comarcas\",\"Noticias\"],\"inLanguage\":\"es\"},{\"@type\":\"WebPage\",\"@id\":\"https:\\\/\\\/www.copealcoy.es\\\/es\\\/humor-y-polvora-despiden-el-primer-capitulo-de-las-fiestas-de-muro\\\/\",\"url\":\"https:\\\/\\\/www.copealcoy.es\\\/es\\\/humor-y-polvora-despiden-el-primer-capitulo-de-las-fiestas-de-muro\\\/\",\"name\":\"Humor y p\u00f3lvora despiden el primer cap\u00edtulo de las fiestas de Muro - COPE Alcoy\",\"isPartOf\":{\"@id\":\"https:\\\/\\\/www.copealcoy.es\\\/es\\\/#website\"},\"primaryImageOfPage\":{\"@id\":\"https:\\\/\\\/www.copealcoy.es\\\/es\\\/humor-y-polvora-despiden-el-primer-capitulo-de-las-fiestas-de-muro\\\/#primaryimage\"},\"image\":{\"@id\":\"https:\\\/\\\/www.copealcoy.es\\\/es\\\/humor-y-polvora-despiden-el-primer-capitulo-de-las-fiestas-de-muro\\\/#primaryimage\"},\"thumbnailUrl\":\"https:\\\/\\\/www.copealcoy.es\\\/wp-content\\\/uploads\\\/2017\\\/05\\\/18447243_1086594821484002_8617031803973459726_n.jpg\",\"datePublished\":\"2017-05-15T15:39:28+00:00\",\"dateModified\":\"2017-05-15T15:45:43+00:00\",\"author\":{\"@id\":\"https:\\\/\\\/www.copealcoy.es\\\/es\\\/#\\\/schema\\\/person\\\/e777c87fa024e57d40170af9df39882c\"},\"breadcrumb\":{\"@id\":\"https:\\\/\\\/www.copealcoy.es\\\/es\\\/humor-y-polvora-despiden-el-primer-capitulo-de-las-fiestas-de-muro\\\/#breadcrumb\"},\"inLanguage\":\"es\",\"potentialAction\":[{\"@type\":\"ReadAction\",\"target\":[\"https:\\\/\\\/www.copealcoy.es\\\/es\\\/humor-y-polvora-despiden-el-primer-capitulo-de-las-fiestas-de-muro\\\/\"]}]},{\"@type\":\"ImageObject\",\"inLanguage\":\"es\",\"@id\":\"https:\\\/\\\/www.copealcoy.es\\\/es\\\/humor-y-polvora-despiden-el-primer-capitulo-de-las-fiestas-de-muro\\\/#primaryimage\",\"url\":\"https:\\\/\\\/www.copealcoy.es\\\/wp-content\\\/uploads\\\/2017\\\/05\\\/18447243_1086594821484002_8617031803973459726_n.jpg\",\"contentUrl\":\"https:\\\/\\\/www.copealcoy.es\\\/wp-content\\\/uploads\\\/2017\\\/05\\\/18447243_1086594821484002_8617031803973459726_n.jpg\",\"width\":960,\"height\":600,\"caption\":\"Les filaes Mare de D\u00e9u y Llana han vuelto a protagonizar l\u00b4Ambaixada del Tonell \\\/ Foto: G. Pascual\"},{\"@type\":\"BreadcrumbList\",\"@id\":\"https:\\\/\\\/www.copealcoy.es\\\/es\\\/humor-y-polvora-despiden-el-primer-capitulo-de-las-fiestas-de-muro\\\/#breadcrumb\",\"itemListElement\":[{\"@type\":\"ListItem\",\"position\":1,\"name\":\"Portada\",\"item\":\"https:\\\/\\\/www.copealcoy.es\\\/es\\\/\"},{\"@type\":\"ListItem\",\"position\":2,\"name\":\"Humor y p\u00f3lvora despiden el primer cap\u00edtulo de las fiestas de Muro\"}]},{\"@type\":\"WebSite\",\"@id\":\"https:\\\/\\\/www.copealcoy.es\\\/es\\\/#website\",\"url\":\"https:\\\/\\\/www.copealcoy.es\\\/es\\\/\",\"name\":\"COPE Alcoy\",\"description\":\"Emisora COPE de radio local con emisi\u00f3n online. Pont de Sant Jordi 8-10 03803 Alcoy\",\"potentialAction\":[{\"@type\":\"SearchAction\",\"target\":{\"@type\":\"EntryPoint\",\"urlTemplate\":\"https:\\\/\\\/www.copealcoy.es\\\/es\\\/?s={search_term_string}\"},\"query-input\":{\"@type\":\"PropertyValueSpecification\",\"valueRequired\":true,\"valueName\":\"search_term_string\"}}],\"inLanguage\":\"es\"},{\"@type\":\"Person\",\"@id\":\"https:\\\/\\\/www.copealcoy.es\\\/es\\\/#\\\/schema\\\/person\\\/e777c87fa024e57d40170af9df39882c\",\"name\":\"Cope Alcoy\",\"image\":{\"@type\":\"ImageObject\",\"inLanguage\":\"es\",\"@id\":\"https:\\\/\\\/secure.gravatar.com\\\/avatar\\\/bb65d0283347e303893ba14f0692005417c1e0e690a325a4c5d8bb2b3943ee14?s=96&d=mm&r=g\",\"url\":\"https:\\\/\\\/secure.gravatar.com\\\/avatar\\\/bb65d0283347e303893ba14f0692005417c1e0e690a325a4c5d8bb2b3943ee14?s=96&d=mm&r=g\",\"contentUrl\":\"https:\\\/\\\/secure.gravatar.com\\\/avatar\\\/bb65d0283347e303893ba14f0692005417c1e0e690a325a4c5d8bb2b3943ee14?s=96&d=mm&r=g\",\"caption\":\"Cope Alcoy\"}}]}<\/script>\n<!-- \/ Yoast SEO plugin. -->","yoast_head_json":{"title":"Humor y p\u00f3lvora despiden el primer cap\u00edtulo de las fiestas de Muro - COPE Alcoy","robots":{"index":"index","follow":"follow","max-snippet":"max-snippet:-1","max-image-preview":"max-image-preview:large","max-video-preview":"max-video-preview:-1"},"canonical":"https:\/\/www.copealcoy.es\/es\/humor-y-polvora-despiden-el-primer-capitulo-de-las-fiestas-de-muro\/","og_locale":"es_ES","og_type":"article","og_title":"Humor y p\u00f3lvora despiden el primer cap\u00edtulo de las fiestas de Muro - COPE Alcoy","og_description":"La batalla entre moros y cristianos est\u00e1 protagonizando este\u00a0\u00faltimo d\u00eda de las fiestas de moros y cristianos de Muro que...","og_url":"https:\/\/www.copealcoy.es\/es\/humor-y-polvora-despiden-el-primer-capitulo-de-las-fiestas-de-muro\/","og_site_name":"COPE Alcoy","article_published_time":"2017-05-15T15:39:28+00:00","article_modified_time":"2017-05-15T15:45:43+00:00","og_image":[{"width":960,"height":600,"url":"https:\/\/www.copealcoy.es\/wp-content\/uploads\/2017\/05\/18447243_1086594821484002_8617031803973459726_n.jpg","type":"image\/jpeg"}],"author":"Cope Alcoy","twitter_misc":{"Escrito por":"Cope Alcoy","Tiempo de lectura":"2 minutos"},"schema":{"@context":"https:\/\/schema.org","@graph":[{"@type":"Article","@id":"https:\/\/www.copealcoy.es\/es\/humor-y-polvora-despiden-el-primer-capitulo-de-las-fiestas-de-muro\/#article","isPartOf":{"@id":"https:\/\/www.copealcoy.es\/es\/humor-y-polvora-despiden-el-primer-capitulo-de-las-fiestas-de-muro\/"},"author":{"name":"Cope Alcoy","@id":"https:\/\/www.copealcoy.es\/es\/#\/schema\/person\/e777c87fa024e57d40170af9df39882c"},"headline":"Humor y p\u00f3lvora despiden el primer cap\u00edtulo de las fiestas de Muro","datePublished":"2017-05-15T15:39:28+00:00","dateModified":"2017-05-15T15:45:43+00:00","mainEntityOfPage":{"@id":"https:\/\/www.copealcoy.es\/es\/humor-y-polvora-despiden-el-primer-capitulo-de-las-fiestas-de-muro\/"},"wordCount":417,"commentCount":0,"image":{"@id":"https:\/\/www.copealcoy.es\/es\/humor-y-polvora-despiden-el-primer-capitulo-de-las-fiestas-de-muro\/#primaryimage"},"thumbnailUrl":"https:\/\/www.copealcoy.es\/wp-content\/uploads\/2017\/05\/18447243_1086594821484002_8617031803973459726_n.jpg","keywords":["Ambaixada del Tonell","Humor","Llana","Mare de D\u00e9u","Moros Y Cristianos","Muro","P\u00f3lvora"],"articleSection":["Comarcas","Noticias"],"inLanguage":"es"},{"@type":"WebPage","@id":"https:\/\/www.copealcoy.es\/es\/humor-y-polvora-despiden-el-primer-capitulo-de-las-fiestas-de-muro\/","url":"https:\/\/www.copealcoy.es\/es\/humor-y-polvora-despiden-el-primer-capitulo-de-las-fiestas-de-muro\/","name":"Humor y p\u00f3lvora despiden el primer cap\u00edtulo de las fiestas de Muro - COPE Alcoy","isPartOf":{"@id":"https:\/\/www.copealcoy.es\/es\/#website"},"primaryImageOfPage":{"@id":"https:\/\/www.copealcoy.es\/es\/humor-y-polvora-despiden-el-primer-capitulo-de-las-fiestas-de-muro\/#primaryimage"},"image":{"@id":"https:\/\/www.copealcoy.es\/es\/humor-y-polvora-despiden-el-primer-capitulo-de-las-fiestas-de-muro\/#primaryimage"},"thumbnailUrl":"https:\/\/www.copealcoy.es\/wp-content\/uploads\/2017\/05\/18447243_1086594821484002_8617031803973459726_n.jpg","datePublished":"2017-05-15T15:39:28+00:00","dateModified":"2017-05-15T15:45:43+00:00","author":{"@id":"https:\/\/www.copealcoy.es\/es\/#\/schema\/person\/e777c87fa024e57d40170af9df39882c"},"breadcrumb":{"@id":"https:\/\/www.copealcoy.es\/es\/humor-y-polvora-despiden-el-primer-capitulo-de-las-fiestas-de-muro\/#breadcrumb"},"inLanguage":"es","potentialAction":[{"@type":"ReadAction","target":["https:\/\/www.copealcoy.es\/es\/humor-y-polvora-despiden-el-primer-capitulo-de-las-fiestas-de-muro\/"]}]},{"@type":"ImageObject","inLanguage":"es","@id":"https:\/\/www.copealcoy.es\/es\/humor-y-polvora-despiden-el-primer-capitulo-de-las-fiestas-de-muro\/#primaryimage","url":"https:\/\/www.copealcoy.es\/wp-content\/uploads\/2017\/05\/18447243_1086594821484002_8617031803973459726_n.jpg","contentUrl":"https:\/\/www.copealcoy.es\/wp-content\/uploads\/2017\/05\/18447243_1086594821484002_8617031803973459726_n.jpg","width":960,"height":600,"caption":"Les filaes Mare de D\u00e9u y Llana han vuelto a protagonizar l\u00b4Ambaixada del Tonell \/ Foto: G. Pascual"},{"@type":"BreadcrumbList","@id":"https:\/\/www.copealcoy.es\/es\/humor-y-polvora-despiden-el-primer-capitulo-de-las-fiestas-de-muro\/#breadcrumb","itemListElement":[{"@type":"ListItem","position":1,"name":"Portada","item":"https:\/\/www.copealcoy.es\/es\/"},{"@type":"ListItem","position":2,"name":"Humor y p\u00f3lvora despiden el primer cap\u00edtulo de las fiestas de Muro"}]},{"@type":"WebSite","@id":"https:\/\/www.copealcoy.es\/es\/#website","url":"https:\/\/www.copealcoy.es\/es\/","name":"COPE Alcoy","description":"Emisora COPE de radio local con emisi\u00f3n online. Pont de Sant Jordi 8-10 03803 Alcoy","potentialAction":[{"@type":"SearchAction","target":{"@type":"EntryPoint","urlTemplate":"https:\/\/www.copealcoy.es\/es\/?s={search_term_string}"},"query-input":{"@type":"PropertyValueSpecification","valueRequired":true,"valueName":"search_term_string"}}],"inLanguage":"es"},{"@type":"Person","@id":"https:\/\/www.copealcoy.es\/es\/#\/schema\/person\/e777c87fa024e57d40170af9df39882c","name":"Cope Alcoy","image":{"@type":"ImageObject","inLanguage":"es","@id":"https:\/\/secure.gravatar.com\/avatar\/bb65d0283347e303893ba14f0692005417c1e0e690a325a4c5d8bb2b3943ee14?s=96&d=mm&r=g","url":"https:\/\/secure.gravatar.com\/avatar\/bb65d0283347e303893ba14f0692005417c1e0e690a325a4c5d8bb2b3943ee14?s=96&d=mm&r=g","contentUrl":"https:\/\/secure.gravatar.com\/avatar\/bb65d0283347e303893ba14f0692005417c1e0e690a325a4c5d8bb2b3943ee14?s=96&d=mm&r=g","caption":"Cope Alcoy"}}]}},"_links":{"self":[{"href":"https:\/\/www.copealcoy.es\/es\/wp-json\/wp\/v2\/posts\/31757","targetHints":{"allow":["GET"]}}],"collection":[{"href":"https:\/\/www.copealcoy.es\/es\/wp-json\/wp\/v2\/posts"}],"about":[{"href":"https:\/\/www.copealcoy.es\/es\/wp-json\/wp\/v2\/types\/post"}],"author":[{"embeddable":true,"href":"https:\/\/www.copealcoy.es\/es\/wp-json\/wp\/v2\/users\/1"}],"replies":[{"embeddable":true,"href":"https:\/\/www.copealcoy.es\/es\/wp-json\/wp\/v2\/comments?post=31757"}],"version-history":[{"count":0,"href":"https:\/\/www.copealcoy.es\/es\/wp-json\/wp\/v2\/posts\/31757\/revisions"}],"wp:featuredmedia":[{"embeddable":true,"href":"https:\/\/www.copealcoy.es\/es\/wp-json\/wp\/v2\/media\/31760"}],"wp:attachment":[{"href":"https:\/\/www.copealcoy.es\/es\/wp-json\/wp\/v2\/media?parent=31757"}],"wp:term":[{"taxonomy":"category","embeddable":true,"href":"https:\/\/www.copealcoy.es\/es\/wp-json\/wp\/v2\/categories?post=31757"},{"taxonomy":"post_tag","embeddable":true,"href":"https:\/\/www.copealcoy.es\/es\/wp-json\/wp\/v2\/tags?post=31757"}],"curies":[{"name":"wp","href":"https:\/\/api.w.org\/{rel}","templated":true}]}}