{"id":31737,"date":"2017-05-14T12:39:32","date_gmt":"2017-05-14T12:39:32","guid":{"rendered":"http:\/\/copealcoi.es\/new\/?p=31737"},"modified":"2017-05-14T12:39:32","modified_gmt":"2017-05-14T12:39:32","slug":"alcoy-contratara-cinco-personas-la-reparacion-las-aceras-la-ciudad","status":"publish","type":"post","link":"https:\/\/www.copealcoy.es\/es\/alcoy-contratara-cinco-personas-la-reparacion-las-aceras-la-ciudad\/","title":{"rendered":"Alcoy contratar\u00e1 a cinco personas para la reparaci\u00f3n de las aceras de la ciudad"},"content":{"rendered":"<p style=\"text-align: justify;\">El Ayuntamiento de Alcoy <strong>ha anunciado la contrataci\u00f3n de 5 personas a trav\u00e9s del SERVEF<\/strong> para realizar <strong>trabajos de mejora de las aceras de la ciudad<\/strong> durante un periodo de 6 meses. Este Plan de Ocupaci\u00f3n, seg\u00fan informa el Consistorio, <strong>tendr\u00e1 un presupuesto de 74.000 euros<\/strong> y de estos 64.5000 ir\u00e1n a parar a los salarios mientras que el resto, 9.500, se destinar\u00e1n a los materiales.<\/p>\n<p style=\"text-align: justify;\">Jordi Mart\u00ednez,<strong> concejal de Obras y Servicios<\/strong>, explica que las actuaciones a realizar consistir\u00e1n en <strong>reparar el pavimento y los bordillos de las diferentes aceras<\/strong> de la ciudad &#8220;<em>una de las principales demandas de la ciudadan\u00eda. Recibimos unas aceras con un mantenimiento p\u00e9simo ya trav\u00e9s de diferentes actuaciones hemos solucionado muchas de ellas pero a\u00fan queda trabajo por hacer, a trav\u00e9s de esta iniciativa, esperamos dar un impulso importante a una parte de la ciudad por donde todos caminamos d\u00eda a d\u00ed<\/em>a&#8221;, afirma.<\/p>\n<p style=\"text-align: justify;\">\n<p style=\"text-align: justify;\">Recordar que en los \u00faltimos a\u00f1os<strong> se han realizado 95 actuaciones en aceras y pasos de peatones<\/strong> de Alcoy. De estas destaca las intervenciones <strong>realizadas en Moss\u00e9n Torregrosa, Regimiento Vizcaya, Avinguda del Pa\u00eds Valenci\u00e0 y varias calles de Santa Rosa<\/strong> junto a algunas v\u00edas en las que se ha aplicado el <strong>Plan de Accesibilidad<\/strong> &#8220;<em>unas obras que\u00a0tambi\u00e9n mejoran la accesibilidad para los ciudadanos con problemas de movilidad, por lo tanto, aumentar la calidad de vida y hacer una ciudad m\u00e1s amable y agradable para todos los alcoyanos<\/em>&#8220;, concluye Mart\u00ednez.<\/p>\n<p>&nbsp;<\/p>\n<p>&nbsp;<\/p>\n","protected":false},"excerpt":{"rendered":"<p>El Ayuntamiento de Alcoy ha anunciado la contrataci\u00f3n de 5 personas a trav\u00e9s del SERVEF para realizar trabajos de mejora&#8230;<\/p>\n","protected":false},"author":1,"featured_media":24252,"comment_status":"open","ping_status":"open","sticky":false,"template":"","format":"standard","meta":{"footnotes":""},"categories":[97,75,79],"tags":[1034,1494,927,145,222],"class_list":["post-31737","post","type-post","status-publish","format-standard","has-post-thumbnail","hentry","category-alcoy","category-noticias","category-politicayeconomia","tag-aceras","tag-alcoy","tag-jordi-martinez","tag-obras","tag-reparacion"],"yoast_head":"<!-- This site is optimized with the Yoast SEO plugin v27.3 - https:\/\/yoast.com\/product\/yoast-seo-wordpress\/ -->\n<title>Alcoy contratar\u00e1 a cinco personas para la reparaci\u00f3n de las aceras de la ciudad - COPE Alcoy<\/title>\n<meta name=\"robots\" content=\"index, follow, max-snippet:-1, max-image-preview:large, max-video-preview:-1\" \/>\n<link rel=\"canonical\" href=\"https:\/\/www.copealcoy.es\/es\/alcoy-contratara-cinco-personas-la-reparacion-las-aceras-la-ciudad\/\" \/>\n<meta property=\"og:locale\" content=\"es_ES\" \/>\n<meta property=\"og:type\" content=\"article\" \/>\n<meta property=\"og:title\" content=\"Alcoy contratar\u00e1 a cinco personas para la reparaci\u00f3n de las aceras de la ciudad - COPE Alcoy\" \/>\n<meta property=\"og:description\" content=\"El Ayuntamiento de Alcoy ha anunciado la contrataci\u00f3n de 5 personas a trav\u00e9s del SERVEF para realizar trabajos de mejora...\" \/>\n<meta property=\"og:url\" content=\"https:\/\/www.copealcoy.es\/es\/alcoy-contratara-cinco-personas-la-reparacion-las-aceras-la-ciudad\/\" \/>\n<meta property=\"og:site_name\" content=\"COPE Alcoy\" \/>\n<meta property=\"article:published_time\" content=\"2017-05-14T12:39:32+00:00\" \/>\n<meta property=\"og:image\" content=\"https:\/\/www.copealcoy.es\/wp-content\/uploads\/2016\/08\/28718369395_05cae72cb2_z.jpg\" \/>\n\t<meta property=\"og:image:width\" content=\"640\" \/>\n\t<meta property=\"og:image:height\" content=\"427\" \/>\n\t<meta property=\"og:image:type\" content=\"image\/jpeg\" \/>\n<meta name=\"author\" content=\"Cope Alcoy\" \/>\n<meta name=\"twitter:label1\" content=\"Escrito por\" \/>\n\t<meta name=\"twitter:data1\" content=\"Cope Alcoy\" \/>\n\t<meta name=\"twitter:label2\" content=\"Tiempo de lectura\" \/>\n\t<meta name=\"twitter:data2\" content=\"1 minuto\" \/>\n<script type=\"application\/ld+json\" class=\"yoast-schema-graph\">{\"@context\":\"https:\\\/\\\/schema.org\",\"@graph\":[{\"@type\":\"Article\",\"@id\":\"https:\\\/\\\/www.copealcoy.es\\\/es\\\/alcoy-contratara-cinco-personas-la-reparacion-las-aceras-la-ciudad\\\/#article\",\"isPartOf\":{\"@id\":\"https:\\\/\\\/www.copealcoy.es\\\/es\\\/alcoy-contratara-cinco-personas-la-reparacion-las-aceras-la-ciudad\\\/\"},\"author\":{\"name\":\"Cope Alcoy\",\"@id\":\"https:\\\/\\\/www.copealcoy.es\\\/es\\\/#\\\/schema\\\/person\\\/e777c87fa024e57d40170af9df39882c\"},\"headline\":\"Alcoy contratar\u00e1 a cinco personas para la reparaci\u00f3n de las aceras de la ciudad\",\"datePublished\":\"2017-05-14T12:39:32+00:00\",\"mainEntityOfPage\":{\"@id\":\"https:\\\/\\\/www.copealcoy.es\\\/es\\\/alcoy-contratara-cinco-personas-la-reparacion-las-aceras-la-ciudad\\\/\"},\"wordCount\":272,\"commentCount\":0,\"image\":{\"@id\":\"https:\\\/\\\/www.copealcoy.es\\\/es\\\/alcoy-contratara-cinco-personas-la-reparacion-las-aceras-la-ciudad\\\/#primaryimage\"},\"thumbnailUrl\":\"https:\\\/\\\/www.copealcoy.es\\\/wp-content\\\/uploads\\\/2016\\\/08\\\/28718369395_05cae72cb2_z.jpg\",\"keywords\":[\"Aceras\",\"Alcoy\",\"Jordi Mart\u00ednez\",\"Obras\",\"Reparaci\u00f3n\"],\"articleSection\":[\"Alcoy\",\"Noticias\",\"Pol\u00edtica y Econom\u00eda\"],\"inLanguage\":\"es\"},{\"@type\":\"WebPage\",\"@id\":\"https:\\\/\\\/www.copealcoy.es\\\/es\\\/alcoy-contratara-cinco-personas-la-reparacion-las-aceras-la-ciudad\\\/\",\"url\":\"https:\\\/\\\/www.copealcoy.es\\\/es\\\/alcoy-contratara-cinco-personas-la-reparacion-las-aceras-la-ciudad\\\/\",\"name\":\"Alcoy contratar\u00e1 a cinco personas para la reparaci\u00f3n de las aceras de la ciudad - COPE Alcoy\",\"isPartOf\":{\"@id\":\"https:\\\/\\\/www.copealcoy.es\\\/es\\\/#website\"},\"primaryImageOfPage\":{\"@id\":\"https:\\\/\\\/www.copealcoy.es\\\/es\\\/alcoy-contratara-cinco-personas-la-reparacion-las-aceras-la-ciudad\\\/#primaryimage\"},\"image\":{\"@id\":\"https:\\\/\\\/www.copealcoy.es\\\/es\\\/alcoy-contratara-cinco-personas-la-reparacion-las-aceras-la-ciudad\\\/#primaryimage\"},\"thumbnailUrl\":\"https:\\\/\\\/www.copealcoy.es\\\/wp-content\\\/uploads\\\/2016\\\/08\\\/28718369395_05cae72cb2_z.jpg\",\"datePublished\":\"2017-05-14T12:39:32+00:00\",\"author\":{\"@id\":\"https:\\\/\\\/www.copealcoy.es\\\/es\\\/#\\\/schema\\\/person\\\/e777c87fa024e57d40170af9df39882c\"},\"breadcrumb\":{\"@id\":\"https:\\\/\\\/www.copealcoy.es\\\/es\\\/alcoy-contratara-cinco-personas-la-reparacion-las-aceras-la-ciudad\\\/#breadcrumb\"},\"inLanguage\":\"es\",\"potentialAction\":[{\"@type\":\"ReadAction\",\"target\":[\"https:\\\/\\\/www.copealcoy.es\\\/es\\\/alcoy-contratara-cinco-personas-la-reparacion-las-aceras-la-ciudad\\\/\"]}]},{\"@type\":\"ImageObject\",\"inLanguage\":\"es\",\"@id\":\"https:\\\/\\\/www.copealcoy.es\\\/es\\\/alcoy-contratara-cinco-personas-la-reparacion-las-aceras-la-ciudad\\\/#primaryimage\",\"url\":\"https:\\\/\\\/www.copealcoy.es\\\/wp-content\\\/uploads\\\/2016\\\/08\\\/28718369395_05cae72cb2_z.jpg\",\"contentUrl\":\"https:\\\/\\\/www.copealcoy.es\\\/wp-content\\\/uploads\\\/2016\\\/08\\\/28718369395_05cae72cb2_z.jpg\",\"width\":640,\"height\":427,\"caption\":\"Reparaci\u00f3n de las aceras en la Avinguda Pa\u00eds Valenci\u00e0\"},{\"@type\":\"BreadcrumbList\",\"@id\":\"https:\\\/\\\/www.copealcoy.es\\\/es\\\/alcoy-contratara-cinco-personas-la-reparacion-las-aceras-la-ciudad\\\/#breadcrumb\",\"itemListElement\":[{\"@type\":\"ListItem\",\"position\":1,\"name\":\"Portada\",\"item\":\"https:\\\/\\\/www.copealcoy.es\\\/es\\\/\"},{\"@type\":\"ListItem\",\"position\":2,\"name\":\"Alcoy contratar\u00e1 a cinco personas para la reparaci\u00f3n de las aceras de la ciudad\"}]},{\"@type\":\"WebSite\",\"@id\":\"https:\\\/\\\/www.copealcoy.es\\\/es\\\/#website\",\"url\":\"https:\\\/\\\/www.copealcoy.es\\\/es\\\/\",\"name\":\"COPE Alcoy\",\"description\":\"Emisora COPE de radio local con emisi\u00f3n online. Pont de Sant Jordi 8-10 03803 Alcoy\",\"potentialAction\":[{\"@type\":\"SearchAction\",\"target\":{\"@type\":\"EntryPoint\",\"urlTemplate\":\"https:\\\/\\\/www.copealcoy.es\\\/es\\\/?s={search_term_string}\"},\"query-input\":{\"@type\":\"PropertyValueSpecification\",\"valueRequired\":true,\"valueName\":\"search_term_string\"}}],\"inLanguage\":\"es\"},{\"@type\":\"Person\",\"@id\":\"https:\\\/\\\/www.copealcoy.es\\\/es\\\/#\\\/schema\\\/person\\\/e777c87fa024e57d40170af9df39882c\",\"name\":\"Cope Alcoy\",\"image\":{\"@type\":\"ImageObject\",\"inLanguage\":\"es\",\"@id\":\"https:\\\/\\\/secure.gravatar.com\\\/avatar\\\/bb65d0283347e303893ba14f0692005417c1e0e690a325a4c5d8bb2b3943ee14?s=96&d=mm&r=g\",\"url\":\"https:\\\/\\\/secure.gravatar.com\\\/avatar\\\/bb65d0283347e303893ba14f0692005417c1e0e690a325a4c5d8bb2b3943ee14?s=96&d=mm&r=g\",\"contentUrl\":\"https:\\\/\\\/secure.gravatar.com\\\/avatar\\\/bb65d0283347e303893ba14f0692005417c1e0e690a325a4c5d8bb2b3943ee14?s=96&d=mm&r=g\",\"caption\":\"Cope Alcoy\"}}]}<\/script>\n<!-- \/ Yoast SEO plugin. -->","yoast_head_json":{"title":"Alcoy contratar\u00e1 a cinco personas para la reparaci\u00f3n de las aceras de la ciudad - COPE Alcoy","robots":{"index":"index","follow":"follow","max-snippet":"max-snippet:-1","max-image-preview":"max-image-preview:large","max-video-preview":"max-video-preview:-1"},"canonical":"https:\/\/www.copealcoy.es\/es\/alcoy-contratara-cinco-personas-la-reparacion-las-aceras-la-ciudad\/","og_locale":"es_ES","og_type":"article","og_title":"Alcoy contratar\u00e1 a cinco personas para la reparaci\u00f3n de las aceras de la ciudad - COPE Alcoy","og_description":"El Ayuntamiento de Alcoy ha anunciado la contrataci\u00f3n de 5 personas a trav\u00e9s del SERVEF para realizar trabajos de mejora...","og_url":"https:\/\/www.copealcoy.es\/es\/alcoy-contratara-cinco-personas-la-reparacion-las-aceras-la-ciudad\/","og_site_name":"COPE Alcoy","article_published_time":"2017-05-14T12:39:32+00:00","og_image":[{"width":640,"height":427,"url":"https:\/\/www.copealcoy.es\/wp-content\/uploads\/2016\/08\/28718369395_05cae72cb2_z.jpg","type":"image\/jpeg"}],"author":"Cope Alcoy","twitter_misc":{"Escrito por":"Cope Alcoy","Tiempo de lectura":"1 minuto"},"schema":{"@context":"https:\/\/schema.org","@graph":[{"@type":"Article","@id":"https:\/\/www.copealcoy.es\/es\/alcoy-contratara-cinco-personas-la-reparacion-las-aceras-la-ciudad\/#article","isPartOf":{"@id":"https:\/\/www.copealcoy.es\/es\/alcoy-contratara-cinco-personas-la-reparacion-las-aceras-la-ciudad\/"},"author":{"name":"Cope Alcoy","@id":"https:\/\/www.copealcoy.es\/es\/#\/schema\/person\/e777c87fa024e57d40170af9df39882c"},"headline":"Alcoy contratar\u00e1 a cinco personas para la reparaci\u00f3n de las aceras de la ciudad","datePublished":"2017-05-14T12:39:32+00:00","mainEntityOfPage":{"@id":"https:\/\/www.copealcoy.es\/es\/alcoy-contratara-cinco-personas-la-reparacion-las-aceras-la-ciudad\/"},"wordCount":272,"commentCount":0,"image":{"@id":"https:\/\/www.copealcoy.es\/es\/alcoy-contratara-cinco-personas-la-reparacion-las-aceras-la-ciudad\/#primaryimage"},"thumbnailUrl":"https:\/\/www.copealcoy.es\/wp-content\/uploads\/2016\/08\/28718369395_05cae72cb2_z.jpg","keywords":["Aceras","Alcoy","Jordi Mart\u00ednez","Obras","Reparaci\u00f3n"],"articleSection":["Alcoy","Noticias","Pol\u00edtica y Econom\u00eda"],"inLanguage":"es"},{"@type":"WebPage","@id":"https:\/\/www.copealcoy.es\/es\/alcoy-contratara-cinco-personas-la-reparacion-las-aceras-la-ciudad\/","url":"https:\/\/www.copealcoy.es\/es\/alcoy-contratara-cinco-personas-la-reparacion-las-aceras-la-ciudad\/","name":"Alcoy contratar\u00e1 a cinco personas para la reparaci\u00f3n de las aceras de la ciudad - COPE Alcoy","isPartOf":{"@id":"https:\/\/www.copealcoy.es\/es\/#website"},"primaryImageOfPage":{"@id":"https:\/\/www.copealcoy.es\/es\/alcoy-contratara-cinco-personas-la-reparacion-las-aceras-la-ciudad\/#primaryimage"},"image":{"@id":"https:\/\/www.copealcoy.es\/es\/alcoy-contratara-cinco-personas-la-reparacion-las-aceras-la-ciudad\/#primaryimage"},"thumbnailUrl":"https:\/\/www.copealcoy.es\/wp-content\/uploads\/2016\/08\/28718369395_05cae72cb2_z.jpg","datePublished":"2017-05-14T12:39:32+00:00","author":{"@id":"https:\/\/www.copealcoy.es\/es\/#\/schema\/person\/e777c87fa024e57d40170af9df39882c"},"breadcrumb":{"@id":"https:\/\/www.copealcoy.es\/es\/alcoy-contratara-cinco-personas-la-reparacion-las-aceras-la-ciudad\/#breadcrumb"},"inLanguage":"es","potentialAction":[{"@type":"ReadAction","target":["https:\/\/www.copealcoy.es\/es\/alcoy-contratara-cinco-personas-la-reparacion-las-aceras-la-ciudad\/"]}]},{"@type":"ImageObject","inLanguage":"es","@id":"https:\/\/www.copealcoy.es\/es\/alcoy-contratara-cinco-personas-la-reparacion-las-aceras-la-ciudad\/#primaryimage","url":"https:\/\/www.copealcoy.es\/wp-content\/uploads\/2016\/08\/28718369395_05cae72cb2_z.jpg","contentUrl":"https:\/\/www.copealcoy.es\/wp-content\/uploads\/2016\/08\/28718369395_05cae72cb2_z.jpg","width":640,"height":427,"caption":"Reparaci\u00f3n de las aceras en la Avinguda Pa\u00eds Valenci\u00e0"},{"@type":"BreadcrumbList","@id":"https:\/\/www.copealcoy.es\/es\/alcoy-contratara-cinco-personas-la-reparacion-las-aceras-la-ciudad\/#breadcrumb","itemListElement":[{"@type":"ListItem","position":1,"name":"Portada","item":"https:\/\/www.copealcoy.es\/es\/"},{"@type":"ListItem","position":2,"name":"Alcoy contratar\u00e1 a cinco personas para la reparaci\u00f3n de las aceras de la ciudad"}]},{"@type":"WebSite","@id":"https:\/\/www.copealcoy.es\/es\/#website","url":"https:\/\/www.copealcoy.es\/es\/","name":"COPE Alcoy","description":"Emisora COPE de radio local con emisi\u00f3n online. Pont de Sant Jordi 8-10 03803 Alcoy","potentialAction":[{"@type":"SearchAction","target":{"@type":"EntryPoint","urlTemplate":"https:\/\/www.copealcoy.es\/es\/?s={search_term_string}"},"query-input":{"@type":"PropertyValueSpecification","valueRequired":true,"valueName":"search_term_string"}}],"inLanguage":"es"},{"@type":"Person","@id":"https:\/\/www.copealcoy.es\/es\/#\/schema\/person\/e777c87fa024e57d40170af9df39882c","name":"Cope Alcoy","image":{"@type":"ImageObject","inLanguage":"es","@id":"https:\/\/secure.gravatar.com\/avatar\/bb65d0283347e303893ba14f0692005417c1e0e690a325a4c5d8bb2b3943ee14?s=96&d=mm&r=g","url":"https:\/\/secure.gravatar.com\/avatar\/bb65d0283347e303893ba14f0692005417c1e0e690a325a4c5d8bb2b3943ee14?s=96&d=mm&r=g","contentUrl":"https:\/\/secure.gravatar.com\/avatar\/bb65d0283347e303893ba14f0692005417c1e0e690a325a4c5d8bb2b3943ee14?s=96&d=mm&r=g","caption":"Cope Alcoy"}}]}},"_links":{"self":[{"href":"https:\/\/www.copealcoy.es\/es\/wp-json\/wp\/v2\/posts\/31737","targetHints":{"allow":["GET"]}}],"collection":[{"href":"https:\/\/www.copealcoy.es\/es\/wp-json\/wp\/v2\/posts"}],"about":[{"href":"https:\/\/www.copealcoy.es\/es\/wp-json\/wp\/v2\/types\/post"}],"author":[{"embeddable":true,"href":"https:\/\/www.copealcoy.es\/es\/wp-json\/wp\/v2\/users\/1"}],"replies":[{"embeddable":true,"href":"https:\/\/www.copealcoy.es\/es\/wp-json\/wp\/v2\/comments?post=31737"}],"version-history":[{"count":0,"href":"https:\/\/www.copealcoy.es\/es\/wp-json\/wp\/v2\/posts\/31737\/revisions"}],"wp:featuredmedia":[{"embeddable":true,"href":"https:\/\/www.copealcoy.es\/es\/wp-json\/wp\/v2\/media\/24252"}],"wp:attachment":[{"href":"https:\/\/www.copealcoy.es\/es\/wp-json\/wp\/v2\/media?parent=31737"}],"wp:term":[{"taxonomy":"category","embeddable":true,"href":"https:\/\/www.copealcoy.es\/es\/wp-json\/wp\/v2\/categories?post=31737"},{"taxonomy":"post_tag","embeddable":true,"href":"https:\/\/www.copealcoy.es\/es\/wp-json\/wp\/v2\/tags?post=31737"}],"curies":[{"name":"wp","href":"https:\/\/api.w.org\/{rel}","templated":true}]}}