{"id":31722,"date":"2017-05-14T11:37:22","date_gmt":"2017-05-14T11:37:22","guid":{"rendered":"http:\/\/copealcoi.es\/new\/?p=31722"},"modified":"2017-05-14T11:48:30","modified_gmt":"2017-05-14T11:48:30","slug":"juca-hombre-mas-de-60-anos-de-experiencia-a-tu-servicio","status":"publish","type":"post","link":"https:\/\/www.copealcoy.es\/es\/juca-hombre-mas-de-60-anos-de-experiencia-a-tu-servicio\/","title":{"rendered":"Juca Hombre, m\u00e1s de 60 a\u00f1os de experiencia a tu servicio"},"content":{"rendered":"<p style=\"text-align: justify;\">JUCA <strong>abri\u00f3 sus puertas en Alcoy el a\u00f1o 1958<\/strong>, con el nombre de <strong>\u201cSastrer\u00eda JUCA\u201d<\/strong> especializ\u00e1ndose \u00fanicamente en <strong>la creaci\u00f3n de trajes a medida para caballero<\/strong> mediante sastrer\u00eda tradicional.<\/p>\n<p style=\"text-align: justify;\">Se traslad\u00f3 a la calle <strong>Pa\u00eds Valenci\u00e0 n\u00ba 47<\/strong> en 1970 continuando como sastrer\u00eda con la confecci\u00f3n de trajes a medida tradicionales y como tienda multimarca, llegando as\u00ed a un p\u00fablico m\u00e1s amplio.\u00a0A principios de los 80 <strong>pas\u00f3 a llamarse \u201cconfecciones JUCA\u201d<\/strong> y sumaron adem\u00e1s el mundo de la ceremonia apostando por los trajes de novio y padrino.\u00a0En el a\u00f1o 2000 <strong>fueron socios fundadores de Centroboda<\/strong>, la primera feria dedicada al novio en Alcoy, con una gran acogida por parte del p\u00fablico asistente y que sigue celebr\u00e1ndose en la actualidad.<\/p>\n<p style=\"text-align: justify;\">Unos a\u00f1os m\u00e1s tarde, en\u00a0el 2004, <strong>la tienda se traslad\u00f3 a la Avenida Alameda, 62<\/strong> llegando as\u00ed a la que actualmente es la zona comercial m\u00e1s importante de Alcoy y cambiando el nombre a <strong>\u201cJUCA hombre\u201d<\/strong> renovando por completo las instalaciones en concordancia con los nuevos tiempos, <strong>adapt\u00e1ndose a las nuevas tendencias<\/strong> y especializ\u00e1ndose totalmente en el trato con los clientes.<\/p>\n<p style=\"text-align: justify;\">La significante mejora del servicio y calidad,<strong> supuso recibir el distintivo de la FVQ<\/strong> (Fundaci\u00f3n Valenciana de la Calidad), y el <strong>certificado de la calidad AENOR<\/strong>, por comercio excelente.<\/p>\n<p style=\"text-align: justify;\"><strong>Nueva gerencia<\/strong><\/p>\n<p style=\"text-align: justify;\">Juca moda hombre es <strong>una empresa que lleva largo tiempo vistiendo al hombre en Alcoy<\/strong> con una trayectoria profesional de m\u00e1s de 60 a\u00f1os.<\/p>\n<p style=\"text-align: justify;\">Desde 2016 <strong>Alexis Pascual Llopis<\/strong> <strong>asume la gesti\u00f3n de la tienda<\/strong>\u00a0y la sastrer\u00eda de Juca hombre y pretende ahondar mucho m\u00e1s\u00a0en el mundo internacional sin olvidar todo lo referente al mercado nacional en moda masculina.<\/p>\n<p style=\"text-align: justify;\"><a href=\"https:\/\/www.copealcoy.es\/wp-content\/uploads\/2017\/05\/Alexis-Pascual.jpg\"><img loading=\"lazy\" decoding=\"async\" class=\"wp-image-31726 size-full aligncenter\" src=\"https:\/\/www.copealcoy.es\/wp-content\/uploads\/2017\/05\/Alexis-Pascual.jpg\" alt=\"\" width=\"600\" height=\"400\" srcset=\"https:\/\/www.copealcoy.es\/wp-content\/uploads\/2017\/05\/Alexis-Pascual.jpg 600w, https:\/\/www.copealcoy.es\/wp-content\/uploads\/2017\/05\/Alexis-Pascual-300x200.jpg 300w\" sizes=\"auto, (max-width: 600px) 100vw, 600px\" \/><\/a><\/p>\n<p style=\"text-align: justify;\">En JUCA <strong>encontrar\u00e1s las mejores marcas y la mejor calidad<\/strong> en trajes de ceremonia, a \u00a0medida y confeccionado con todo tipo de marcas de punto, complementos y prendas de sport para vestir al hombre, siempre con las \u00faltimas tendencias y novedades del momento, de la mano de los mejores dise\u00f1adores y marcas del panorama nacional e internacional como: CARLO PIGNATELLI..,\u00a0MAESTRAMI,\u2026ROBERTO VICENTTI\u2026, EDUARDO BOSCH\u2026; LUBIAM\u2026; ETIEM en moda Ceremonia y, HARMONT&amp;BLAINE\u2026FLORENTINO&#8230;FRED PERRY&#8230;LA MARTINA\u2026ETIEM&#8230;U.S.POLO\u2026BARBOUR\u2026TOMMY HILFIGER\u2026GEOX\u2026INGRAM\u2026SAVE THE DUCK en moda Sport y Vestir.<\/p>\n<p style=\"text-align: justify;\"><strong>Tendencias Primavera &#8211; Verano 2017<\/strong><\/p>\n<p style=\"text-align: justify;\">Primavera- verano 2017, <strong>viene en l\u00edneas transgresoras, descaradas y muy masculinas<\/strong> en una moda llena de color y optimismo, ropas m\u00e1s holgadas para ofrecer mayor movimiento, camisas de\u00a0cuadros combinando con rayas\u00a0en un abanico de colores. Los <strong>pantalones<\/strong> ser\u00e1n ajustados pero huyendo de los pantalones pitillos. Los <strong>colores para esta temporada estival<\/strong> son los rojos, ocres, caqui, azul marino, rosa, verde hierba, blancos y verde militar.<\/p>\n<p style=\"text-align: justify;\"><a href=\"https:\/\/www.copealcoy.es\/wp-content\/uploads\/2017\/05\/Trajes-1.jpg\"><img loading=\"lazy\" decoding=\"async\" class=\"wp-image-31728 size-full aligncenter\" src=\"https:\/\/www.copealcoy.es\/wp-content\/uploads\/2017\/05\/Trajes-1.jpg\" alt=\"\" width=\"487\" height=\"155\" srcset=\"https:\/\/www.copealcoy.es\/wp-content\/uploads\/2017\/05\/Trajes-1.jpg 487w, https:\/\/www.copealcoy.es\/wp-content\/uploads\/2017\/05\/Trajes-1-300x95.jpg 300w\" sizes=\"auto, (max-width: 487px) 100vw, 487px\" \/><\/a><\/p>\n<p style=\"text-align: justify;\">Las <strong>chaquetas<\/strong>\u00a0para esta temporada en lo que se refiere a la moda de hombre resaltan los hombros masculinos con\u00a0hombreras algo m\u00e1s grandes, mientras que adem\u00e1s recuperan el segundo bot\u00f3n, desaparecido hace algunas temporadas. Las <strong>solapas estrechas a contraste con los grandes cuellos<\/strong> de las camisas.\u00a0Las chaquetas m\u00e1s atrevidas se unen a la<strong> moda de los cuadros<\/strong>, creando looks muy brit\u00e1nicos.<\/p>\n<p style=\"text-align: justify;\"><a href=\"https:\/\/www.copealcoy.es\/wp-content\/uploads\/2017\/05\/Trajes-2.jpg\"><img loading=\"lazy\" decoding=\"async\" class=\"wp-image-31729 size-full aligncenter\" src=\"https:\/\/www.copealcoy.es\/wp-content\/uploads\/2017\/05\/Trajes-2.jpg\" alt=\"\" width=\"487\" height=\"155\" srcset=\"https:\/\/www.copealcoy.es\/wp-content\/uploads\/2017\/05\/Trajes-2.jpg 487w, https:\/\/www.copealcoy.es\/wp-content\/uploads\/2017\/05\/Trajes-2-300x95.jpg 300w\" sizes=\"auto, (max-width: 487px) 100vw, 487px\" \/><\/a><\/p>\n<p style=\"text-align: justify;\">En <strong>Moda Casual<\/strong> la moda hombre se centra en un hombre intr\u00e9pido y viajero que prefiere la comodidad al formalismo, para ellos<strong> tonos s\u00f3lidos y fuertes<\/strong>. Las l\u00edneas holgadas muy al estilo de la <strong>ropa deportiva<\/strong> pero con mucho estilo.<\/p>\n<p style=\"text-align: justify;\">Los<strong> tejidos naturales como algodones e hilo<\/strong> son las estrellas en las\u00a0prendas de sport masculinas. Tejidos metalizados y anchos en colores verdes, negros, azul marino o granate.<\/p>\n<p style=\"text-align: justify;\"><strong>Tendencias novios 2017<\/strong><\/p>\n<p style=\"text-align: justify;\">La tendencia actual<strong> son los cortes slim fit, trajes elegantes y estilizados para el novio millenial<\/strong> que quiere brillar en su gran d\u00eda. Destaca tambi\u00e9n la introducci\u00f3n del color, con todas las tonalidades de azul y gris pasando por los tonos vino. Y sin renunciar al negro.<\/p>\n<p style=\"text-align: justify;\">En cualquiera de sus tonalidades, <strong>el azul ser\u00e1 el rey de la fiesta<\/strong> combinado con complementos en cuero: los que mejor le encajan son los de cuero marr\u00f3n. Pod\u00e9is encontrar propuestas desde un azul muy sutil hasta el marino, pasando por los tonos intensos y los el\u00e9ctricos. Para los m\u00e1s atrevidos, <strong>camisas en rosa o tonos pastel<\/strong>. Pero en general triunfar\u00e1n los complementos en negro y burdeos.<\/p>\n<p style=\"text-align: justify;\"><a href=\"https:\/\/www.copealcoy.es\/wp-content\/uploads\/2017\/05\/Trajes-3.jpg\"><img loading=\"lazy\" decoding=\"async\" class=\"wp-image-31730 size-full aligncenter\" src=\"https:\/\/www.copealcoy.es\/wp-content\/uploads\/2017\/05\/Trajes-3.jpg\" alt=\"\" width=\"487\" height=\"155\" srcset=\"https:\/\/www.copealcoy.es\/wp-content\/uploads\/2017\/05\/Trajes-3.jpg 487w, https:\/\/www.copealcoy.es\/wp-content\/uploads\/2017\/05\/Trajes-3-300x95.jpg 300w\" sizes=\"auto, (max-width: 487px) 100vw, 487px\" \/><\/a><\/p>\n<p style=\"text-align: justify;\">JUCA HOMBRE, en Alameda 62, Alcoy, <strong>tu tienda especializada en moda<\/strong> donde podr\u00e1s encontrar\u00a0las \u00faltimas tendencias en moda y complementos con un amplio abanico de productos como trajes de ceremonia, abrigos, americanas, punto, calzado, etc\u2026<\/p>\n","protected":false},"excerpt":{"rendered":"<p>JUCA abri\u00f3 sus puertas en Alcoy el a\u00f1o 1958, con el nombre de \u201cSastrer\u00eda JUCA\u201d especializ\u00e1ndose \u00fanicamente en la creaci\u00f3n&#8230;<\/p>\n","protected":false},"author":1,"featured_media":31723,"comment_status":"open","ping_status":"open","sticky":false,"template":"","format":"standard","meta":{"footnotes":""},"categories":[310],"tags":[1494,4142,4140,4141],"class_list":["post-31722","post","type-post","status-publish","format-standard","has-post-thumbnail","hentry","category-reportajes","tag-alcoy","tag-alexis-pascual","tag-juca-hombre","tag-moda-masculina"],"yoast_head":"<!-- This site is optimized with the Yoast SEO plugin v27.3 - https:\/\/yoast.com\/product\/yoast-seo-wordpress\/ -->\n<title>Juca Hombre, m\u00e1s de 60 a\u00f1os de experiencia a tu servicio - COPE Alcoy<\/title>\n<meta name=\"robots\" content=\"index, follow, max-snippet:-1, max-image-preview:large, max-video-preview:-1\" \/>\n<link rel=\"canonical\" href=\"https:\/\/www.copealcoy.es\/es\/juca-hombre-mas-de-60-anos-de-experiencia-a-tu-servicio\/\" \/>\n<meta property=\"og:locale\" content=\"es_ES\" \/>\n<meta property=\"og:type\" content=\"article\" \/>\n<meta property=\"og:title\" content=\"Juca Hombre, m\u00e1s de 60 a\u00f1os de experiencia a tu servicio - COPE Alcoy\" \/>\n<meta property=\"og:description\" content=\"JUCA abri\u00f3 sus puertas en Alcoy el a\u00f1o 1958, con el nombre de \u201cSastrer\u00eda JUCA\u201d especializ\u00e1ndose \u00fanicamente en la creaci\u00f3n...\" \/>\n<meta property=\"og:url\" content=\"https:\/\/www.copealcoy.es\/es\/juca-hombre-mas-de-60-anos-de-experiencia-a-tu-servicio\/\" \/>\n<meta property=\"og:site_name\" content=\"COPE Alcoy\" \/>\n<meta property=\"article:published_time\" content=\"2017-05-14T11:37:22+00:00\" \/>\n<meta property=\"article:modified_time\" content=\"2017-05-14T11:48:30+00:00\" \/>\n<meta property=\"og:image\" content=\"https:\/\/www.copealcoy.es\/wp-content\/uploads\/2017\/05\/Juca.jpg\" \/>\n\t<meta property=\"og:image:width\" content=\"640\" \/>\n\t<meta property=\"og:image:height\" content=\"480\" \/>\n\t<meta property=\"og:image:type\" content=\"image\/jpeg\" \/>\n<meta name=\"author\" content=\"Cope Alcoy\" \/>\n<meta name=\"twitter:label1\" content=\"Escrito por\" \/>\n\t<meta name=\"twitter:data1\" content=\"Cope Alcoy\" \/>\n\t<meta name=\"twitter:label2\" content=\"Tiempo de lectura\" \/>\n\t<meta name=\"twitter:data2\" content=\"4 minutos\" \/>\n<script type=\"application\/ld+json\" class=\"yoast-schema-graph\">{\"@context\":\"https:\\\/\\\/schema.org\",\"@graph\":[{\"@type\":\"Article\",\"@id\":\"https:\\\/\\\/www.copealcoy.es\\\/es\\\/juca-hombre-mas-de-60-anos-de-experiencia-a-tu-servicio\\\/#article\",\"isPartOf\":{\"@id\":\"https:\\\/\\\/www.copealcoy.es\\\/es\\\/juca-hombre-mas-de-60-anos-de-experiencia-a-tu-servicio\\\/\"},\"author\":{\"name\":\"Cope Alcoy\",\"@id\":\"https:\\\/\\\/www.copealcoy.es\\\/es\\\/#\\\/schema\\\/person\\\/e777c87fa024e57d40170af9df39882c\"},\"headline\":\"Juca Hombre, m\u00e1s de 60 a\u00f1os de experiencia a tu servicio\",\"datePublished\":\"2017-05-14T11:37:22+00:00\",\"dateModified\":\"2017-05-14T11:48:30+00:00\",\"mainEntityOfPage\":{\"@id\":\"https:\\\/\\\/www.copealcoy.es\\\/es\\\/juca-hombre-mas-de-60-anos-de-experiencia-a-tu-servicio\\\/\"},\"wordCount\":773,\"commentCount\":0,\"image\":{\"@id\":\"https:\\\/\\\/www.copealcoy.es\\\/es\\\/juca-hombre-mas-de-60-anos-de-experiencia-a-tu-servicio\\\/#primaryimage\"},\"thumbnailUrl\":\"https:\\\/\\\/www.copealcoy.es\\\/wp-content\\\/uploads\\\/2017\\\/05\\\/Juca.jpg\",\"keywords\":[\"Alcoy\",\"Alexis Pascual\",\"Juca Hombre\",\"Moda Masculina\"],\"articleSection\":[\"Reportajes\"],\"inLanguage\":\"es\"},{\"@type\":\"WebPage\",\"@id\":\"https:\\\/\\\/www.copealcoy.es\\\/es\\\/juca-hombre-mas-de-60-anos-de-experiencia-a-tu-servicio\\\/\",\"url\":\"https:\\\/\\\/www.copealcoy.es\\\/es\\\/juca-hombre-mas-de-60-anos-de-experiencia-a-tu-servicio\\\/\",\"name\":\"Juca Hombre, m\u00e1s de 60 a\u00f1os de experiencia a tu servicio - COPE Alcoy\",\"isPartOf\":{\"@id\":\"https:\\\/\\\/www.copealcoy.es\\\/es\\\/#website\"},\"primaryImageOfPage\":{\"@id\":\"https:\\\/\\\/www.copealcoy.es\\\/es\\\/juca-hombre-mas-de-60-anos-de-experiencia-a-tu-servicio\\\/#primaryimage\"},\"image\":{\"@id\":\"https:\\\/\\\/www.copealcoy.es\\\/es\\\/juca-hombre-mas-de-60-anos-de-experiencia-a-tu-servicio\\\/#primaryimage\"},\"thumbnailUrl\":\"https:\\\/\\\/www.copealcoy.es\\\/wp-content\\\/uploads\\\/2017\\\/05\\\/Juca.jpg\",\"datePublished\":\"2017-05-14T11:37:22+00:00\",\"dateModified\":\"2017-05-14T11:48:30+00:00\",\"author\":{\"@id\":\"https:\\\/\\\/www.copealcoy.es\\\/es\\\/#\\\/schema\\\/person\\\/e777c87fa024e57d40170af9df39882c\"},\"breadcrumb\":{\"@id\":\"https:\\\/\\\/www.copealcoy.es\\\/es\\\/juca-hombre-mas-de-60-anos-de-experiencia-a-tu-servicio\\\/#breadcrumb\"},\"inLanguage\":\"es\",\"potentialAction\":[{\"@type\":\"ReadAction\",\"target\":[\"https:\\\/\\\/www.copealcoy.es\\\/es\\\/juca-hombre-mas-de-60-anos-de-experiencia-a-tu-servicio\\\/\"]}]},{\"@type\":\"ImageObject\",\"inLanguage\":\"es\",\"@id\":\"https:\\\/\\\/www.copealcoy.es\\\/es\\\/juca-hombre-mas-de-60-anos-de-experiencia-a-tu-servicio\\\/#primaryimage\",\"url\":\"https:\\\/\\\/www.copealcoy.es\\\/wp-content\\\/uploads\\\/2017\\\/05\\\/Juca.jpg\",\"contentUrl\":\"https:\\\/\\\/www.copealcoy.es\\\/wp-content\\\/uploads\\\/2017\\\/05\\\/Juca.jpg\",\"width\":640,\"height\":480},{\"@type\":\"BreadcrumbList\",\"@id\":\"https:\\\/\\\/www.copealcoy.es\\\/es\\\/juca-hombre-mas-de-60-anos-de-experiencia-a-tu-servicio\\\/#breadcrumb\",\"itemListElement\":[{\"@type\":\"ListItem\",\"position\":1,\"name\":\"Portada\",\"item\":\"https:\\\/\\\/www.copealcoy.es\\\/es\\\/\"},{\"@type\":\"ListItem\",\"position\":2,\"name\":\"Juca Hombre, m\u00e1s de 60 a\u00f1os de experiencia a tu servicio\"}]},{\"@type\":\"WebSite\",\"@id\":\"https:\\\/\\\/www.copealcoy.es\\\/es\\\/#website\",\"url\":\"https:\\\/\\\/www.copealcoy.es\\\/es\\\/\",\"name\":\"COPE Alcoy\",\"description\":\"Emisora COPE de radio local con emisi\u00f3n online. Pont de Sant Jordi 8-10 03803 Alcoy\",\"potentialAction\":[{\"@type\":\"SearchAction\",\"target\":{\"@type\":\"EntryPoint\",\"urlTemplate\":\"https:\\\/\\\/www.copealcoy.es\\\/es\\\/?s={search_term_string}\"},\"query-input\":{\"@type\":\"PropertyValueSpecification\",\"valueRequired\":true,\"valueName\":\"search_term_string\"}}],\"inLanguage\":\"es\"},{\"@type\":\"Person\",\"@id\":\"https:\\\/\\\/www.copealcoy.es\\\/es\\\/#\\\/schema\\\/person\\\/e777c87fa024e57d40170af9df39882c\",\"name\":\"Cope Alcoy\",\"image\":{\"@type\":\"ImageObject\",\"inLanguage\":\"es\",\"@id\":\"https:\\\/\\\/secure.gravatar.com\\\/avatar\\\/bb65d0283347e303893ba14f0692005417c1e0e690a325a4c5d8bb2b3943ee14?s=96&d=mm&r=g\",\"url\":\"https:\\\/\\\/secure.gravatar.com\\\/avatar\\\/bb65d0283347e303893ba14f0692005417c1e0e690a325a4c5d8bb2b3943ee14?s=96&d=mm&r=g\",\"contentUrl\":\"https:\\\/\\\/secure.gravatar.com\\\/avatar\\\/bb65d0283347e303893ba14f0692005417c1e0e690a325a4c5d8bb2b3943ee14?s=96&d=mm&r=g\",\"caption\":\"Cope Alcoy\"}}]}<\/script>\n<!-- \/ Yoast SEO plugin. -->","yoast_head_json":{"title":"Juca Hombre, m\u00e1s de 60 a\u00f1os de experiencia a tu servicio - COPE Alcoy","robots":{"index":"index","follow":"follow","max-snippet":"max-snippet:-1","max-image-preview":"max-image-preview:large","max-video-preview":"max-video-preview:-1"},"canonical":"https:\/\/www.copealcoy.es\/es\/juca-hombre-mas-de-60-anos-de-experiencia-a-tu-servicio\/","og_locale":"es_ES","og_type":"article","og_title":"Juca Hombre, m\u00e1s de 60 a\u00f1os de experiencia a tu servicio - COPE Alcoy","og_description":"JUCA abri\u00f3 sus puertas en Alcoy el a\u00f1o 1958, con el nombre de \u201cSastrer\u00eda JUCA\u201d especializ\u00e1ndose \u00fanicamente en la creaci\u00f3n...","og_url":"https:\/\/www.copealcoy.es\/es\/juca-hombre-mas-de-60-anos-de-experiencia-a-tu-servicio\/","og_site_name":"COPE Alcoy","article_published_time":"2017-05-14T11:37:22+00:00","article_modified_time":"2017-05-14T11:48:30+00:00","og_image":[{"width":640,"height":480,"url":"https:\/\/www.copealcoy.es\/wp-content\/uploads\/2017\/05\/Juca.jpg","type":"image\/jpeg"}],"author":"Cope Alcoy","twitter_misc":{"Escrito por":"Cope Alcoy","Tiempo de lectura":"4 minutos"},"schema":{"@context":"https:\/\/schema.org","@graph":[{"@type":"Article","@id":"https:\/\/www.copealcoy.es\/es\/juca-hombre-mas-de-60-anos-de-experiencia-a-tu-servicio\/#article","isPartOf":{"@id":"https:\/\/www.copealcoy.es\/es\/juca-hombre-mas-de-60-anos-de-experiencia-a-tu-servicio\/"},"author":{"name":"Cope Alcoy","@id":"https:\/\/www.copealcoy.es\/es\/#\/schema\/person\/e777c87fa024e57d40170af9df39882c"},"headline":"Juca Hombre, m\u00e1s de 60 a\u00f1os de experiencia a tu servicio","datePublished":"2017-05-14T11:37:22+00:00","dateModified":"2017-05-14T11:48:30+00:00","mainEntityOfPage":{"@id":"https:\/\/www.copealcoy.es\/es\/juca-hombre-mas-de-60-anos-de-experiencia-a-tu-servicio\/"},"wordCount":773,"commentCount":0,"image":{"@id":"https:\/\/www.copealcoy.es\/es\/juca-hombre-mas-de-60-anos-de-experiencia-a-tu-servicio\/#primaryimage"},"thumbnailUrl":"https:\/\/www.copealcoy.es\/wp-content\/uploads\/2017\/05\/Juca.jpg","keywords":["Alcoy","Alexis Pascual","Juca Hombre","Moda Masculina"],"articleSection":["Reportajes"],"inLanguage":"es"},{"@type":"WebPage","@id":"https:\/\/www.copealcoy.es\/es\/juca-hombre-mas-de-60-anos-de-experiencia-a-tu-servicio\/","url":"https:\/\/www.copealcoy.es\/es\/juca-hombre-mas-de-60-anos-de-experiencia-a-tu-servicio\/","name":"Juca Hombre, m\u00e1s de 60 a\u00f1os de experiencia a tu servicio - COPE Alcoy","isPartOf":{"@id":"https:\/\/www.copealcoy.es\/es\/#website"},"primaryImageOfPage":{"@id":"https:\/\/www.copealcoy.es\/es\/juca-hombre-mas-de-60-anos-de-experiencia-a-tu-servicio\/#primaryimage"},"image":{"@id":"https:\/\/www.copealcoy.es\/es\/juca-hombre-mas-de-60-anos-de-experiencia-a-tu-servicio\/#primaryimage"},"thumbnailUrl":"https:\/\/www.copealcoy.es\/wp-content\/uploads\/2017\/05\/Juca.jpg","datePublished":"2017-05-14T11:37:22+00:00","dateModified":"2017-05-14T11:48:30+00:00","author":{"@id":"https:\/\/www.copealcoy.es\/es\/#\/schema\/person\/e777c87fa024e57d40170af9df39882c"},"breadcrumb":{"@id":"https:\/\/www.copealcoy.es\/es\/juca-hombre-mas-de-60-anos-de-experiencia-a-tu-servicio\/#breadcrumb"},"inLanguage":"es","potentialAction":[{"@type":"ReadAction","target":["https:\/\/www.copealcoy.es\/es\/juca-hombre-mas-de-60-anos-de-experiencia-a-tu-servicio\/"]}]},{"@type":"ImageObject","inLanguage":"es","@id":"https:\/\/www.copealcoy.es\/es\/juca-hombre-mas-de-60-anos-de-experiencia-a-tu-servicio\/#primaryimage","url":"https:\/\/www.copealcoy.es\/wp-content\/uploads\/2017\/05\/Juca.jpg","contentUrl":"https:\/\/www.copealcoy.es\/wp-content\/uploads\/2017\/05\/Juca.jpg","width":640,"height":480},{"@type":"BreadcrumbList","@id":"https:\/\/www.copealcoy.es\/es\/juca-hombre-mas-de-60-anos-de-experiencia-a-tu-servicio\/#breadcrumb","itemListElement":[{"@type":"ListItem","position":1,"name":"Portada","item":"https:\/\/www.copealcoy.es\/es\/"},{"@type":"ListItem","position":2,"name":"Juca Hombre, m\u00e1s de 60 a\u00f1os de experiencia a tu servicio"}]},{"@type":"WebSite","@id":"https:\/\/www.copealcoy.es\/es\/#website","url":"https:\/\/www.copealcoy.es\/es\/","name":"COPE Alcoy","description":"Emisora COPE de radio local con emisi\u00f3n online. Pont de Sant Jordi 8-10 03803 Alcoy","potentialAction":[{"@type":"SearchAction","target":{"@type":"EntryPoint","urlTemplate":"https:\/\/www.copealcoy.es\/es\/?s={search_term_string}"},"query-input":{"@type":"PropertyValueSpecification","valueRequired":true,"valueName":"search_term_string"}}],"inLanguage":"es"},{"@type":"Person","@id":"https:\/\/www.copealcoy.es\/es\/#\/schema\/person\/e777c87fa024e57d40170af9df39882c","name":"Cope Alcoy","image":{"@type":"ImageObject","inLanguage":"es","@id":"https:\/\/secure.gravatar.com\/avatar\/bb65d0283347e303893ba14f0692005417c1e0e690a325a4c5d8bb2b3943ee14?s=96&d=mm&r=g","url":"https:\/\/secure.gravatar.com\/avatar\/bb65d0283347e303893ba14f0692005417c1e0e690a325a4c5d8bb2b3943ee14?s=96&d=mm&r=g","contentUrl":"https:\/\/secure.gravatar.com\/avatar\/bb65d0283347e303893ba14f0692005417c1e0e690a325a4c5d8bb2b3943ee14?s=96&d=mm&r=g","caption":"Cope Alcoy"}}]}},"_links":{"self":[{"href":"https:\/\/www.copealcoy.es\/es\/wp-json\/wp\/v2\/posts\/31722","targetHints":{"allow":["GET"]}}],"collection":[{"href":"https:\/\/www.copealcoy.es\/es\/wp-json\/wp\/v2\/posts"}],"about":[{"href":"https:\/\/www.copealcoy.es\/es\/wp-json\/wp\/v2\/types\/post"}],"author":[{"embeddable":true,"href":"https:\/\/www.copealcoy.es\/es\/wp-json\/wp\/v2\/users\/1"}],"replies":[{"embeddable":true,"href":"https:\/\/www.copealcoy.es\/es\/wp-json\/wp\/v2\/comments?post=31722"}],"version-history":[{"count":0,"href":"https:\/\/www.copealcoy.es\/es\/wp-json\/wp\/v2\/posts\/31722\/revisions"}],"wp:featuredmedia":[{"embeddable":true,"href":"https:\/\/www.copealcoy.es\/es\/wp-json\/wp\/v2\/media\/31723"}],"wp:attachment":[{"href":"https:\/\/www.copealcoy.es\/es\/wp-json\/wp\/v2\/media?parent=31722"}],"wp:term":[{"taxonomy":"category","embeddable":true,"href":"https:\/\/www.copealcoy.es\/es\/wp-json\/wp\/v2\/categories?post=31722"},{"taxonomy":"post_tag","embeddable":true,"href":"https:\/\/www.copealcoy.es\/es\/wp-json\/wp\/v2\/tags?post=31722"}],"curies":[{"name":"wp","href":"https:\/\/api.w.org\/{rel}","templated":true}]}}