{"id":31720,"date":"2017-05-14T21:32:09","date_gmt":"2017-05-14T21:32:09","guid":{"rendered":"http:\/\/copealcoi.es\/new\/?p=31720"},"modified":"2017-09-08T11:17:36","modified_gmt":"2017-09-08T11:17:36","slug":"los-cristianos-entran-con-fuerza-y-solemnidad-a-muro","status":"publish","type":"post","link":"https:\/\/www.copealcoy.es\/es\/los-cristianos-entran-con-fuerza-y-solemnidad-a-muro\/","title":{"rendered":"Los Cristianos entran con fuerza y solemnidad a Muro"},"content":{"rendered":"<p style=\"text-align: justify;\">Muro continu\u00f3\u00a0celebrando ayer domingo <strong>sus fiestas de moros y cristianos<\/strong> y\u00a0por la ma\u00f1ana se llevaron a cabo varios actos en honor a la patrona, <strong>la Virgen de los Desamparados<\/strong>, como <strong>la ofrenda floral, la misa mayor y el disparo de una atronadora <em>masclet\u00e0<\/em><\/strong>\u00a0a mediod\u00eda en la Plaza de la Ermita.<\/p>\n<p style=\"text-align: justify;\">Pasadas las cinco y media de la tarde dio comienzo la<strong> Entrada Cristiana<\/strong> y en este 2017 <strong>la Fil\u00e0 Mare de D\u00e9u<\/strong> fue la encargada de abrir el desfile al ostentar la capitan\u00eda cristiana. La percusi\u00f3n volvi\u00f3 a acompa\u00f1ar en el inicio al <strong>bander\u00edn de la Junta de Fiestas<\/strong> y seguidamente <strong>las danzas medievales,\u00a0<\/strong><strong>junto a las escuadras especiales<\/strong> con trajes guerreros, tomaron las calles de la poblaci\u00f3n. Tambi\u00e9n se recrearon oficios antiguos y torneos mientras que <strong>un nutrido grupo de j\u00f3venes portando estandartes<\/strong> anunci\u00f3 la llegada del m\u00e1ximo representante de las tropas de la cruz.\u00a0El capit\u00e1n cristiano, <strong>Marcos Rodr\u00edguez<\/strong>, recorri\u00f3 las calles de Muro acompa\u00f1ado por su hermana Amparo, su sobrina Martina y sus amigos; al mismo tiempo que apost\u00f3 por\u00a0<strong>un traje en tonos blancos negros y rojos<\/strong> dise\u00f1ado por Jos\u00e9 Moi\u00f1a. Tambi\u00e9n la m\u00fasica tuvo un papel importante y en este caso <strong>los m\u00fasicos de la Uni\u00f3n Musical de Muro<\/strong> hicieron sonar <strong>la marcha cristiana\u00a0<\/strong><em><strong>Aleluia<\/strong>\u00a0<\/em>del compositor Amando Blanquer.<\/p>\n<p style=\"text-align: justify;\">La Entrada Cristiana sigui\u00f3 tras la capitan\u00eda y a continuaci\u00f3n <strong>fue el turno de les filaes Maseros, Templaris<\/strong> que celebran el\u00a0d\u00e9cimo aniversario de su fundaci\u00f3n, <strong>Contrabandistas y Piratas<\/strong>. Como suele ser habitual todas las formaciones <strong>aportaron al desfile su escuadra oficial<\/strong> pero tambi\u00e9n varias\u00a0<strong>escuadras de negros<\/strong> con trajes especiales. Del mismo modo, al igual que sucedi\u00f3 ayer con el bando moro,<strong> los m\u00e1s peque\u00f1os tomaron parte en el acto<\/strong> montados en carrozas desde las que lanzaron al p\u00fablico numerosos objetos o golosinas.<\/p>\n<p style=\"text-align: justify;\">El colof\u00f3n a la Entrada de Cristianos lo puso <strong>la Fil\u00e0 Arqueros<\/strong> con su joven abanderada\u00a0de 22 a\u00f1os, <strong>Tamara Valls<\/strong>. La formaci\u00f3n quiso hacer honor a su nombre en el boato de este cargo y por este motivo <strong>represent\u00f3\u00a0en las calles mureras la leyenda del m\u00edtico Robin Hood<\/strong> por medio de coreograf\u00edas protagonizadas por animales en las que no faltaron los elementos de vegetaci\u00f3n. La abanderada desfil\u00f3 junto a su primo Daniel Vilaplana sobre una plataforma portada a hombros por esclavos y\u00a0a los sones de <strong>la marcha cristiana\u00a0\u2018Veu i Ensenya\u2019<\/strong>, del compositor de la vecina ciudad d\u00b4Ontinyent Sa\u00fcl G\u00f3mez i Soler. En cuanto al traje indicar que Tamara Valls\u00a0port\u00f3 <strong>un guerrero\u00a0dise\u00f1o con metales y predominio\u00a0de los colores\u00a0<\/strong>amarillos y rojos.<\/p>\n<figure id=\"attachment_31743\" aria-describedby=\"caption-attachment-31743\" style=\"width: 618px\" class=\"wp-caption aligncenter\"><a href=\"https:\/\/www.copealcoy.es\/wp-content\/uploads\/2017\/05\/IMG_4296.jpg\"><img loading=\"lazy\" decoding=\"async\" class=\"wp-image-31743 size-large\" src=\"https:\/\/www.copealcoy.es\/wp-content\/uploads\/2017\/05\/IMG_4296-1024x768.jpg\" alt=\"\" width=\"618\" height=\"464\" srcset=\"https:\/\/www.copealcoy.es\/wp-content\/uploads\/2017\/05\/IMG_4296-1024x768.jpg 1024w, https:\/\/www.copealcoy.es\/wp-content\/uploads\/2017\/05\/IMG_4296-300x225.jpg 300w, https:\/\/www.copealcoy.es\/wp-content\/uploads\/2017\/05\/IMG_4296-768x576.jpg 768w\" sizes=\"auto, (max-width: 618px) 100vw, 618px\" \/><\/a><figcaption id=\"caption-attachment-31743\" class=\"wp-caption-text\">Tamara Valls, abanderada cristiana de la Fil\u00e0 Arqueros, cerr\u00f3 la Entrada \/ Foto: G. Pascual<\/figcaption><\/figure>\n<p style=\"text-align: justify;\">La jornada de ayer finaliz\u00f3 con la solemne procesi\u00f3n de la patrona, <strong>la Virgen de los Desamparados<\/strong>, que recorri\u00f3 algunas de las calles del casco antiguo de Muro hasta finalizar en el templo parroquial de San Juan Bautista al filo de la medianoche.<\/p>\n<p><iframe loading=\"lazy\" title=\"Capit\u00e1n Cristiano Fil\u00e0 Mare de D\u00e9u Muro 2017\" width=\"1200\" height=\"675\" src=\"https:\/\/www.youtube.com\/embed\/elGyndZZDkk?feature=oembed\" frameborder=\"0\" allow=\"accelerometer; autoplay; encrypted-media; gyroscope; picture-in-picture\" allowfullscreen><\/iframe><\/p>\n<p><iframe loading=\"lazy\" title=\"Abanderada Cristiana Fil\u00e0 Arquers Muro 2017\" width=\"1200\" height=\"675\" src=\"https:\/\/www.youtube.com\/embed\/cyKRoefGC_8?feature=oembed\" frameborder=\"0\" allow=\"accelerometer; autoplay; encrypted-media; gyroscope; picture-in-picture\" allowfullscreen><\/iframe><\/p>\n","protected":false},"excerpt":{"rendered":"<p>Muro continu\u00f3\u00a0celebrando ayer domingo sus fiestas de moros y cristianos y\u00a0por la ma\u00f1ana se llevaron a cabo varios actos en&#8230;<\/p>\n","protected":false},"author":1,"featured_media":31740,"comment_status":"open","ping_status":"open","sticky":false,"template":"","format":"standard","meta":{"footnotes":""},"categories":[98,75,125],"tags":[4139,1987,1397,609,135],"class_list":["post-31720","post","type-post","status-publish","format-standard","has-post-thumbnail","hentry","category-comarcas","category-noticias","category-portada","tag-arquers","tag-entrada","tag-mare-de-deu","tag-moros-y-cristianos","tag-muro"],"yoast_head":"<!-- This site is optimized with the Yoast SEO plugin v27.3 - https:\/\/yoast.com\/product\/yoast-seo-wordpress\/ -->\n<title>Los Cristianos entran con fuerza y solemnidad a Muro - COPE Alcoy<\/title>\n<meta name=\"robots\" content=\"index, follow, max-snippet:-1, max-image-preview:large, max-video-preview:-1\" \/>\n<link rel=\"canonical\" href=\"https:\/\/www.copealcoy.es\/es\/los-cristianos-entran-con-fuerza-y-solemnidad-a-muro\/\" \/>\n<meta property=\"og:locale\" content=\"es_ES\" \/>\n<meta property=\"og:type\" content=\"article\" \/>\n<meta property=\"og:title\" content=\"Los Cristianos entran con fuerza y solemnidad a Muro - COPE Alcoy\" \/>\n<meta property=\"og:description\" content=\"Muro continu\u00f3\u00a0celebrando ayer domingo sus fiestas de moros y cristianos y\u00a0por la ma\u00f1ana se llevaron a cabo varios actos en...\" \/>\n<meta property=\"og:url\" content=\"https:\/\/www.copealcoy.es\/es\/los-cristianos-entran-con-fuerza-y-solemnidad-a-muro\/\" \/>\n<meta property=\"og:site_name\" content=\"COPE Alcoy\" \/>\n<meta property=\"article:published_time\" content=\"2017-05-14T21:32:09+00:00\" \/>\n<meta property=\"article:modified_time\" content=\"2017-09-08T11:17:36+00:00\" \/>\n<meta property=\"og:image\" content=\"https:\/\/www.copealcoy.es\/wp-content\/uploads\/2017\/05\/IMG_5877.jpg\" \/>\n\t<meta property=\"og:image:width\" content=\"2125\" \/>\n\t<meta property=\"og:image:height\" content=\"1328\" \/>\n\t<meta property=\"og:image:type\" content=\"image\/jpeg\" \/>\n<meta name=\"author\" content=\"Cope Alcoy\" \/>\n<meta name=\"twitter:label1\" content=\"Escrito por\" \/>\n\t<meta name=\"twitter:data1\" content=\"Cope Alcoy\" \/>\n\t<meta name=\"twitter:label2\" content=\"Tiempo de lectura\" \/>\n\t<meta name=\"twitter:data2\" content=\"3 minutos\" \/>\n<script type=\"application\/ld+json\" class=\"yoast-schema-graph\">{\"@context\":\"https:\\\/\\\/schema.org\",\"@graph\":[{\"@type\":\"Article\",\"@id\":\"https:\\\/\\\/www.copealcoy.es\\\/es\\\/los-cristianos-entran-con-fuerza-y-solemnidad-a-muro\\\/#article\",\"isPartOf\":{\"@id\":\"https:\\\/\\\/www.copealcoy.es\\\/es\\\/los-cristianos-entran-con-fuerza-y-solemnidad-a-muro\\\/\"},\"author\":{\"name\":\"Cope Alcoy\",\"@id\":\"https:\\\/\\\/www.copealcoy.es\\\/es\\\/#\\\/schema\\\/person\\\/e777c87fa024e57d40170af9df39882c\"},\"headline\":\"Los Cristianos entran con fuerza y solemnidad a Muro\",\"datePublished\":\"2017-05-14T21:32:09+00:00\",\"dateModified\":\"2017-09-08T11:17:36+00:00\",\"mainEntityOfPage\":{\"@id\":\"https:\\\/\\\/www.copealcoy.es\\\/es\\\/los-cristianos-entran-con-fuerza-y-solemnidad-a-muro\\\/\"},\"wordCount\":546,\"commentCount\":0,\"image\":{\"@id\":\"https:\\\/\\\/www.copealcoy.es\\\/es\\\/los-cristianos-entran-con-fuerza-y-solemnidad-a-muro\\\/#primaryimage\"},\"thumbnailUrl\":\"https:\\\/\\\/www.copealcoy.es\\\/wp-content\\\/uploads\\\/2017\\\/05\\\/IMG_5877.jpg\",\"keywords\":[\"Arquers\",\"Entrada\",\"Mare de D\u00e9u\",\"Moros Y Cristianos\",\"Muro\"],\"articleSection\":[\"Comarcas\",\"Noticias\",\"Portada\"],\"inLanguage\":\"es\"},{\"@type\":\"WebPage\",\"@id\":\"https:\\\/\\\/www.copealcoy.es\\\/es\\\/los-cristianos-entran-con-fuerza-y-solemnidad-a-muro\\\/\",\"url\":\"https:\\\/\\\/www.copealcoy.es\\\/es\\\/los-cristianos-entran-con-fuerza-y-solemnidad-a-muro\\\/\",\"name\":\"Los Cristianos entran con fuerza y solemnidad a Muro - COPE Alcoy\",\"isPartOf\":{\"@id\":\"https:\\\/\\\/www.copealcoy.es\\\/es\\\/#website\"},\"primaryImageOfPage\":{\"@id\":\"https:\\\/\\\/www.copealcoy.es\\\/es\\\/los-cristianos-entran-con-fuerza-y-solemnidad-a-muro\\\/#primaryimage\"},\"image\":{\"@id\":\"https:\\\/\\\/www.copealcoy.es\\\/es\\\/los-cristianos-entran-con-fuerza-y-solemnidad-a-muro\\\/#primaryimage\"},\"thumbnailUrl\":\"https:\\\/\\\/www.copealcoy.es\\\/wp-content\\\/uploads\\\/2017\\\/05\\\/IMG_5877.jpg\",\"datePublished\":\"2017-05-14T21:32:09+00:00\",\"dateModified\":\"2017-09-08T11:17:36+00:00\",\"author\":{\"@id\":\"https:\\\/\\\/www.copealcoy.es\\\/es\\\/#\\\/schema\\\/person\\\/e777c87fa024e57d40170af9df39882c\"},\"breadcrumb\":{\"@id\":\"https:\\\/\\\/www.copealcoy.es\\\/es\\\/los-cristianos-entran-con-fuerza-y-solemnidad-a-muro\\\/#breadcrumb\"},\"inLanguage\":\"es\",\"potentialAction\":[{\"@type\":\"ReadAction\",\"target\":[\"https:\\\/\\\/www.copealcoy.es\\\/es\\\/los-cristianos-entran-con-fuerza-y-solemnidad-a-muro\\\/\"]}]},{\"@type\":\"ImageObject\",\"inLanguage\":\"es\",\"@id\":\"https:\\\/\\\/www.copealcoy.es\\\/es\\\/los-cristianos-entran-con-fuerza-y-solemnidad-a-muro\\\/#primaryimage\",\"url\":\"https:\\\/\\\/www.copealcoy.es\\\/wp-content\\\/uploads\\\/2017\\\/05\\\/IMG_5877.jpg\",\"contentUrl\":\"https:\\\/\\\/www.copealcoy.es\\\/wp-content\\\/uploads\\\/2017\\\/05\\\/IMG_5877.jpg\",\"width\":2125,\"height\":1328,\"caption\":\"El capit\u00e1n cristiano de la Fil\u00e0 Mare de D\u00e9u, Marcos Rodr\u00edguez, a su llegada a la Plaza de la Iglesia \\\/ Foto: G. Pascual\"},{\"@type\":\"BreadcrumbList\",\"@id\":\"https:\\\/\\\/www.copealcoy.es\\\/es\\\/los-cristianos-entran-con-fuerza-y-solemnidad-a-muro\\\/#breadcrumb\",\"itemListElement\":[{\"@type\":\"ListItem\",\"position\":1,\"name\":\"Portada\",\"item\":\"https:\\\/\\\/www.copealcoy.es\\\/es\\\/\"},{\"@type\":\"ListItem\",\"position\":2,\"name\":\"Los Cristianos entran con fuerza y solemnidad a Muro\"}]},{\"@type\":\"WebSite\",\"@id\":\"https:\\\/\\\/www.copealcoy.es\\\/es\\\/#website\",\"url\":\"https:\\\/\\\/www.copealcoy.es\\\/es\\\/\",\"name\":\"COPE Alcoy\",\"description\":\"Emisora COPE de radio local con emisi\u00f3n online. Pont de Sant Jordi 8-10 03803 Alcoy\",\"potentialAction\":[{\"@type\":\"SearchAction\",\"target\":{\"@type\":\"EntryPoint\",\"urlTemplate\":\"https:\\\/\\\/www.copealcoy.es\\\/es\\\/?s={search_term_string}\"},\"query-input\":{\"@type\":\"PropertyValueSpecification\",\"valueRequired\":true,\"valueName\":\"search_term_string\"}}],\"inLanguage\":\"es\"},{\"@type\":\"Person\",\"@id\":\"https:\\\/\\\/www.copealcoy.es\\\/es\\\/#\\\/schema\\\/person\\\/e777c87fa024e57d40170af9df39882c\",\"name\":\"Cope Alcoy\",\"image\":{\"@type\":\"ImageObject\",\"inLanguage\":\"es\",\"@id\":\"https:\\\/\\\/secure.gravatar.com\\\/avatar\\\/bb65d0283347e303893ba14f0692005417c1e0e690a325a4c5d8bb2b3943ee14?s=96&d=mm&r=g\",\"url\":\"https:\\\/\\\/secure.gravatar.com\\\/avatar\\\/bb65d0283347e303893ba14f0692005417c1e0e690a325a4c5d8bb2b3943ee14?s=96&d=mm&r=g\",\"contentUrl\":\"https:\\\/\\\/secure.gravatar.com\\\/avatar\\\/bb65d0283347e303893ba14f0692005417c1e0e690a325a4c5d8bb2b3943ee14?s=96&d=mm&r=g\",\"caption\":\"Cope Alcoy\"}}]}<\/script>\n<!-- \/ Yoast SEO plugin. -->","yoast_head_json":{"title":"Los Cristianos entran con fuerza y solemnidad a Muro - COPE Alcoy","robots":{"index":"index","follow":"follow","max-snippet":"max-snippet:-1","max-image-preview":"max-image-preview:large","max-video-preview":"max-video-preview:-1"},"canonical":"https:\/\/www.copealcoy.es\/es\/los-cristianos-entran-con-fuerza-y-solemnidad-a-muro\/","og_locale":"es_ES","og_type":"article","og_title":"Los Cristianos entran con fuerza y solemnidad a Muro - COPE Alcoy","og_description":"Muro continu\u00f3\u00a0celebrando ayer domingo sus fiestas de moros y cristianos y\u00a0por la ma\u00f1ana se llevaron a cabo varios actos en...","og_url":"https:\/\/www.copealcoy.es\/es\/los-cristianos-entran-con-fuerza-y-solemnidad-a-muro\/","og_site_name":"COPE Alcoy","article_published_time":"2017-05-14T21:32:09+00:00","article_modified_time":"2017-09-08T11:17:36+00:00","og_image":[{"width":2125,"height":1328,"url":"https:\/\/www.copealcoy.es\/wp-content\/uploads\/2017\/05\/IMG_5877.jpg","type":"image\/jpeg"}],"author":"Cope Alcoy","twitter_misc":{"Escrito por":"Cope Alcoy","Tiempo de lectura":"3 minutos"},"schema":{"@context":"https:\/\/schema.org","@graph":[{"@type":"Article","@id":"https:\/\/www.copealcoy.es\/es\/los-cristianos-entran-con-fuerza-y-solemnidad-a-muro\/#article","isPartOf":{"@id":"https:\/\/www.copealcoy.es\/es\/los-cristianos-entran-con-fuerza-y-solemnidad-a-muro\/"},"author":{"name":"Cope Alcoy","@id":"https:\/\/www.copealcoy.es\/es\/#\/schema\/person\/e777c87fa024e57d40170af9df39882c"},"headline":"Los Cristianos entran con fuerza y solemnidad a Muro","datePublished":"2017-05-14T21:32:09+00:00","dateModified":"2017-09-08T11:17:36+00:00","mainEntityOfPage":{"@id":"https:\/\/www.copealcoy.es\/es\/los-cristianos-entran-con-fuerza-y-solemnidad-a-muro\/"},"wordCount":546,"commentCount":0,"image":{"@id":"https:\/\/www.copealcoy.es\/es\/los-cristianos-entran-con-fuerza-y-solemnidad-a-muro\/#primaryimage"},"thumbnailUrl":"https:\/\/www.copealcoy.es\/wp-content\/uploads\/2017\/05\/IMG_5877.jpg","keywords":["Arquers","Entrada","Mare de D\u00e9u","Moros Y Cristianos","Muro"],"articleSection":["Comarcas","Noticias","Portada"],"inLanguage":"es"},{"@type":"WebPage","@id":"https:\/\/www.copealcoy.es\/es\/los-cristianos-entran-con-fuerza-y-solemnidad-a-muro\/","url":"https:\/\/www.copealcoy.es\/es\/los-cristianos-entran-con-fuerza-y-solemnidad-a-muro\/","name":"Los Cristianos entran con fuerza y solemnidad a Muro - COPE Alcoy","isPartOf":{"@id":"https:\/\/www.copealcoy.es\/es\/#website"},"primaryImageOfPage":{"@id":"https:\/\/www.copealcoy.es\/es\/los-cristianos-entran-con-fuerza-y-solemnidad-a-muro\/#primaryimage"},"image":{"@id":"https:\/\/www.copealcoy.es\/es\/los-cristianos-entran-con-fuerza-y-solemnidad-a-muro\/#primaryimage"},"thumbnailUrl":"https:\/\/www.copealcoy.es\/wp-content\/uploads\/2017\/05\/IMG_5877.jpg","datePublished":"2017-05-14T21:32:09+00:00","dateModified":"2017-09-08T11:17:36+00:00","author":{"@id":"https:\/\/www.copealcoy.es\/es\/#\/schema\/person\/e777c87fa024e57d40170af9df39882c"},"breadcrumb":{"@id":"https:\/\/www.copealcoy.es\/es\/los-cristianos-entran-con-fuerza-y-solemnidad-a-muro\/#breadcrumb"},"inLanguage":"es","potentialAction":[{"@type":"ReadAction","target":["https:\/\/www.copealcoy.es\/es\/los-cristianos-entran-con-fuerza-y-solemnidad-a-muro\/"]}]},{"@type":"ImageObject","inLanguage":"es","@id":"https:\/\/www.copealcoy.es\/es\/los-cristianos-entran-con-fuerza-y-solemnidad-a-muro\/#primaryimage","url":"https:\/\/www.copealcoy.es\/wp-content\/uploads\/2017\/05\/IMG_5877.jpg","contentUrl":"https:\/\/www.copealcoy.es\/wp-content\/uploads\/2017\/05\/IMG_5877.jpg","width":2125,"height":1328,"caption":"El capit\u00e1n cristiano de la Fil\u00e0 Mare de D\u00e9u, Marcos Rodr\u00edguez, a su llegada a la Plaza de la Iglesia \/ Foto: G. Pascual"},{"@type":"BreadcrumbList","@id":"https:\/\/www.copealcoy.es\/es\/los-cristianos-entran-con-fuerza-y-solemnidad-a-muro\/#breadcrumb","itemListElement":[{"@type":"ListItem","position":1,"name":"Portada","item":"https:\/\/www.copealcoy.es\/es\/"},{"@type":"ListItem","position":2,"name":"Los Cristianos entran con fuerza y solemnidad a Muro"}]},{"@type":"WebSite","@id":"https:\/\/www.copealcoy.es\/es\/#website","url":"https:\/\/www.copealcoy.es\/es\/","name":"COPE Alcoy","description":"Emisora COPE de radio local con emisi\u00f3n online. Pont de Sant Jordi 8-10 03803 Alcoy","potentialAction":[{"@type":"SearchAction","target":{"@type":"EntryPoint","urlTemplate":"https:\/\/www.copealcoy.es\/es\/?s={search_term_string}"},"query-input":{"@type":"PropertyValueSpecification","valueRequired":true,"valueName":"search_term_string"}}],"inLanguage":"es"},{"@type":"Person","@id":"https:\/\/www.copealcoy.es\/es\/#\/schema\/person\/e777c87fa024e57d40170af9df39882c","name":"Cope Alcoy","image":{"@type":"ImageObject","inLanguage":"es","@id":"https:\/\/secure.gravatar.com\/avatar\/bb65d0283347e303893ba14f0692005417c1e0e690a325a4c5d8bb2b3943ee14?s=96&d=mm&r=g","url":"https:\/\/secure.gravatar.com\/avatar\/bb65d0283347e303893ba14f0692005417c1e0e690a325a4c5d8bb2b3943ee14?s=96&d=mm&r=g","contentUrl":"https:\/\/secure.gravatar.com\/avatar\/bb65d0283347e303893ba14f0692005417c1e0e690a325a4c5d8bb2b3943ee14?s=96&d=mm&r=g","caption":"Cope Alcoy"}}]}},"_links":{"self":[{"href":"https:\/\/www.copealcoy.es\/es\/wp-json\/wp\/v2\/posts\/31720","targetHints":{"allow":["GET"]}}],"collection":[{"href":"https:\/\/www.copealcoy.es\/es\/wp-json\/wp\/v2\/posts"}],"about":[{"href":"https:\/\/www.copealcoy.es\/es\/wp-json\/wp\/v2\/types\/post"}],"author":[{"embeddable":true,"href":"https:\/\/www.copealcoy.es\/es\/wp-json\/wp\/v2\/users\/1"}],"replies":[{"embeddable":true,"href":"https:\/\/www.copealcoy.es\/es\/wp-json\/wp\/v2\/comments?post=31720"}],"version-history":[{"count":0,"href":"https:\/\/www.copealcoy.es\/es\/wp-json\/wp\/v2\/posts\/31720\/revisions"}],"wp:featuredmedia":[{"embeddable":true,"href":"https:\/\/www.copealcoy.es\/es\/wp-json\/wp\/v2\/media\/31740"}],"wp:attachment":[{"href":"https:\/\/www.copealcoy.es\/es\/wp-json\/wp\/v2\/media?parent=31720"}],"wp:term":[{"taxonomy":"category","embeddable":true,"href":"https:\/\/www.copealcoy.es\/es\/wp-json\/wp\/v2\/categories?post=31720"},{"taxonomy":"post_tag","embeddable":true,"href":"https:\/\/www.copealcoy.es\/es\/wp-json\/wp\/v2\/tags?post=31720"}],"curies":[{"name":"wp","href":"https:\/\/api.w.org\/{rel}","templated":true}]}}