{"id":31674,"date":"2017-05-12T16:52:32","date_gmt":"2017-05-12T16:52:32","guid":{"rendered":"http:\/\/copealcoi.es\/new\/?p=31674"},"modified":"2017-05-12T17:03:04","modified_gmt":"2017-05-12T17:03:04","slug":"derrota-del-union-alcoyana-fs-ante-el-horadada","status":"publish","type":"post","link":"https:\/\/www.copealcoy.es\/es\/derrota-del-union-alcoyana-fs-ante-el-horadada\/","title":{"rendered":"Derrota del Uni\u00f3n Alcoyana FS ante el Horadada"},"content":{"rendered":"<p style=\"text-align: justify;\">El s\u00e1bado se disputo en el polideportivo Francisco Laporta <strong>el \u00faltimo partido que jugar\u00e1 el Uni\u00f3n Alcoyana FS en casa<\/strong> en lo que resta de\u00a0esta temporada. El encuentro era contra Horadada y <strong>el equipo afrontaba el partido con ganas<\/strong> de demostrar su calidad.<\/p>\n<p style=\"text-align: justify;\">El <strong>quinteto inicial<\/strong> del equipo dirigido por <strong>Javi Silvestre<\/strong> lo formaron <strong>Jaco, Gomis, Mauro Pastor, Verd\u00fa y Pablito<\/strong>. El inicio no pudo ser mejor ya que a las 8 segundos <strong>Verd\u00fa puso el 1-0<\/strong> tras sacar de centro. El gol permiti\u00f3 al equipo <strong>jugar con mucha m\u00e1s confianza<\/strong> y se not\u00f3 en la pista. Sin embargo pese al dominio local, el Horadada consigui\u00f3 empatar en el 5\u2019 tras un saque de banda. El equipo no se vino abajo y sigui\u00f3 con el plan que hab\u00eda trazado en el vestuario. La recompensa l<strong>lego en el 13\u2019 cuando Verd\u00fa pic\u00e1ndola suavemente bati\u00f3 al portero, era el 2-1<\/strong> en el marcador. El minuto 17 fue el m\u00e1s movido del partido ya que en ese tiempo <strong>se vieron tres goles<\/strong> en el pabell\u00f3n. Primero Verd\u00fa <strong>completar\u00eda su hat-trick<\/strong> aprovechando una jugada de estrategia desde la banda. Segundos m\u00e1s tarde <strong>recortaron distancias los visitantes con el 3-2<\/strong> pero el \u00faltimo golpe lo dio esta vez su hermano Mauro en una buena combinaci\u00f3n con Pablito. De esta manera<strong> se lleg\u00f3 al descanso con un justo 4-2<\/strong> y con un muy buen juego de los nuestros.<\/p>\n<p style=\"text-align: justify;\">Tras la reanudaci\u00f3n hubo cambio en la porter\u00eda, <strong>se retiraba Jaco<\/strong> dando entrada a Gabri. El partido parec\u00eda controlado pero <strong>en el minuto 24 el Horadada recort\u00f3 distancias<\/strong> tras un desajuste defensivo. Los visitantes acaparaban m\u00e1s posesi\u00f3n y se iban metiendo en el partido poco a poco. A 8 para el final <strong>consiguieron empatar el encuentro<\/strong> en una jugada de c\u00f3rner. Un marcador injusto viendo como hab\u00eda transcurrido el partido y m\u00e1s, cuando escasos segundos antes, <strong>Mauro Verd\u00fa desaprovechaba a puerta vac\u00eda un pase de su hermano<\/strong> al segundo palo. Gol que hubiera hecho justicia en el marcador pero que no subi\u00f3 al electr\u00f3nico. La desgracia vino a falta de tres minutos con un gol en un c\u00f3rner que puso al Horadada por delante y obligo a los alcoyanos a jugar de cinco los minutos finales. El marcador no se volver\u00eda a mover.<\/p>\n<p style=\"text-align: justify;\">Del resto de la jornada, <strong>destacar la victoria del Castalla en Cocentaina (4-6)<\/strong> y la del Ibi ante el Nueva Elda (5-4).<\/p>\n","protected":false},"excerpt":{"rendered":"<p>El s\u00e1bado se disputo en el polideportivo Francisco Laporta el \u00faltimo partido que jugar\u00e1 el Uni\u00f3n Alcoyana FS en casa&#8230;<\/p>\n","protected":false},"author":1,"featured_media":31675,"comment_status":"open","ping_status":"open","sticky":false,"template":"","format":"standard","meta":{"footnotes":""},"categories":[92,75],"tags":[1494,4136,1820,3284],"class_list":["post-31674","post","type-post","status-publish","format-standard","has-post-thumbnail","hentry","category-deportes","category-noticias","tag-alcoy","tag-horadada","tag-javi-silvestre","tag-union-alcoyana-fs"],"yoast_head":"<!-- This site is optimized with the Yoast SEO plugin v27.3 - https:\/\/yoast.com\/product\/yoast-seo-wordpress\/ -->\n<title>Derrota del Uni\u00f3n Alcoyana FS ante el Horadada - COPE Alcoy<\/title>\n<meta name=\"robots\" content=\"index, follow, max-snippet:-1, max-image-preview:large, max-video-preview:-1\" \/>\n<link rel=\"canonical\" href=\"https:\/\/www.copealcoy.es\/es\/derrota-del-union-alcoyana-fs-ante-el-horadada\/\" \/>\n<meta property=\"og:locale\" content=\"es_ES\" \/>\n<meta property=\"og:type\" content=\"article\" \/>\n<meta property=\"og:title\" content=\"Derrota del Uni\u00f3n Alcoyana FS ante el Horadada - COPE Alcoy\" \/>\n<meta property=\"og:description\" content=\"El s\u00e1bado se disputo en el polideportivo Francisco Laporta el \u00faltimo partido que jugar\u00e1 el Uni\u00f3n Alcoyana FS en casa...\" \/>\n<meta property=\"og:url\" content=\"https:\/\/www.copealcoy.es\/es\/derrota-del-union-alcoyana-fs-ante-el-horadada\/\" \/>\n<meta property=\"og:site_name\" content=\"COPE Alcoy\" \/>\n<meta property=\"article:published_time\" content=\"2017-05-12T16:52:32+00:00\" \/>\n<meta property=\"article:modified_time\" content=\"2017-05-12T17:03:04+00:00\" \/>\n<meta property=\"og:image\" content=\"https:\/\/www.copealcoy.es\/wp-content\/uploads\/2017\/05\/-PSTFotograf\u00eda-0012-060517-e1494607857697.jpg\" \/>\n\t<meta property=\"og:image:width\" content=\"1000\" \/>\n\t<meta property=\"og:image:height\" content=\"522\" \/>\n\t<meta property=\"og:image:type\" content=\"image\/jpeg\" \/>\n<meta name=\"author\" content=\"Cope Alcoy\" \/>\n<meta name=\"twitter:label1\" content=\"Escrito por\" \/>\n\t<meta name=\"twitter:data1\" content=\"Cope Alcoy\" \/>\n\t<meta name=\"twitter:label2\" content=\"Tiempo de lectura\" \/>\n\t<meta name=\"twitter:data2\" content=\"2 minutos\" \/>\n<script type=\"application\/ld+json\" class=\"yoast-schema-graph\">{\"@context\":\"https:\\\/\\\/schema.org\",\"@graph\":[{\"@type\":\"Article\",\"@id\":\"https:\\\/\\\/www.copealcoy.es\\\/es\\\/derrota-del-union-alcoyana-fs-ante-el-horadada\\\/#article\",\"isPartOf\":{\"@id\":\"https:\\\/\\\/www.copealcoy.es\\\/es\\\/derrota-del-union-alcoyana-fs-ante-el-horadada\\\/\"},\"author\":{\"name\":\"Cope Alcoy\",\"@id\":\"https:\\\/\\\/www.copealcoy.es\\\/es\\\/#\\\/schema\\\/person\\\/e777c87fa024e57d40170af9df39882c\"},\"headline\":\"Derrota del Uni\u00f3n Alcoyana FS ante el Horadada\",\"datePublished\":\"2017-05-12T16:52:32+00:00\",\"dateModified\":\"2017-05-12T17:03:04+00:00\",\"mainEntityOfPage\":{\"@id\":\"https:\\\/\\\/www.copealcoy.es\\\/es\\\/derrota-del-union-alcoyana-fs-ante-el-horadada\\\/\"},\"wordCount\":423,\"commentCount\":0,\"image\":{\"@id\":\"https:\\\/\\\/www.copealcoy.es\\\/es\\\/derrota-del-union-alcoyana-fs-ante-el-horadada\\\/#primaryimage\"},\"thumbnailUrl\":\"https:\\\/\\\/www.copealcoy.es\\\/wp-content\\\/uploads\\\/2017\\\/05\\\/-PSTFotograf\u00eda-0012-060517-e1494607857697.jpg\",\"keywords\":[\"Alcoy\",\"Horadada\",\"Javi Silvestre\",\"Uni\u00f3n Alcoyana FS\"],\"articleSection\":[\"Deportes\",\"Noticias\"],\"inLanguage\":\"es\"},{\"@type\":\"WebPage\",\"@id\":\"https:\\\/\\\/www.copealcoy.es\\\/es\\\/derrota-del-union-alcoyana-fs-ante-el-horadada\\\/\",\"url\":\"https:\\\/\\\/www.copealcoy.es\\\/es\\\/derrota-del-union-alcoyana-fs-ante-el-horadada\\\/\",\"name\":\"Derrota del Uni\u00f3n Alcoyana FS ante el Horadada - COPE Alcoy\",\"isPartOf\":{\"@id\":\"https:\\\/\\\/www.copealcoy.es\\\/es\\\/#website\"},\"primaryImageOfPage\":{\"@id\":\"https:\\\/\\\/www.copealcoy.es\\\/es\\\/derrota-del-union-alcoyana-fs-ante-el-horadada\\\/#primaryimage\"},\"image\":{\"@id\":\"https:\\\/\\\/www.copealcoy.es\\\/es\\\/derrota-del-union-alcoyana-fs-ante-el-horadada\\\/#primaryimage\"},\"thumbnailUrl\":\"https:\\\/\\\/www.copealcoy.es\\\/wp-content\\\/uploads\\\/2017\\\/05\\\/-PSTFotograf\u00eda-0012-060517-e1494607857697.jpg\",\"datePublished\":\"2017-05-12T16:52:32+00:00\",\"dateModified\":\"2017-05-12T17:03:04+00:00\",\"author\":{\"@id\":\"https:\\\/\\\/www.copealcoy.es\\\/es\\\/#\\\/schema\\\/person\\\/e777c87fa024e57d40170af9df39882c\"},\"breadcrumb\":{\"@id\":\"https:\\\/\\\/www.copealcoy.es\\\/es\\\/derrota-del-union-alcoyana-fs-ante-el-horadada\\\/#breadcrumb\"},\"inLanguage\":\"es\",\"potentialAction\":[{\"@type\":\"ReadAction\",\"target\":[\"https:\\\/\\\/www.copealcoy.es\\\/es\\\/derrota-del-union-alcoyana-fs-ante-el-horadada\\\/\"]}]},{\"@type\":\"ImageObject\",\"inLanguage\":\"es\",\"@id\":\"https:\\\/\\\/www.copealcoy.es\\\/es\\\/derrota-del-union-alcoyana-fs-ante-el-horadada\\\/#primaryimage\",\"url\":\"https:\\\/\\\/www.copealcoy.es\\\/wp-content\\\/uploads\\\/2017\\\/05\\\/-PSTFotograf\u00eda-0012-060517-e1494607857697.jpg\",\"contentUrl\":\"https:\\\/\\\/www.copealcoy.es\\\/wp-content\\\/uploads\\\/2017\\\/05\\\/-PSTFotograf\u00eda-0012-060517-e1494607857697.jpg\",\"width\":1000,\"height\":522},{\"@type\":\"BreadcrumbList\",\"@id\":\"https:\\\/\\\/www.copealcoy.es\\\/es\\\/derrota-del-union-alcoyana-fs-ante-el-horadada\\\/#breadcrumb\",\"itemListElement\":[{\"@type\":\"ListItem\",\"position\":1,\"name\":\"Portada\",\"item\":\"https:\\\/\\\/www.copealcoy.es\\\/es\\\/\"},{\"@type\":\"ListItem\",\"position\":2,\"name\":\"Derrota del Uni\u00f3n Alcoyana FS ante el Horadada\"}]},{\"@type\":\"WebSite\",\"@id\":\"https:\\\/\\\/www.copealcoy.es\\\/es\\\/#website\",\"url\":\"https:\\\/\\\/www.copealcoy.es\\\/es\\\/\",\"name\":\"COPE Alcoy\",\"description\":\"Emisora COPE de radio local con emisi\u00f3n online. Pont de Sant Jordi 8-10 03803 Alcoy\",\"potentialAction\":[{\"@type\":\"SearchAction\",\"target\":{\"@type\":\"EntryPoint\",\"urlTemplate\":\"https:\\\/\\\/www.copealcoy.es\\\/es\\\/?s={search_term_string}\"},\"query-input\":{\"@type\":\"PropertyValueSpecification\",\"valueRequired\":true,\"valueName\":\"search_term_string\"}}],\"inLanguage\":\"es\"},{\"@type\":\"Person\",\"@id\":\"https:\\\/\\\/www.copealcoy.es\\\/es\\\/#\\\/schema\\\/person\\\/e777c87fa024e57d40170af9df39882c\",\"name\":\"Cope Alcoy\",\"image\":{\"@type\":\"ImageObject\",\"inLanguage\":\"es\",\"@id\":\"https:\\\/\\\/secure.gravatar.com\\\/avatar\\\/bb65d0283347e303893ba14f0692005417c1e0e690a325a4c5d8bb2b3943ee14?s=96&d=mm&r=g\",\"url\":\"https:\\\/\\\/secure.gravatar.com\\\/avatar\\\/bb65d0283347e303893ba14f0692005417c1e0e690a325a4c5d8bb2b3943ee14?s=96&d=mm&r=g\",\"contentUrl\":\"https:\\\/\\\/secure.gravatar.com\\\/avatar\\\/bb65d0283347e303893ba14f0692005417c1e0e690a325a4c5d8bb2b3943ee14?s=96&d=mm&r=g\",\"caption\":\"Cope Alcoy\"}}]}<\/script>\n<!-- \/ Yoast SEO plugin. -->","yoast_head_json":{"title":"Derrota del Uni\u00f3n Alcoyana FS ante el Horadada - COPE Alcoy","robots":{"index":"index","follow":"follow","max-snippet":"max-snippet:-1","max-image-preview":"max-image-preview:large","max-video-preview":"max-video-preview:-1"},"canonical":"https:\/\/www.copealcoy.es\/es\/derrota-del-union-alcoyana-fs-ante-el-horadada\/","og_locale":"es_ES","og_type":"article","og_title":"Derrota del Uni\u00f3n Alcoyana FS ante el Horadada - COPE Alcoy","og_description":"El s\u00e1bado se disputo en el polideportivo Francisco Laporta el \u00faltimo partido que jugar\u00e1 el Uni\u00f3n Alcoyana FS en casa...","og_url":"https:\/\/www.copealcoy.es\/es\/derrota-del-union-alcoyana-fs-ante-el-horadada\/","og_site_name":"COPE Alcoy","article_published_time":"2017-05-12T16:52:32+00:00","article_modified_time":"2017-05-12T17:03:04+00:00","og_image":[{"width":1000,"height":522,"url":"https:\/\/www.copealcoy.es\/wp-content\/uploads\/2017\/05\/-PSTFotograf\u00eda-0012-060517-e1494607857697.jpg","type":"image\/jpeg"}],"author":"Cope Alcoy","twitter_misc":{"Escrito por":"Cope Alcoy","Tiempo de lectura":"2 minutos"},"schema":{"@context":"https:\/\/schema.org","@graph":[{"@type":"Article","@id":"https:\/\/www.copealcoy.es\/es\/derrota-del-union-alcoyana-fs-ante-el-horadada\/#article","isPartOf":{"@id":"https:\/\/www.copealcoy.es\/es\/derrota-del-union-alcoyana-fs-ante-el-horadada\/"},"author":{"name":"Cope Alcoy","@id":"https:\/\/www.copealcoy.es\/es\/#\/schema\/person\/e777c87fa024e57d40170af9df39882c"},"headline":"Derrota del Uni\u00f3n Alcoyana FS ante el Horadada","datePublished":"2017-05-12T16:52:32+00:00","dateModified":"2017-05-12T17:03:04+00:00","mainEntityOfPage":{"@id":"https:\/\/www.copealcoy.es\/es\/derrota-del-union-alcoyana-fs-ante-el-horadada\/"},"wordCount":423,"commentCount":0,"image":{"@id":"https:\/\/www.copealcoy.es\/es\/derrota-del-union-alcoyana-fs-ante-el-horadada\/#primaryimage"},"thumbnailUrl":"https:\/\/www.copealcoy.es\/wp-content\/uploads\/2017\/05\/-PSTFotograf\u00eda-0012-060517-e1494607857697.jpg","keywords":["Alcoy","Horadada","Javi Silvestre","Uni\u00f3n Alcoyana FS"],"articleSection":["Deportes","Noticias"],"inLanguage":"es"},{"@type":"WebPage","@id":"https:\/\/www.copealcoy.es\/es\/derrota-del-union-alcoyana-fs-ante-el-horadada\/","url":"https:\/\/www.copealcoy.es\/es\/derrota-del-union-alcoyana-fs-ante-el-horadada\/","name":"Derrota del Uni\u00f3n Alcoyana FS ante el Horadada - COPE Alcoy","isPartOf":{"@id":"https:\/\/www.copealcoy.es\/es\/#website"},"primaryImageOfPage":{"@id":"https:\/\/www.copealcoy.es\/es\/derrota-del-union-alcoyana-fs-ante-el-horadada\/#primaryimage"},"image":{"@id":"https:\/\/www.copealcoy.es\/es\/derrota-del-union-alcoyana-fs-ante-el-horadada\/#primaryimage"},"thumbnailUrl":"https:\/\/www.copealcoy.es\/wp-content\/uploads\/2017\/05\/-PSTFotograf\u00eda-0012-060517-e1494607857697.jpg","datePublished":"2017-05-12T16:52:32+00:00","dateModified":"2017-05-12T17:03:04+00:00","author":{"@id":"https:\/\/www.copealcoy.es\/es\/#\/schema\/person\/e777c87fa024e57d40170af9df39882c"},"breadcrumb":{"@id":"https:\/\/www.copealcoy.es\/es\/derrota-del-union-alcoyana-fs-ante-el-horadada\/#breadcrumb"},"inLanguage":"es","potentialAction":[{"@type":"ReadAction","target":["https:\/\/www.copealcoy.es\/es\/derrota-del-union-alcoyana-fs-ante-el-horadada\/"]}]},{"@type":"ImageObject","inLanguage":"es","@id":"https:\/\/www.copealcoy.es\/es\/derrota-del-union-alcoyana-fs-ante-el-horadada\/#primaryimage","url":"https:\/\/www.copealcoy.es\/wp-content\/uploads\/2017\/05\/-PSTFotograf\u00eda-0012-060517-e1494607857697.jpg","contentUrl":"https:\/\/www.copealcoy.es\/wp-content\/uploads\/2017\/05\/-PSTFotograf\u00eda-0012-060517-e1494607857697.jpg","width":1000,"height":522},{"@type":"BreadcrumbList","@id":"https:\/\/www.copealcoy.es\/es\/derrota-del-union-alcoyana-fs-ante-el-horadada\/#breadcrumb","itemListElement":[{"@type":"ListItem","position":1,"name":"Portada","item":"https:\/\/www.copealcoy.es\/es\/"},{"@type":"ListItem","position":2,"name":"Derrota del Uni\u00f3n Alcoyana FS ante el Horadada"}]},{"@type":"WebSite","@id":"https:\/\/www.copealcoy.es\/es\/#website","url":"https:\/\/www.copealcoy.es\/es\/","name":"COPE Alcoy","description":"Emisora COPE de radio local con emisi\u00f3n online. Pont de Sant Jordi 8-10 03803 Alcoy","potentialAction":[{"@type":"SearchAction","target":{"@type":"EntryPoint","urlTemplate":"https:\/\/www.copealcoy.es\/es\/?s={search_term_string}"},"query-input":{"@type":"PropertyValueSpecification","valueRequired":true,"valueName":"search_term_string"}}],"inLanguage":"es"},{"@type":"Person","@id":"https:\/\/www.copealcoy.es\/es\/#\/schema\/person\/e777c87fa024e57d40170af9df39882c","name":"Cope Alcoy","image":{"@type":"ImageObject","inLanguage":"es","@id":"https:\/\/secure.gravatar.com\/avatar\/bb65d0283347e303893ba14f0692005417c1e0e690a325a4c5d8bb2b3943ee14?s=96&d=mm&r=g","url":"https:\/\/secure.gravatar.com\/avatar\/bb65d0283347e303893ba14f0692005417c1e0e690a325a4c5d8bb2b3943ee14?s=96&d=mm&r=g","contentUrl":"https:\/\/secure.gravatar.com\/avatar\/bb65d0283347e303893ba14f0692005417c1e0e690a325a4c5d8bb2b3943ee14?s=96&d=mm&r=g","caption":"Cope Alcoy"}}]}},"_links":{"self":[{"href":"https:\/\/www.copealcoy.es\/es\/wp-json\/wp\/v2\/posts\/31674","targetHints":{"allow":["GET"]}}],"collection":[{"href":"https:\/\/www.copealcoy.es\/es\/wp-json\/wp\/v2\/posts"}],"about":[{"href":"https:\/\/www.copealcoy.es\/es\/wp-json\/wp\/v2\/types\/post"}],"author":[{"embeddable":true,"href":"https:\/\/www.copealcoy.es\/es\/wp-json\/wp\/v2\/users\/1"}],"replies":[{"embeddable":true,"href":"https:\/\/www.copealcoy.es\/es\/wp-json\/wp\/v2\/comments?post=31674"}],"version-history":[{"count":0,"href":"https:\/\/www.copealcoy.es\/es\/wp-json\/wp\/v2\/posts\/31674\/revisions"}],"wp:featuredmedia":[{"embeddable":true,"href":"https:\/\/www.copealcoy.es\/es\/wp-json\/wp\/v2\/media\/31675"}],"wp:attachment":[{"href":"https:\/\/www.copealcoy.es\/es\/wp-json\/wp\/v2\/media?parent=31674"}],"wp:term":[{"taxonomy":"category","embeddable":true,"href":"https:\/\/www.copealcoy.es\/es\/wp-json\/wp\/v2\/categories?post=31674"},{"taxonomy":"post_tag","embeddable":true,"href":"https:\/\/www.copealcoy.es\/es\/wp-json\/wp\/v2\/tags?post=31674"}],"curies":[{"name":"wp","href":"https:\/\/api.w.org\/{rel}","templated":true}]}}