{"id":31600,"date":"2017-05-10T14:56:23","date_gmt":"2017-05-10T14:56:23","guid":{"rendered":"http:\/\/copealcoi.es\/new\/?p=31600"},"modified":"2017-05-10T14:56:23","modified_gmt":"2017-05-10T14:56:23","slug":"las-infraestructuras-electricas-para-la-foia-de-castalla-cada-vez-mas-cerca","status":"publish","type":"post","link":"https:\/\/www.copealcoy.es\/es\/las-infraestructuras-electricas-para-la-foia-de-castalla-cada-vez-mas-cerca\/","title":{"rendered":"Las infraestructuras el\u00e9ctricas para la Foia de Castalla cada vez m\u00e1s cerca"},"content":{"rendered":"<p style=\"text-align: justify;\">Iberdrola ha iniciado las obras para la <strong>construcci\u00f3n de la primera de las dos subestaciones el\u00e9ctricas de Castalla<\/strong> que aportar\u00e1n suministro el\u00e9ctrico a las industrias de esta zona y cuyo proyecto tiene<strong> un presupuesto<\/strong> que ronda los 3\u00b47 millones de euros.<\/p>\n<p style=\"text-align: justify;\">El Conseller de Econom\u00eda Sostenible, <strong>Rafael Climent<\/strong>, ha explicado que los primeros trabajos est\u00e1n consistiendo\u00a0en el <strong>movimiento de tierras<\/strong> de\u00a0en la zona de Bast\u00e0 y ha remarcado <strong>su implicaci\u00f3n personal y la de todo su departamento<\/strong> a la hora de hacer realidad este proyecto &#8220;<em>la necesaria ampliaci\u00f3n de la potencia el\u00e9ctrica para permitir el desarrollo industrial de la Foia de Castalla fue uno de los primeros compromisos y objetivos que nos marcamos al llegar a la Conselleria, y en ese tiempo, gracias a la direcci\u00f3n general de Industria y Energ\u00eda y al IVACE, hemos solucionado una situaci\u00f3n que llevaba a\u00f1os bloqeuada para dar respuesta a una reivindicaci\u00f3n hist\u00f3rica del empresariado<\/em>&#8220;, afirma.<\/p>\n<p style=\"text-align: justify;\">Recordar que para <strong>reducir complicaciones t\u00e9cnicas, medioambientales y costes econ\u00f3micos<\/strong> para el sistema el\u00e9ctrico se acord\u00f3 <strong>la construcci\u00f3n de una segunda subestaci\u00f3n<\/strong> que se instalar\u00e1 en unos terrenos pr\u00f3ximos a la autov\u00eda en direcci\u00f3n a Sax. En estos momentos <strong>Iberdrola y Red El\u00e9ctrica Espa\u00f1ola est\u00e1n trabajando en este proyecto<\/strong> y mientras se espera que en el plazo de un a\u00f1o est\u00e9 operativa la que ya est\u00e1 en construcci\u00f3n.<\/p>\n<p style=\"text-align: justify;\">A\u00f1adir tambi\u00e9n que con la construcci\u00f3n de estas dos subestaciones <strong>se atiende una vieja reivindicaci\u00f3n de los empresarios de la zona<\/strong> los cuales, sufren cortes de luz y numerosos problemas el\u00e9ctricos al <strong>ser insuficiente el suministro de la estaci\u00f3n el\u00e9ctrica de Ibi<\/strong> del cual se abastecen ahora mismo.<\/p>\n","protected":false},"excerpt":{"rendered":"<p>Iberdrola ha iniciado las obras para la construcci\u00f3n de la primera de las dos subestaciones el\u00e9ctricas de Castalla que aportar\u00e1n&#8230;<\/p>\n","protected":false},"author":1,"featured_media":31601,"comment_status":"open","ping_status":"open","sticky":false,"template":"","format":"standard","meta":{"footnotes":""},"categories":[98,75],"tags":[1619,643,4121,4120],"class_list":["post-31600","post","type-post","status-publish","format-standard","has-post-thumbnail","hentry","category-comarcas","category-noticias","tag-castalla","tag-foia-de-castalla","tag-industrias","tag-subestaciones-electricas"],"yoast_head":"<!-- This site is optimized with the Yoast SEO plugin v27.3 - https:\/\/yoast.com\/product\/yoast-seo-wordpress\/ -->\n<title>Las infraestructuras el\u00e9ctricas para la Foia de Castalla cada vez m\u00e1s cerca - COPE Alcoy<\/title>\n<meta name=\"robots\" content=\"index, follow, max-snippet:-1, max-image-preview:large, max-video-preview:-1\" \/>\n<link rel=\"canonical\" href=\"https:\/\/www.copealcoy.es\/es\/las-infraestructuras-electricas-para-la-foia-de-castalla-cada-vez-mas-cerca\/\" \/>\n<meta property=\"og:locale\" content=\"es_ES\" \/>\n<meta property=\"og:type\" content=\"article\" \/>\n<meta property=\"og:title\" content=\"Las infraestructuras el\u00e9ctricas para la Foia de Castalla cada vez m\u00e1s cerca - COPE Alcoy\" \/>\n<meta property=\"og:description\" content=\"Iberdrola ha iniciado las obras para la construcci\u00f3n de la primera de las dos subestaciones el\u00e9ctricas de Castalla que aportar\u00e1n...\" \/>\n<meta property=\"og:url\" content=\"https:\/\/www.copealcoy.es\/es\/las-infraestructuras-electricas-para-la-foia-de-castalla-cada-vez-mas-cerca\/\" \/>\n<meta property=\"og:site_name\" content=\"COPE Alcoy\" \/>\n<meta property=\"article:published_time\" content=\"2017-05-10T14:56:23+00:00\" \/>\n<meta property=\"og:image\" content=\"https:\/\/www.copealcoy.es\/wp-content\/uploads\/2017\/05\/IMG_8814-e1494427331537.jpg\" \/>\n\t<meta property=\"og:image:width\" content=\"680\" \/>\n\t<meta property=\"og:image:height\" content=\"368\" \/>\n\t<meta property=\"og:image:type\" content=\"image\/jpeg\" \/>\n<meta name=\"author\" content=\"Cope Alcoy\" \/>\n<meta name=\"twitter:label1\" content=\"Escrito por\" \/>\n\t<meta name=\"twitter:data1\" content=\"Cope Alcoy\" \/>\n\t<meta name=\"twitter:label2\" content=\"Tiempo de lectura\" \/>\n\t<meta name=\"twitter:data2\" content=\"2 minutos\" \/>\n<script type=\"application\/ld+json\" class=\"yoast-schema-graph\">{\"@context\":\"https:\\\/\\\/schema.org\",\"@graph\":[{\"@type\":\"Article\",\"@id\":\"https:\\\/\\\/www.copealcoy.es\\\/es\\\/las-infraestructuras-electricas-para-la-foia-de-castalla-cada-vez-mas-cerca\\\/#article\",\"isPartOf\":{\"@id\":\"https:\\\/\\\/www.copealcoy.es\\\/es\\\/las-infraestructuras-electricas-para-la-foia-de-castalla-cada-vez-mas-cerca\\\/\"},\"author\":{\"name\":\"Cope Alcoy\",\"@id\":\"https:\\\/\\\/www.copealcoy.es\\\/es\\\/#\\\/schema\\\/person\\\/e777c87fa024e57d40170af9df39882c\"},\"headline\":\"Las infraestructuras el\u00e9ctricas para la Foia de Castalla cada vez m\u00e1s cerca\",\"datePublished\":\"2017-05-10T14:56:23+00:00\",\"mainEntityOfPage\":{\"@id\":\"https:\\\/\\\/www.copealcoy.es\\\/es\\\/las-infraestructuras-electricas-para-la-foia-de-castalla-cada-vez-mas-cerca\\\/\"},\"wordCount\":318,\"commentCount\":0,\"image\":{\"@id\":\"https:\\\/\\\/www.copealcoy.es\\\/es\\\/las-infraestructuras-electricas-para-la-foia-de-castalla-cada-vez-mas-cerca\\\/#primaryimage\"},\"thumbnailUrl\":\"https:\\\/\\\/www.copealcoy.es\\\/wp-content\\\/uploads\\\/2017\\\/05\\\/IMG_8814-e1494427331537.jpg\",\"keywords\":[\"Castalla\",\"Foia de Castalla\",\"industrias\",\"Subestaciones El\u00e9ctricas\"],\"articleSection\":[\"Comarcas\",\"Noticias\"],\"inLanguage\":\"es\"},{\"@type\":\"WebPage\",\"@id\":\"https:\\\/\\\/www.copealcoy.es\\\/es\\\/las-infraestructuras-electricas-para-la-foia-de-castalla-cada-vez-mas-cerca\\\/\",\"url\":\"https:\\\/\\\/www.copealcoy.es\\\/es\\\/las-infraestructuras-electricas-para-la-foia-de-castalla-cada-vez-mas-cerca\\\/\",\"name\":\"Las infraestructuras el\u00e9ctricas para la Foia de Castalla cada vez m\u00e1s cerca - COPE Alcoy\",\"isPartOf\":{\"@id\":\"https:\\\/\\\/www.copealcoy.es\\\/es\\\/#website\"},\"primaryImageOfPage\":{\"@id\":\"https:\\\/\\\/www.copealcoy.es\\\/es\\\/las-infraestructuras-electricas-para-la-foia-de-castalla-cada-vez-mas-cerca\\\/#primaryimage\"},\"image\":{\"@id\":\"https:\\\/\\\/www.copealcoy.es\\\/es\\\/las-infraestructuras-electricas-para-la-foia-de-castalla-cada-vez-mas-cerca\\\/#primaryimage\"},\"thumbnailUrl\":\"https:\\\/\\\/www.copealcoy.es\\\/wp-content\\\/uploads\\\/2017\\\/05\\\/IMG_8814-e1494427331537.jpg\",\"datePublished\":\"2017-05-10T14:56:23+00:00\",\"author\":{\"@id\":\"https:\\\/\\\/www.copealcoy.es\\\/es\\\/#\\\/schema\\\/person\\\/e777c87fa024e57d40170af9df39882c\"},\"breadcrumb\":{\"@id\":\"https:\\\/\\\/www.copealcoy.es\\\/es\\\/las-infraestructuras-electricas-para-la-foia-de-castalla-cada-vez-mas-cerca\\\/#breadcrumb\"},\"inLanguage\":\"es\",\"potentialAction\":[{\"@type\":\"ReadAction\",\"target\":[\"https:\\\/\\\/www.copealcoy.es\\\/es\\\/las-infraestructuras-electricas-para-la-foia-de-castalla-cada-vez-mas-cerca\\\/\"]}]},{\"@type\":\"ImageObject\",\"inLanguage\":\"es\",\"@id\":\"https:\\\/\\\/www.copealcoy.es\\\/es\\\/las-infraestructuras-electricas-para-la-foia-de-castalla-cada-vez-mas-cerca\\\/#primaryimage\",\"url\":\"https:\\\/\\\/www.copealcoy.es\\\/wp-content\\\/uploads\\\/2017\\\/05\\\/IMG_8814-e1494427331537.jpg\",\"contentUrl\":\"https:\\\/\\\/www.copealcoy.es\\\/wp-content\\\/uploads\\\/2017\\\/05\\\/IMG_8814-e1494427331537.jpg\",\"width\":680,\"height\":368,\"caption\":\"Las obras han arrancado con el movimiento de tierras\"},{\"@type\":\"BreadcrumbList\",\"@id\":\"https:\\\/\\\/www.copealcoy.es\\\/es\\\/las-infraestructuras-electricas-para-la-foia-de-castalla-cada-vez-mas-cerca\\\/#breadcrumb\",\"itemListElement\":[{\"@type\":\"ListItem\",\"position\":1,\"name\":\"Portada\",\"item\":\"https:\\\/\\\/www.copealcoy.es\\\/es\\\/\"},{\"@type\":\"ListItem\",\"position\":2,\"name\":\"Las infraestructuras el\u00e9ctricas para la Foia de Castalla cada vez m\u00e1s cerca\"}]},{\"@type\":\"WebSite\",\"@id\":\"https:\\\/\\\/www.copealcoy.es\\\/es\\\/#website\",\"url\":\"https:\\\/\\\/www.copealcoy.es\\\/es\\\/\",\"name\":\"COPE Alcoy\",\"description\":\"Emisora COPE de radio local con emisi\u00f3n online. Pont de Sant Jordi 8-10 03803 Alcoy\",\"potentialAction\":[{\"@type\":\"SearchAction\",\"target\":{\"@type\":\"EntryPoint\",\"urlTemplate\":\"https:\\\/\\\/www.copealcoy.es\\\/es\\\/?s={search_term_string}\"},\"query-input\":{\"@type\":\"PropertyValueSpecification\",\"valueRequired\":true,\"valueName\":\"search_term_string\"}}],\"inLanguage\":\"es\"},{\"@type\":\"Person\",\"@id\":\"https:\\\/\\\/www.copealcoy.es\\\/es\\\/#\\\/schema\\\/person\\\/e777c87fa024e57d40170af9df39882c\",\"name\":\"Cope Alcoy\",\"image\":{\"@type\":\"ImageObject\",\"inLanguage\":\"es\",\"@id\":\"https:\\\/\\\/secure.gravatar.com\\\/avatar\\\/bb65d0283347e303893ba14f0692005417c1e0e690a325a4c5d8bb2b3943ee14?s=96&d=mm&r=g\",\"url\":\"https:\\\/\\\/secure.gravatar.com\\\/avatar\\\/bb65d0283347e303893ba14f0692005417c1e0e690a325a4c5d8bb2b3943ee14?s=96&d=mm&r=g\",\"contentUrl\":\"https:\\\/\\\/secure.gravatar.com\\\/avatar\\\/bb65d0283347e303893ba14f0692005417c1e0e690a325a4c5d8bb2b3943ee14?s=96&d=mm&r=g\",\"caption\":\"Cope Alcoy\"}}]}<\/script>\n<!-- \/ Yoast SEO plugin. -->","yoast_head_json":{"title":"Las infraestructuras el\u00e9ctricas para la Foia de Castalla cada vez m\u00e1s cerca - COPE Alcoy","robots":{"index":"index","follow":"follow","max-snippet":"max-snippet:-1","max-image-preview":"max-image-preview:large","max-video-preview":"max-video-preview:-1"},"canonical":"https:\/\/www.copealcoy.es\/es\/las-infraestructuras-electricas-para-la-foia-de-castalla-cada-vez-mas-cerca\/","og_locale":"es_ES","og_type":"article","og_title":"Las infraestructuras el\u00e9ctricas para la Foia de Castalla cada vez m\u00e1s cerca - COPE Alcoy","og_description":"Iberdrola ha iniciado las obras para la construcci\u00f3n de la primera de las dos subestaciones el\u00e9ctricas de Castalla que aportar\u00e1n...","og_url":"https:\/\/www.copealcoy.es\/es\/las-infraestructuras-electricas-para-la-foia-de-castalla-cada-vez-mas-cerca\/","og_site_name":"COPE Alcoy","article_published_time":"2017-05-10T14:56:23+00:00","og_image":[{"width":680,"height":368,"url":"https:\/\/www.copealcoy.es\/wp-content\/uploads\/2017\/05\/IMG_8814-e1494427331537.jpg","type":"image\/jpeg"}],"author":"Cope Alcoy","twitter_misc":{"Escrito por":"Cope Alcoy","Tiempo de lectura":"2 minutos"},"schema":{"@context":"https:\/\/schema.org","@graph":[{"@type":"Article","@id":"https:\/\/www.copealcoy.es\/es\/las-infraestructuras-electricas-para-la-foia-de-castalla-cada-vez-mas-cerca\/#article","isPartOf":{"@id":"https:\/\/www.copealcoy.es\/es\/las-infraestructuras-electricas-para-la-foia-de-castalla-cada-vez-mas-cerca\/"},"author":{"name":"Cope Alcoy","@id":"https:\/\/www.copealcoy.es\/es\/#\/schema\/person\/e777c87fa024e57d40170af9df39882c"},"headline":"Las infraestructuras el\u00e9ctricas para la Foia de Castalla cada vez m\u00e1s cerca","datePublished":"2017-05-10T14:56:23+00:00","mainEntityOfPage":{"@id":"https:\/\/www.copealcoy.es\/es\/las-infraestructuras-electricas-para-la-foia-de-castalla-cada-vez-mas-cerca\/"},"wordCount":318,"commentCount":0,"image":{"@id":"https:\/\/www.copealcoy.es\/es\/las-infraestructuras-electricas-para-la-foia-de-castalla-cada-vez-mas-cerca\/#primaryimage"},"thumbnailUrl":"https:\/\/www.copealcoy.es\/wp-content\/uploads\/2017\/05\/IMG_8814-e1494427331537.jpg","keywords":["Castalla","Foia de Castalla","industrias","Subestaciones El\u00e9ctricas"],"articleSection":["Comarcas","Noticias"],"inLanguage":"es"},{"@type":"WebPage","@id":"https:\/\/www.copealcoy.es\/es\/las-infraestructuras-electricas-para-la-foia-de-castalla-cada-vez-mas-cerca\/","url":"https:\/\/www.copealcoy.es\/es\/las-infraestructuras-electricas-para-la-foia-de-castalla-cada-vez-mas-cerca\/","name":"Las infraestructuras el\u00e9ctricas para la Foia de Castalla cada vez m\u00e1s cerca - COPE Alcoy","isPartOf":{"@id":"https:\/\/www.copealcoy.es\/es\/#website"},"primaryImageOfPage":{"@id":"https:\/\/www.copealcoy.es\/es\/las-infraestructuras-electricas-para-la-foia-de-castalla-cada-vez-mas-cerca\/#primaryimage"},"image":{"@id":"https:\/\/www.copealcoy.es\/es\/las-infraestructuras-electricas-para-la-foia-de-castalla-cada-vez-mas-cerca\/#primaryimage"},"thumbnailUrl":"https:\/\/www.copealcoy.es\/wp-content\/uploads\/2017\/05\/IMG_8814-e1494427331537.jpg","datePublished":"2017-05-10T14:56:23+00:00","author":{"@id":"https:\/\/www.copealcoy.es\/es\/#\/schema\/person\/e777c87fa024e57d40170af9df39882c"},"breadcrumb":{"@id":"https:\/\/www.copealcoy.es\/es\/las-infraestructuras-electricas-para-la-foia-de-castalla-cada-vez-mas-cerca\/#breadcrumb"},"inLanguage":"es","potentialAction":[{"@type":"ReadAction","target":["https:\/\/www.copealcoy.es\/es\/las-infraestructuras-electricas-para-la-foia-de-castalla-cada-vez-mas-cerca\/"]}]},{"@type":"ImageObject","inLanguage":"es","@id":"https:\/\/www.copealcoy.es\/es\/las-infraestructuras-electricas-para-la-foia-de-castalla-cada-vez-mas-cerca\/#primaryimage","url":"https:\/\/www.copealcoy.es\/wp-content\/uploads\/2017\/05\/IMG_8814-e1494427331537.jpg","contentUrl":"https:\/\/www.copealcoy.es\/wp-content\/uploads\/2017\/05\/IMG_8814-e1494427331537.jpg","width":680,"height":368,"caption":"Las obras han arrancado con el movimiento de tierras"},{"@type":"BreadcrumbList","@id":"https:\/\/www.copealcoy.es\/es\/las-infraestructuras-electricas-para-la-foia-de-castalla-cada-vez-mas-cerca\/#breadcrumb","itemListElement":[{"@type":"ListItem","position":1,"name":"Portada","item":"https:\/\/www.copealcoy.es\/es\/"},{"@type":"ListItem","position":2,"name":"Las infraestructuras el\u00e9ctricas para la Foia de Castalla cada vez m\u00e1s cerca"}]},{"@type":"WebSite","@id":"https:\/\/www.copealcoy.es\/es\/#website","url":"https:\/\/www.copealcoy.es\/es\/","name":"COPE Alcoy","description":"Emisora COPE de radio local con emisi\u00f3n online. Pont de Sant Jordi 8-10 03803 Alcoy","potentialAction":[{"@type":"SearchAction","target":{"@type":"EntryPoint","urlTemplate":"https:\/\/www.copealcoy.es\/es\/?s={search_term_string}"},"query-input":{"@type":"PropertyValueSpecification","valueRequired":true,"valueName":"search_term_string"}}],"inLanguage":"es"},{"@type":"Person","@id":"https:\/\/www.copealcoy.es\/es\/#\/schema\/person\/e777c87fa024e57d40170af9df39882c","name":"Cope Alcoy","image":{"@type":"ImageObject","inLanguage":"es","@id":"https:\/\/secure.gravatar.com\/avatar\/bb65d0283347e303893ba14f0692005417c1e0e690a325a4c5d8bb2b3943ee14?s=96&d=mm&r=g","url":"https:\/\/secure.gravatar.com\/avatar\/bb65d0283347e303893ba14f0692005417c1e0e690a325a4c5d8bb2b3943ee14?s=96&d=mm&r=g","contentUrl":"https:\/\/secure.gravatar.com\/avatar\/bb65d0283347e303893ba14f0692005417c1e0e690a325a4c5d8bb2b3943ee14?s=96&d=mm&r=g","caption":"Cope Alcoy"}}]}},"_links":{"self":[{"href":"https:\/\/www.copealcoy.es\/es\/wp-json\/wp\/v2\/posts\/31600","targetHints":{"allow":["GET"]}}],"collection":[{"href":"https:\/\/www.copealcoy.es\/es\/wp-json\/wp\/v2\/posts"}],"about":[{"href":"https:\/\/www.copealcoy.es\/es\/wp-json\/wp\/v2\/types\/post"}],"author":[{"embeddable":true,"href":"https:\/\/www.copealcoy.es\/es\/wp-json\/wp\/v2\/users\/1"}],"replies":[{"embeddable":true,"href":"https:\/\/www.copealcoy.es\/es\/wp-json\/wp\/v2\/comments?post=31600"}],"version-history":[{"count":0,"href":"https:\/\/www.copealcoy.es\/es\/wp-json\/wp\/v2\/posts\/31600\/revisions"}],"wp:featuredmedia":[{"embeddable":true,"href":"https:\/\/www.copealcoy.es\/es\/wp-json\/wp\/v2\/media\/31601"}],"wp:attachment":[{"href":"https:\/\/www.copealcoy.es\/es\/wp-json\/wp\/v2\/media?parent=31600"}],"wp:term":[{"taxonomy":"category","embeddable":true,"href":"https:\/\/www.copealcoy.es\/es\/wp-json\/wp\/v2\/categories?post=31600"},{"taxonomy":"post_tag","embeddable":true,"href":"https:\/\/www.copealcoy.es\/es\/wp-json\/wp\/v2\/tags?post=31600"}],"curies":[{"name":"wp","href":"https:\/\/api.w.org\/{rel}","templated":true}]}}