{"id":31469,"date":"2017-05-06T10:46:57","date_gmt":"2017-05-06T10:46:57","guid":{"rendered":"http:\/\/copealcoi.es\/new\/?p=31469"},"modified":"2017-05-06T10:54:54","modified_gmt":"2017-05-06T10:54:54","slug":"muro-se-adentra-en-sus-fiestas-de-moros-y-cristianos","status":"publish","type":"post","link":"https:\/\/www.copealcoy.es\/es\/muro-se-adentra-en-sus-fiestas-de-moros-y-cristianos\/","title":{"rendered":"Muro se adentra en sus Fiestas de Moros y Cristianos"},"content":{"rendered":"<p style=\"text-align: justify;\">Muro <strong>se adentra este fin de semana en sus Fiestas de Moros y Cristianos en honor a la Virgen de los Desamparados<\/strong> con la celebraci\u00f3n de varios actos que tendr\u00e1n lugar en la jornada de hoy.<\/p>\n<p style=\"text-align: justify;\">A partir de las seis de la tarde <strong>el Centro Cultural Polivalente acoger\u00e1 el tradicional concierto<\/strong> de m\u00fasica festera de la Uni\u00f3n Musical de Muro que en esta ocasi\u00f3n alcanza la edici\u00f3n XLI. El programa lo abrir\u00e1 el pasodoble <em>El Ti Salvador<\/em> del murero Jos\u00e9 Rafael Pascual Vilaplana y seguir\u00e1 despu\u00e9s con la interpretaci\u00f3n de la marcha mora <em>Moz\u00e1rabes 1960<\/em> de Jos\u00e9 Mar\u00eda Ferrero Pastor, la marcha cristiana <em>Santos, Poetas y Guerreros<\/em> de Enrique Blasco y el estreno de la marcha mora <em>Estefa<\/em> de Francisco Valor. Seguidamente\u00a0la marcha cristiana <em>Aleluya<\/em>, del maestro alcoyano Amando Blanquer, <strong>cerrar\u00e1 la primera parte<\/strong>. La <strong>segunda parte<\/strong> comenzar\u00e1 con el pasodoble <em>Margaritet<\/em> de Jos\u00e9 Manuel Mart\u00ednez y seguir\u00e1 con las marchas moras <em>El Colze<\/em> de Ramon Garcia i Soler y <em>Culibr\u00ed<\/em> del citado Jos\u00e9 Rafael Pascual Vilaplana. Finalmente los m\u00fasicos interpretar\u00e1n la marcha cristiana <em>El Barranc del Sinc<\/em> de Rafael Mullor y el <em>Himne a Muro<\/em> de Francisco Esteve Pastor.<\/p>\n<p style=\"text-align: justify;\"><strong>Baix\u00e0 de la Mare de D\u00e9u y Entraeta<\/strong><\/p>\n<p style=\"text-align: justify;\">La actividad este s\u00e1bado <strong>seguir\u00e1 a las ocho y cuarto de la tarde con &#8216;La Baix\u00e0&#8217; de la Mare de D\u00e9u<\/strong> desde la Ermita hasta el templo parroquial de San Juan Bautista\u00a0cumpliendo as\u00ed el <strong>acuerdo alcanzado entre la Junta de Fiestas y la Cofrad\u00eda de la Virgen<\/strong> para modificar los horarios de algunas de las procesiones de la patrona <strong>tal y como ya inform\u00f3<\/strong> en su d\u00eda COPE ALCOY. Finalmente se llevar\u00e1 a cabo <span style=\"color: #0000ff;\"><a style=\"color: #0000ff;\" href=\"https:\/\/www.copealcoy.es\/la-junta-de-fiestas-de-muro-y-la-cofradia-llegan-a-un-acuerdo-de-consenso\/\"><strong>la Entraeta Oficial<\/strong><\/a> <\/span>a media noche con la participaci\u00f3n de la totalidad de les filaes desde el cruce de las calles Sants de la Pedra con Sant Josep.<\/p>\n<p style=\"text-align: justify;\">\n","protected":false},"excerpt":{"rendered":"<p>Muro se adentra este fin de semana en sus Fiestas de Moros y Cristianos en honor a la Virgen de&#8230;<\/p>\n","protected":false},"author":1,"featured_media":31470,"comment_status":"open","ping_status":"open","sticky":false,"template":"","format":"standard","meta":{"footnotes":""},"categories":[98,75],"tags":[3806,701,928,2001,135,2226],"class_list":["post-31469","post","type-post","status-publish","format-standard","has-post-thumbnail","hentry","category-comarcas","category-noticias","tag-baixa","tag-concierto","tag-entraeta","tag-fiestas-de-moros-y-cristianos","tag-muro","tag-union-musical-de-muro"],"yoast_head":"<!-- This site is optimized with the Yoast SEO plugin v27.3 - https:\/\/yoast.com\/product\/yoast-seo-wordpress\/ -->\n<title>Muro se adentra en sus Fiestas de Moros y Cristianos - COPE Alcoy<\/title>\n<meta name=\"robots\" content=\"index, follow, max-snippet:-1, max-image-preview:large, max-video-preview:-1\" \/>\n<link rel=\"canonical\" href=\"https:\/\/www.copealcoy.es\/es\/muro-se-adentra-en-sus-fiestas-de-moros-y-cristianos\/\" \/>\n<meta property=\"og:locale\" content=\"es_ES\" \/>\n<meta property=\"og:type\" content=\"article\" \/>\n<meta property=\"og:title\" content=\"Muro se adentra en sus Fiestas de Moros y Cristianos - COPE Alcoy\" \/>\n<meta property=\"og:description\" content=\"Muro se adentra este fin de semana en sus Fiestas de Moros y Cristianos en honor a la Virgen de...\" \/>\n<meta property=\"og:url\" content=\"https:\/\/www.copealcoy.es\/es\/muro-se-adentra-en-sus-fiestas-de-moros-y-cristianos\/\" \/>\n<meta property=\"og:site_name\" content=\"COPE Alcoy\" \/>\n<meta property=\"article:published_time\" content=\"2017-05-06T10:46:57+00:00\" \/>\n<meta property=\"article:modified_time\" content=\"2017-05-06T10:54:54+00:00\" \/>\n<meta property=\"og:image\" content=\"https:\/\/www.copealcoy.es\/wp-content\/uploads\/2017\/05\/18301149_1833272940329479_4349519342246693431_n.jpg\" \/>\n\t<meta property=\"og:image:width\" content=\"960\" \/>\n\t<meta property=\"og:image:height\" content=\"640\" \/>\n\t<meta property=\"og:image:type\" content=\"image\/jpeg\" \/>\n<meta name=\"author\" content=\"Cope Alcoy\" \/>\n<meta name=\"twitter:label1\" content=\"Escrito por\" \/>\n\t<meta name=\"twitter:data1\" content=\"Cope Alcoy\" \/>\n\t<meta name=\"twitter:label2\" content=\"Tiempo de lectura\" \/>\n\t<meta name=\"twitter:data2\" content=\"2 minutos\" \/>\n<script type=\"application\/ld+json\" class=\"yoast-schema-graph\">{\"@context\":\"https:\\\/\\\/schema.org\",\"@graph\":[{\"@type\":\"Article\",\"@id\":\"https:\\\/\\\/www.copealcoy.es\\\/es\\\/muro-se-adentra-en-sus-fiestas-de-moros-y-cristianos\\\/#article\",\"isPartOf\":{\"@id\":\"https:\\\/\\\/www.copealcoy.es\\\/es\\\/muro-se-adentra-en-sus-fiestas-de-moros-y-cristianos\\\/\"},\"author\":{\"name\":\"Cope Alcoy\",\"@id\":\"https:\\\/\\\/www.copealcoy.es\\\/es\\\/#\\\/schema\\\/person\\\/e777c87fa024e57d40170af9df39882c\"},\"headline\":\"Muro se adentra en sus Fiestas de Moros y Cristianos\",\"datePublished\":\"2017-05-06T10:46:57+00:00\",\"dateModified\":\"2017-05-06T10:54:54+00:00\",\"mainEntityOfPage\":{\"@id\":\"https:\\\/\\\/www.copealcoy.es\\\/es\\\/muro-se-adentra-en-sus-fiestas-de-moros-y-cristianos\\\/\"},\"wordCount\":331,\"commentCount\":0,\"image\":{\"@id\":\"https:\\\/\\\/www.copealcoy.es\\\/es\\\/muro-se-adentra-en-sus-fiestas-de-moros-y-cristianos\\\/#primaryimage\"},\"thumbnailUrl\":\"https:\\\/\\\/www.copealcoy.es\\\/wp-content\\\/uploads\\\/2017\\\/05\\\/18301149_1833272940329479_4349519342246693431_n.jpg\",\"keywords\":[\"Baix\u00e0\",\"Concierto\",\"Entraeta\",\"Fiestas de Moros y Cristianos\",\"Muro\",\"Uni\u00f3n Musical de Muro\"],\"articleSection\":[\"Comarcas\",\"Noticias\"],\"inLanguage\":\"es\"},{\"@type\":\"WebPage\",\"@id\":\"https:\\\/\\\/www.copealcoy.es\\\/es\\\/muro-se-adentra-en-sus-fiestas-de-moros-y-cristianos\\\/\",\"url\":\"https:\\\/\\\/www.copealcoy.es\\\/es\\\/muro-se-adentra-en-sus-fiestas-de-moros-y-cristianos\\\/\",\"name\":\"Muro se adentra en sus Fiestas de Moros y Cristianos - COPE Alcoy\",\"isPartOf\":{\"@id\":\"https:\\\/\\\/www.copealcoy.es\\\/es\\\/#website\"},\"primaryImageOfPage\":{\"@id\":\"https:\\\/\\\/www.copealcoy.es\\\/es\\\/muro-se-adentra-en-sus-fiestas-de-moros-y-cristianos\\\/#primaryimage\"},\"image\":{\"@id\":\"https:\\\/\\\/www.copealcoy.es\\\/es\\\/muro-se-adentra-en-sus-fiestas-de-moros-y-cristianos\\\/#primaryimage\"},\"thumbnailUrl\":\"https:\\\/\\\/www.copealcoy.es\\\/wp-content\\\/uploads\\\/2017\\\/05\\\/18301149_1833272940329479_4349519342246693431_n.jpg\",\"datePublished\":\"2017-05-06T10:46:57+00:00\",\"dateModified\":\"2017-05-06T10:54:54+00:00\",\"author\":{\"@id\":\"https:\\\/\\\/www.copealcoy.es\\\/es\\\/#\\\/schema\\\/person\\\/e777c87fa024e57d40170af9df39882c\"},\"breadcrumb\":{\"@id\":\"https:\\\/\\\/www.copealcoy.es\\\/es\\\/muro-se-adentra-en-sus-fiestas-de-moros-y-cristianos\\\/#breadcrumb\"},\"inLanguage\":\"es\",\"potentialAction\":[{\"@type\":\"ReadAction\",\"target\":[\"https:\\\/\\\/www.copealcoy.es\\\/es\\\/muro-se-adentra-en-sus-fiestas-de-moros-y-cristianos\\\/\"]}]},{\"@type\":\"ImageObject\",\"inLanguage\":\"es\",\"@id\":\"https:\\\/\\\/www.copealcoy.es\\\/es\\\/muro-se-adentra-en-sus-fiestas-de-moros-y-cristianos\\\/#primaryimage\",\"url\":\"https:\\\/\\\/www.copealcoy.es\\\/wp-content\\\/uploads\\\/2017\\\/05\\\/18301149_1833272940329479_4349519342246693431_n.jpg\",\"contentUrl\":\"https:\\\/\\\/www.copealcoy.es\\\/wp-content\\\/uploads\\\/2017\\\/05\\\/18301149_1833272940329479_4349519342246693431_n.jpg\",\"width\":960,\"height\":640,\"caption\":\"Las Clavariesas de la Mare de D\u00e9u montando el Dosel de la Virgen esta semana\"},{\"@type\":\"BreadcrumbList\",\"@id\":\"https:\\\/\\\/www.copealcoy.es\\\/es\\\/muro-se-adentra-en-sus-fiestas-de-moros-y-cristianos\\\/#breadcrumb\",\"itemListElement\":[{\"@type\":\"ListItem\",\"position\":1,\"name\":\"Portada\",\"item\":\"https:\\\/\\\/www.copealcoy.es\\\/es\\\/\"},{\"@type\":\"ListItem\",\"position\":2,\"name\":\"Muro se adentra en sus Fiestas de Moros y Cristianos\"}]},{\"@type\":\"WebSite\",\"@id\":\"https:\\\/\\\/www.copealcoy.es\\\/es\\\/#website\",\"url\":\"https:\\\/\\\/www.copealcoy.es\\\/es\\\/\",\"name\":\"COPE Alcoy\",\"description\":\"Emisora COPE de radio local con emisi\u00f3n online. Pont de Sant Jordi 8-10 03803 Alcoy\",\"potentialAction\":[{\"@type\":\"SearchAction\",\"target\":{\"@type\":\"EntryPoint\",\"urlTemplate\":\"https:\\\/\\\/www.copealcoy.es\\\/es\\\/?s={search_term_string}\"},\"query-input\":{\"@type\":\"PropertyValueSpecification\",\"valueRequired\":true,\"valueName\":\"search_term_string\"}}],\"inLanguage\":\"es\"},{\"@type\":\"Person\",\"@id\":\"https:\\\/\\\/www.copealcoy.es\\\/es\\\/#\\\/schema\\\/person\\\/e777c87fa024e57d40170af9df39882c\",\"name\":\"Cope Alcoy\",\"image\":{\"@type\":\"ImageObject\",\"inLanguage\":\"es\",\"@id\":\"https:\\\/\\\/secure.gravatar.com\\\/avatar\\\/bb65d0283347e303893ba14f0692005417c1e0e690a325a4c5d8bb2b3943ee14?s=96&d=mm&r=g\",\"url\":\"https:\\\/\\\/secure.gravatar.com\\\/avatar\\\/bb65d0283347e303893ba14f0692005417c1e0e690a325a4c5d8bb2b3943ee14?s=96&d=mm&r=g\",\"contentUrl\":\"https:\\\/\\\/secure.gravatar.com\\\/avatar\\\/bb65d0283347e303893ba14f0692005417c1e0e690a325a4c5d8bb2b3943ee14?s=96&d=mm&r=g\",\"caption\":\"Cope Alcoy\"}}]}<\/script>\n<!-- \/ Yoast SEO plugin. -->","yoast_head_json":{"title":"Muro se adentra en sus Fiestas de Moros y Cristianos - COPE Alcoy","robots":{"index":"index","follow":"follow","max-snippet":"max-snippet:-1","max-image-preview":"max-image-preview:large","max-video-preview":"max-video-preview:-1"},"canonical":"https:\/\/www.copealcoy.es\/es\/muro-se-adentra-en-sus-fiestas-de-moros-y-cristianos\/","og_locale":"es_ES","og_type":"article","og_title":"Muro se adentra en sus Fiestas de Moros y Cristianos - COPE Alcoy","og_description":"Muro se adentra este fin de semana en sus Fiestas de Moros y Cristianos en honor a la Virgen de...","og_url":"https:\/\/www.copealcoy.es\/es\/muro-se-adentra-en-sus-fiestas-de-moros-y-cristianos\/","og_site_name":"COPE Alcoy","article_published_time":"2017-05-06T10:46:57+00:00","article_modified_time":"2017-05-06T10:54:54+00:00","og_image":[{"width":960,"height":640,"url":"https:\/\/www.copealcoy.es\/wp-content\/uploads\/2017\/05\/18301149_1833272940329479_4349519342246693431_n.jpg","type":"image\/jpeg"}],"author":"Cope Alcoy","twitter_misc":{"Escrito por":"Cope Alcoy","Tiempo de lectura":"2 minutos"},"schema":{"@context":"https:\/\/schema.org","@graph":[{"@type":"Article","@id":"https:\/\/www.copealcoy.es\/es\/muro-se-adentra-en-sus-fiestas-de-moros-y-cristianos\/#article","isPartOf":{"@id":"https:\/\/www.copealcoy.es\/es\/muro-se-adentra-en-sus-fiestas-de-moros-y-cristianos\/"},"author":{"name":"Cope Alcoy","@id":"https:\/\/www.copealcoy.es\/es\/#\/schema\/person\/e777c87fa024e57d40170af9df39882c"},"headline":"Muro se adentra en sus Fiestas de Moros y Cristianos","datePublished":"2017-05-06T10:46:57+00:00","dateModified":"2017-05-06T10:54:54+00:00","mainEntityOfPage":{"@id":"https:\/\/www.copealcoy.es\/es\/muro-se-adentra-en-sus-fiestas-de-moros-y-cristianos\/"},"wordCount":331,"commentCount":0,"image":{"@id":"https:\/\/www.copealcoy.es\/es\/muro-se-adentra-en-sus-fiestas-de-moros-y-cristianos\/#primaryimage"},"thumbnailUrl":"https:\/\/www.copealcoy.es\/wp-content\/uploads\/2017\/05\/18301149_1833272940329479_4349519342246693431_n.jpg","keywords":["Baix\u00e0","Concierto","Entraeta","Fiestas de Moros y Cristianos","Muro","Uni\u00f3n Musical de Muro"],"articleSection":["Comarcas","Noticias"],"inLanguage":"es"},{"@type":"WebPage","@id":"https:\/\/www.copealcoy.es\/es\/muro-se-adentra-en-sus-fiestas-de-moros-y-cristianos\/","url":"https:\/\/www.copealcoy.es\/es\/muro-se-adentra-en-sus-fiestas-de-moros-y-cristianos\/","name":"Muro se adentra en sus Fiestas de Moros y Cristianos - COPE Alcoy","isPartOf":{"@id":"https:\/\/www.copealcoy.es\/es\/#website"},"primaryImageOfPage":{"@id":"https:\/\/www.copealcoy.es\/es\/muro-se-adentra-en-sus-fiestas-de-moros-y-cristianos\/#primaryimage"},"image":{"@id":"https:\/\/www.copealcoy.es\/es\/muro-se-adentra-en-sus-fiestas-de-moros-y-cristianos\/#primaryimage"},"thumbnailUrl":"https:\/\/www.copealcoy.es\/wp-content\/uploads\/2017\/05\/18301149_1833272940329479_4349519342246693431_n.jpg","datePublished":"2017-05-06T10:46:57+00:00","dateModified":"2017-05-06T10:54:54+00:00","author":{"@id":"https:\/\/www.copealcoy.es\/es\/#\/schema\/person\/e777c87fa024e57d40170af9df39882c"},"breadcrumb":{"@id":"https:\/\/www.copealcoy.es\/es\/muro-se-adentra-en-sus-fiestas-de-moros-y-cristianos\/#breadcrumb"},"inLanguage":"es","potentialAction":[{"@type":"ReadAction","target":["https:\/\/www.copealcoy.es\/es\/muro-se-adentra-en-sus-fiestas-de-moros-y-cristianos\/"]}]},{"@type":"ImageObject","inLanguage":"es","@id":"https:\/\/www.copealcoy.es\/es\/muro-se-adentra-en-sus-fiestas-de-moros-y-cristianos\/#primaryimage","url":"https:\/\/www.copealcoy.es\/wp-content\/uploads\/2017\/05\/18301149_1833272940329479_4349519342246693431_n.jpg","contentUrl":"https:\/\/www.copealcoy.es\/wp-content\/uploads\/2017\/05\/18301149_1833272940329479_4349519342246693431_n.jpg","width":960,"height":640,"caption":"Las Clavariesas de la Mare de D\u00e9u montando el Dosel de la Virgen esta semana"},{"@type":"BreadcrumbList","@id":"https:\/\/www.copealcoy.es\/es\/muro-se-adentra-en-sus-fiestas-de-moros-y-cristianos\/#breadcrumb","itemListElement":[{"@type":"ListItem","position":1,"name":"Portada","item":"https:\/\/www.copealcoy.es\/es\/"},{"@type":"ListItem","position":2,"name":"Muro se adentra en sus Fiestas de Moros y Cristianos"}]},{"@type":"WebSite","@id":"https:\/\/www.copealcoy.es\/es\/#website","url":"https:\/\/www.copealcoy.es\/es\/","name":"COPE Alcoy","description":"Emisora COPE de radio local con emisi\u00f3n online. Pont de Sant Jordi 8-10 03803 Alcoy","potentialAction":[{"@type":"SearchAction","target":{"@type":"EntryPoint","urlTemplate":"https:\/\/www.copealcoy.es\/es\/?s={search_term_string}"},"query-input":{"@type":"PropertyValueSpecification","valueRequired":true,"valueName":"search_term_string"}}],"inLanguage":"es"},{"@type":"Person","@id":"https:\/\/www.copealcoy.es\/es\/#\/schema\/person\/e777c87fa024e57d40170af9df39882c","name":"Cope Alcoy","image":{"@type":"ImageObject","inLanguage":"es","@id":"https:\/\/secure.gravatar.com\/avatar\/bb65d0283347e303893ba14f0692005417c1e0e690a325a4c5d8bb2b3943ee14?s=96&d=mm&r=g","url":"https:\/\/secure.gravatar.com\/avatar\/bb65d0283347e303893ba14f0692005417c1e0e690a325a4c5d8bb2b3943ee14?s=96&d=mm&r=g","contentUrl":"https:\/\/secure.gravatar.com\/avatar\/bb65d0283347e303893ba14f0692005417c1e0e690a325a4c5d8bb2b3943ee14?s=96&d=mm&r=g","caption":"Cope Alcoy"}}]}},"_links":{"self":[{"href":"https:\/\/www.copealcoy.es\/es\/wp-json\/wp\/v2\/posts\/31469","targetHints":{"allow":["GET"]}}],"collection":[{"href":"https:\/\/www.copealcoy.es\/es\/wp-json\/wp\/v2\/posts"}],"about":[{"href":"https:\/\/www.copealcoy.es\/es\/wp-json\/wp\/v2\/types\/post"}],"author":[{"embeddable":true,"href":"https:\/\/www.copealcoy.es\/es\/wp-json\/wp\/v2\/users\/1"}],"replies":[{"embeddable":true,"href":"https:\/\/www.copealcoy.es\/es\/wp-json\/wp\/v2\/comments?post=31469"}],"version-history":[{"count":0,"href":"https:\/\/www.copealcoy.es\/es\/wp-json\/wp\/v2\/posts\/31469\/revisions"}],"wp:featuredmedia":[{"embeddable":true,"href":"https:\/\/www.copealcoy.es\/es\/wp-json\/wp\/v2\/media\/31470"}],"wp:attachment":[{"href":"https:\/\/www.copealcoy.es\/es\/wp-json\/wp\/v2\/media?parent=31469"}],"wp:term":[{"taxonomy":"category","embeddable":true,"href":"https:\/\/www.copealcoy.es\/es\/wp-json\/wp\/v2\/categories?post=31469"},{"taxonomy":"post_tag","embeddable":true,"href":"https:\/\/www.copealcoy.es\/es\/wp-json\/wp\/v2\/tags?post=31469"}],"curies":[{"name":"wp","href":"https:\/\/api.w.org\/{rel}","templated":true}]}}