{"id":31428,"date":"2017-05-05T15:05:51","date_gmt":"2017-05-05T15:05:51","guid":{"rendered":"http:\/\/copealcoi.es\/new\/?p=31428"},"modified":"2017-05-05T15:05:51","modified_gmt":"2017-05-05T15:05:51","slug":"417-anos-de-devocion-a-sant-hipolit","status":"publish","type":"post","link":"https:\/\/www.copealcoy.es\/es\/417-anos-de-devocion-a-sant-hipolit\/","title":{"rendered":"417 a\u00f1os de devoci\u00f3n a Sant Hip\u00f2lit"},"content":{"rendered":"<p style=\"text-align: justify;\">Cocentaina <strong>ha organizado varios actos <\/strong>para este fin de semana con el fin de <strong>conmemorar el 417 aniversario de la elecci\u00f3n y proclamaci\u00f3n de San Hip\u00f3lito M\u00e1rtir como patr\u00f3n<\/strong> de la poblaci\u00f3n, unos hechos que tuvieron lugar los d\u00edas 7 y 10 de mayo de 1600, seg\u00fan se refleja en\u00a0la historia local.<\/p>\n<p style=\"text-align: justify;\">La programaci\u00f3n arrancar\u00e1 <strong>este s\u00e1bado 6 de mayo<\/strong> con una eucarist\u00eda a las 19:30h en la iglesia de Santa Mar\u00eda seguida de una conferencia que impartir\u00e1 <strong>D. El\u00edas S\u00e1nchez Reig<\/strong> y que se centrar\u00e1 en los elementos que se pueden ver en el Relicario estrenado en el a\u00f1o 2000 con motivo del IV Centenario del patronazgo de San Hip\u00f3lito. A continuaci\u00f3n <strong>se impondr\u00e1n las insignias a los nuevos Caps de Fil\u00e0 <\/strong>y los <strong>cuatro cargos festeros del pasado a\u00f1o 2016<\/strong> firmar\u00e1n en el libro de honor de la Junta de Fiestas. Posteriormente en la Casa del Fester, se inaugurar\u00e1 la exposici\u00f3n de la edici\u00f3n n\u00famero <strong>XX del concurso de Dibujo y Pintura Infantil<\/strong> que se realiz\u00f3 el pasado mes de septiembre.<\/p>\n<p style=\"text-align: justify;\">Ya el domingo se llevar\u00e1 a cabo\u00a0la anual <strong>misa en honor al santo\u00a0<\/strong>\u00a0a partir de las ocho de la tarde en el citado templo de Santa Mar\u00eda. En el transcurso de la misma <strong>se presentar\u00e1n los reci\u00e9n nacidos a San Hip\u00f3lito M\u00e1rtir<\/strong> y tambi\u00e9n los mayorales de 2017 as\u00ed como todos los componentes de la nueva directiva de la Federaci\u00f3n Junta de Fiestas <strong>recibir\u00e1n la medalla<\/strong> del santo. Seguidamente se entregar\u00e1 una imagen de San Hip\u00f3lito <strong>a la asociada devota J\u00falia Moncho Ruiz<\/strong> y por \u00faltimo se efectuar\u00e1 <strong>un disparo de arcabucer\u00eda en la Plaza de la Iglesia\u00a0<\/strong>&#8220;<em>es un acto singular de nuestra poblaci\u00f3n ya que\u00a0solo se disparan salvas en honor al patr\u00f3n este d\u00eda y despu\u00e9s de la procesi\u00f3n general de la jornada en la que celebramos su fiesta durante la trilog\u00eda de agosto<\/em>&#8220;, se\u00f1ala el presidente de la Federaci\u00f3n Junta de Fiestas de Cocentaina, Hip\u00f2lit Borr\u00e0s.<\/p>\n<p style=\"text-align: justify;\">Las actividades previstas seguir\u00e1n el 14 de mayo con la <strong>misa mensual dedicada al patr\u00f3n<\/strong> y culminar\u00e1n el s\u00e1bado 27 de mayo en el Pla de la Font con <strong>las tradicionales Paellas<\/strong> en las que participar\u00e1n todas las filaes acompa\u00f1adas de la m\u00fasica del Ateneu Musical.<\/p>\n<p>&nbsp;<\/p>\n","protected":false},"excerpt":{"rendered":"<p>Cocentaina ha organizado varios actos para este fin de semana con el fin de conmemorar el 417 aniversario de la&#8230;<\/p>\n","protected":false},"author":1,"featured_media":24423,"comment_status":"open","ping_status":"open","sticky":false,"template":"","format":"standard","meta":{"footnotes":""},"categories":[98,75],"tags":[4086,132,4087,2192,126,4088,985],"class_list":["post-31428","post","type-post","status-publish","format-standard","has-post-thumbnail","hentry","category-comarcas","category-noticias","tag-417-aniversario","tag-cocentaina","tag-eleccion","tag-junta-de-fiestas","tag-patron","tag-proclamacion","tag-sant-hipolit"],"yoast_head":"<!-- This site is optimized with the Yoast SEO plugin v27.3 - https:\/\/yoast.com\/product\/yoast-seo-wordpress\/ -->\n<title>417 a\u00f1os de devoci\u00f3n a Sant Hip\u00f2lit - COPE Alcoy<\/title>\n<meta name=\"robots\" content=\"index, follow, max-snippet:-1, max-image-preview:large, max-video-preview:-1\" \/>\n<link rel=\"canonical\" href=\"https:\/\/www.copealcoy.es\/es\/417-anos-de-devocion-a-sant-hipolit\/\" \/>\n<meta property=\"og:locale\" content=\"es_ES\" \/>\n<meta property=\"og:type\" content=\"article\" \/>\n<meta property=\"og:title\" content=\"417 a\u00f1os de devoci\u00f3n a Sant Hip\u00f2lit - COPE Alcoy\" \/>\n<meta property=\"og:description\" content=\"Cocentaina ha organizado varios actos para este fin de semana con el fin de conmemorar el 417 aniversario de la...\" \/>\n<meta property=\"og:url\" content=\"https:\/\/www.copealcoy.es\/es\/417-anos-de-devocion-a-sant-hipolit\/\" \/>\n<meta property=\"og:site_name\" content=\"COPE Alcoy\" \/>\n<meta property=\"article:published_time\" content=\"2017-05-05T15:05:51+00:00\" \/>\n<meta property=\"og:image\" content=\"https:\/\/www.copealcoy.es\/wp-content\/uploads\/2016\/08\/DSC01830.jpg\" \/>\n\t<meta property=\"og:image:width\" content=\"2457\" \/>\n\t<meta property=\"og:image:height\" content=\"1536\" \/>\n\t<meta property=\"og:image:type\" content=\"image\/jpeg\" \/>\n<meta name=\"author\" content=\"Cope Alcoy\" \/>\n<meta name=\"twitter:label1\" content=\"Escrito por\" \/>\n\t<meta name=\"twitter:data1\" content=\"Cope Alcoy\" \/>\n\t<meta name=\"twitter:label2\" content=\"Tiempo de lectura\" \/>\n\t<meta name=\"twitter:data2\" content=\"2 minutos\" \/>\n<script type=\"application\/ld+json\" class=\"yoast-schema-graph\">{\"@context\":\"https:\\\/\\\/schema.org\",\"@graph\":[{\"@type\":\"Article\",\"@id\":\"https:\\\/\\\/www.copealcoy.es\\\/es\\\/417-anos-de-devocion-a-sant-hipolit\\\/#article\",\"isPartOf\":{\"@id\":\"https:\\\/\\\/www.copealcoy.es\\\/es\\\/417-anos-de-devocion-a-sant-hipolit\\\/\"},\"author\":{\"name\":\"Cope Alcoy\",\"@id\":\"https:\\\/\\\/www.copealcoy.es\\\/es\\\/#\\\/schema\\\/person\\\/e777c87fa024e57d40170af9df39882c\"},\"headline\":\"417 a\u00f1os de devoci\u00f3n a Sant Hip\u00f2lit\",\"datePublished\":\"2017-05-05T15:05:51+00:00\",\"mainEntityOfPage\":{\"@id\":\"https:\\\/\\\/www.copealcoy.es\\\/es\\\/417-anos-de-devocion-a-sant-hipolit\\\/\"},\"wordCount\":423,\"commentCount\":0,\"image\":{\"@id\":\"https:\\\/\\\/www.copealcoy.es\\\/es\\\/417-anos-de-devocion-a-sant-hipolit\\\/#primaryimage\"},\"thumbnailUrl\":\"https:\\\/\\\/www.copealcoy.es\\\/wp-content\\\/uploads\\\/2016\\\/08\\\/DSC01830-e1658507251373.jpg\",\"keywords\":[\"417 aniversario\",\"Cocentaina\",\"elecci\u00f3n\",\"Junta de Fiestas\",\"patr\u00f3n\",\"proclamaci\u00f3n\",\"Sant Hip\u00f2lit\"],\"articleSection\":[\"Comarcas\",\"Noticias\"],\"inLanguage\":\"es\"},{\"@type\":\"WebPage\",\"@id\":\"https:\\\/\\\/www.copealcoy.es\\\/es\\\/417-anos-de-devocion-a-sant-hipolit\\\/\",\"url\":\"https:\\\/\\\/www.copealcoy.es\\\/es\\\/417-anos-de-devocion-a-sant-hipolit\\\/\",\"name\":\"417 a\u00f1os de devoci\u00f3n a Sant Hip\u00f2lit - COPE Alcoy\",\"isPartOf\":{\"@id\":\"https:\\\/\\\/www.copealcoy.es\\\/es\\\/#website\"},\"primaryImageOfPage\":{\"@id\":\"https:\\\/\\\/www.copealcoy.es\\\/es\\\/417-anos-de-devocion-a-sant-hipolit\\\/#primaryimage\"},\"image\":{\"@id\":\"https:\\\/\\\/www.copealcoy.es\\\/es\\\/417-anos-de-devocion-a-sant-hipolit\\\/#primaryimage\"},\"thumbnailUrl\":\"https:\\\/\\\/www.copealcoy.es\\\/wp-content\\\/uploads\\\/2016\\\/08\\\/DSC01830-e1658507251373.jpg\",\"datePublished\":\"2017-05-05T15:05:51+00:00\",\"author\":{\"@id\":\"https:\\\/\\\/www.copealcoy.es\\\/es\\\/#\\\/schema\\\/person\\\/e777c87fa024e57d40170af9df39882c\"},\"breadcrumb\":{\"@id\":\"https:\\\/\\\/www.copealcoy.es\\\/es\\\/417-anos-de-devocion-a-sant-hipolit\\\/#breadcrumb\"},\"inLanguage\":\"es\",\"potentialAction\":[{\"@type\":\"ReadAction\",\"target\":[\"https:\\\/\\\/www.copealcoy.es\\\/es\\\/417-anos-de-devocion-a-sant-hipolit\\\/\"]}]},{\"@type\":\"ImageObject\",\"inLanguage\":\"es\",\"@id\":\"https:\\\/\\\/www.copealcoy.es\\\/es\\\/417-anos-de-devocion-a-sant-hipolit\\\/#primaryimage\",\"url\":\"https:\\\/\\\/www.copealcoy.es\\\/wp-content\\\/uploads\\\/2016\\\/08\\\/DSC01830-e1658507251373.jpg\",\"contentUrl\":\"https:\\\/\\\/www.copealcoy.es\\\/wp-content\\\/uploads\\\/2016\\\/08\\\/DSC01830-e1658507251373.jpg\",\"width\":640,\"height\":400,\"caption\":\"La imagen de San Hip\u00f3lito y la reliquia han recorrido las calles de Cocentaina\"},{\"@type\":\"BreadcrumbList\",\"@id\":\"https:\\\/\\\/www.copealcoy.es\\\/es\\\/417-anos-de-devocion-a-sant-hipolit\\\/#breadcrumb\",\"itemListElement\":[{\"@type\":\"ListItem\",\"position\":1,\"name\":\"Portada\",\"item\":\"https:\\\/\\\/www.copealcoy.es\\\/es\\\/\"},{\"@type\":\"ListItem\",\"position\":2,\"name\":\"417 a\u00f1os de devoci\u00f3n a Sant Hip\u00f2lit\"}]},{\"@type\":\"WebSite\",\"@id\":\"https:\\\/\\\/www.copealcoy.es\\\/es\\\/#website\",\"url\":\"https:\\\/\\\/www.copealcoy.es\\\/es\\\/\",\"name\":\"COPE Alcoy\",\"description\":\"Emisora COPE de radio local con emisi\u00f3n online. Pont de Sant Jordi 8-10 03803 Alcoy\",\"potentialAction\":[{\"@type\":\"SearchAction\",\"target\":{\"@type\":\"EntryPoint\",\"urlTemplate\":\"https:\\\/\\\/www.copealcoy.es\\\/es\\\/?s={search_term_string}\"},\"query-input\":{\"@type\":\"PropertyValueSpecification\",\"valueRequired\":true,\"valueName\":\"search_term_string\"}}],\"inLanguage\":\"es\"},{\"@type\":\"Person\",\"@id\":\"https:\\\/\\\/www.copealcoy.es\\\/es\\\/#\\\/schema\\\/person\\\/e777c87fa024e57d40170af9df39882c\",\"name\":\"Cope Alcoy\",\"image\":{\"@type\":\"ImageObject\",\"inLanguage\":\"es\",\"@id\":\"https:\\\/\\\/secure.gravatar.com\\\/avatar\\\/bb65d0283347e303893ba14f0692005417c1e0e690a325a4c5d8bb2b3943ee14?s=96&d=mm&r=g\",\"url\":\"https:\\\/\\\/secure.gravatar.com\\\/avatar\\\/bb65d0283347e303893ba14f0692005417c1e0e690a325a4c5d8bb2b3943ee14?s=96&d=mm&r=g\",\"contentUrl\":\"https:\\\/\\\/secure.gravatar.com\\\/avatar\\\/bb65d0283347e303893ba14f0692005417c1e0e690a325a4c5d8bb2b3943ee14?s=96&d=mm&r=g\",\"caption\":\"Cope Alcoy\"}}]}<\/script>\n<!-- \/ Yoast SEO plugin. -->","yoast_head_json":{"title":"417 a\u00f1os de devoci\u00f3n a Sant Hip\u00f2lit - COPE Alcoy","robots":{"index":"index","follow":"follow","max-snippet":"max-snippet:-1","max-image-preview":"max-image-preview:large","max-video-preview":"max-video-preview:-1"},"canonical":"https:\/\/www.copealcoy.es\/es\/417-anos-de-devocion-a-sant-hipolit\/","og_locale":"es_ES","og_type":"article","og_title":"417 a\u00f1os de devoci\u00f3n a Sant Hip\u00f2lit - COPE Alcoy","og_description":"Cocentaina ha organizado varios actos para este fin de semana con el fin de conmemorar el 417 aniversario de la...","og_url":"https:\/\/www.copealcoy.es\/es\/417-anos-de-devocion-a-sant-hipolit\/","og_site_name":"COPE Alcoy","article_published_time":"2017-05-05T15:05:51+00:00","og_image":[{"width":2457,"height":1536,"url":"https:\/\/www.copealcoy.es\/wp-content\/uploads\/2016\/08\/DSC01830.jpg","type":"image\/jpeg"}],"author":"Cope Alcoy","twitter_misc":{"Escrito por":"Cope Alcoy","Tiempo de lectura":"2 minutos"},"schema":{"@context":"https:\/\/schema.org","@graph":[{"@type":"Article","@id":"https:\/\/www.copealcoy.es\/es\/417-anos-de-devocion-a-sant-hipolit\/#article","isPartOf":{"@id":"https:\/\/www.copealcoy.es\/es\/417-anos-de-devocion-a-sant-hipolit\/"},"author":{"name":"Cope Alcoy","@id":"https:\/\/www.copealcoy.es\/es\/#\/schema\/person\/e777c87fa024e57d40170af9df39882c"},"headline":"417 a\u00f1os de devoci\u00f3n a Sant Hip\u00f2lit","datePublished":"2017-05-05T15:05:51+00:00","mainEntityOfPage":{"@id":"https:\/\/www.copealcoy.es\/es\/417-anos-de-devocion-a-sant-hipolit\/"},"wordCount":423,"commentCount":0,"image":{"@id":"https:\/\/www.copealcoy.es\/es\/417-anos-de-devocion-a-sant-hipolit\/#primaryimage"},"thumbnailUrl":"https:\/\/www.copealcoy.es\/wp-content\/uploads\/2016\/08\/DSC01830-e1658507251373.jpg","keywords":["417 aniversario","Cocentaina","elecci\u00f3n","Junta de Fiestas","patr\u00f3n","proclamaci\u00f3n","Sant Hip\u00f2lit"],"articleSection":["Comarcas","Noticias"],"inLanguage":"es"},{"@type":"WebPage","@id":"https:\/\/www.copealcoy.es\/es\/417-anos-de-devocion-a-sant-hipolit\/","url":"https:\/\/www.copealcoy.es\/es\/417-anos-de-devocion-a-sant-hipolit\/","name":"417 a\u00f1os de devoci\u00f3n a Sant Hip\u00f2lit - COPE Alcoy","isPartOf":{"@id":"https:\/\/www.copealcoy.es\/es\/#website"},"primaryImageOfPage":{"@id":"https:\/\/www.copealcoy.es\/es\/417-anos-de-devocion-a-sant-hipolit\/#primaryimage"},"image":{"@id":"https:\/\/www.copealcoy.es\/es\/417-anos-de-devocion-a-sant-hipolit\/#primaryimage"},"thumbnailUrl":"https:\/\/www.copealcoy.es\/wp-content\/uploads\/2016\/08\/DSC01830-e1658507251373.jpg","datePublished":"2017-05-05T15:05:51+00:00","author":{"@id":"https:\/\/www.copealcoy.es\/es\/#\/schema\/person\/e777c87fa024e57d40170af9df39882c"},"breadcrumb":{"@id":"https:\/\/www.copealcoy.es\/es\/417-anos-de-devocion-a-sant-hipolit\/#breadcrumb"},"inLanguage":"es","potentialAction":[{"@type":"ReadAction","target":["https:\/\/www.copealcoy.es\/es\/417-anos-de-devocion-a-sant-hipolit\/"]}]},{"@type":"ImageObject","inLanguage":"es","@id":"https:\/\/www.copealcoy.es\/es\/417-anos-de-devocion-a-sant-hipolit\/#primaryimage","url":"https:\/\/www.copealcoy.es\/wp-content\/uploads\/2016\/08\/DSC01830-e1658507251373.jpg","contentUrl":"https:\/\/www.copealcoy.es\/wp-content\/uploads\/2016\/08\/DSC01830-e1658507251373.jpg","width":640,"height":400,"caption":"La imagen de San Hip\u00f3lito y la reliquia han recorrido las calles de Cocentaina"},{"@type":"BreadcrumbList","@id":"https:\/\/www.copealcoy.es\/es\/417-anos-de-devocion-a-sant-hipolit\/#breadcrumb","itemListElement":[{"@type":"ListItem","position":1,"name":"Portada","item":"https:\/\/www.copealcoy.es\/es\/"},{"@type":"ListItem","position":2,"name":"417 a\u00f1os de devoci\u00f3n a Sant Hip\u00f2lit"}]},{"@type":"WebSite","@id":"https:\/\/www.copealcoy.es\/es\/#website","url":"https:\/\/www.copealcoy.es\/es\/","name":"COPE Alcoy","description":"Emisora COPE de radio local con emisi\u00f3n online. Pont de Sant Jordi 8-10 03803 Alcoy","potentialAction":[{"@type":"SearchAction","target":{"@type":"EntryPoint","urlTemplate":"https:\/\/www.copealcoy.es\/es\/?s={search_term_string}"},"query-input":{"@type":"PropertyValueSpecification","valueRequired":true,"valueName":"search_term_string"}}],"inLanguage":"es"},{"@type":"Person","@id":"https:\/\/www.copealcoy.es\/es\/#\/schema\/person\/e777c87fa024e57d40170af9df39882c","name":"Cope Alcoy","image":{"@type":"ImageObject","inLanguage":"es","@id":"https:\/\/secure.gravatar.com\/avatar\/bb65d0283347e303893ba14f0692005417c1e0e690a325a4c5d8bb2b3943ee14?s=96&d=mm&r=g","url":"https:\/\/secure.gravatar.com\/avatar\/bb65d0283347e303893ba14f0692005417c1e0e690a325a4c5d8bb2b3943ee14?s=96&d=mm&r=g","contentUrl":"https:\/\/secure.gravatar.com\/avatar\/bb65d0283347e303893ba14f0692005417c1e0e690a325a4c5d8bb2b3943ee14?s=96&d=mm&r=g","caption":"Cope Alcoy"}}]}},"_links":{"self":[{"href":"https:\/\/www.copealcoy.es\/es\/wp-json\/wp\/v2\/posts\/31428","targetHints":{"allow":["GET"]}}],"collection":[{"href":"https:\/\/www.copealcoy.es\/es\/wp-json\/wp\/v2\/posts"}],"about":[{"href":"https:\/\/www.copealcoy.es\/es\/wp-json\/wp\/v2\/types\/post"}],"author":[{"embeddable":true,"href":"https:\/\/www.copealcoy.es\/es\/wp-json\/wp\/v2\/users\/1"}],"replies":[{"embeddable":true,"href":"https:\/\/www.copealcoy.es\/es\/wp-json\/wp\/v2\/comments?post=31428"}],"version-history":[{"count":0,"href":"https:\/\/www.copealcoy.es\/es\/wp-json\/wp\/v2\/posts\/31428\/revisions"}],"wp:featuredmedia":[{"embeddable":true,"href":"https:\/\/www.copealcoy.es\/es\/wp-json\/wp\/v2\/media\/24423"}],"wp:attachment":[{"href":"https:\/\/www.copealcoy.es\/es\/wp-json\/wp\/v2\/media?parent=31428"}],"wp:term":[{"taxonomy":"category","embeddable":true,"href":"https:\/\/www.copealcoy.es\/es\/wp-json\/wp\/v2\/categories?post=31428"},{"taxonomy":"post_tag","embeddable":true,"href":"https:\/\/www.copealcoy.es\/es\/wp-json\/wp\/v2\/tags?post=31428"}],"curies":[{"name":"wp","href":"https:\/\/api.w.org\/{rel}","templated":true}]}}