{"id":31422,"date":"2017-05-05T14:54:52","date_gmt":"2017-05-05T14:54:52","guid":{"rendered":"http:\/\/copealcoi.es\/new\/?p=31422"},"modified":"2017-05-05T14:54:52","modified_gmt":"2017-05-05T14:54:52","slug":"vicent-berbegal-gana-el-premio-al-empresario-europeo-del-ano","status":"publish","type":"post","link":"https:\/\/www.copealcoy.es\/es\/vicent-berbegal-gana-el-premio-al-empresario-europeo-del-ano\/","title":{"rendered":"Vicent Berbegal gana el premio al empresario europeo del a\u00f1o"},"content":{"rendered":"<p style=\"text-align: justify;\">El fundador de <strong>Actiu en Castalla<\/strong>, <strong>Vicente Berbegal<\/strong>, ha recibido el galard\u00f3n como mejor empresario europeo del a\u00f1o <strong>en el transcurso de una gala celebrada<\/strong> en la ciudad croata de\u00a0Dubrovnick. Berbegal se convierte as\u00ed en el <strong>primer espa\u00f1ol en recibir este reconocimiento<\/strong>\u00a0despu\u00e9s de que el jurado, formado por <strong>destacados representantes\u00a0del \u00e1mbito empresarial<\/strong> y de la pol\u00edtica, <strong>haya avalado su trayectoria y dedicaci\u00f3n<\/strong> para conseguir que Actiu sea hoy en d\u00eda un referente internacional.<\/p>\n<p style=\"text-align: justify;\">Actiu tambi\u00e9n ha obtenido <strong>un premio en la categor\u00eda de mejor empresa del a\u00f1o<\/strong> despu\u00e9s de competir con otras 110 de todo el continente europeo. De esta forma<strong> se ha reconocido la evoluci\u00f3n de la que ha sido testigo esta industria en el \u00faltimo medio siglo<\/strong> la cual, ha pasado de ser un peque\u00f1o taller de muebles a medida a una firma que apuesta por el dise\u00f1o, la tecnolog\u00eda\u00a0y el crecimiento sostenible y respetuoso con el medio ambiente.<\/p>\n","protected":false},"excerpt":{"rendered":"<p>El fundador de Actiu en Castalla, Vicente Berbegal, ha recibido el galard\u00f3n como mejor empresario europeo del a\u00f1o en el&#8230;<\/p>\n","protected":false},"author":1,"featured_media":31426,"comment_status":"open","ping_status":"open","sticky":false,"template":"","format":"standard","meta":{"footnotes":""},"categories":[98,75],"tags":[1277,1619,4085,4084],"class_list":["post-31422","post","type-post","status-publish","format-standard","has-post-thumbnail","hentry","category-comarcas","category-noticias","tag-actiu","tag-castalla","tag-mejor-empresario-europeo","tag-vicente-berbegal"],"yoast_head":"<!-- This site is optimized with the Yoast SEO plugin v27.3 - https:\/\/yoast.com\/product\/yoast-seo-wordpress\/ -->\n<title>Vicent Berbegal gana el premio al empresario europeo del a\u00f1o - COPE Alcoy<\/title>\n<meta name=\"robots\" content=\"index, follow, max-snippet:-1, max-image-preview:large, max-video-preview:-1\" \/>\n<link rel=\"canonical\" href=\"https:\/\/www.copealcoy.es\/es\/vicent-berbegal-gana-el-premio-al-empresario-europeo-del-ano\/\" \/>\n<meta property=\"og:locale\" content=\"es_ES\" \/>\n<meta property=\"og:type\" content=\"article\" \/>\n<meta property=\"og:title\" content=\"Vicent Berbegal gana el premio al empresario europeo del a\u00f1o - COPE Alcoy\" \/>\n<meta property=\"og:description\" content=\"El fundador de Actiu en Castalla, Vicente Berbegal, ha recibido el galard\u00f3n como mejor empresario europeo del a\u00f1o en el...\" \/>\n<meta property=\"og:url\" content=\"https:\/\/www.copealcoy.es\/es\/vicent-berbegal-gana-el-premio-al-empresario-europeo-del-ano\/\" \/>\n<meta property=\"og:site_name\" content=\"COPE Alcoy\" \/>\n<meta property=\"article:published_time\" content=\"2017-05-05T14:54:52+00:00\" \/>\n<meta property=\"og:image\" content=\"https:\/\/www.copealcoy.es\/wp-content\/uploads\/2017\/05\/Berbegal.jpg\" \/>\n\t<meta property=\"og:image:width\" content=\"660\" \/>\n\t<meta property=\"og:image:height\" content=\"330\" \/>\n\t<meta property=\"og:image:type\" content=\"image\/jpeg\" \/>\n<meta name=\"author\" content=\"Cope Alcoy\" \/>\n<meta name=\"twitter:label1\" content=\"Escrito por\" \/>\n\t<meta name=\"twitter:data1\" content=\"Cope Alcoy\" \/>\n\t<meta name=\"twitter:label2\" content=\"Tiempo de lectura\" \/>\n\t<meta name=\"twitter:data2\" content=\"1 minuto\" \/>\n<script type=\"application\/ld+json\" class=\"yoast-schema-graph\">{\"@context\":\"https:\\\/\\\/schema.org\",\"@graph\":[{\"@type\":\"Article\",\"@id\":\"https:\\\/\\\/www.copealcoy.es\\\/es\\\/vicent-berbegal-gana-el-premio-al-empresario-europeo-del-ano\\\/#article\",\"isPartOf\":{\"@id\":\"https:\\\/\\\/www.copealcoy.es\\\/es\\\/vicent-berbegal-gana-el-premio-al-empresario-europeo-del-ano\\\/\"},\"author\":{\"name\":\"Cope Alcoy\",\"@id\":\"https:\\\/\\\/www.copealcoy.es\\\/es\\\/#\\\/schema\\\/person\\\/e777c87fa024e57d40170af9df39882c\"},\"headline\":\"Vicent Berbegal gana el premio al empresario europeo del a\u00f1o\",\"datePublished\":\"2017-05-05T14:54:52+00:00\",\"mainEntityOfPage\":{\"@id\":\"https:\\\/\\\/www.copealcoy.es\\\/es\\\/vicent-berbegal-gana-el-premio-al-empresario-europeo-del-ano\\\/\"},\"wordCount\":180,\"commentCount\":0,\"image\":{\"@id\":\"https:\\\/\\\/www.copealcoy.es\\\/es\\\/vicent-berbegal-gana-el-premio-al-empresario-europeo-del-ano\\\/#primaryimage\"},\"thumbnailUrl\":\"https:\\\/\\\/www.copealcoy.es\\\/wp-content\\\/uploads\\\/2017\\\/05\\\/Berbegal.jpg\",\"keywords\":[\"Actiu\",\"Castalla\",\"mejor empresario europeo\",\"Vicente Berbegal\"],\"articleSection\":[\"Comarcas\",\"Noticias\"],\"inLanguage\":\"es\"},{\"@type\":\"WebPage\",\"@id\":\"https:\\\/\\\/www.copealcoy.es\\\/es\\\/vicent-berbegal-gana-el-premio-al-empresario-europeo-del-ano\\\/\",\"url\":\"https:\\\/\\\/www.copealcoy.es\\\/es\\\/vicent-berbegal-gana-el-premio-al-empresario-europeo-del-ano\\\/\",\"name\":\"Vicent Berbegal gana el premio al empresario europeo del a\u00f1o - COPE Alcoy\",\"isPartOf\":{\"@id\":\"https:\\\/\\\/www.copealcoy.es\\\/es\\\/#website\"},\"primaryImageOfPage\":{\"@id\":\"https:\\\/\\\/www.copealcoy.es\\\/es\\\/vicent-berbegal-gana-el-premio-al-empresario-europeo-del-ano\\\/#primaryimage\"},\"image\":{\"@id\":\"https:\\\/\\\/www.copealcoy.es\\\/es\\\/vicent-berbegal-gana-el-premio-al-empresario-europeo-del-ano\\\/#primaryimage\"},\"thumbnailUrl\":\"https:\\\/\\\/www.copealcoy.es\\\/wp-content\\\/uploads\\\/2017\\\/05\\\/Berbegal.jpg\",\"datePublished\":\"2017-05-05T14:54:52+00:00\",\"author\":{\"@id\":\"https:\\\/\\\/www.copealcoy.es\\\/es\\\/#\\\/schema\\\/person\\\/e777c87fa024e57d40170af9df39882c\"},\"breadcrumb\":{\"@id\":\"https:\\\/\\\/www.copealcoy.es\\\/es\\\/vicent-berbegal-gana-el-premio-al-empresario-europeo-del-ano\\\/#breadcrumb\"},\"inLanguage\":\"es\",\"potentialAction\":[{\"@type\":\"ReadAction\",\"target\":[\"https:\\\/\\\/www.copealcoy.es\\\/es\\\/vicent-berbegal-gana-el-premio-al-empresario-europeo-del-ano\\\/\"]}]},{\"@type\":\"ImageObject\",\"inLanguage\":\"es\",\"@id\":\"https:\\\/\\\/www.copealcoy.es\\\/es\\\/vicent-berbegal-gana-el-premio-al-empresario-europeo-del-ano\\\/#primaryimage\",\"url\":\"https:\\\/\\\/www.copealcoy.es\\\/wp-content\\\/uploads\\\/2017\\\/05\\\/Berbegal.jpg\",\"contentUrl\":\"https:\\\/\\\/www.copealcoy.es\\\/wp-content\\\/uploads\\\/2017\\\/05\\\/Berbegal.jpg\",\"width\":660,\"height\":330},{\"@type\":\"BreadcrumbList\",\"@id\":\"https:\\\/\\\/www.copealcoy.es\\\/es\\\/vicent-berbegal-gana-el-premio-al-empresario-europeo-del-ano\\\/#breadcrumb\",\"itemListElement\":[{\"@type\":\"ListItem\",\"position\":1,\"name\":\"Portada\",\"item\":\"https:\\\/\\\/www.copealcoy.es\\\/es\\\/\"},{\"@type\":\"ListItem\",\"position\":2,\"name\":\"Vicent Berbegal gana el premio al empresario europeo del a\u00f1o\"}]},{\"@type\":\"WebSite\",\"@id\":\"https:\\\/\\\/www.copealcoy.es\\\/es\\\/#website\",\"url\":\"https:\\\/\\\/www.copealcoy.es\\\/es\\\/\",\"name\":\"COPE Alcoy\",\"description\":\"Emisora COPE de radio local con emisi\u00f3n online. Pont de Sant Jordi 8-10 03803 Alcoy\",\"potentialAction\":[{\"@type\":\"SearchAction\",\"target\":{\"@type\":\"EntryPoint\",\"urlTemplate\":\"https:\\\/\\\/www.copealcoy.es\\\/es\\\/?s={search_term_string}\"},\"query-input\":{\"@type\":\"PropertyValueSpecification\",\"valueRequired\":true,\"valueName\":\"search_term_string\"}}],\"inLanguage\":\"es\"},{\"@type\":\"Person\",\"@id\":\"https:\\\/\\\/www.copealcoy.es\\\/es\\\/#\\\/schema\\\/person\\\/e777c87fa024e57d40170af9df39882c\",\"name\":\"Cope Alcoy\",\"image\":{\"@type\":\"ImageObject\",\"inLanguage\":\"es\",\"@id\":\"https:\\\/\\\/secure.gravatar.com\\\/avatar\\\/bb65d0283347e303893ba14f0692005417c1e0e690a325a4c5d8bb2b3943ee14?s=96&d=mm&r=g\",\"url\":\"https:\\\/\\\/secure.gravatar.com\\\/avatar\\\/bb65d0283347e303893ba14f0692005417c1e0e690a325a4c5d8bb2b3943ee14?s=96&d=mm&r=g\",\"contentUrl\":\"https:\\\/\\\/secure.gravatar.com\\\/avatar\\\/bb65d0283347e303893ba14f0692005417c1e0e690a325a4c5d8bb2b3943ee14?s=96&d=mm&r=g\",\"caption\":\"Cope Alcoy\"}}]}<\/script>\n<!-- \/ Yoast SEO plugin. -->","yoast_head_json":{"title":"Vicent Berbegal gana el premio al empresario europeo del a\u00f1o - COPE Alcoy","robots":{"index":"index","follow":"follow","max-snippet":"max-snippet:-1","max-image-preview":"max-image-preview:large","max-video-preview":"max-video-preview:-1"},"canonical":"https:\/\/www.copealcoy.es\/es\/vicent-berbegal-gana-el-premio-al-empresario-europeo-del-ano\/","og_locale":"es_ES","og_type":"article","og_title":"Vicent Berbegal gana el premio al empresario europeo del a\u00f1o - COPE Alcoy","og_description":"El fundador de Actiu en Castalla, Vicente Berbegal, ha recibido el galard\u00f3n como mejor empresario europeo del a\u00f1o en el...","og_url":"https:\/\/www.copealcoy.es\/es\/vicent-berbegal-gana-el-premio-al-empresario-europeo-del-ano\/","og_site_name":"COPE Alcoy","article_published_time":"2017-05-05T14:54:52+00:00","og_image":[{"width":660,"height":330,"url":"https:\/\/www.copealcoy.es\/wp-content\/uploads\/2017\/05\/Berbegal.jpg","type":"image\/jpeg"}],"author":"Cope Alcoy","twitter_misc":{"Escrito por":"Cope Alcoy","Tiempo de lectura":"1 minuto"},"schema":{"@context":"https:\/\/schema.org","@graph":[{"@type":"Article","@id":"https:\/\/www.copealcoy.es\/es\/vicent-berbegal-gana-el-premio-al-empresario-europeo-del-ano\/#article","isPartOf":{"@id":"https:\/\/www.copealcoy.es\/es\/vicent-berbegal-gana-el-premio-al-empresario-europeo-del-ano\/"},"author":{"name":"Cope Alcoy","@id":"https:\/\/www.copealcoy.es\/es\/#\/schema\/person\/e777c87fa024e57d40170af9df39882c"},"headline":"Vicent Berbegal gana el premio al empresario europeo del a\u00f1o","datePublished":"2017-05-05T14:54:52+00:00","mainEntityOfPage":{"@id":"https:\/\/www.copealcoy.es\/es\/vicent-berbegal-gana-el-premio-al-empresario-europeo-del-ano\/"},"wordCount":180,"commentCount":0,"image":{"@id":"https:\/\/www.copealcoy.es\/es\/vicent-berbegal-gana-el-premio-al-empresario-europeo-del-ano\/#primaryimage"},"thumbnailUrl":"https:\/\/www.copealcoy.es\/wp-content\/uploads\/2017\/05\/Berbegal.jpg","keywords":["Actiu","Castalla","mejor empresario europeo","Vicente Berbegal"],"articleSection":["Comarcas","Noticias"],"inLanguage":"es"},{"@type":"WebPage","@id":"https:\/\/www.copealcoy.es\/es\/vicent-berbegal-gana-el-premio-al-empresario-europeo-del-ano\/","url":"https:\/\/www.copealcoy.es\/es\/vicent-berbegal-gana-el-premio-al-empresario-europeo-del-ano\/","name":"Vicent Berbegal gana el premio al empresario europeo del a\u00f1o - COPE Alcoy","isPartOf":{"@id":"https:\/\/www.copealcoy.es\/es\/#website"},"primaryImageOfPage":{"@id":"https:\/\/www.copealcoy.es\/es\/vicent-berbegal-gana-el-premio-al-empresario-europeo-del-ano\/#primaryimage"},"image":{"@id":"https:\/\/www.copealcoy.es\/es\/vicent-berbegal-gana-el-premio-al-empresario-europeo-del-ano\/#primaryimage"},"thumbnailUrl":"https:\/\/www.copealcoy.es\/wp-content\/uploads\/2017\/05\/Berbegal.jpg","datePublished":"2017-05-05T14:54:52+00:00","author":{"@id":"https:\/\/www.copealcoy.es\/es\/#\/schema\/person\/e777c87fa024e57d40170af9df39882c"},"breadcrumb":{"@id":"https:\/\/www.copealcoy.es\/es\/vicent-berbegal-gana-el-premio-al-empresario-europeo-del-ano\/#breadcrumb"},"inLanguage":"es","potentialAction":[{"@type":"ReadAction","target":["https:\/\/www.copealcoy.es\/es\/vicent-berbegal-gana-el-premio-al-empresario-europeo-del-ano\/"]}]},{"@type":"ImageObject","inLanguage":"es","@id":"https:\/\/www.copealcoy.es\/es\/vicent-berbegal-gana-el-premio-al-empresario-europeo-del-ano\/#primaryimage","url":"https:\/\/www.copealcoy.es\/wp-content\/uploads\/2017\/05\/Berbegal.jpg","contentUrl":"https:\/\/www.copealcoy.es\/wp-content\/uploads\/2017\/05\/Berbegal.jpg","width":660,"height":330},{"@type":"BreadcrumbList","@id":"https:\/\/www.copealcoy.es\/es\/vicent-berbegal-gana-el-premio-al-empresario-europeo-del-ano\/#breadcrumb","itemListElement":[{"@type":"ListItem","position":1,"name":"Portada","item":"https:\/\/www.copealcoy.es\/es\/"},{"@type":"ListItem","position":2,"name":"Vicent Berbegal gana el premio al empresario europeo del a\u00f1o"}]},{"@type":"WebSite","@id":"https:\/\/www.copealcoy.es\/es\/#website","url":"https:\/\/www.copealcoy.es\/es\/","name":"COPE Alcoy","description":"Emisora COPE de radio local con emisi\u00f3n online. Pont de Sant Jordi 8-10 03803 Alcoy","potentialAction":[{"@type":"SearchAction","target":{"@type":"EntryPoint","urlTemplate":"https:\/\/www.copealcoy.es\/es\/?s={search_term_string}"},"query-input":{"@type":"PropertyValueSpecification","valueRequired":true,"valueName":"search_term_string"}}],"inLanguage":"es"},{"@type":"Person","@id":"https:\/\/www.copealcoy.es\/es\/#\/schema\/person\/e777c87fa024e57d40170af9df39882c","name":"Cope Alcoy","image":{"@type":"ImageObject","inLanguage":"es","@id":"https:\/\/secure.gravatar.com\/avatar\/bb65d0283347e303893ba14f0692005417c1e0e690a325a4c5d8bb2b3943ee14?s=96&d=mm&r=g","url":"https:\/\/secure.gravatar.com\/avatar\/bb65d0283347e303893ba14f0692005417c1e0e690a325a4c5d8bb2b3943ee14?s=96&d=mm&r=g","contentUrl":"https:\/\/secure.gravatar.com\/avatar\/bb65d0283347e303893ba14f0692005417c1e0e690a325a4c5d8bb2b3943ee14?s=96&d=mm&r=g","caption":"Cope Alcoy"}}]}},"_links":{"self":[{"href":"https:\/\/www.copealcoy.es\/es\/wp-json\/wp\/v2\/posts\/31422","targetHints":{"allow":["GET"]}}],"collection":[{"href":"https:\/\/www.copealcoy.es\/es\/wp-json\/wp\/v2\/posts"}],"about":[{"href":"https:\/\/www.copealcoy.es\/es\/wp-json\/wp\/v2\/types\/post"}],"author":[{"embeddable":true,"href":"https:\/\/www.copealcoy.es\/es\/wp-json\/wp\/v2\/users\/1"}],"replies":[{"embeddable":true,"href":"https:\/\/www.copealcoy.es\/es\/wp-json\/wp\/v2\/comments?post=31422"}],"version-history":[{"count":0,"href":"https:\/\/www.copealcoy.es\/es\/wp-json\/wp\/v2\/posts\/31422\/revisions"}],"wp:featuredmedia":[{"embeddable":true,"href":"https:\/\/www.copealcoy.es\/es\/wp-json\/wp\/v2\/media\/31426"}],"wp:attachment":[{"href":"https:\/\/www.copealcoy.es\/es\/wp-json\/wp\/v2\/media?parent=31422"}],"wp:term":[{"taxonomy":"category","embeddable":true,"href":"https:\/\/www.copealcoy.es\/es\/wp-json\/wp\/v2\/categories?post=31422"},{"taxonomy":"post_tag","embeddable":true,"href":"https:\/\/www.copealcoy.es\/es\/wp-json\/wp\/v2\/tags?post=31422"}],"curies":[{"name":"wp","href":"https:\/\/api.w.org\/{rel}","templated":true}]}}