{"id":31403,"date":"2017-05-04T17:36:11","date_gmt":"2017-05-04T17:36:11","guid":{"rendered":"http:\/\/copealcoi.es\/new\/?p=31403"},"modified":"2017-05-04T17:39:14","modified_gmt":"2017-05-04T17:39:14","slug":"las-fuentes-alcoy-centran-una-nueva-ruta-turistica","status":"publish","type":"post","link":"https:\/\/www.copealcoy.es\/es\/las-fuentes-alcoy-centran-una-nueva-ruta-turistica\/","title":{"rendered":"Las fuentes de Alcoy centran una nueva ruta tur\u00edstica"},"content":{"rendered":"<p style=\"text-align: justify;\">Alcoy acoge el s\u00e1bado <strong>una nueva ruta tur\u00edstica guiada<\/strong> y en esta ocasi\u00f3n <strong>se dar\u00e1n a conocer las diferentes fuentes ornamentales<\/strong> que ofrece la ciudad. Bajo el lema <strong>&#8216;Descobreix Alcoi: Font de Vida&#8217;<\/strong> los participantes <strong>podr\u00e1n descubrir el modernismo y el Art D\u00e9co<\/strong> por medio de un recorrido por diez fuentes ornamentales.<\/p>\n<p style=\"text-align: justify;\">La citada ruta <strong>partir\u00e1 desde la Plaza de Espa\u00f1a a las once de la ma\u00f1ana<\/strong> para visitar el antiguo partidor de aguas, las fuentes del Oro, Tap, Plaza Ram\u00f3n y Cajal, la Glorieta, la Font Redona, la fuente del Forn del Vidre de la calle Sant Mateu, la Font Nova y la Font de l\u00b4Estrela.<\/p>\n<p style=\"text-align: justify;\"><strong>Lorena Zamorano<\/strong>, concejala de Turismo en el Consistorio Alcoyano, destaca que<strong> en estas rutas se busca introducir elementos nuevos para hacerlas m\u00e1s atractivas<\/strong>\u00a0de cara a\u00a0los participantes y visitantes <em>&#8220;nuevos alicientes que despiertan inter\u00e9s en volver a repetir la ruta y conocer m\u00e1s sobre nuestra ciudad. Las obras de mejora de las fuentes que se est\u00e1 llevando a cabo por la concejal\u00eda de Obras, pone en valor estos elementos urbanos muy nuestros y el agua como motor para explicar el desarrollo de nuestra ciudad, tanto en el \u00e1mbito urban\u00edstico, como socio. Esperamos que despierte el mismo inter\u00e9s que es habitual en todas las rutas que se est\u00e1n llevando a cabo y que los asistentes disfruten<\/em>&#8220;, matiza.<\/p>\n<p style=\"text-align: justify;\">Indicar que los interesados en participar <strong>pueden inscribirse<\/strong> en la web de la Oficina de Turismo o en el tel\u00e9fono 96 553 71 55.<strong>\u00a0<\/strong><\/p>\n","protected":false},"excerpt":{"rendered":"<p>Alcoy acoge el s\u00e1bado una nueva ruta tur\u00edstica guiada y en esta ocasi\u00f3n se dar\u00e1n a conocer las diferentes fuentes&#8230;<\/p>\n","protected":false},"author":1,"featured_media":31404,"comment_status":"open","ping_status":"open","sticky":false,"template":"","format":"standard","meta":{"footnotes":""},"categories":[97,75],"tags":[1494,3933,1796,1509,514],"class_list":["post-31403","post","type-post","status-publish","format-standard","has-post-thumbnail","hentry","category-alcoy","category-noticias","tag-alcoy","tag-fuentes","tag-lorena-zamorano","tag-ruta","tag-turismo"],"yoast_head":"<!-- This site is optimized with the Yoast SEO plugin v27.3 - https:\/\/yoast.com\/product\/yoast-seo-wordpress\/ -->\n<title>Las fuentes de Alcoy centran una nueva ruta tur\u00edstica - COPE Alcoy<\/title>\n<meta name=\"robots\" content=\"index, follow, max-snippet:-1, max-image-preview:large, max-video-preview:-1\" \/>\n<link rel=\"canonical\" href=\"https:\/\/www.copealcoy.es\/es\/las-fuentes-alcoy-centran-una-nueva-ruta-turistica\/\" \/>\n<meta property=\"og:locale\" content=\"es_ES\" \/>\n<meta property=\"og:type\" content=\"article\" \/>\n<meta property=\"og:title\" content=\"Las fuentes de Alcoy centran una nueva ruta tur\u00edstica - COPE Alcoy\" \/>\n<meta property=\"og:description\" content=\"Alcoy acoge el s\u00e1bado una nueva ruta tur\u00edstica guiada y en esta ocasi\u00f3n se dar\u00e1n a conocer las diferentes fuentes...\" \/>\n<meta property=\"og:url\" content=\"https:\/\/www.copealcoy.es\/es\/las-fuentes-alcoy-centran-una-nueva-ruta-turistica\/\" \/>\n<meta property=\"og:site_name\" content=\"COPE Alcoy\" \/>\n<meta property=\"article:published_time\" content=\"2017-05-04T17:36:11+00:00\" \/>\n<meta property=\"article:modified_time\" content=\"2017-05-04T17:39:14+00:00\" \/>\n<meta property=\"og:image\" content=\"https:\/\/www.copealcoy.es\/wp-content\/uploads\/2017\/05\/20130923_180415-e1493919346514.jpg\" \/>\n\t<meta property=\"og:image:width\" content=\"1596\" \/>\n\t<meta property=\"og:image:height\" content=\"864\" \/>\n\t<meta property=\"og:image:type\" content=\"image\/jpeg\" \/>\n<meta name=\"author\" content=\"Cope Alcoy\" \/>\n<meta name=\"twitter:label1\" content=\"Escrito por\" \/>\n\t<meta name=\"twitter:data1\" content=\"Cope Alcoy\" \/>\n\t<meta name=\"twitter:label2\" content=\"Tiempo de lectura\" \/>\n\t<meta name=\"twitter:data2\" content=\"1 minuto\" \/>\n<script type=\"application\/ld+json\" class=\"yoast-schema-graph\">{\"@context\":\"https:\\\/\\\/schema.org\",\"@graph\":[{\"@type\":\"Article\",\"@id\":\"https:\\\/\\\/www.copealcoy.es\\\/es\\\/las-fuentes-alcoy-centran-una-nueva-ruta-turistica\\\/#article\",\"isPartOf\":{\"@id\":\"https:\\\/\\\/www.copealcoy.es\\\/es\\\/las-fuentes-alcoy-centran-una-nueva-ruta-turistica\\\/\"},\"author\":{\"name\":\"Cope Alcoy\",\"@id\":\"https:\\\/\\\/www.copealcoy.es\\\/es\\\/#\\\/schema\\\/person\\\/e777c87fa024e57d40170af9df39882c\"},\"headline\":\"Las fuentes de Alcoy centran una nueva ruta tur\u00edstica\",\"datePublished\":\"2017-05-04T17:36:11+00:00\",\"dateModified\":\"2017-05-04T17:39:14+00:00\",\"mainEntityOfPage\":{\"@id\":\"https:\\\/\\\/www.copealcoy.es\\\/es\\\/las-fuentes-alcoy-centran-una-nueva-ruta-turistica\\\/\"},\"wordCount\":272,\"commentCount\":0,\"image\":{\"@id\":\"https:\\\/\\\/www.copealcoy.es\\\/es\\\/las-fuentes-alcoy-centran-una-nueva-ruta-turistica\\\/#primaryimage\"},\"thumbnailUrl\":\"https:\\\/\\\/www.copealcoy.es\\\/wp-content\\\/uploads\\\/2017\\\/05\\\/20130923_180415-e1493919346514.jpg\",\"keywords\":[\"Alcoy\",\"fuentes\",\"Lorena Zamorano\",\"Ruta\",\"Turismo\"],\"articleSection\":[\"Alcoy\",\"Noticias\"],\"inLanguage\":\"es\"},{\"@type\":\"WebPage\",\"@id\":\"https:\\\/\\\/www.copealcoy.es\\\/es\\\/las-fuentes-alcoy-centran-una-nueva-ruta-turistica\\\/\",\"url\":\"https:\\\/\\\/www.copealcoy.es\\\/es\\\/las-fuentes-alcoy-centran-una-nueva-ruta-turistica\\\/\",\"name\":\"Las fuentes de Alcoy centran una nueva ruta tur\u00edstica - COPE Alcoy\",\"isPartOf\":{\"@id\":\"https:\\\/\\\/www.copealcoy.es\\\/es\\\/#website\"},\"primaryImageOfPage\":{\"@id\":\"https:\\\/\\\/www.copealcoy.es\\\/es\\\/las-fuentes-alcoy-centran-una-nueva-ruta-turistica\\\/#primaryimage\"},\"image\":{\"@id\":\"https:\\\/\\\/www.copealcoy.es\\\/es\\\/las-fuentes-alcoy-centran-una-nueva-ruta-turistica\\\/#primaryimage\"},\"thumbnailUrl\":\"https:\\\/\\\/www.copealcoy.es\\\/wp-content\\\/uploads\\\/2017\\\/05\\\/20130923_180415-e1493919346514.jpg\",\"datePublished\":\"2017-05-04T17:36:11+00:00\",\"dateModified\":\"2017-05-04T17:39:14+00:00\",\"author\":{\"@id\":\"https:\\\/\\\/www.copealcoy.es\\\/es\\\/#\\\/schema\\\/person\\\/e777c87fa024e57d40170af9df39882c\"},\"breadcrumb\":{\"@id\":\"https:\\\/\\\/www.copealcoy.es\\\/es\\\/las-fuentes-alcoy-centran-una-nueva-ruta-turistica\\\/#breadcrumb\"},\"inLanguage\":\"es\",\"potentialAction\":[{\"@type\":\"ReadAction\",\"target\":[\"https:\\\/\\\/www.copealcoy.es\\\/es\\\/las-fuentes-alcoy-centran-una-nueva-ruta-turistica\\\/\"]}]},{\"@type\":\"ImageObject\",\"inLanguage\":\"es\",\"@id\":\"https:\\\/\\\/www.copealcoy.es\\\/es\\\/las-fuentes-alcoy-centran-una-nueva-ruta-turistica\\\/#primaryimage\",\"url\":\"https:\\\/\\\/www.copealcoy.es\\\/wp-content\\\/uploads\\\/2017\\\/05\\\/20130923_180415-e1493919346514.jpg\",\"contentUrl\":\"https:\\\/\\\/www.copealcoy.es\\\/wp-content\\\/uploads\\\/2017\\\/05\\\/20130923_180415-e1493919346514.jpg\",\"width\":1596,\"height\":864},{\"@type\":\"BreadcrumbList\",\"@id\":\"https:\\\/\\\/www.copealcoy.es\\\/es\\\/las-fuentes-alcoy-centran-una-nueva-ruta-turistica\\\/#breadcrumb\",\"itemListElement\":[{\"@type\":\"ListItem\",\"position\":1,\"name\":\"Portada\",\"item\":\"https:\\\/\\\/www.copealcoy.es\\\/es\\\/\"},{\"@type\":\"ListItem\",\"position\":2,\"name\":\"Las fuentes de Alcoy centran una nueva ruta tur\u00edstica\"}]},{\"@type\":\"WebSite\",\"@id\":\"https:\\\/\\\/www.copealcoy.es\\\/es\\\/#website\",\"url\":\"https:\\\/\\\/www.copealcoy.es\\\/es\\\/\",\"name\":\"COPE Alcoy\",\"description\":\"Emisora COPE de radio local con emisi\u00f3n online. Pont de Sant Jordi 8-10 03803 Alcoy\",\"potentialAction\":[{\"@type\":\"SearchAction\",\"target\":{\"@type\":\"EntryPoint\",\"urlTemplate\":\"https:\\\/\\\/www.copealcoy.es\\\/es\\\/?s={search_term_string}\"},\"query-input\":{\"@type\":\"PropertyValueSpecification\",\"valueRequired\":true,\"valueName\":\"search_term_string\"}}],\"inLanguage\":\"es\"},{\"@type\":\"Person\",\"@id\":\"https:\\\/\\\/www.copealcoy.es\\\/es\\\/#\\\/schema\\\/person\\\/e777c87fa024e57d40170af9df39882c\",\"name\":\"Cope Alcoy\",\"image\":{\"@type\":\"ImageObject\",\"inLanguage\":\"es\",\"@id\":\"https:\\\/\\\/secure.gravatar.com\\\/avatar\\\/bb65d0283347e303893ba14f0692005417c1e0e690a325a4c5d8bb2b3943ee14?s=96&d=mm&r=g\",\"url\":\"https:\\\/\\\/secure.gravatar.com\\\/avatar\\\/bb65d0283347e303893ba14f0692005417c1e0e690a325a4c5d8bb2b3943ee14?s=96&d=mm&r=g\",\"contentUrl\":\"https:\\\/\\\/secure.gravatar.com\\\/avatar\\\/bb65d0283347e303893ba14f0692005417c1e0e690a325a4c5d8bb2b3943ee14?s=96&d=mm&r=g\",\"caption\":\"Cope Alcoy\"}}]}<\/script>\n<!-- \/ Yoast SEO plugin. -->","yoast_head_json":{"title":"Las fuentes de Alcoy centran una nueva ruta tur\u00edstica - COPE Alcoy","robots":{"index":"index","follow":"follow","max-snippet":"max-snippet:-1","max-image-preview":"max-image-preview:large","max-video-preview":"max-video-preview:-1"},"canonical":"https:\/\/www.copealcoy.es\/es\/las-fuentes-alcoy-centran-una-nueva-ruta-turistica\/","og_locale":"es_ES","og_type":"article","og_title":"Las fuentes de Alcoy centran una nueva ruta tur\u00edstica - COPE Alcoy","og_description":"Alcoy acoge el s\u00e1bado una nueva ruta tur\u00edstica guiada y en esta ocasi\u00f3n se dar\u00e1n a conocer las diferentes fuentes...","og_url":"https:\/\/www.copealcoy.es\/es\/las-fuentes-alcoy-centran-una-nueva-ruta-turistica\/","og_site_name":"COPE Alcoy","article_published_time":"2017-05-04T17:36:11+00:00","article_modified_time":"2017-05-04T17:39:14+00:00","og_image":[{"width":1596,"height":864,"url":"https:\/\/www.copealcoy.es\/wp-content\/uploads\/2017\/05\/20130923_180415-e1493919346514.jpg","type":"image\/jpeg"}],"author":"Cope Alcoy","twitter_misc":{"Escrito por":"Cope Alcoy","Tiempo de lectura":"1 minuto"},"schema":{"@context":"https:\/\/schema.org","@graph":[{"@type":"Article","@id":"https:\/\/www.copealcoy.es\/es\/las-fuentes-alcoy-centran-una-nueva-ruta-turistica\/#article","isPartOf":{"@id":"https:\/\/www.copealcoy.es\/es\/las-fuentes-alcoy-centran-una-nueva-ruta-turistica\/"},"author":{"name":"Cope Alcoy","@id":"https:\/\/www.copealcoy.es\/es\/#\/schema\/person\/e777c87fa024e57d40170af9df39882c"},"headline":"Las fuentes de Alcoy centran una nueva ruta tur\u00edstica","datePublished":"2017-05-04T17:36:11+00:00","dateModified":"2017-05-04T17:39:14+00:00","mainEntityOfPage":{"@id":"https:\/\/www.copealcoy.es\/es\/las-fuentes-alcoy-centran-una-nueva-ruta-turistica\/"},"wordCount":272,"commentCount":0,"image":{"@id":"https:\/\/www.copealcoy.es\/es\/las-fuentes-alcoy-centran-una-nueva-ruta-turistica\/#primaryimage"},"thumbnailUrl":"https:\/\/www.copealcoy.es\/wp-content\/uploads\/2017\/05\/20130923_180415-e1493919346514.jpg","keywords":["Alcoy","fuentes","Lorena Zamorano","Ruta","Turismo"],"articleSection":["Alcoy","Noticias"],"inLanguage":"es"},{"@type":"WebPage","@id":"https:\/\/www.copealcoy.es\/es\/las-fuentes-alcoy-centran-una-nueva-ruta-turistica\/","url":"https:\/\/www.copealcoy.es\/es\/las-fuentes-alcoy-centran-una-nueva-ruta-turistica\/","name":"Las fuentes de Alcoy centran una nueva ruta tur\u00edstica - COPE Alcoy","isPartOf":{"@id":"https:\/\/www.copealcoy.es\/es\/#website"},"primaryImageOfPage":{"@id":"https:\/\/www.copealcoy.es\/es\/las-fuentes-alcoy-centran-una-nueva-ruta-turistica\/#primaryimage"},"image":{"@id":"https:\/\/www.copealcoy.es\/es\/las-fuentes-alcoy-centran-una-nueva-ruta-turistica\/#primaryimage"},"thumbnailUrl":"https:\/\/www.copealcoy.es\/wp-content\/uploads\/2017\/05\/20130923_180415-e1493919346514.jpg","datePublished":"2017-05-04T17:36:11+00:00","dateModified":"2017-05-04T17:39:14+00:00","author":{"@id":"https:\/\/www.copealcoy.es\/es\/#\/schema\/person\/e777c87fa024e57d40170af9df39882c"},"breadcrumb":{"@id":"https:\/\/www.copealcoy.es\/es\/las-fuentes-alcoy-centran-una-nueva-ruta-turistica\/#breadcrumb"},"inLanguage":"es","potentialAction":[{"@type":"ReadAction","target":["https:\/\/www.copealcoy.es\/es\/las-fuentes-alcoy-centran-una-nueva-ruta-turistica\/"]}]},{"@type":"ImageObject","inLanguage":"es","@id":"https:\/\/www.copealcoy.es\/es\/las-fuentes-alcoy-centran-una-nueva-ruta-turistica\/#primaryimage","url":"https:\/\/www.copealcoy.es\/wp-content\/uploads\/2017\/05\/20130923_180415-e1493919346514.jpg","contentUrl":"https:\/\/www.copealcoy.es\/wp-content\/uploads\/2017\/05\/20130923_180415-e1493919346514.jpg","width":1596,"height":864},{"@type":"BreadcrumbList","@id":"https:\/\/www.copealcoy.es\/es\/las-fuentes-alcoy-centran-una-nueva-ruta-turistica\/#breadcrumb","itemListElement":[{"@type":"ListItem","position":1,"name":"Portada","item":"https:\/\/www.copealcoy.es\/es\/"},{"@type":"ListItem","position":2,"name":"Las fuentes de Alcoy centran una nueva ruta tur\u00edstica"}]},{"@type":"WebSite","@id":"https:\/\/www.copealcoy.es\/es\/#website","url":"https:\/\/www.copealcoy.es\/es\/","name":"COPE Alcoy","description":"Emisora COPE de radio local con emisi\u00f3n online. Pont de Sant Jordi 8-10 03803 Alcoy","potentialAction":[{"@type":"SearchAction","target":{"@type":"EntryPoint","urlTemplate":"https:\/\/www.copealcoy.es\/es\/?s={search_term_string}"},"query-input":{"@type":"PropertyValueSpecification","valueRequired":true,"valueName":"search_term_string"}}],"inLanguage":"es"},{"@type":"Person","@id":"https:\/\/www.copealcoy.es\/es\/#\/schema\/person\/e777c87fa024e57d40170af9df39882c","name":"Cope Alcoy","image":{"@type":"ImageObject","inLanguage":"es","@id":"https:\/\/secure.gravatar.com\/avatar\/bb65d0283347e303893ba14f0692005417c1e0e690a325a4c5d8bb2b3943ee14?s=96&d=mm&r=g","url":"https:\/\/secure.gravatar.com\/avatar\/bb65d0283347e303893ba14f0692005417c1e0e690a325a4c5d8bb2b3943ee14?s=96&d=mm&r=g","contentUrl":"https:\/\/secure.gravatar.com\/avatar\/bb65d0283347e303893ba14f0692005417c1e0e690a325a4c5d8bb2b3943ee14?s=96&d=mm&r=g","caption":"Cope Alcoy"}}]}},"_links":{"self":[{"href":"https:\/\/www.copealcoy.es\/es\/wp-json\/wp\/v2\/posts\/31403","targetHints":{"allow":["GET"]}}],"collection":[{"href":"https:\/\/www.copealcoy.es\/es\/wp-json\/wp\/v2\/posts"}],"about":[{"href":"https:\/\/www.copealcoy.es\/es\/wp-json\/wp\/v2\/types\/post"}],"author":[{"embeddable":true,"href":"https:\/\/www.copealcoy.es\/es\/wp-json\/wp\/v2\/users\/1"}],"replies":[{"embeddable":true,"href":"https:\/\/www.copealcoy.es\/es\/wp-json\/wp\/v2\/comments?post=31403"}],"version-history":[{"count":0,"href":"https:\/\/www.copealcoy.es\/es\/wp-json\/wp\/v2\/posts\/31403\/revisions"}],"wp:featuredmedia":[{"embeddable":true,"href":"https:\/\/www.copealcoy.es\/es\/wp-json\/wp\/v2\/media\/31404"}],"wp:attachment":[{"href":"https:\/\/www.copealcoy.es\/es\/wp-json\/wp\/v2\/media?parent=31403"}],"wp:term":[{"taxonomy":"category","embeddable":true,"href":"https:\/\/www.copealcoy.es\/es\/wp-json\/wp\/v2\/categories?post=31403"},{"taxonomy":"post_tag","embeddable":true,"href":"https:\/\/www.copealcoy.es\/es\/wp-json\/wp\/v2\/tags?post=31403"}],"curies":[{"name":"wp","href":"https:\/\/api.w.org\/{rel}","templated":true}]}}