{"id":31348,"date":"2017-05-03T15:01:42","date_gmt":"2017-05-03T15:01:42","guid":{"rendered":"http:\/\/copealcoi.es\/new\/?p=31348"},"modified":"2017-05-04T16:27:46","modified_gmt":"2017-05-04T16:27:46","slug":"llega-una-nueva-edicion-de-cocentaina-de-tapes","status":"publish","type":"post","link":"https:\/\/www.copealcoy.es\/es\/llega-una-nueva-edicion-de-cocentaina-de-tapes\/","title":{"rendered":"Llega una nueva edici\u00f3n de Cocentaina de Tapes"},"content":{"rendered":"<p style=\"text-align: justify;\">Cocentaina inicia este jueves 4 de mayo <strong>la duod\u00e9cima edici\u00f3n de las jornadas gastron\u00f3micas Fira de Tots Sants<\/strong> que se llevar\u00e1n a cabo durante las pr\u00f3ximas semanas hasta el\u00a0pr\u00f3ximo d\u00eda 27.<\/p>\n<p style=\"text-align: justify;\">Un total de <strong>18 establecimientos hosteleros de la poblaci\u00f3n participan en este evento gastron\u00f3mico<\/strong> que en esta ocasi\u00f3n incluir\u00e1 cuatro rutas en las que <strong>se ofrecer\u00e1 una tapa y un quinto al m\u00f3dico precio de dos euros<\/strong>. De igual modo\u00a0<strong>se ha programado una quinta ruta nocturna<\/strong> que se centrar\u00e1 en dos Pubs de la localidad y en la que tambi\u00e9n se incluir\u00e1 <strong>la actuaci\u00f3n en directo<\/strong> de los grupos Tito Pontet y\u00a0Cirugia Band Rock &#8220;<em>es una oportunidad para salir a la calle, conversar y que se vayan los malos pensamientos<\/em>&#8220;, asegura <strong>Jordi Va\u00f1\u00f3<\/strong>, presidente de la Asociaci\u00f3n de Comercio El Comtat.<\/p>\n<p style=\"text-align: justify;\">Las Jornadas Gastron\u00f3micas Fira de Tots Sants <strong>incluyen adem\u00e1s dos concursos<\/strong>. El primero de ellos ser\u00e1 <strong>fotogr\u00e1fico<\/strong> y consistir\u00e1 en <strong>compartir una imagen de tema libre<\/strong> sobre las diferentes rutas en el <span style=\"color: #0000ff;\"><a style=\"color: #0000ff;\" href=\"https:\/\/www.facebook.com\/CocentainadeTapes\/\">Facebook de Cocentaina de Tapes<\/a><\/span> o en Twitter a trav\u00e9s del hastag #CocentainadeTapes. Los ganadores <strong>obtendr\u00e1n varios premios que deber\u00e1n consumir en los establecimientos pertenecientes<\/strong> a la Asociaci\u00f3n de Comercio y Hosteler\u00eda de la Villa Condal &#8220;<em>la mejor foto de una tapa conseguir\u00e1 una cena o comida para dos personas, la foto de grupo un cheque valorado en 75 euros y la foto de ambiente otro de 50 euros<\/em>&#8220;, explica la concejala de Promoci\u00f3n Econ\u00f3mica, <strong>Mariona Carbonell<\/strong>.<\/p>\n<p style=\"text-align: justify;\">Una de las novedades de esta edici\u00f3n ser\u00e1 <strong>un segundo concurso<\/strong> que premiar\u00e1 a aquellos que completen la totalidad de las rutas programadas &#8220;<em>en cada bar habr\u00e1 que pedir un cu\u00f1o para sellar una tarjeta y al finalizar\u00a0cada semana se har\u00e1 un sorteo de 100 euros para gastar tambi\u00e9n en todos los establecimientos asociados<\/em>&#8220;, aclara\u00a0<strong>Andr\u00e9s Pascual<\/strong>, representante de los hosteleros contestanos.<\/p>\n<p style=\"text-align: justify;\">Por \u00faltimo la alcaldesa de Cocentaina, <strong>Mireia Estepa<\/strong>, se ha referido a la <strong>plena consolidaci\u00f3n de estas Jornadas Gastron\u00f3micas<\/strong> y ha animado a todos a disfrutar de cada una de las rutas previstas&#8221;<em>con estas iniciativas se apuesta por dinamizar el comercio local y adem\u00e1s descubrimos el buen hacer en la cocina de nuestros bares, restaurantes y Pubs<\/em>&#8220;, ha concluido la primera edil.<\/p>\n<p><a href=\"https:\/\/www.copealcoy.es\/wp-content\/uploads\/2017\/05\/18119104_820633358100790_8721564023737536107_n.jpg\"><img loading=\"lazy\" decoding=\"async\" class=\"alignnone wp-image-31354 size-full\" src=\"https:\/\/www.copealcoy.es\/wp-content\/uploads\/2017\/05\/18119104_820633358100790_8721564023737536107_n.jpg\" alt=\"\" width=\"960\" height=\"575\" srcset=\"https:\/\/www.copealcoy.es\/wp-content\/uploads\/2017\/05\/18119104_820633358100790_8721564023737536107_n.jpg 960w, https:\/\/www.copealcoy.es\/wp-content\/uploads\/2017\/05\/18119104_820633358100790_8721564023737536107_n-300x180.jpg 300w, https:\/\/www.copealcoy.es\/wp-content\/uploads\/2017\/05\/18119104_820633358100790_8721564023737536107_n-768x460.jpg 768w\" sizes=\"auto, (max-width: 960px) 100vw, 960px\" \/><\/a><\/p>\n<p>&nbsp;<\/p>\n","protected":false},"excerpt":{"rendered":"<p>Cocentaina inicia este jueves 4 de mayo la duod\u00e9cima edici\u00f3n de las jornadas gastron\u00f3micas Fira de Tots Sants que se&#8230;<\/p>\n","protected":false},"author":1,"featured_media":31350,"comment_status":"open","ping_status":"open","sticky":false,"template":"","format":"standard","meta":{"footnotes":""},"categories":[98,75],"tags":[132,635,4070,2828,1799,2382],"class_list":["post-31348","post","type-post","status-publish","format-standard","has-post-thumbnail","hentry","category-comarcas","category-noticias","tag-cocentaina","tag-fira-de-tots-sants","tag-jornadas-gastronomicas","tag-mariona-carbonell","tag-mireia-estepa","tag-tapas"],"yoast_head":"<!-- This site is optimized with the Yoast SEO plugin v27.3 - https:\/\/yoast.com\/product\/yoast-seo-wordpress\/ -->\n<title>Llega una nueva edici\u00f3n de Cocentaina de Tapes - COPE Alcoy<\/title>\n<meta name=\"robots\" content=\"index, follow, max-snippet:-1, max-image-preview:large, max-video-preview:-1\" \/>\n<link rel=\"canonical\" href=\"https:\/\/www.copealcoy.es\/es\/llega-una-nueva-edicion-de-cocentaina-de-tapes\/\" \/>\n<meta property=\"og:locale\" content=\"es_ES\" \/>\n<meta property=\"og:type\" content=\"article\" \/>\n<meta property=\"og:title\" content=\"Llega una nueva edici\u00f3n de Cocentaina de Tapes - COPE Alcoy\" \/>\n<meta property=\"og:description\" content=\"Cocentaina inicia este jueves 4 de mayo la duod\u00e9cima edici\u00f3n de las jornadas gastron\u00f3micas Fira de Tots Sants que se...\" \/>\n<meta property=\"og:url\" content=\"https:\/\/www.copealcoy.es\/es\/llega-una-nueva-edicion-de-cocentaina-de-tapes\/\" \/>\n<meta property=\"og:site_name\" content=\"COPE Alcoy\" \/>\n<meta property=\"article:published_time\" content=\"2017-05-03T15:01:42+00:00\" \/>\n<meta property=\"article:modified_time\" content=\"2017-05-04T16:27:46+00:00\" \/>\n<meta property=\"og:image\" content=\"https:\/\/www.copealcoy.es\/wp-content\/uploads\/2017\/05\/18195118_1078101615666656_592929952129707547_n-e1493823791224.jpg\" \/>\n\t<meta property=\"og:image:width\" content=\"960\" \/>\n\t<meta property=\"og:image:height\" content=\"494\" \/>\n\t<meta property=\"og:image:type\" content=\"image\/jpeg\" \/>\n<meta name=\"author\" content=\"Cope Alcoy\" \/>\n<meta name=\"twitter:label1\" content=\"Escrito por\" \/>\n\t<meta name=\"twitter:data1\" content=\"Cope Alcoy\" \/>\n\t<meta name=\"twitter:label2\" content=\"Tiempo de lectura\" \/>\n\t<meta name=\"twitter:data2\" content=\"2 minutos\" \/>\n<script type=\"application\/ld+json\" class=\"yoast-schema-graph\">{\"@context\":\"https:\\\/\\\/schema.org\",\"@graph\":[{\"@type\":\"Article\",\"@id\":\"https:\\\/\\\/www.copealcoy.es\\\/es\\\/llega-una-nueva-edicion-de-cocentaina-de-tapes\\\/#article\",\"isPartOf\":{\"@id\":\"https:\\\/\\\/www.copealcoy.es\\\/es\\\/llega-una-nueva-edicion-de-cocentaina-de-tapes\\\/\"},\"author\":{\"name\":\"Cope Alcoy\",\"@id\":\"https:\\\/\\\/www.copealcoy.es\\\/es\\\/#\\\/schema\\\/person\\\/e777c87fa024e57d40170af9df39882c\"},\"headline\":\"Llega una nueva edici\u00f3n de Cocentaina de Tapes\",\"datePublished\":\"2017-05-03T15:01:42+00:00\",\"dateModified\":\"2017-05-04T16:27:46+00:00\",\"mainEntityOfPage\":{\"@id\":\"https:\\\/\\\/www.copealcoy.es\\\/es\\\/llega-una-nueva-edicion-de-cocentaina-de-tapes\\\/\"},\"wordCount\":405,\"commentCount\":0,\"image\":{\"@id\":\"https:\\\/\\\/www.copealcoy.es\\\/es\\\/llega-una-nueva-edicion-de-cocentaina-de-tapes\\\/#primaryimage\"},\"thumbnailUrl\":\"https:\\\/\\\/www.copealcoy.es\\\/wp-content\\\/uploads\\\/2017\\\/05\\\/18195118_1078101615666656_592929952129707547_n-e1493823791224.jpg\",\"keywords\":[\"Cocentaina\",\"Fira de Tots Sants\",\"Jornadas Gastron\u00f3micas\",\"Mariona Carbonell\",\"Mireia Estepa\",\"tapas\"],\"articleSection\":[\"Comarcas\",\"Noticias\"],\"inLanguage\":\"es\"},{\"@type\":\"WebPage\",\"@id\":\"https:\\\/\\\/www.copealcoy.es\\\/es\\\/llega-una-nueva-edicion-de-cocentaina-de-tapes\\\/\",\"url\":\"https:\\\/\\\/www.copealcoy.es\\\/es\\\/llega-una-nueva-edicion-de-cocentaina-de-tapes\\\/\",\"name\":\"Llega una nueva edici\u00f3n de Cocentaina de Tapes - COPE Alcoy\",\"isPartOf\":{\"@id\":\"https:\\\/\\\/www.copealcoy.es\\\/es\\\/#website\"},\"primaryImageOfPage\":{\"@id\":\"https:\\\/\\\/www.copealcoy.es\\\/es\\\/llega-una-nueva-edicion-de-cocentaina-de-tapes\\\/#primaryimage\"},\"image\":{\"@id\":\"https:\\\/\\\/www.copealcoy.es\\\/es\\\/llega-una-nueva-edicion-de-cocentaina-de-tapes\\\/#primaryimage\"},\"thumbnailUrl\":\"https:\\\/\\\/www.copealcoy.es\\\/wp-content\\\/uploads\\\/2017\\\/05\\\/18195118_1078101615666656_592929952129707547_n-e1493823791224.jpg\",\"datePublished\":\"2017-05-03T15:01:42+00:00\",\"dateModified\":\"2017-05-04T16:27:46+00:00\",\"author\":{\"@id\":\"https:\\\/\\\/www.copealcoy.es\\\/es\\\/#\\\/schema\\\/person\\\/e777c87fa024e57d40170af9df39882c\"},\"breadcrumb\":{\"@id\":\"https:\\\/\\\/www.copealcoy.es\\\/es\\\/llega-una-nueva-edicion-de-cocentaina-de-tapes\\\/#breadcrumb\"},\"inLanguage\":\"es\",\"potentialAction\":[{\"@type\":\"ReadAction\",\"target\":[\"https:\\\/\\\/www.copealcoy.es\\\/es\\\/llega-una-nueva-edicion-de-cocentaina-de-tapes\\\/\"]}]},{\"@type\":\"ImageObject\",\"inLanguage\":\"es\",\"@id\":\"https:\\\/\\\/www.copealcoy.es\\\/es\\\/llega-una-nueva-edicion-de-cocentaina-de-tapes\\\/#primaryimage\",\"url\":\"https:\\\/\\\/www.copealcoy.es\\\/wp-content\\\/uploads\\\/2017\\\/05\\\/18195118_1078101615666656_592929952129707547_n-e1493823791224.jpg\",\"contentUrl\":\"https:\\\/\\\/www.copealcoy.es\\\/wp-content\\\/uploads\\\/2017\\\/05\\\/18195118_1078101615666656_592929952129707547_n-e1493823791224.jpg\",\"width\":960,\"height\":494,\"caption\":\"Las Jornadas Gastron\u00f3micas se han presentado en el Ayuntamiento de Alcoy \\\/ Foto: G. Pascual\"},{\"@type\":\"BreadcrumbList\",\"@id\":\"https:\\\/\\\/www.copealcoy.es\\\/es\\\/llega-una-nueva-edicion-de-cocentaina-de-tapes\\\/#breadcrumb\",\"itemListElement\":[{\"@type\":\"ListItem\",\"position\":1,\"name\":\"Portada\",\"item\":\"https:\\\/\\\/www.copealcoy.es\\\/es\\\/\"},{\"@type\":\"ListItem\",\"position\":2,\"name\":\"Llega una nueva edici\u00f3n de Cocentaina de Tapes\"}]},{\"@type\":\"WebSite\",\"@id\":\"https:\\\/\\\/www.copealcoy.es\\\/es\\\/#website\",\"url\":\"https:\\\/\\\/www.copealcoy.es\\\/es\\\/\",\"name\":\"COPE Alcoy\",\"description\":\"Emisora COPE de radio local con emisi\u00f3n online. Pont de Sant Jordi 8-10 03803 Alcoy\",\"potentialAction\":[{\"@type\":\"SearchAction\",\"target\":{\"@type\":\"EntryPoint\",\"urlTemplate\":\"https:\\\/\\\/www.copealcoy.es\\\/es\\\/?s={search_term_string}\"},\"query-input\":{\"@type\":\"PropertyValueSpecification\",\"valueRequired\":true,\"valueName\":\"search_term_string\"}}],\"inLanguage\":\"es\"},{\"@type\":\"Person\",\"@id\":\"https:\\\/\\\/www.copealcoy.es\\\/es\\\/#\\\/schema\\\/person\\\/e777c87fa024e57d40170af9df39882c\",\"name\":\"Cope Alcoy\",\"image\":{\"@type\":\"ImageObject\",\"inLanguage\":\"es\",\"@id\":\"https:\\\/\\\/secure.gravatar.com\\\/avatar\\\/bb65d0283347e303893ba14f0692005417c1e0e690a325a4c5d8bb2b3943ee14?s=96&d=mm&r=g\",\"url\":\"https:\\\/\\\/secure.gravatar.com\\\/avatar\\\/bb65d0283347e303893ba14f0692005417c1e0e690a325a4c5d8bb2b3943ee14?s=96&d=mm&r=g\",\"contentUrl\":\"https:\\\/\\\/secure.gravatar.com\\\/avatar\\\/bb65d0283347e303893ba14f0692005417c1e0e690a325a4c5d8bb2b3943ee14?s=96&d=mm&r=g\",\"caption\":\"Cope Alcoy\"}}]}<\/script>\n<!-- \/ Yoast SEO plugin. -->","yoast_head_json":{"title":"Llega una nueva edici\u00f3n de Cocentaina de Tapes - COPE Alcoy","robots":{"index":"index","follow":"follow","max-snippet":"max-snippet:-1","max-image-preview":"max-image-preview:large","max-video-preview":"max-video-preview:-1"},"canonical":"https:\/\/www.copealcoy.es\/es\/llega-una-nueva-edicion-de-cocentaina-de-tapes\/","og_locale":"es_ES","og_type":"article","og_title":"Llega una nueva edici\u00f3n de Cocentaina de Tapes - COPE Alcoy","og_description":"Cocentaina inicia este jueves 4 de mayo la duod\u00e9cima edici\u00f3n de las jornadas gastron\u00f3micas Fira de Tots Sants que se...","og_url":"https:\/\/www.copealcoy.es\/es\/llega-una-nueva-edicion-de-cocentaina-de-tapes\/","og_site_name":"COPE Alcoy","article_published_time":"2017-05-03T15:01:42+00:00","article_modified_time":"2017-05-04T16:27:46+00:00","og_image":[{"width":960,"height":494,"url":"https:\/\/www.copealcoy.es\/wp-content\/uploads\/2017\/05\/18195118_1078101615666656_592929952129707547_n-e1493823791224.jpg","type":"image\/jpeg"}],"author":"Cope Alcoy","twitter_misc":{"Escrito por":"Cope Alcoy","Tiempo de lectura":"2 minutos"},"schema":{"@context":"https:\/\/schema.org","@graph":[{"@type":"Article","@id":"https:\/\/www.copealcoy.es\/es\/llega-una-nueva-edicion-de-cocentaina-de-tapes\/#article","isPartOf":{"@id":"https:\/\/www.copealcoy.es\/es\/llega-una-nueva-edicion-de-cocentaina-de-tapes\/"},"author":{"name":"Cope Alcoy","@id":"https:\/\/www.copealcoy.es\/es\/#\/schema\/person\/e777c87fa024e57d40170af9df39882c"},"headline":"Llega una nueva edici\u00f3n de Cocentaina de Tapes","datePublished":"2017-05-03T15:01:42+00:00","dateModified":"2017-05-04T16:27:46+00:00","mainEntityOfPage":{"@id":"https:\/\/www.copealcoy.es\/es\/llega-una-nueva-edicion-de-cocentaina-de-tapes\/"},"wordCount":405,"commentCount":0,"image":{"@id":"https:\/\/www.copealcoy.es\/es\/llega-una-nueva-edicion-de-cocentaina-de-tapes\/#primaryimage"},"thumbnailUrl":"https:\/\/www.copealcoy.es\/wp-content\/uploads\/2017\/05\/18195118_1078101615666656_592929952129707547_n-e1493823791224.jpg","keywords":["Cocentaina","Fira de Tots Sants","Jornadas Gastron\u00f3micas","Mariona Carbonell","Mireia Estepa","tapas"],"articleSection":["Comarcas","Noticias"],"inLanguage":"es"},{"@type":"WebPage","@id":"https:\/\/www.copealcoy.es\/es\/llega-una-nueva-edicion-de-cocentaina-de-tapes\/","url":"https:\/\/www.copealcoy.es\/es\/llega-una-nueva-edicion-de-cocentaina-de-tapes\/","name":"Llega una nueva edici\u00f3n de Cocentaina de Tapes - COPE Alcoy","isPartOf":{"@id":"https:\/\/www.copealcoy.es\/es\/#website"},"primaryImageOfPage":{"@id":"https:\/\/www.copealcoy.es\/es\/llega-una-nueva-edicion-de-cocentaina-de-tapes\/#primaryimage"},"image":{"@id":"https:\/\/www.copealcoy.es\/es\/llega-una-nueva-edicion-de-cocentaina-de-tapes\/#primaryimage"},"thumbnailUrl":"https:\/\/www.copealcoy.es\/wp-content\/uploads\/2017\/05\/18195118_1078101615666656_592929952129707547_n-e1493823791224.jpg","datePublished":"2017-05-03T15:01:42+00:00","dateModified":"2017-05-04T16:27:46+00:00","author":{"@id":"https:\/\/www.copealcoy.es\/es\/#\/schema\/person\/e777c87fa024e57d40170af9df39882c"},"breadcrumb":{"@id":"https:\/\/www.copealcoy.es\/es\/llega-una-nueva-edicion-de-cocentaina-de-tapes\/#breadcrumb"},"inLanguage":"es","potentialAction":[{"@type":"ReadAction","target":["https:\/\/www.copealcoy.es\/es\/llega-una-nueva-edicion-de-cocentaina-de-tapes\/"]}]},{"@type":"ImageObject","inLanguage":"es","@id":"https:\/\/www.copealcoy.es\/es\/llega-una-nueva-edicion-de-cocentaina-de-tapes\/#primaryimage","url":"https:\/\/www.copealcoy.es\/wp-content\/uploads\/2017\/05\/18195118_1078101615666656_592929952129707547_n-e1493823791224.jpg","contentUrl":"https:\/\/www.copealcoy.es\/wp-content\/uploads\/2017\/05\/18195118_1078101615666656_592929952129707547_n-e1493823791224.jpg","width":960,"height":494,"caption":"Las Jornadas Gastron\u00f3micas se han presentado en el Ayuntamiento de Alcoy \/ Foto: G. Pascual"},{"@type":"BreadcrumbList","@id":"https:\/\/www.copealcoy.es\/es\/llega-una-nueva-edicion-de-cocentaina-de-tapes\/#breadcrumb","itemListElement":[{"@type":"ListItem","position":1,"name":"Portada","item":"https:\/\/www.copealcoy.es\/es\/"},{"@type":"ListItem","position":2,"name":"Llega una nueva edici\u00f3n de Cocentaina de Tapes"}]},{"@type":"WebSite","@id":"https:\/\/www.copealcoy.es\/es\/#website","url":"https:\/\/www.copealcoy.es\/es\/","name":"COPE Alcoy","description":"Emisora COPE de radio local con emisi\u00f3n online. Pont de Sant Jordi 8-10 03803 Alcoy","potentialAction":[{"@type":"SearchAction","target":{"@type":"EntryPoint","urlTemplate":"https:\/\/www.copealcoy.es\/es\/?s={search_term_string}"},"query-input":{"@type":"PropertyValueSpecification","valueRequired":true,"valueName":"search_term_string"}}],"inLanguage":"es"},{"@type":"Person","@id":"https:\/\/www.copealcoy.es\/es\/#\/schema\/person\/e777c87fa024e57d40170af9df39882c","name":"Cope Alcoy","image":{"@type":"ImageObject","inLanguage":"es","@id":"https:\/\/secure.gravatar.com\/avatar\/bb65d0283347e303893ba14f0692005417c1e0e690a325a4c5d8bb2b3943ee14?s=96&d=mm&r=g","url":"https:\/\/secure.gravatar.com\/avatar\/bb65d0283347e303893ba14f0692005417c1e0e690a325a4c5d8bb2b3943ee14?s=96&d=mm&r=g","contentUrl":"https:\/\/secure.gravatar.com\/avatar\/bb65d0283347e303893ba14f0692005417c1e0e690a325a4c5d8bb2b3943ee14?s=96&d=mm&r=g","caption":"Cope Alcoy"}}]}},"_links":{"self":[{"href":"https:\/\/www.copealcoy.es\/es\/wp-json\/wp\/v2\/posts\/31348","targetHints":{"allow":["GET"]}}],"collection":[{"href":"https:\/\/www.copealcoy.es\/es\/wp-json\/wp\/v2\/posts"}],"about":[{"href":"https:\/\/www.copealcoy.es\/es\/wp-json\/wp\/v2\/types\/post"}],"author":[{"embeddable":true,"href":"https:\/\/www.copealcoy.es\/es\/wp-json\/wp\/v2\/users\/1"}],"replies":[{"embeddable":true,"href":"https:\/\/www.copealcoy.es\/es\/wp-json\/wp\/v2\/comments?post=31348"}],"version-history":[{"count":0,"href":"https:\/\/www.copealcoy.es\/es\/wp-json\/wp\/v2\/posts\/31348\/revisions"}],"wp:featuredmedia":[{"embeddable":true,"href":"https:\/\/www.copealcoy.es\/es\/wp-json\/wp\/v2\/media\/31350"}],"wp:attachment":[{"href":"https:\/\/www.copealcoy.es\/es\/wp-json\/wp\/v2\/media?parent=31348"}],"wp:term":[{"taxonomy":"category","embeddable":true,"href":"https:\/\/www.copealcoy.es\/es\/wp-json\/wp\/v2\/categories?post=31348"},{"taxonomy":"post_tag","embeddable":true,"href":"https:\/\/www.copealcoy.es\/es\/wp-json\/wp\/v2\/tags?post=31348"}],"curies":[{"name":"wp","href":"https:\/\/api.w.org\/{rel}","templated":true}]}}