{"id":31320,"date":"2017-05-02T14:02:13","date_gmt":"2017-05-02T14:02:13","guid":{"rendered":"http:\/\/copealcoi.es\/new\/?p=31320"},"modified":"2017-05-02T14:10:43","modified_gmt":"2017-05-02T14:10:43","slug":"col%c2%b7lectiu-compromis-insiste-en-que-cocentaina-precisa-de-un-nuevo-contrato-de-limpieza","status":"publish","type":"post","link":"https:\/\/www.copealcoy.es\/es\/col%c2%b7lectiu-compromis-insiste-en-que-cocentaina-precisa-de-un-nuevo-contrato-de-limpieza\/","title":{"rendered":"Col\u00b7lectiu-Comprom\u00eds insiste en que Cocentaina precisa de un nuevo contrato de limpieza"},"content":{"rendered":"<p style=\"text-align: justify;\">La coalici\u00f3n <strong>Col\u00b7lectiu 03820-Comprom\u00eds de Cocentaina<\/strong> vot\u00f3 en contra\u00a0de <strong>prorrogar el contrato actual de la recogida de basura y limpieza viaria<\/strong> del municipio durante el pleno municipal celebrado el pasado jueves.<\/p>\n<p style=\"text-align: justify;\">Desde la formaci\u00f3n pol\u00edtica destacan que <strong>en 2015 ya pidieron formalmente que se estudiaran las bases para un nuevo concurso de adjudicaci\u00f3n de estos servicios<\/strong> ante la inminente caducidad del contrato vigente &#8220;<em>porque hab\u00eda tiempo suficiente para redactarlas y aprobarlas para no vernos forzados a prorrogar el contrato actual<\/em>&#8220;, indica el portavoz, <strong>Xavier Anduix<\/strong>. Adem\u00e1s Anduix se\u00f1ala que\u00a0<strong>el Gobierno Local no ha trabajado esta cuesti\u00f3n durante este tiempo<\/strong> y recuerdan que en 2016 <strong>ya se opusieron a una primera pr\u00f3rroga del contrato<\/strong> &#8220;<em>y ahora nos hemos vuelto a oponerse a una segunda pr\u00f3rroga de un pliego de condiciones que es vulnerado y no se cumple por parte de la empresa adjudicataria y en el que el PSOE no exige su cumplimiento<\/em>&#8220;, a\u00f1ade.<\/p>\n<p style=\"text-align: justify;\">Por \u00faltimo desde\u00a0Col\u00b7lectiu 03820-Comprom\u00eds reiteran que <strong>en estos momentos es incoherente prorrogar el contrato<\/strong> debido a que, dicen, <strong>la actual empresa adjudicataria no cumple con condiciones con el servicio<\/strong> &#8220;<em>Cocentaina est\u00e1 sucia por un servicio deficiente por parte de FCC y que el equipo de gobierno mira hacia otro lado en lugar de defender los intereses de la poblaci\u00f3n. Es una tomadura de pelo que el PSOE proponga una segunda pr\u00f3rroga de un contrato en el que FCC no cumple lo pactado y por lo que cobra m\u00e1s de 700.000 \u20ac al a\u00f1o. Una falta de respeto a la ciudadan\u00eda de Cocentaina<\/em>&#8220;, concluye Xavier Anduix.<\/p>\n<p>&nbsp;<\/p>\n","protected":false},"excerpt":{"rendered":"<p>La coalici\u00f3n Col\u00b7lectiu 03820-Comprom\u00eds de Cocentaina vot\u00f3 en contra\u00a0de prorrogar el contrato actual de la recogida de basura y limpieza&#8230;<\/p>\n","protected":false},"author":1,"featured_media":24826,"comment_status":"open","ping_status":"open","sticky":false,"template":"","format":"standard","meta":{"footnotes":""},"categories":[98,75],"tags":[132,610,152,620,4067],"class_list":["post-31320","post","type-post","status-publish","format-standard","has-post-thumbnail","hentry","category-comarcas","category-noticias","tag-cocentaina","tag-col-lectiu-03820","tag-compromis","tag-limpieza-viaria","tag-xavier-anduix"],"yoast_head":"<!-- This site is optimized with the Yoast SEO plugin v27.3 - https:\/\/yoast.com\/product\/yoast-seo-wordpress\/ -->\n<title>Col\u00b7lectiu-Comprom\u00eds insiste en que Cocentaina precisa de un nuevo contrato de limpieza - COPE Alcoy<\/title>\n<meta name=\"robots\" content=\"index, follow, max-snippet:-1, max-image-preview:large, max-video-preview:-1\" \/>\n<link rel=\"canonical\" href=\"https:\/\/www.copealcoy.es\/es\/col%c2%b7lectiu-compromis-insiste-en-que-cocentaina-precisa-de-un-nuevo-contrato-de-limpieza\/\" \/>\n<meta property=\"og:locale\" content=\"es_ES\" \/>\n<meta property=\"og:type\" content=\"article\" \/>\n<meta property=\"og:title\" content=\"Col\u00b7lectiu-Comprom\u00eds insiste en que Cocentaina precisa de un nuevo contrato de limpieza - COPE Alcoy\" \/>\n<meta property=\"og:description\" content=\"La coalici\u00f3n Col\u00b7lectiu 03820-Comprom\u00eds de Cocentaina vot\u00f3 en contra\u00a0de prorrogar el contrato actual de la recogida de basura y limpieza...\" \/>\n<meta property=\"og:url\" content=\"https:\/\/www.copealcoy.es\/es\/col%c2%b7lectiu-compromis-insiste-en-que-cocentaina-precisa-de-un-nuevo-contrato-de-limpieza\/\" \/>\n<meta property=\"og:site_name\" content=\"COPE Alcoy\" \/>\n<meta property=\"article:published_time\" content=\"2017-05-02T14:02:13+00:00\" \/>\n<meta property=\"article:modified_time\" content=\"2017-05-02T14:10:43+00:00\" \/>\n<meta property=\"og:image\" content=\"https:\/\/www.copealcoy.es\/wp-content\/uploads\/2016\/09\/14355861_10210415386921670_818270099_n.jpg\" \/>\n\t<meta property=\"og:image:width\" content=\"960\" \/>\n\t<meta property=\"og:image:height\" content=\"719\" \/>\n\t<meta property=\"og:image:type\" content=\"image\/jpeg\" \/>\n<meta name=\"author\" content=\"Cope Alcoy\" \/>\n<meta name=\"twitter:label1\" content=\"Escrito por\" \/>\n\t<meta name=\"twitter:data1\" content=\"Cope Alcoy\" \/>\n\t<meta name=\"twitter:label2\" content=\"Tiempo de lectura\" \/>\n\t<meta name=\"twitter:data2\" content=\"1 minuto\" \/>\n<script type=\"application\/ld+json\" class=\"yoast-schema-graph\">{\"@context\":\"https:\\\/\\\/schema.org\",\"@graph\":[{\"@type\":\"Article\",\"@id\":\"https:\\\/\\\/www.copealcoy.es\\\/es\\\/col%c2%b7lectiu-compromis-insiste-en-que-cocentaina-precisa-de-un-nuevo-contrato-de-limpieza\\\/#article\",\"isPartOf\":{\"@id\":\"https:\\\/\\\/www.copealcoy.es\\\/es\\\/col%c2%b7lectiu-compromis-insiste-en-que-cocentaina-precisa-de-un-nuevo-contrato-de-limpieza\\\/\"},\"author\":{\"name\":\"Cope Alcoy\",\"@id\":\"https:\\\/\\\/www.copealcoy.es\\\/es\\\/#\\\/schema\\\/person\\\/e777c87fa024e57d40170af9df39882c\"},\"headline\":\"Col\u00b7lectiu-Comprom\u00eds insiste en que Cocentaina precisa de un nuevo contrato de limpieza\",\"datePublished\":\"2017-05-02T14:02:13+00:00\",\"dateModified\":\"2017-05-02T14:10:43+00:00\",\"mainEntityOfPage\":{\"@id\":\"https:\\\/\\\/www.copealcoy.es\\\/es\\\/col%c2%b7lectiu-compromis-insiste-en-que-cocentaina-precisa-de-un-nuevo-contrato-de-limpieza\\\/\"},\"wordCount\":292,\"commentCount\":0,\"image\":{\"@id\":\"https:\\\/\\\/www.copealcoy.es\\\/es\\\/col%c2%b7lectiu-compromis-insiste-en-que-cocentaina-precisa-de-un-nuevo-contrato-de-limpieza\\\/#primaryimage\"},\"thumbnailUrl\":\"https:\\\/\\\/www.copealcoy.es\\\/wp-content\\\/uploads\\\/2016\\\/09\\\/14355861_10210415386921670_818270099_n.jpg\",\"keywords\":[\"Cocentaina\",\"Col.lectiu 03820\",\"Comprom\u00eds\",\"Limpieza Viaria\",\"Xavier Anduix\"],\"articleSection\":[\"Comarcas\",\"Noticias\"],\"inLanguage\":\"es\"},{\"@type\":\"WebPage\",\"@id\":\"https:\\\/\\\/www.copealcoy.es\\\/es\\\/col%c2%b7lectiu-compromis-insiste-en-que-cocentaina-precisa-de-un-nuevo-contrato-de-limpieza\\\/\",\"url\":\"https:\\\/\\\/www.copealcoy.es\\\/es\\\/col%c2%b7lectiu-compromis-insiste-en-que-cocentaina-precisa-de-un-nuevo-contrato-de-limpieza\\\/\",\"name\":\"Col\u00b7lectiu-Comprom\u00eds insiste en que Cocentaina precisa de un nuevo contrato de limpieza - COPE Alcoy\",\"isPartOf\":{\"@id\":\"https:\\\/\\\/www.copealcoy.es\\\/es\\\/#website\"},\"primaryImageOfPage\":{\"@id\":\"https:\\\/\\\/www.copealcoy.es\\\/es\\\/col%c2%b7lectiu-compromis-insiste-en-que-cocentaina-precisa-de-un-nuevo-contrato-de-limpieza\\\/#primaryimage\"},\"image\":{\"@id\":\"https:\\\/\\\/www.copealcoy.es\\\/es\\\/col%c2%b7lectiu-compromis-insiste-en-que-cocentaina-precisa-de-un-nuevo-contrato-de-limpieza\\\/#primaryimage\"},\"thumbnailUrl\":\"https:\\\/\\\/www.copealcoy.es\\\/wp-content\\\/uploads\\\/2016\\\/09\\\/14355861_10210415386921670_818270099_n.jpg\",\"datePublished\":\"2017-05-02T14:02:13+00:00\",\"dateModified\":\"2017-05-02T14:10:43+00:00\",\"author\":{\"@id\":\"https:\\\/\\\/www.copealcoy.es\\\/es\\\/#\\\/schema\\\/person\\\/e777c87fa024e57d40170af9df39882c\"},\"breadcrumb\":{\"@id\":\"https:\\\/\\\/www.copealcoy.es\\\/es\\\/col%c2%b7lectiu-compromis-insiste-en-que-cocentaina-precisa-de-un-nuevo-contrato-de-limpieza\\\/#breadcrumb\"},\"inLanguage\":\"es\",\"potentialAction\":[{\"@type\":\"ReadAction\",\"target\":[\"https:\\\/\\\/www.copealcoy.es\\\/es\\\/col%c2%b7lectiu-compromis-insiste-en-que-cocentaina-precisa-de-un-nuevo-contrato-de-limpieza\\\/\"]}]},{\"@type\":\"ImageObject\",\"inLanguage\":\"es\",\"@id\":\"https:\\\/\\\/www.copealcoy.es\\\/es\\\/col%c2%b7lectiu-compromis-insiste-en-que-cocentaina-precisa-de-un-nuevo-contrato-de-limpieza\\\/#primaryimage\",\"url\":\"https:\\\/\\\/www.copealcoy.es\\\/wp-content\\\/uploads\\\/2016\\\/09\\\/14355861_10210415386921670_818270099_n.jpg\",\"contentUrl\":\"https:\\\/\\\/www.copealcoy.es\\\/wp-content\\\/uploads\\\/2016\\\/09\\\/14355861_10210415386921670_818270099_n.jpg\",\"width\":960,\"height\":719,\"caption\":\"Punto de contenedores en Cocentaina \\\/ Foto: G. Pascual\"},{\"@type\":\"BreadcrumbList\",\"@id\":\"https:\\\/\\\/www.copealcoy.es\\\/es\\\/col%c2%b7lectiu-compromis-insiste-en-que-cocentaina-precisa-de-un-nuevo-contrato-de-limpieza\\\/#breadcrumb\",\"itemListElement\":[{\"@type\":\"ListItem\",\"position\":1,\"name\":\"Portada\",\"item\":\"https:\\\/\\\/www.copealcoy.es\\\/es\\\/\"},{\"@type\":\"ListItem\",\"position\":2,\"name\":\"Col\u00b7lectiu-Comprom\u00eds insiste en que Cocentaina precisa de un nuevo contrato de limpieza\"}]},{\"@type\":\"WebSite\",\"@id\":\"https:\\\/\\\/www.copealcoy.es\\\/es\\\/#website\",\"url\":\"https:\\\/\\\/www.copealcoy.es\\\/es\\\/\",\"name\":\"COPE Alcoy\",\"description\":\"Emisora COPE de radio local con emisi\u00f3n online. Pont de Sant Jordi 8-10 03803 Alcoy\",\"potentialAction\":[{\"@type\":\"SearchAction\",\"target\":{\"@type\":\"EntryPoint\",\"urlTemplate\":\"https:\\\/\\\/www.copealcoy.es\\\/es\\\/?s={search_term_string}\"},\"query-input\":{\"@type\":\"PropertyValueSpecification\",\"valueRequired\":true,\"valueName\":\"search_term_string\"}}],\"inLanguage\":\"es\"},{\"@type\":\"Person\",\"@id\":\"https:\\\/\\\/www.copealcoy.es\\\/es\\\/#\\\/schema\\\/person\\\/e777c87fa024e57d40170af9df39882c\",\"name\":\"Cope Alcoy\",\"image\":{\"@type\":\"ImageObject\",\"inLanguage\":\"es\",\"@id\":\"https:\\\/\\\/secure.gravatar.com\\\/avatar\\\/bb65d0283347e303893ba14f0692005417c1e0e690a325a4c5d8bb2b3943ee14?s=96&d=mm&r=g\",\"url\":\"https:\\\/\\\/secure.gravatar.com\\\/avatar\\\/bb65d0283347e303893ba14f0692005417c1e0e690a325a4c5d8bb2b3943ee14?s=96&d=mm&r=g\",\"contentUrl\":\"https:\\\/\\\/secure.gravatar.com\\\/avatar\\\/bb65d0283347e303893ba14f0692005417c1e0e690a325a4c5d8bb2b3943ee14?s=96&d=mm&r=g\",\"caption\":\"Cope Alcoy\"}}]}<\/script>\n<!-- \/ Yoast SEO plugin. -->","yoast_head_json":{"title":"Col\u00b7lectiu-Comprom\u00eds insiste en que Cocentaina precisa de un nuevo contrato de limpieza - COPE Alcoy","robots":{"index":"index","follow":"follow","max-snippet":"max-snippet:-1","max-image-preview":"max-image-preview:large","max-video-preview":"max-video-preview:-1"},"canonical":"https:\/\/www.copealcoy.es\/es\/col%c2%b7lectiu-compromis-insiste-en-que-cocentaina-precisa-de-un-nuevo-contrato-de-limpieza\/","og_locale":"es_ES","og_type":"article","og_title":"Col\u00b7lectiu-Comprom\u00eds insiste en que Cocentaina precisa de un nuevo contrato de limpieza - COPE Alcoy","og_description":"La coalici\u00f3n Col\u00b7lectiu 03820-Comprom\u00eds de Cocentaina vot\u00f3 en contra\u00a0de prorrogar el contrato actual de la recogida de basura y limpieza...","og_url":"https:\/\/www.copealcoy.es\/es\/col%c2%b7lectiu-compromis-insiste-en-que-cocentaina-precisa-de-un-nuevo-contrato-de-limpieza\/","og_site_name":"COPE Alcoy","article_published_time":"2017-05-02T14:02:13+00:00","article_modified_time":"2017-05-02T14:10:43+00:00","og_image":[{"width":960,"height":719,"url":"https:\/\/www.copealcoy.es\/wp-content\/uploads\/2016\/09\/14355861_10210415386921670_818270099_n.jpg","type":"image\/jpeg"}],"author":"Cope Alcoy","twitter_misc":{"Escrito por":"Cope Alcoy","Tiempo de lectura":"1 minuto"},"schema":{"@context":"https:\/\/schema.org","@graph":[{"@type":"Article","@id":"https:\/\/www.copealcoy.es\/es\/col%c2%b7lectiu-compromis-insiste-en-que-cocentaina-precisa-de-un-nuevo-contrato-de-limpieza\/#article","isPartOf":{"@id":"https:\/\/www.copealcoy.es\/es\/col%c2%b7lectiu-compromis-insiste-en-que-cocentaina-precisa-de-un-nuevo-contrato-de-limpieza\/"},"author":{"name":"Cope Alcoy","@id":"https:\/\/www.copealcoy.es\/es\/#\/schema\/person\/e777c87fa024e57d40170af9df39882c"},"headline":"Col\u00b7lectiu-Comprom\u00eds insiste en que Cocentaina precisa de un nuevo contrato de limpieza","datePublished":"2017-05-02T14:02:13+00:00","dateModified":"2017-05-02T14:10:43+00:00","mainEntityOfPage":{"@id":"https:\/\/www.copealcoy.es\/es\/col%c2%b7lectiu-compromis-insiste-en-que-cocentaina-precisa-de-un-nuevo-contrato-de-limpieza\/"},"wordCount":292,"commentCount":0,"image":{"@id":"https:\/\/www.copealcoy.es\/es\/col%c2%b7lectiu-compromis-insiste-en-que-cocentaina-precisa-de-un-nuevo-contrato-de-limpieza\/#primaryimage"},"thumbnailUrl":"https:\/\/www.copealcoy.es\/wp-content\/uploads\/2016\/09\/14355861_10210415386921670_818270099_n.jpg","keywords":["Cocentaina","Col.lectiu 03820","Comprom\u00eds","Limpieza Viaria","Xavier Anduix"],"articleSection":["Comarcas","Noticias"],"inLanguage":"es"},{"@type":"WebPage","@id":"https:\/\/www.copealcoy.es\/es\/col%c2%b7lectiu-compromis-insiste-en-que-cocentaina-precisa-de-un-nuevo-contrato-de-limpieza\/","url":"https:\/\/www.copealcoy.es\/es\/col%c2%b7lectiu-compromis-insiste-en-que-cocentaina-precisa-de-un-nuevo-contrato-de-limpieza\/","name":"Col\u00b7lectiu-Comprom\u00eds insiste en que Cocentaina precisa de un nuevo contrato de limpieza - COPE Alcoy","isPartOf":{"@id":"https:\/\/www.copealcoy.es\/es\/#website"},"primaryImageOfPage":{"@id":"https:\/\/www.copealcoy.es\/es\/col%c2%b7lectiu-compromis-insiste-en-que-cocentaina-precisa-de-un-nuevo-contrato-de-limpieza\/#primaryimage"},"image":{"@id":"https:\/\/www.copealcoy.es\/es\/col%c2%b7lectiu-compromis-insiste-en-que-cocentaina-precisa-de-un-nuevo-contrato-de-limpieza\/#primaryimage"},"thumbnailUrl":"https:\/\/www.copealcoy.es\/wp-content\/uploads\/2016\/09\/14355861_10210415386921670_818270099_n.jpg","datePublished":"2017-05-02T14:02:13+00:00","dateModified":"2017-05-02T14:10:43+00:00","author":{"@id":"https:\/\/www.copealcoy.es\/es\/#\/schema\/person\/e777c87fa024e57d40170af9df39882c"},"breadcrumb":{"@id":"https:\/\/www.copealcoy.es\/es\/col%c2%b7lectiu-compromis-insiste-en-que-cocentaina-precisa-de-un-nuevo-contrato-de-limpieza\/#breadcrumb"},"inLanguage":"es","potentialAction":[{"@type":"ReadAction","target":["https:\/\/www.copealcoy.es\/es\/col%c2%b7lectiu-compromis-insiste-en-que-cocentaina-precisa-de-un-nuevo-contrato-de-limpieza\/"]}]},{"@type":"ImageObject","inLanguage":"es","@id":"https:\/\/www.copealcoy.es\/es\/col%c2%b7lectiu-compromis-insiste-en-que-cocentaina-precisa-de-un-nuevo-contrato-de-limpieza\/#primaryimage","url":"https:\/\/www.copealcoy.es\/wp-content\/uploads\/2016\/09\/14355861_10210415386921670_818270099_n.jpg","contentUrl":"https:\/\/www.copealcoy.es\/wp-content\/uploads\/2016\/09\/14355861_10210415386921670_818270099_n.jpg","width":960,"height":719,"caption":"Punto de contenedores en Cocentaina \/ Foto: G. Pascual"},{"@type":"BreadcrumbList","@id":"https:\/\/www.copealcoy.es\/es\/col%c2%b7lectiu-compromis-insiste-en-que-cocentaina-precisa-de-un-nuevo-contrato-de-limpieza\/#breadcrumb","itemListElement":[{"@type":"ListItem","position":1,"name":"Portada","item":"https:\/\/www.copealcoy.es\/es\/"},{"@type":"ListItem","position":2,"name":"Col\u00b7lectiu-Comprom\u00eds insiste en que Cocentaina precisa de un nuevo contrato de limpieza"}]},{"@type":"WebSite","@id":"https:\/\/www.copealcoy.es\/es\/#website","url":"https:\/\/www.copealcoy.es\/es\/","name":"COPE Alcoy","description":"Emisora COPE de radio local con emisi\u00f3n online. Pont de Sant Jordi 8-10 03803 Alcoy","potentialAction":[{"@type":"SearchAction","target":{"@type":"EntryPoint","urlTemplate":"https:\/\/www.copealcoy.es\/es\/?s={search_term_string}"},"query-input":{"@type":"PropertyValueSpecification","valueRequired":true,"valueName":"search_term_string"}}],"inLanguage":"es"},{"@type":"Person","@id":"https:\/\/www.copealcoy.es\/es\/#\/schema\/person\/e777c87fa024e57d40170af9df39882c","name":"Cope Alcoy","image":{"@type":"ImageObject","inLanguage":"es","@id":"https:\/\/secure.gravatar.com\/avatar\/bb65d0283347e303893ba14f0692005417c1e0e690a325a4c5d8bb2b3943ee14?s=96&d=mm&r=g","url":"https:\/\/secure.gravatar.com\/avatar\/bb65d0283347e303893ba14f0692005417c1e0e690a325a4c5d8bb2b3943ee14?s=96&d=mm&r=g","contentUrl":"https:\/\/secure.gravatar.com\/avatar\/bb65d0283347e303893ba14f0692005417c1e0e690a325a4c5d8bb2b3943ee14?s=96&d=mm&r=g","caption":"Cope Alcoy"}}]}},"_links":{"self":[{"href":"https:\/\/www.copealcoy.es\/es\/wp-json\/wp\/v2\/posts\/31320","targetHints":{"allow":["GET"]}}],"collection":[{"href":"https:\/\/www.copealcoy.es\/es\/wp-json\/wp\/v2\/posts"}],"about":[{"href":"https:\/\/www.copealcoy.es\/es\/wp-json\/wp\/v2\/types\/post"}],"author":[{"embeddable":true,"href":"https:\/\/www.copealcoy.es\/es\/wp-json\/wp\/v2\/users\/1"}],"replies":[{"embeddable":true,"href":"https:\/\/www.copealcoy.es\/es\/wp-json\/wp\/v2\/comments?post=31320"}],"version-history":[{"count":0,"href":"https:\/\/www.copealcoy.es\/es\/wp-json\/wp\/v2\/posts\/31320\/revisions"}],"wp:featuredmedia":[{"embeddable":true,"href":"https:\/\/www.copealcoy.es\/es\/wp-json\/wp\/v2\/media\/24826"}],"wp:attachment":[{"href":"https:\/\/www.copealcoy.es\/es\/wp-json\/wp\/v2\/media?parent=31320"}],"wp:term":[{"taxonomy":"category","embeddable":true,"href":"https:\/\/www.copealcoy.es\/es\/wp-json\/wp\/v2\/categories?post=31320"},{"taxonomy":"post_tag","embeddable":true,"href":"https:\/\/www.copealcoy.es\/es\/wp-json\/wp\/v2\/tags?post=31320"}],"curies":[{"name":"wp","href":"https:\/\/api.w.org\/{rel}","templated":true}]}}