{"id":31247,"date":"2017-04-28T15:51:12","date_gmt":"2017-04-28T15:51:12","guid":{"rendered":"http:\/\/copealcoi.es\/new\/?p=31247"},"modified":"2017-04-28T15:56:20","modified_gmt":"2017-04-28T15:56:20","slug":"visitantes-y-turistas-respaldaron-la-feria-tapa-i-festa","status":"publish","type":"post","link":"https:\/\/www.copealcoy.es\/es\/visitantes-y-turistas-respaldaron-la-feria-tapa-i-festa\/","title":{"rendered":"Visitantes y turistas respaldaron la Feria &#8216;Tapa i Festa&#8217;"},"content":{"rendered":"<p style=\"text-align: justify;\">Unas<strong> 12.000 personas<\/strong>, seg\u00fan las cifras aportadas por el Ayuntamiento de Alcoy, <strong>pasaron por el parque de La Glorieta<\/strong> durante las pasadas Fiestas de Moros y Cristianos <strong>para disfrutar de la Feria &#8216;Tapa i Festa&#8217;<\/strong>. Desde el \u00e1rea de Consumo del Consistorio indican que <strong>el primer d\u00eda de fiestas fue el que registr\u00f3 mayor afluencia de visitantes<\/strong> y resaltan que una vez m\u00e1s s<strong>e ha apostado por dar prioridad a los establecimientos de restauraci\u00f3n de la ciudad<\/strong> ya que 14 de los 15 que han estado presentes en el evento eran de alimentaci\u00f3n.<\/p>\n<p style=\"text-align: justify;\">La edil <strong>Mar\u00eda Baca<\/strong> significa que \u2018Tapa i Festa\u2019 <strong>est\u00e1 consolidada<\/strong> y se\u00f1ala que de cara a los pr\u00f3ximos a\u00f1os <strong>se quiere seguir potenciando y mejorando<\/strong> esta Feria &#8220;<em>la gente ya sabe que est\u00e1 la Glorieta para poder ir a comer en diferentes momentos de las fiestas sin reserva y sin tener que desplazarse fuera de las calles por donde discurren los actos oficiales en un espacio m\u00e1s informal, y complementario al resto de la restauraci\u00f3n tanto del centro de la ciudad como de otras zonas. La apuesta municipal est\u00e1 consolidada y seguiremos trabajando en los pr\u00f3ximos a\u00f1os para continuarla y mejorarla, siempre pensando en las necesidades de las alcoyanas y los alcoyanos<\/em>&#8220;, afirma.<\/p>\n<p style=\"text-align: justify;\">La Feria &#8216;Tapa i Festa&#8217; <strong>abri\u00f3 sus puertas en la tarde del pasado 20 de abril<\/strong> y estuvo operativa durante todas las jornadas\u00a0de Fiestas hasta la noche del lunes d\u00eda del Alardo.<\/p>\n","protected":false},"excerpt":{"rendered":"<p>Unas 12.000 personas, seg\u00fan las cifras aportadas por el Ayuntamiento de Alcoy, pasaron por el parque de La Glorieta durante&#8230;<\/p>\n","protected":false},"author":1,"featured_media":31248,"comment_status":"open","ping_status":"open","sticky":false,"template":"","format":"standard","meta":{"footnotes":""},"categories":[97,78,75],"tags":[1494,1120,716,2297,609,2197],"class_list":["post-31247","post","type-post","status-publish","format-standard","has-post-thumbnail","hentry","category-alcoy","category-fiestaycultura","category-noticias","tag-alcoy","tag-feria","tag-gastronomia","tag-maria-baca","tag-moros-y-cristianos","tag-tapa-i-festa"],"yoast_head":"<!-- This site is optimized with the Yoast SEO plugin v27.3 - https:\/\/yoast.com\/product\/yoast-seo-wordpress\/ -->\n<title>Visitantes y turistas respaldaron la Feria &#039;Tapa i Festa&#039; - COPE Alcoy<\/title>\n<meta name=\"robots\" content=\"index, follow, max-snippet:-1, max-image-preview:large, max-video-preview:-1\" \/>\n<link rel=\"canonical\" href=\"https:\/\/www.copealcoy.es\/es\/visitantes-y-turistas-respaldaron-la-feria-tapa-i-festa\/\" \/>\n<meta property=\"og:locale\" content=\"es_ES\" \/>\n<meta property=\"og:type\" content=\"article\" \/>\n<meta property=\"og:title\" content=\"Visitantes y turistas respaldaron la Feria &#039;Tapa i Festa&#039; - COPE Alcoy\" \/>\n<meta property=\"og:description\" content=\"Unas 12.000 personas, seg\u00fan las cifras aportadas por el Ayuntamiento de Alcoy, pasaron por el parque de La Glorieta durante...\" \/>\n<meta property=\"og:url\" content=\"https:\/\/www.copealcoy.es\/es\/visitantes-y-turistas-respaldaron-la-feria-tapa-i-festa\/\" \/>\n<meta property=\"og:site_name\" content=\"COPE Alcoy\" \/>\n<meta property=\"article:published_time\" content=\"2017-04-28T15:51:12+00:00\" \/>\n<meta property=\"article:modified_time\" content=\"2017-04-28T15:56:20+00:00\" \/>\n<meta property=\"og:image\" content=\"https:\/\/www.copealcoy.es\/wp-content\/uploads\/2017\/04\/tapa-i-festa-e1493394627447.jpg\" \/>\n\t<meta property=\"og:image:width\" content=\"960\" \/>\n\t<meta property=\"og:image:height\" content=\"540\" \/>\n\t<meta property=\"og:image:type\" content=\"image\/jpeg\" \/>\n<meta name=\"author\" content=\"Cope Alcoy\" \/>\n<meta name=\"twitter:label1\" content=\"Escrito por\" \/>\n\t<meta name=\"twitter:data1\" content=\"Cope Alcoy\" \/>\n\t<meta name=\"twitter:label2\" content=\"Tiempo de lectura\" \/>\n\t<meta name=\"twitter:data2\" content=\"1 minuto\" \/>\n<script type=\"application\/ld+json\" class=\"yoast-schema-graph\">{\"@context\":\"https:\\\/\\\/schema.org\",\"@graph\":[{\"@type\":\"Article\",\"@id\":\"https:\\\/\\\/www.copealcoy.es\\\/es\\\/visitantes-y-turistas-respaldaron-la-feria-tapa-i-festa\\\/#article\",\"isPartOf\":{\"@id\":\"https:\\\/\\\/www.copealcoy.es\\\/es\\\/visitantes-y-turistas-respaldaron-la-feria-tapa-i-festa\\\/\"},\"author\":{\"name\":\"Cope Alcoy\",\"@id\":\"https:\\\/\\\/www.copealcoy.es\\\/es\\\/#\\\/schema\\\/person\\\/e777c87fa024e57d40170af9df39882c\"},\"headline\":\"Visitantes y turistas respaldaron la Feria &#8216;Tapa i Festa&#8217;\",\"datePublished\":\"2017-04-28T15:51:12+00:00\",\"dateModified\":\"2017-04-28T15:56:20+00:00\",\"mainEntityOfPage\":{\"@id\":\"https:\\\/\\\/www.copealcoy.es\\\/es\\\/visitantes-y-turistas-respaldaron-la-feria-tapa-i-festa\\\/\"},\"wordCount\":259,\"commentCount\":0,\"image\":{\"@id\":\"https:\\\/\\\/www.copealcoy.es\\\/es\\\/visitantes-y-turistas-respaldaron-la-feria-tapa-i-festa\\\/#primaryimage\"},\"thumbnailUrl\":\"https:\\\/\\\/www.copealcoy.es\\\/wp-content\\\/uploads\\\/2017\\\/04\\\/tapa-i-festa-e1493394627447.jpg\",\"keywords\":[\"Alcoy\",\"Feria\",\"Gastronom\u00eda\",\"Mar\u00eda Baca\",\"Moros Y Cristianos\",\"Tapa i Festa\"],\"articleSection\":[\"Alcoy\",\"Fiesta y Cultura\",\"Noticias\"],\"inLanguage\":\"es\"},{\"@type\":\"WebPage\",\"@id\":\"https:\\\/\\\/www.copealcoy.es\\\/es\\\/visitantes-y-turistas-respaldaron-la-feria-tapa-i-festa\\\/\",\"url\":\"https:\\\/\\\/www.copealcoy.es\\\/es\\\/visitantes-y-turistas-respaldaron-la-feria-tapa-i-festa\\\/\",\"name\":\"Visitantes y turistas respaldaron la Feria 'Tapa i Festa' - COPE Alcoy\",\"isPartOf\":{\"@id\":\"https:\\\/\\\/www.copealcoy.es\\\/es\\\/#website\"},\"primaryImageOfPage\":{\"@id\":\"https:\\\/\\\/www.copealcoy.es\\\/es\\\/visitantes-y-turistas-respaldaron-la-feria-tapa-i-festa\\\/#primaryimage\"},\"image\":{\"@id\":\"https:\\\/\\\/www.copealcoy.es\\\/es\\\/visitantes-y-turistas-respaldaron-la-feria-tapa-i-festa\\\/#primaryimage\"},\"thumbnailUrl\":\"https:\\\/\\\/www.copealcoy.es\\\/wp-content\\\/uploads\\\/2017\\\/04\\\/tapa-i-festa-e1493394627447.jpg\",\"datePublished\":\"2017-04-28T15:51:12+00:00\",\"dateModified\":\"2017-04-28T15:56:20+00:00\",\"author\":{\"@id\":\"https:\\\/\\\/www.copealcoy.es\\\/es\\\/#\\\/schema\\\/person\\\/e777c87fa024e57d40170af9df39882c\"},\"breadcrumb\":{\"@id\":\"https:\\\/\\\/www.copealcoy.es\\\/es\\\/visitantes-y-turistas-respaldaron-la-feria-tapa-i-festa\\\/#breadcrumb\"},\"inLanguage\":\"es\",\"potentialAction\":[{\"@type\":\"ReadAction\",\"target\":[\"https:\\\/\\\/www.copealcoy.es\\\/es\\\/visitantes-y-turistas-respaldaron-la-feria-tapa-i-festa\\\/\"]}]},{\"@type\":\"ImageObject\",\"inLanguage\":\"es\",\"@id\":\"https:\\\/\\\/www.copealcoy.es\\\/es\\\/visitantes-y-turistas-respaldaron-la-feria-tapa-i-festa\\\/#primaryimage\",\"url\":\"https:\\\/\\\/www.copealcoy.es\\\/wp-content\\\/uploads\\\/2017\\\/04\\\/tapa-i-festa-e1493394627447.jpg\",\"contentUrl\":\"https:\\\/\\\/www.copealcoy.es\\\/wp-content\\\/uploads\\\/2017\\\/04\\\/tapa-i-festa-e1493394627447.jpg\",\"width\":960,\"height\":540,\"caption\":\"Ambiente en la Feria 'Tapa i Festa' durante una de las noches de fiestas \\\/ Foto: Ajuntament d\u00b4Alcoi\"},{\"@type\":\"BreadcrumbList\",\"@id\":\"https:\\\/\\\/www.copealcoy.es\\\/es\\\/visitantes-y-turistas-respaldaron-la-feria-tapa-i-festa\\\/#breadcrumb\",\"itemListElement\":[{\"@type\":\"ListItem\",\"position\":1,\"name\":\"Portada\",\"item\":\"https:\\\/\\\/www.copealcoy.es\\\/es\\\/\"},{\"@type\":\"ListItem\",\"position\":2,\"name\":\"Visitantes y turistas respaldaron la Feria &#8216;Tapa i Festa&#8217;\"}]},{\"@type\":\"WebSite\",\"@id\":\"https:\\\/\\\/www.copealcoy.es\\\/es\\\/#website\",\"url\":\"https:\\\/\\\/www.copealcoy.es\\\/es\\\/\",\"name\":\"COPE Alcoy\",\"description\":\"Emisora COPE de radio local con emisi\u00f3n online. Pont de Sant Jordi 8-10 03803 Alcoy\",\"potentialAction\":[{\"@type\":\"SearchAction\",\"target\":{\"@type\":\"EntryPoint\",\"urlTemplate\":\"https:\\\/\\\/www.copealcoy.es\\\/es\\\/?s={search_term_string}\"},\"query-input\":{\"@type\":\"PropertyValueSpecification\",\"valueRequired\":true,\"valueName\":\"search_term_string\"}}],\"inLanguage\":\"es\"},{\"@type\":\"Person\",\"@id\":\"https:\\\/\\\/www.copealcoy.es\\\/es\\\/#\\\/schema\\\/person\\\/e777c87fa024e57d40170af9df39882c\",\"name\":\"Cope Alcoy\",\"image\":{\"@type\":\"ImageObject\",\"inLanguage\":\"es\",\"@id\":\"https:\\\/\\\/secure.gravatar.com\\\/avatar\\\/bb65d0283347e303893ba14f0692005417c1e0e690a325a4c5d8bb2b3943ee14?s=96&d=mm&r=g\",\"url\":\"https:\\\/\\\/secure.gravatar.com\\\/avatar\\\/bb65d0283347e303893ba14f0692005417c1e0e690a325a4c5d8bb2b3943ee14?s=96&d=mm&r=g\",\"contentUrl\":\"https:\\\/\\\/secure.gravatar.com\\\/avatar\\\/bb65d0283347e303893ba14f0692005417c1e0e690a325a4c5d8bb2b3943ee14?s=96&d=mm&r=g\",\"caption\":\"Cope Alcoy\"}}]}<\/script>\n<!-- \/ Yoast SEO plugin. -->","yoast_head_json":{"title":"Visitantes y turistas respaldaron la Feria 'Tapa i Festa' - COPE Alcoy","robots":{"index":"index","follow":"follow","max-snippet":"max-snippet:-1","max-image-preview":"max-image-preview:large","max-video-preview":"max-video-preview:-1"},"canonical":"https:\/\/www.copealcoy.es\/es\/visitantes-y-turistas-respaldaron-la-feria-tapa-i-festa\/","og_locale":"es_ES","og_type":"article","og_title":"Visitantes y turistas respaldaron la Feria 'Tapa i Festa' - COPE Alcoy","og_description":"Unas 12.000 personas, seg\u00fan las cifras aportadas por el Ayuntamiento de Alcoy, pasaron por el parque de La Glorieta durante...","og_url":"https:\/\/www.copealcoy.es\/es\/visitantes-y-turistas-respaldaron-la-feria-tapa-i-festa\/","og_site_name":"COPE Alcoy","article_published_time":"2017-04-28T15:51:12+00:00","article_modified_time":"2017-04-28T15:56:20+00:00","og_image":[{"width":960,"height":540,"url":"https:\/\/www.copealcoy.es\/wp-content\/uploads\/2017\/04\/tapa-i-festa-e1493394627447.jpg","type":"image\/jpeg"}],"author":"Cope Alcoy","twitter_misc":{"Escrito por":"Cope Alcoy","Tiempo de lectura":"1 minuto"},"schema":{"@context":"https:\/\/schema.org","@graph":[{"@type":"Article","@id":"https:\/\/www.copealcoy.es\/es\/visitantes-y-turistas-respaldaron-la-feria-tapa-i-festa\/#article","isPartOf":{"@id":"https:\/\/www.copealcoy.es\/es\/visitantes-y-turistas-respaldaron-la-feria-tapa-i-festa\/"},"author":{"name":"Cope Alcoy","@id":"https:\/\/www.copealcoy.es\/es\/#\/schema\/person\/e777c87fa024e57d40170af9df39882c"},"headline":"Visitantes y turistas respaldaron la Feria &#8216;Tapa i Festa&#8217;","datePublished":"2017-04-28T15:51:12+00:00","dateModified":"2017-04-28T15:56:20+00:00","mainEntityOfPage":{"@id":"https:\/\/www.copealcoy.es\/es\/visitantes-y-turistas-respaldaron-la-feria-tapa-i-festa\/"},"wordCount":259,"commentCount":0,"image":{"@id":"https:\/\/www.copealcoy.es\/es\/visitantes-y-turistas-respaldaron-la-feria-tapa-i-festa\/#primaryimage"},"thumbnailUrl":"https:\/\/www.copealcoy.es\/wp-content\/uploads\/2017\/04\/tapa-i-festa-e1493394627447.jpg","keywords":["Alcoy","Feria","Gastronom\u00eda","Mar\u00eda Baca","Moros Y Cristianos","Tapa i Festa"],"articleSection":["Alcoy","Fiesta y Cultura","Noticias"],"inLanguage":"es"},{"@type":"WebPage","@id":"https:\/\/www.copealcoy.es\/es\/visitantes-y-turistas-respaldaron-la-feria-tapa-i-festa\/","url":"https:\/\/www.copealcoy.es\/es\/visitantes-y-turistas-respaldaron-la-feria-tapa-i-festa\/","name":"Visitantes y turistas respaldaron la Feria 'Tapa i Festa' - COPE Alcoy","isPartOf":{"@id":"https:\/\/www.copealcoy.es\/es\/#website"},"primaryImageOfPage":{"@id":"https:\/\/www.copealcoy.es\/es\/visitantes-y-turistas-respaldaron-la-feria-tapa-i-festa\/#primaryimage"},"image":{"@id":"https:\/\/www.copealcoy.es\/es\/visitantes-y-turistas-respaldaron-la-feria-tapa-i-festa\/#primaryimage"},"thumbnailUrl":"https:\/\/www.copealcoy.es\/wp-content\/uploads\/2017\/04\/tapa-i-festa-e1493394627447.jpg","datePublished":"2017-04-28T15:51:12+00:00","dateModified":"2017-04-28T15:56:20+00:00","author":{"@id":"https:\/\/www.copealcoy.es\/es\/#\/schema\/person\/e777c87fa024e57d40170af9df39882c"},"breadcrumb":{"@id":"https:\/\/www.copealcoy.es\/es\/visitantes-y-turistas-respaldaron-la-feria-tapa-i-festa\/#breadcrumb"},"inLanguage":"es","potentialAction":[{"@type":"ReadAction","target":["https:\/\/www.copealcoy.es\/es\/visitantes-y-turistas-respaldaron-la-feria-tapa-i-festa\/"]}]},{"@type":"ImageObject","inLanguage":"es","@id":"https:\/\/www.copealcoy.es\/es\/visitantes-y-turistas-respaldaron-la-feria-tapa-i-festa\/#primaryimage","url":"https:\/\/www.copealcoy.es\/wp-content\/uploads\/2017\/04\/tapa-i-festa-e1493394627447.jpg","contentUrl":"https:\/\/www.copealcoy.es\/wp-content\/uploads\/2017\/04\/tapa-i-festa-e1493394627447.jpg","width":960,"height":540,"caption":"Ambiente en la Feria 'Tapa i Festa' durante una de las noches de fiestas \/ Foto: Ajuntament d\u00b4Alcoi"},{"@type":"BreadcrumbList","@id":"https:\/\/www.copealcoy.es\/es\/visitantes-y-turistas-respaldaron-la-feria-tapa-i-festa\/#breadcrumb","itemListElement":[{"@type":"ListItem","position":1,"name":"Portada","item":"https:\/\/www.copealcoy.es\/es\/"},{"@type":"ListItem","position":2,"name":"Visitantes y turistas respaldaron la Feria &#8216;Tapa i Festa&#8217;"}]},{"@type":"WebSite","@id":"https:\/\/www.copealcoy.es\/es\/#website","url":"https:\/\/www.copealcoy.es\/es\/","name":"COPE Alcoy","description":"Emisora COPE de radio local con emisi\u00f3n online. Pont de Sant Jordi 8-10 03803 Alcoy","potentialAction":[{"@type":"SearchAction","target":{"@type":"EntryPoint","urlTemplate":"https:\/\/www.copealcoy.es\/es\/?s={search_term_string}"},"query-input":{"@type":"PropertyValueSpecification","valueRequired":true,"valueName":"search_term_string"}}],"inLanguage":"es"},{"@type":"Person","@id":"https:\/\/www.copealcoy.es\/es\/#\/schema\/person\/e777c87fa024e57d40170af9df39882c","name":"Cope Alcoy","image":{"@type":"ImageObject","inLanguage":"es","@id":"https:\/\/secure.gravatar.com\/avatar\/bb65d0283347e303893ba14f0692005417c1e0e690a325a4c5d8bb2b3943ee14?s=96&d=mm&r=g","url":"https:\/\/secure.gravatar.com\/avatar\/bb65d0283347e303893ba14f0692005417c1e0e690a325a4c5d8bb2b3943ee14?s=96&d=mm&r=g","contentUrl":"https:\/\/secure.gravatar.com\/avatar\/bb65d0283347e303893ba14f0692005417c1e0e690a325a4c5d8bb2b3943ee14?s=96&d=mm&r=g","caption":"Cope Alcoy"}}]}},"_links":{"self":[{"href":"https:\/\/www.copealcoy.es\/es\/wp-json\/wp\/v2\/posts\/31247","targetHints":{"allow":["GET"]}}],"collection":[{"href":"https:\/\/www.copealcoy.es\/es\/wp-json\/wp\/v2\/posts"}],"about":[{"href":"https:\/\/www.copealcoy.es\/es\/wp-json\/wp\/v2\/types\/post"}],"author":[{"embeddable":true,"href":"https:\/\/www.copealcoy.es\/es\/wp-json\/wp\/v2\/users\/1"}],"replies":[{"embeddable":true,"href":"https:\/\/www.copealcoy.es\/es\/wp-json\/wp\/v2\/comments?post=31247"}],"version-history":[{"count":0,"href":"https:\/\/www.copealcoy.es\/es\/wp-json\/wp\/v2\/posts\/31247\/revisions"}],"wp:featuredmedia":[{"embeddable":true,"href":"https:\/\/www.copealcoy.es\/es\/wp-json\/wp\/v2\/media\/31248"}],"wp:attachment":[{"href":"https:\/\/www.copealcoy.es\/es\/wp-json\/wp\/v2\/media?parent=31247"}],"wp:term":[{"taxonomy":"category","embeddable":true,"href":"https:\/\/www.copealcoy.es\/es\/wp-json\/wp\/v2\/categories?post=31247"},{"taxonomy":"post_tag","embeddable":true,"href":"https:\/\/www.copealcoy.es\/es\/wp-json\/wp\/v2\/tags?post=31247"}],"curies":[{"name":"wp","href":"https:\/\/api.w.org\/{rel}","templated":true}]}}