{"id":31240,"date":"2017-04-28T15:33:28","date_gmt":"2017-04-28T15:33:28","guid":{"rendered":"http:\/\/copealcoi.es\/new\/?p=31240"},"modified":"2017-04-28T15:38:33","modified_gmt":"2017-04-28T15:38:33","slug":"la-festa-del-llibre-de-muro-llega-con-un-repleto-programa-de-actividades","status":"publish","type":"post","link":"https:\/\/www.copealcoy.es\/es\/la-festa-del-llibre-de-muro-llega-con-un-repleto-programa-de-actividades\/","title":{"rendered":"La Festa del Llibre de Muro llega con un repleto programa de actividades"},"content":{"rendered":"<p style=\"text-align: justify;\">Muro celebrar\u00e1 entre el 26 de mayo y el 3 de junio <strong>la edici\u00f3n n\u00famero XXII\u00a0de la Festa del Llibre<\/strong> cuya programaci\u00f3n <strong>combinar\u00e1 una vez m\u00e1s actividades culturales y escolares<\/strong> as\u00ed como varias conferencias.<\/p>\n<p style=\"text-align: justify;\">La primera de las actividades tendr\u00e1 lugar el 26 de mayo y esta consistir\u00e1 en <strong>una conferencia\u00a0impartida por Manuel Cerd\u00e0<\/strong> y que se titula \u201cEl curt temps de les cireres\u201d. El lunes 29 de mayo <strong>ser\u00e1 el turno de Rosa Mar\u00eda Calaf<\/strong> con la disertaci\u00f3n \u201cLa paraula del segle XXI: valor o disbarat\u201d, mientras que <strong>al d\u00eda siguiente\u00a0llegar\u00e1 el escritor Javier Serra<\/strong> que presentar\u00e1 su ponencia \u201cLos enigmas de la historia vistos por un escritor\u201d. En el ecuador de la Festa del Llibre, el mi\u00e9rcoles 31 de mayo, <strong>llegar\u00e1 hasta Muro Nuria Cadenes<\/strong> con su charla \u201cLiteratura sense fronteres\u201d y <strong>el jueves d\u00eda 1 de junio\u00a0Manuel Vicent<\/strong> nos hablar\u00e1 de la \u201cTravessia liter\u00e0ria\u201d. Las intervenciones se cerrar\u00e1n el viernes <strong>con la presencia de\u00a0Urb\u00e0 Lozano<\/strong> con \u201cEl tio Pep, els cosmopolites i un fals pilot de ral.lis. Reflexions ecl\u00e8ctiques al voltant de la creaci\u00f3 liter\u00e0ria\u201d.\u00a0Todas estas actividades <strong>se llevar\u00e1n a cabo en la Biblioteca Municipal<\/strong> a partir de las 20:15 horas.<\/p>\n<p style=\"text-align: justify;\">En la Festa del Llibre de este a\u00f1o <strong>las librer\u00edas de Muro volver\u00e1n a participar en la muestra<\/strong> que se efectuar\u00e1 en la Pla\u00e7a del Matzem el viernes 2 de junio en una jornada que incluir\u00e1 tambi\u00e9n la entrega de premios del\u00a0<strong>Concurso de Literatura Infantil y Juvenil, una merienda, y el cuentacuentos<\/strong> \u201cLlum canta: Marieta Ganduleta\u201d.<\/p>\n<p>Por \u00faltimo el s\u00e1bado 3 de junio<strong> se desarrollar\u00e1 la representaci\u00f3n teatral<\/strong> \u201cPron\u00f2stic reservat\u201d a cargo de <strong>Poquel\u00edn Teatre<\/strong> a partir de las 19:30 horas en el Centro Cultural.<\/p>\n","protected":false},"excerpt":{"rendered":"<p>Muro celebrar\u00e1 entre el 26 de mayo y el 3 de junio la edici\u00f3n n\u00famero XXII\u00a0de la Festa del Llibre&#8230;<\/p>\n","protected":false},"author":1,"featured_media":31242,"comment_status":"open","ping_status":"open","sticky":false,"template":"","format":"standard","meta":{"footnotes":""},"categories":[98,75],"tags":[1494,1052,4052],"class_list":["post-31240","post","type-post","status-publish","format-standard","has-post-thumbnail","hentry","category-comarcas","category-noticias","tag-alcoy","tag-festa-del-llibre","tag-rosa-maria-calaf"],"yoast_head":"<!-- This site is optimized with the Yoast SEO plugin v27.3 - https:\/\/yoast.com\/product\/yoast-seo-wordpress\/ -->\n<title>La Festa del Llibre de Muro llega con un repleto programa de actividades - COPE Alcoy<\/title>\n<meta name=\"robots\" content=\"index, follow, max-snippet:-1, max-image-preview:large, max-video-preview:-1\" \/>\n<link rel=\"canonical\" href=\"https:\/\/www.copealcoy.es\/es\/la-festa-del-llibre-de-muro-llega-con-un-repleto-programa-de-actividades\/\" \/>\n<meta property=\"og:locale\" content=\"es_ES\" \/>\n<meta property=\"og:type\" content=\"article\" \/>\n<meta property=\"og:title\" content=\"La Festa del Llibre de Muro llega con un repleto programa de actividades - COPE Alcoy\" \/>\n<meta property=\"og:description\" content=\"Muro celebrar\u00e1 entre el 26 de mayo y el 3 de junio la edici\u00f3n n\u00famero XXII\u00a0de la Festa del Llibre...\" \/>\n<meta property=\"og:url\" content=\"https:\/\/www.copealcoy.es\/es\/la-festa-del-llibre-de-muro-llega-con-un-repleto-programa-de-actividades\/\" \/>\n<meta property=\"og:site_name\" content=\"COPE Alcoy\" \/>\n<meta property=\"article:published_time\" content=\"2017-04-28T15:33:28+00:00\" \/>\n<meta property=\"article:modified_time\" content=\"2017-04-28T15:38:33+00:00\" \/>\n<meta property=\"og:image\" content=\"https:\/\/www.copealcoy.es\/wp-content\/uploads\/2017\/04\/Festa-del-Llibre.jpg\" \/>\n\t<meta property=\"og:image:width\" content=\"660\" \/>\n\t<meta property=\"og:image:height\" content=\"330\" \/>\n\t<meta property=\"og:image:type\" content=\"image\/jpeg\" \/>\n<meta name=\"author\" content=\"Cope Alcoy\" \/>\n<meta name=\"twitter:label1\" content=\"Escrito por\" \/>\n\t<meta name=\"twitter:data1\" content=\"Cope Alcoy\" \/>\n\t<meta name=\"twitter:label2\" content=\"Tiempo de lectura\" \/>\n\t<meta name=\"twitter:data2\" content=\"2 minutos\" \/>\n<script type=\"application\/ld+json\" class=\"yoast-schema-graph\">{\"@context\":\"https:\\\/\\\/schema.org\",\"@graph\":[{\"@type\":\"Article\",\"@id\":\"https:\\\/\\\/www.copealcoy.es\\\/es\\\/la-festa-del-llibre-de-muro-llega-con-un-repleto-programa-de-actividades\\\/#article\",\"isPartOf\":{\"@id\":\"https:\\\/\\\/www.copealcoy.es\\\/es\\\/la-festa-del-llibre-de-muro-llega-con-un-repleto-programa-de-actividades\\\/\"},\"author\":{\"name\":\"Cope Alcoy\",\"@id\":\"https:\\\/\\\/www.copealcoy.es\\\/es\\\/#\\\/schema\\\/person\\\/e777c87fa024e57d40170af9df39882c\"},\"headline\":\"La Festa del Llibre de Muro llega con un repleto programa de actividades\",\"datePublished\":\"2017-04-28T15:33:28+00:00\",\"dateModified\":\"2017-04-28T15:38:33+00:00\",\"mainEntityOfPage\":{\"@id\":\"https:\\\/\\\/www.copealcoy.es\\\/es\\\/la-festa-del-llibre-de-muro-llega-con-un-repleto-programa-de-actividades\\\/\"},\"wordCount\":313,\"commentCount\":0,\"image\":{\"@id\":\"https:\\\/\\\/www.copealcoy.es\\\/es\\\/la-festa-del-llibre-de-muro-llega-con-un-repleto-programa-de-actividades\\\/#primaryimage\"},\"thumbnailUrl\":\"https:\\\/\\\/www.copealcoy.es\\\/wp-content\\\/uploads\\\/2017\\\/04\\\/Festa-del-Llibre.jpg\",\"keywords\":[\"Alcoy\",\"Festa del Llibre\",\"Rosa Mar\u00eda Calaf\"],\"articleSection\":[\"Comarcas\",\"Noticias\"],\"inLanguage\":\"es\"},{\"@type\":\"WebPage\",\"@id\":\"https:\\\/\\\/www.copealcoy.es\\\/es\\\/la-festa-del-llibre-de-muro-llega-con-un-repleto-programa-de-actividades\\\/\",\"url\":\"https:\\\/\\\/www.copealcoy.es\\\/es\\\/la-festa-del-llibre-de-muro-llega-con-un-repleto-programa-de-actividades\\\/\",\"name\":\"La Festa del Llibre de Muro llega con un repleto programa de actividades - COPE Alcoy\",\"isPartOf\":{\"@id\":\"https:\\\/\\\/www.copealcoy.es\\\/es\\\/#website\"},\"primaryImageOfPage\":{\"@id\":\"https:\\\/\\\/www.copealcoy.es\\\/es\\\/la-festa-del-llibre-de-muro-llega-con-un-repleto-programa-de-actividades\\\/#primaryimage\"},\"image\":{\"@id\":\"https:\\\/\\\/www.copealcoy.es\\\/es\\\/la-festa-del-llibre-de-muro-llega-con-un-repleto-programa-de-actividades\\\/#primaryimage\"},\"thumbnailUrl\":\"https:\\\/\\\/www.copealcoy.es\\\/wp-content\\\/uploads\\\/2017\\\/04\\\/Festa-del-Llibre.jpg\",\"datePublished\":\"2017-04-28T15:33:28+00:00\",\"dateModified\":\"2017-04-28T15:38:33+00:00\",\"author\":{\"@id\":\"https:\\\/\\\/www.copealcoy.es\\\/es\\\/#\\\/schema\\\/person\\\/e777c87fa024e57d40170af9df39882c\"},\"breadcrumb\":{\"@id\":\"https:\\\/\\\/www.copealcoy.es\\\/es\\\/la-festa-del-llibre-de-muro-llega-con-un-repleto-programa-de-actividades\\\/#breadcrumb\"},\"inLanguage\":\"es\",\"potentialAction\":[{\"@type\":\"ReadAction\",\"target\":[\"https:\\\/\\\/www.copealcoy.es\\\/es\\\/la-festa-del-llibre-de-muro-llega-con-un-repleto-programa-de-actividades\\\/\"]}]},{\"@type\":\"ImageObject\",\"inLanguage\":\"es\",\"@id\":\"https:\\\/\\\/www.copealcoy.es\\\/es\\\/la-festa-del-llibre-de-muro-llega-con-un-repleto-programa-de-actividades\\\/#primaryimage\",\"url\":\"https:\\\/\\\/www.copealcoy.es\\\/wp-content\\\/uploads\\\/2017\\\/04\\\/Festa-del-Llibre.jpg\",\"contentUrl\":\"https:\\\/\\\/www.copealcoy.es\\\/wp-content\\\/uploads\\\/2017\\\/04\\\/Festa-del-Llibre.jpg\",\"width\":660,\"height\":330,\"caption\":\"La Festa del Llibre 2017 se present\u00f3 el pasado 19 de abril\\\/ Foto: Rai Mart\u00ednez\"},{\"@type\":\"BreadcrumbList\",\"@id\":\"https:\\\/\\\/www.copealcoy.es\\\/es\\\/la-festa-del-llibre-de-muro-llega-con-un-repleto-programa-de-actividades\\\/#breadcrumb\",\"itemListElement\":[{\"@type\":\"ListItem\",\"position\":1,\"name\":\"Portada\",\"item\":\"https:\\\/\\\/www.copealcoy.es\\\/es\\\/\"},{\"@type\":\"ListItem\",\"position\":2,\"name\":\"La Festa del Llibre de Muro llega con un repleto programa de actividades\"}]},{\"@type\":\"WebSite\",\"@id\":\"https:\\\/\\\/www.copealcoy.es\\\/es\\\/#website\",\"url\":\"https:\\\/\\\/www.copealcoy.es\\\/es\\\/\",\"name\":\"COPE Alcoy\",\"description\":\"Emisora COPE de radio local con emisi\u00f3n online. Pont de Sant Jordi 8-10 03803 Alcoy\",\"potentialAction\":[{\"@type\":\"SearchAction\",\"target\":{\"@type\":\"EntryPoint\",\"urlTemplate\":\"https:\\\/\\\/www.copealcoy.es\\\/es\\\/?s={search_term_string}\"},\"query-input\":{\"@type\":\"PropertyValueSpecification\",\"valueRequired\":true,\"valueName\":\"search_term_string\"}}],\"inLanguage\":\"es\"},{\"@type\":\"Person\",\"@id\":\"https:\\\/\\\/www.copealcoy.es\\\/es\\\/#\\\/schema\\\/person\\\/e777c87fa024e57d40170af9df39882c\",\"name\":\"Cope Alcoy\",\"image\":{\"@type\":\"ImageObject\",\"inLanguage\":\"es\",\"@id\":\"https:\\\/\\\/secure.gravatar.com\\\/avatar\\\/bb65d0283347e303893ba14f0692005417c1e0e690a325a4c5d8bb2b3943ee14?s=96&d=mm&r=g\",\"url\":\"https:\\\/\\\/secure.gravatar.com\\\/avatar\\\/bb65d0283347e303893ba14f0692005417c1e0e690a325a4c5d8bb2b3943ee14?s=96&d=mm&r=g\",\"contentUrl\":\"https:\\\/\\\/secure.gravatar.com\\\/avatar\\\/bb65d0283347e303893ba14f0692005417c1e0e690a325a4c5d8bb2b3943ee14?s=96&d=mm&r=g\",\"caption\":\"Cope Alcoy\"}}]}<\/script>\n<!-- \/ Yoast SEO plugin. -->","yoast_head_json":{"title":"La Festa del Llibre de Muro llega con un repleto programa de actividades - COPE Alcoy","robots":{"index":"index","follow":"follow","max-snippet":"max-snippet:-1","max-image-preview":"max-image-preview:large","max-video-preview":"max-video-preview:-1"},"canonical":"https:\/\/www.copealcoy.es\/es\/la-festa-del-llibre-de-muro-llega-con-un-repleto-programa-de-actividades\/","og_locale":"es_ES","og_type":"article","og_title":"La Festa del Llibre de Muro llega con un repleto programa de actividades - COPE Alcoy","og_description":"Muro celebrar\u00e1 entre el 26 de mayo y el 3 de junio la edici\u00f3n n\u00famero XXII\u00a0de la Festa del Llibre...","og_url":"https:\/\/www.copealcoy.es\/es\/la-festa-del-llibre-de-muro-llega-con-un-repleto-programa-de-actividades\/","og_site_name":"COPE Alcoy","article_published_time":"2017-04-28T15:33:28+00:00","article_modified_time":"2017-04-28T15:38:33+00:00","og_image":[{"width":660,"height":330,"url":"https:\/\/www.copealcoy.es\/wp-content\/uploads\/2017\/04\/Festa-del-Llibre.jpg","type":"image\/jpeg"}],"author":"Cope Alcoy","twitter_misc":{"Escrito por":"Cope Alcoy","Tiempo de lectura":"2 minutos"},"schema":{"@context":"https:\/\/schema.org","@graph":[{"@type":"Article","@id":"https:\/\/www.copealcoy.es\/es\/la-festa-del-llibre-de-muro-llega-con-un-repleto-programa-de-actividades\/#article","isPartOf":{"@id":"https:\/\/www.copealcoy.es\/es\/la-festa-del-llibre-de-muro-llega-con-un-repleto-programa-de-actividades\/"},"author":{"name":"Cope Alcoy","@id":"https:\/\/www.copealcoy.es\/es\/#\/schema\/person\/e777c87fa024e57d40170af9df39882c"},"headline":"La Festa del Llibre de Muro llega con un repleto programa de actividades","datePublished":"2017-04-28T15:33:28+00:00","dateModified":"2017-04-28T15:38:33+00:00","mainEntityOfPage":{"@id":"https:\/\/www.copealcoy.es\/es\/la-festa-del-llibre-de-muro-llega-con-un-repleto-programa-de-actividades\/"},"wordCount":313,"commentCount":0,"image":{"@id":"https:\/\/www.copealcoy.es\/es\/la-festa-del-llibre-de-muro-llega-con-un-repleto-programa-de-actividades\/#primaryimage"},"thumbnailUrl":"https:\/\/www.copealcoy.es\/wp-content\/uploads\/2017\/04\/Festa-del-Llibre.jpg","keywords":["Alcoy","Festa del Llibre","Rosa Mar\u00eda Calaf"],"articleSection":["Comarcas","Noticias"],"inLanguage":"es"},{"@type":"WebPage","@id":"https:\/\/www.copealcoy.es\/es\/la-festa-del-llibre-de-muro-llega-con-un-repleto-programa-de-actividades\/","url":"https:\/\/www.copealcoy.es\/es\/la-festa-del-llibre-de-muro-llega-con-un-repleto-programa-de-actividades\/","name":"La Festa del Llibre de Muro llega con un repleto programa de actividades - COPE Alcoy","isPartOf":{"@id":"https:\/\/www.copealcoy.es\/es\/#website"},"primaryImageOfPage":{"@id":"https:\/\/www.copealcoy.es\/es\/la-festa-del-llibre-de-muro-llega-con-un-repleto-programa-de-actividades\/#primaryimage"},"image":{"@id":"https:\/\/www.copealcoy.es\/es\/la-festa-del-llibre-de-muro-llega-con-un-repleto-programa-de-actividades\/#primaryimage"},"thumbnailUrl":"https:\/\/www.copealcoy.es\/wp-content\/uploads\/2017\/04\/Festa-del-Llibre.jpg","datePublished":"2017-04-28T15:33:28+00:00","dateModified":"2017-04-28T15:38:33+00:00","author":{"@id":"https:\/\/www.copealcoy.es\/es\/#\/schema\/person\/e777c87fa024e57d40170af9df39882c"},"breadcrumb":{"@id":"https:\/\/www.copealcoy.es\/es\/la-festa-del-llibre-de-muro-llega-con-un-repleto-programa-de-actividades\/#breadcrumb"},"inLanguage":"es","potentialAction":[{"@type":"ReadAction","target":["https:\/\/www.copealcoy.es\/es\/la-festa-del-llibre-de-muro-llega-con-un-repleto-programa-de-actividades\/"]}]},{"@type":"ImageObject","inLanguage":"es","@id":"https:\/\/www.copealcoy.es\/es\/la-festa-del-llibre-de-muro-llega-con-un-repleto-programa-de-actividades\/#primaryimage","url":"https:\/\/www.copealcoy.es\/wp-content\/uploads\/2017\/04\/Festa-del-Llibre.jpg","contentUrl":"https:\/\/www.copealcoy.es\/wp-content\/uploads\/2017\/04\/Festa-del-Llibre.jpg","width":660,"height":330,"caption":"La Festa del Llibre 2017 se present\u00f3 el pasado 19 de abril\/ Foto: Rai Mart\u00ednez"},{"@type":"BreadcrumbList","@id":"https:\/\/www.copealcoy.es\/es\/la-festa-del-llibre-de-muro-llega-con-un-repleto-programa-de-actividades\/#breadcrumb","itemListElement":[{"@type":"ListItem","position":1,"name":"Portada","item":"https:\/\/www.copealcoy.es\/es\/"},{"@type":"ListItem","position":2,"name":"La Festa del Llibre de Muro llega con un repleto programa de actividades"}]},{"@type":"WebSite","@id":"https:\/\/www.copealcoy.es\/es\/#website","url":"https:\/\/www.copealcoy.es\/es\/","name":"COPE Alcoy","description":"Emisora COPE de radio local con emisi\u00f3n online. Pont de Sant Jordi 8-10 03803 Alcoy","potentialAction":[{"@type":"SearchAction","target":{"@type":"EntryPoint","urlTemplate":"https:\/\/www.copealcoy.es\/es\/?s={search_term_string}"},"query-input":{"@type":"PropertyValueSpecification","valueRequired":true,"valueName":"search_term_string"}}],"inLanguage":"es"},{"@type":"Person","@id":"https:\/\/www.copealcoy.es\/es\/#\/schema\/person\/e777c87fa024e57d40170af9df39882c","name":"Cope Alcoy","image":{"@type":"ImageObject","inLanguage":"es","@id":"https:\/\/secure.gravatar.com\/avatar\/bb65d0283347e303893ba14f0692005417c1e0e690a325a4c5d8bb2b3943ee14?s=96&d=mm&r=g","url":"https:\/\/secure.gravatar.com\/avatar\/bb65d0283347e303893ba14f0692005417c1e0e690a325a4c5d8bb2b3943ee14?s=96&d=mm&r=g","contentUrl":"https:\/\/secure.gravatar.com\/avatar\/bb65d0283347e303893ba14f0692005417c1e0e690a325a4c5d8bb2b3943ee14?s=96&d=mm&r=g","caption":"Cope Alcoy"}}]}},"_links":{"self":[{"href":"https:\/\/www.copealcoy.es\/es\/wp-json\/wp\/v2\/posts\/31240","targetHints":{"allow":["GET"]}}],"collection":[{"href":"https:\/\/www.copealcoy.es\/es\/wp-json\/wp\/v2\/posts"}],"about":[{"href":"https:\/\/www.copealcoy.es\/es\/wp-json\/wp\/v2\/types\/post"}],"author":[{"embeddable":true,"href":"https:\/\/www.copealcoy.es\/es\/wp-json\/wp\/v2\/users\/1"}],"replies":[{"embeddable":true,"href":"https:\/\/www.copealcoy.es\/es\/wp-json\/wp\/v2\/comments?post=31240"}],"version-history":[{"count":0,"href":"https:\/\/www.copealcoy.es\/es\/wp-json\/wp\/v2\/posts\/31240\/revisions"}],"wp:featuredmedia":[{"embeddable":true,"href":"https:\/\/www.copealcoy.es\/es\/wp-json\/wp\/v2\/media\/31242"}],"wp:attachment":[{"href":"https:\/\/www.copealcoy.es\/es\/wp-json\/wp\/v2\/media?parent=31240"}],"wp:term":[{"taxonomy":"category","embeddable":true,"href":"https:\/\/www.copealcoy.es\/es\/wp-json\/wp\/v2\/categories?post=31240"},{"taxonomy":"post_tag","embeddable":true,"href":"https:\/\/www.copealcoy.es\/es\/wp-json\/wp\/v2\/tags?post=31240"}],"curies":[{"name":"wp","href":"https:\/\/api.w.org\/{rel}","templated":true}]}}