{"id":31202,"date":"2017-04-27T18:56:53","date_gmt":"2017-04-27T18:56:53","guid":{"rendered":"http:\/\/copealcoi.es\/new\/?p=31202"},"modified":"2017-04-27T19:10:54","modified_gmt":"2017-04-27T19:10:54","slug":"turismo-hace-un-balance-positivo-de-las-ultimas-fiestas-de-alcoy","status":"publish","type":"post","link":"https:\/\/www.copealcoy.es\/es\/turismo-hace-un-balance-positivo-de-las-ultimas-fiestas-de-alcoy\/","title":{"rendered":"Turismo hace un balance positivo de las \u00faltimas Fiestas de Alcoy"},"content":{"rendered":"<p style=\"text-align: justify;\">El \u00e1rea de Turismo del Ayuntamiento de Alcoy <strong>ha hecho un balance positivo de la presencia de turistas<\/strong> durante la pasada edici\u00f3n de las Fiestas de Moros y Cristianos en honor a San Jorge.<\/p>\n<p style=\"text-align: justify;\">La edil <strong>Lorena Zamorano<\/strong> ha explicado este jueves en el Tiempo de An\u00e1lisis de La Ma\u00f1ana de COPE ALCOY\u00a0que <strong>las diferentes estrategias impulsadas desde su concejal\u00eda y la Tourist Info van dando poco a poco sus frutos<\/strong> y en este sentido ha apuntado que este a\u00f1o se ha dado una mayor presencia de turistas extranjeros &#8220;<em>que residen en la Costa Blanca y que vinieron a Alcoy a disfrutar el d\u00eda 22 de abril de las Entradas. Este d\u00eda sigue siendo el que despierta un mayor inter\u00e9s para los visitantes y eso se refleja en que las pernoctaciones fueron mayores en esta jornada que en las posteriores<\/em>&#8220;, afirma.\u00a0Zamorano <strong>detalla tambi\u00e9n\u00a0que la promoci\u00f3n de los pr\u00f3ximos festejos arranca una vez finalizados los de este a\u00f1o<\/strong> y ha dado tambi\u00e9n algunas cifras que dejan estas \u00faltimas fiestas &#8220;<em>por ejemplo los autobuses lanzadera seg\u00fan los datos que tenemos registraron unos dos mil usuarios durante todo el d\u00eda de las Entradas<\/em>&#8220;, indica.<\/p>\n<p style=\"text-align: justify;\"><strong>Gran difusi\u00f3n a trav\u00e9s de los Medios de Comunicaci\u00f3n<\/strong><\/p>\n<p style=\"text-align: justify;\">Las Fiestas de Alcoy <strong>han centrado tambi\u00e9n la atenci\u00f3n de los medios de comunicaci\u00f3n<\/strong> a nivel nacional e internacional. A la importante <strong>cobertura realizada en los medios locales y comarcales<\/strong> <strong>se suman las\u00a0conexiones en directo<\/strong> que el d\u00eda de las Entradas hicieron para sus programas informativos TVE, Antena 3, Telecinco y La Sexta. Adem\u00e1s, Televisi\u00f3n Espa\u00f1ola, tambi\u00e9n estuvo presente el d\u00eda 24, con su unidad m\u00f3vil para hacer directos.<\/p>\n<p style=\"text-align: justify;\">Tambi\u00e9n <strong>dos productoras extranjeras<\/strong> estuvieron grabando para realizar documentales sobre los festejos en honor a San Jorge mientras que\u00a0<strong>13 periodistas participaron en un press trip<\/strong> con el que colabor\u00f3 el Patronato de Turismo Costa Blanca y en el que se acreditaron medios de Alemania, Dinamarca, Holanda, Italia y Rusia.<\/p>\n<p style=\"text-align: justify;\">Por \u00faltimo significar\u00a0que <strong>el Blog Niumba de Tripadvisor<\/strong> ha seleccionado las Fiestas alcoyanas\u00a0entre las mejores fiestas y celebraciones que se celebran durante la primavera en Espa\u00f1a.<\/p>\n","protected":false},"excerpt":{"rendered":"<p>El \u00e1rea de Turismo del Ayuntamiento de Alcoy ha hecho un balance positivo de la presencia de turistas durante la&#8230;<\/p>\n","protected":false},"author":1,"featured_media":31203,"comment_status":"open","ping_status":"open","sticky":false,"template":"","format":"standard","meta":{"footnotes":""},"categories":[97,75,125],"tags":[1494,430,565,1796,609,514],"class_list":["post-31202","post","type-post","status-publish","format-standard","has-post-thumbnail","hentry","category-alcoy","category-noticias","category-portada","tag-alcoy","tag-balance","tag-fiestas","tag-lorena-zamorano","tag-moros-y-cristianos","tag-turismo"],"yoast_head":"<!-- This site is optimized with the Yoast SEO plugin v27.3 - https:\/\/yoast.com\/product\/yoast-seo-wordpress\/ -->\n<title>Turismo hace un balance positivo de las \u00faltimas Fiestas de Alcoy - COPE Alcoy<\/title>\n<meta name=\"robots\" content=\"index, follow, max-snippet:-1, max-image-preview:large, max-video-preview:-1\" \/>\n<link rel=\"canonical\" href=\"https:\/\/www.copealcoy.es\/es\/turismo-hace-un-balance-positivo-de-las-ultimas-fiestas-de-alcoy\/\" \/>\n<meta property=\"og:locale\" content=\"es_ES\" \/>\n<meta property=\"og:type\" content=\"article\" \/>\n<meta property=\"og:title\" content=\"Turismo hace un balance positivo de las \u00faltimas Fiestas de Alcoy - COPE Alcoy\" \/>\n<meta property=\"og:description\" content=\"El \u00e1rea de Turismo del Ayuntamiento de Alcoy ha hecho un balance positivo de la presencia de turistas durante la...\" \/>\n<meta property=\"og:url\" content=\"https:\/\/www.copealcoy.es\/es\/turismo-hace-un-balance-positivo-de-las-ultimas-fiestas-de-alcoy\/\" \/>\n<meta property=\"og:site_name\" content=\"COPE Alcoy\" \/>\n<meta property=\"article:published_time\" content=\"2017-04-27T18:56:53+00:00\" \/>\n<meta property=\"article:modified_time\" content=\"2017-04-27T19:10:54+00:00\" \/>\n<meta property=\"og:image\" content=\"https:\/\/www.copealcoy.es\/wp-content\/uploads\/2017\/04\/18119314_1867973923228783_4265824842083502440_n.jpg\" \/>\n\t<meta property=\"og:image:width\" content=\"960\" \/>\n\t<meta property=\"og:image:height\" content=\"540\" \/>\n\t<meta property=\"og:image:type\" content=\"image\/jpeg\" \/>\n<meta name=\"author\" content=\"Cope Alcoy\" \/>\n<meta name=\"twitter:label1\" content=\"Escrito por\" \/>\n\t<meta name=\"twitter:data1\" content=\"Cope Alcoy\" \/>\n\t<meta name=\"twitter:label2\" content=\"Tiempo de lectura\" \/>\n\t<meta name=\"twitter:data2\" content=\"2 minutos\" \/>\n<script type=\"application\/ld+json\" class=\"yoast-schema-graph\">{\"@context\":\"https:\\\/\\\/schema.org\",\"@graph\":[{\"@type\":\"Article\",\"@id\":\"https:\\\/\\\/www.copealcoy.es\\\/es\\\/turismo-hace-un-balance-positivo-de-las-ultimas-fiestas-de-alcoy\\\/#article\",\"isPartOf\":{\"@id\":\"https:\\\/\\\/www.copealcoy.es\\\/es\\\/turismo-hace-un-balance-positivo-de-las-ultimas-fiestas-de-alcoy\\\/\"},\"author\":{\"name\":\"Cope Alcoy\",\"@id\":\"https:\\\/\\\/www.copealcoy.es\\\/es\\\/#\\\/schema\\\/person\\\/e777c87fa024e57d40170af9df39882c\"},\"headline\":\"Turismo hace un balance positivo de las \u00faltimas Fiestas de Alcoy\",\"datePublished\":\"2017-04-27T18:56:53+00:00\",\"dateModified\":\"2017-04-27T19:10:54+00:00\",\"mainEntityOfPage\":{\"@id\":\"https:\\\/\\\/www.copealcoy.es\\\/es\\\/turismo-hace-un-balance-positivo-de-las-ultimas-fiestas-de-alcoy\\\/\"},\"wordCount\":388,\"commentCount\":0,\"image\":{\"@id\":\"https:\\\/\\\/www.copealcoy.es\\\/es\\\/turismo-hace-un-balance-positivo-de-las-ultimas-fiestas-de-alcoy\\\/#primaryimage\"},\"thumbnailUrl\":\"https:\\\/\\\/www.copealcoy.es\\\/wp-content\\\/uploads\\\/2017\\\/04\\\/18119314_1867973923228783_4265824842083502440_n.jpg\",\"keywords\":[\"Alcoy\",\"Balance\",\"Fiestas\",\"Lorena Zamorano\",\"Moros Y Cristianos\",\"Turismo\"],\"articleSection\":[\"Alcoy\",\"Noticias\",\"Portada\"],\"inLanguage\":\"es\"},{\"@type\":\"WebPage\",\"@id\":\"https:\\\/\\\/www.copealcoy.es\\\/es\\\/turismo-hace-un-balance-positivo-de-las-ultimas-fiestas-de-alcoy\\\/\",\"url\":\"https:\\\/\\\/www.copealcoy.es\\\/es\\\/turismo-hace-un-balance-positivo-de-las-ultimas-fiestas-de-alcoy\\\/\",\"name\":\"Turismo hace un balance positivo de las \u00faltimas Fiestas de Alcoy - COPE Alcoy\",\"isPartOf\":{\"@id\":\"https:\\\/\\\/www.copealcoy.es\\\/es\\\/#website\"},\"primaryImageOfPage\":{\"@id\":\"https:\\\/\\\/www.copealcoy.es\\\/es\\\/turismo-hace-un-balance-positivo-de-las-ultimas-fiestas-de-alcoy\\\/#primaryimage\"},\"image\":{\"@id\":\"https:\\\/\\\/www.copealcoy.es\\\/es\\\/turismo-hace-un-balance-positivo-de-las-ultimas-fiestas-de-alcoy\\\/#primaryimage\"},\"thumbnailUrl\":\"https:\\\/\\\/www.copealcoy.es\\\/wp-content\\\/uploads\\\/2017\\\/04\\\/18119314_1867973923228783_4265824842083502440_n.jpg\",\"datePublished\":\"2017-04-27T18:56:53+00:00\",\"dateModified\":\"2017-04-27T19:10:54+00:00\",\"author\":{\"@id\":\"https:\\\/\\\/www.copealcoy.es\\\/es\\\/#\\\/schema\\\/person\\\/e777c87fa024e57d40170af9df39882c\"},\"breadcrumb\":{\"@id\":\"https:\\\/\\\/www.copealcoy.es\\\/es\\\/turismo-hace-un-balance-positivo-de-las-ultimas-fiestas-de-alcoy\\\/#breadcrumb\"},\"inLanguage\":\"es\",\"potentialAction\":[{\"@type\":\"ReadAction\",\"target\":[\"https:\\\/\\\/www.copealcoy.es\\\/es\\\/turismo-hace-un-balance-positivo-de-las-ultimas-fiestas-de-alcoy\\\/\"]}]},{\"@type\":\"ImageObject\",\"inLanguage\":\"es\",\"@id\":\"https:\\\/\\\/www.copealcoy.es\\\/es\\\/turismo-hace-un-balance-positivo-de-las-ultimas-fiestas-de-alcoy\\\/#primaryimage\",\"url\":\"https:\\\/\\\/www.copealcoy.es\\\/wp-content\\\/uploads\\\/2017\\\/04\\\/18119314_1867973923228783_4265824842083502440_n.jpg\",\"contentUrl\":\"https:\\\/\\\/www.copealcoy.es\\\/wp-content\\\/uploads\\\/2017\\\/04\\\/18119314_1867973923228783_4265824842083502440_n.jpg\",\"width\":960,\"height\":540},{\"@type\":\"BreadcrumbList\",\"@id\":\"https:\\\/\\\/www.copealcoy.es\\\/es\\\/turismo-hace-un-balance-positivo-de-las-ultimas-fiestas-de-alcoy\\\/#breadcrumb\",\"itemListElement\":[{\"@type\":\"ListItem\",\"position\":1,\"name\":\"Portada\",\"item\":\"https:\\\/\\\/www.copealcoy.es\\\/es\\\/\"},{\"@type\":\"ListItem\",\"position\":2,\"name\":\"Turismo hace un balance positivo de las \u00faltimas Fiestas de Alcoy\"}]},{\"@type\":\"WebSite\",\"@id\":\"https:\\\/\\\/www.copealcoy.es\\\/es\\\/#website\",\"url\":\"https:\\\/\\\/www.copealcoy.es\\\/es\\\/\",\"name\":\"COPE Alcoy\",\"description\":\"Emisora COPE de radio local con emisi\u00f3n online. Pont de Sant Jordi 8-10 03803 Alcoy\",\"potentialAction\":[{\"@type\":\"SearchAction\",\"target\":{\"@type\":\"EntryPoint\",\"urlTemplate\":\"https:\\\/\\\/www.copealcoy.es\\\/es\\\/?s={search_term_string}\"},\"query-input\":{\"@type\":\"PropertyValueSpecification\",\"valueRequired\":true,\"valueName\":\"search_term_string\"}}],\"inLanguage\":\"es\"},{\"@type\":\"Person\",\"@id\":\"https:\\\/\\\/www.copealcoy.es\\\/es\\\/#\\\/schema\\\/person\\\/e777c87fa024e57d40170af9df39882c\",\"name\":\"Cope Alcoy\",\"image\":{\"@type\":\"ImageObject\",\"inLanguage\":\"es\",\"@id\":\"https:\\\/\\\/secure.gravatar.com\\\/avatar\\\/bb65d0283347e303893ba14f0692005417c1e0e690a325a4c5d8bb2b3943ee14?s=96&d=mm&r=g\",\"url\":\"https:\\\/\\\/secure.gravatar.com\\\/avatar\\\/bb65d0283347e303893ba14f0692005417c1e0e690a325a4c5d8bb2b3943ee14?s=96&d=mm&r=g\",\"contentUrl\":\"https:\\\/\\\/secure.gravatar.com\\\/avatar\\\/bb65d0283347e303893ba14f0692005417c1e0e690a325a4c5d8bb2b3943ee14?s=96&d=mm&r=g\",\"caption\":\"Cope Alcoy\"}}]}<\/script>\n<!-- \/ Yoast SEO plugin. -->","yoast_head_json":{"title":"Turismo hace un balance positivo de las \u00faltimas Fiestas de Alcoy - COPE Alcoy","robots":{"index":"index","follow":"follow","max-snippet":"max-snippet:-1","max-image-preview":"max-image-preview:large","max-video-preview":"max-video-preview:-1"},"canonical":"https:\/\/www.copealcoy.es\/es\/turismo-hace-un-balance-positivo-de-las-ultimas-fiestas-de-alcoy\/","og_locale":"es_ES","og_type":"article","og_title":"Turismo hace un balance positivo de las \u00faltimas Fiestas de Alcoy - COPE Alcoy","og_description":"El \u00e1rea de Turismo del Ayuntamiento de Alcoy ha hecho un balance positivo de la presencia de turistas durante la...","og_url":"https:\/\/www.copealcoy.es\/es\/turismo-hace-un-balance-positivo-de-las-ultimas-fiestas-de-alcoy\/","og_site_name":"COPE Alcoy","article_published_time":"2017-04-27T18:56:53+00:00","article_modified_time":"2017-04-27T19:10:54+00:00","og_image":[{"width":960,"height":540,"url":"https:\/\/www.copealcoy.es\/wp-content\/uploads\/2017\/04\/18119314_1867973923228783_4265824842083502440_n.jpg","type":"image\/jpeg"}],"author":"Cope Alcoy","twitter_misc":{"Escrito por":"Cope Alcoy","Tiempo de lectura":"2 minutos"},"schema":{"@context":"https:\/\/schema.org","@graph":[{"@type":"Article","@id":"https:\/\/www.copealcoy.es\/es\/turismo-hace-un-balance-positivo-de-las-ultimas-fiestas-de-alcoy\/#article","isPartOf":{"@id":"https:\/\/www.copealcoy.es\/es\/turismo-hace-un-balance-positivo-de-las-ultimas-fiestas-de-alcoy\/"},"author":{"name":"Cope Alcoy","@id":"https:\/\/www.copealcoy.es\/es\/#\/schema\/person\/e777c87fa024e57d40170af9df39882c"},"headline":"Turismo hace un balance positivo de las \u00faltimas Fiestas de Alcoy","datePublished":"2017-04-27T18:56:53+00:00","dateModified":"2017-04-27T19:10:54+00:00","mainEntityOfPage":{"@id":"https:\/\/www.copealcoy.es\/es\/turismo-hace-un-balance-positivo-de-las-ultimas-fiestas-de-alcoy\/"},"wordCount":388,"commentCount":0,"image":{"@id":"https:\/\/www.copealcoy.es\/es\/turismo-hace-un-balance-positivo-de-las-ultimas-fiestas-de-alcoy\/#primaryimage"},"thumbnailUrl":"https:\/\/www.copealcoy.es\/wp-content\/uploads\/2017\/04\/18119314_1867973923228783_4265824842083502440_n.jpg","keywords":["Alcoy","Balance","Fiestas","Lorena Zamorano","Moros Y Cristianos","Turismo"],"articleSection":["Alcoy","Noticias","Portada"],"inLanguage":"es"},{"@type":"WebPage","@id":"https:\/\/www.copealcoy.es\/es\/turismo-hace-un-balance-positivo-de-las-ultimas-fiestas-de-alcoy\/","url":"https:\/\/www.copealcoy.es\/es\/turismo-hace-un-balance-positivo-de-las-ultimas-fiestas-de-alcoy\/","name":"Turismo hace un balance positivo de las \u00faltimas Fiestas de Alcoy - COPE Alcoy","isPartOf":{"@id":"https:\/\/www.copealcoy.es\/es\/#website"},"primaryImageOfPage":{"@id":"https:\/\/www.copealcoy.es\/es\/turismo-hace-un-balance-positivo-de-las-ultimas-fiestas-de-alcoy\/#primaryimage"},"image":{"@id":"https:\/\/www.copealcoy.es\/es\/turismo-hace-un-balance-positivo-de-las-ultimas-fiestas-de-alcoy\/#primaryimage"},"thumbnailUrl":"https:\/\/www.copealcoy.es\/wp-content\/uploads\/2017\/04\/18119314_1867973923228783_4265824842083502440_n.jpg","datePublished":"2017-04-27T18:56:53+00:00","dateModified":"2017-04-27T19:10:54+00:00","author":{"@id":"https:\/\/www.copealcoy.es\/es\/#\/schema\/person\/e777c87fa024e57d40170af9df39882c"},"breadcrumb":{"@id":"https:\/\/www.copealcoy.es\/es\/turismo-hace-un-balance-positivo-de-las-ultimas-fiestas-de-alcoy\/#breadcrumb"},"inLanguage":"es","potentialAction":[{"@type":"ReadAction","target":["https:\/\/www.copealcoy.es\/es\/turismo-hace-un-balance-positivo-de-las-ultimas-fiestas-de-alcoy\/"]}]},{"@type":"ImageObject","inLanguage":"es","@id":"https:\/\/www.copealcoy.es\/es\/turismo-hace-un-balance-positivo-de-las-ultimas-fiestas-de-alcoy\/#primaryimage","url":"https:\/\/www.copealcoy.es\/wp-content\/uploads\/2017\/04\/18119314_1867973923228783_4265824842083502440_n.jpg","contentUrl":"https:\/\/www.copealcoy.es\/wp-content\/uploads\/2017\/04\/18119314_1867973923228783_4265824842083502440_n.jpg","width":960,"height":540},{"@type":"BreadcrumbList","@id":"https:\/\/www.copealcoy.es\/es\/turismo-hace-un-balance-positivo-de-las-ultimas-fiestas-de-alcoy\/#breadcrumb","itemListElement":[{"@type":"ListItem","position":1,"name":"Portada","item":"https:\/\/www.copealcoy.es\/es\/"},{"@type":"ListItem","position":2,"name":"Turismo hace un balance positivo de las \u00faltimas Fiestas de Alcoy"}]},{"@type":"WebSite","@id":"https:\/\/www.copealcoy.es\/es\/#website","url":"https:\/\/www.copealcoy.es\/es\/","name":"COPE Alcoy","description":"Emisora COPE de radio local con emisi\u00f3n online. Pont de Sant Jordi 8-10 03803 Alcoy","potentialAction":[{"@type":"SearchAction","target":{"@type":"EntryPoint","urlTemplate":"https:\/\/www.copealcoy.es\/es\/?s={search_term_string}"},"query-input":{"@type":"PropertyValueSpecification","valueRequired":true,"valueName":"search_term_string"}}],"inLanguage":"es"},{"@type":"Person","@id":"https:\/\/www.copealcoy.es\/es\/#\/schema\/person\/e777c87fa024e57d40170af9df39882c","name":"Cope Alcoy","image":{"@type":"ImageObject","inLanguage":"es","@id":"https:\/\/secure.gravatar.com\/avatar\/bb65d0283347e303893ba14f0692005417c1e0e690a325a4c5d8bb2b3943ee14?s=96&d=mm&r=g","url":"https:\/\/secure.gravatar.com\/avatar\/bb65d0283347e303893ba14f0692005417c1e0e690a325a4c5d8bb2b3943ee14?s=96&d=mm&r=g","contentUrl":"https:\/\/secure.gravatar.com\/avatar\/bb65d0283347e303893ba14f0692005417c1e0e690a325a4c5d8bb2b3943ee14?s=96&d=mm&r=g","caption":"Cope Alcoy"}}]}},"_links":{"self":[{"href":"https:\/\/www.copealcoy.es\/es\/wp-json\/wp\/v2\/posts\/31202","targetHints":{"allow":["GET"]}}],"collection":[{"href":"https:\/\/www.copealcoy.es\/es\/wp-json\/wp\/v2\/posts"}],"about":[{"href":"https:\/\/www.copealcoy.es\/es\/wp-json\/wp\/v2\/types\/post"}],"author":[{"embeddable":true,"href":"https:\/\/www.copealcoy.es\/es\/wp-json\/wp\/v2\/users\/1"}],"replies":[{"embeddable":true,"href":"https:\/\/www.copealcoy.es\/es\/wp-json\/wp\/v2\/comments?post=31202"}],"version-history":[{"count":0,"href":"https:\/\/www.copealcoy.es\/es\/wp-json\/wp\/v2\/posts\/31202\/revisions"}],"wp:featuredmedia":[{"embeddable":true,"href":"https:\/\/www.copealcoy.es\/es\/wp-json\/wp\/v2\/media\/31203"}],"wp:attachment":[{"href":"https:\/\/www.copealcoy.es\/es\/wp-json\/wp\/v2\/media?parent=31202"}],"wp:term":[{"taxonomy":"category","embeddable":true,"href":"https:\/\/www.copealcoy.es\/es\/wp-json\/wp\/v2\/categories?post=31202"},{"taxonomy":"post_tag","embeddable":true,"href":"https:\/\/www.copealcoy.es\/es\/wp-json\/wp\/v2\/tags?post=31202"}],"curies":[{"name":"wp","href":"https:\/\/api.w.org\/{rel}","templated":true}]}}