{"id":31195,"date":"2017-04-27T18:32:20","date_gmt":"2017-04-27T18:32:20","guid":{"rendered":"http:\/\/copealcoi.es\/new\/?p=31195"},"modified":"2017-04-27T18:36:33","modified_gmt":"2017-04-27T18:36:33","slug":"el-pp-pide-mas-rapidez-en-la-limpieza-de-alcoy-tras-las-fiestas","status":"publish","type":"post","link":"https:\/\/www.copealcoy.es\/es\/el-pp-pide-mas-rapidez-en-la-limpieza-de-alcoy-tras-las-fiestas\/","title":{"rendered":"El PP pide m\u00e1s rapidez en la limpieza de Alcoy tras las fiestas"},"content":{"rendered":"<p style=\"text-align: justify;\">El <strong>Partido Popular de Alcoy<\/strong> ha vuelto a denunciar<strong> falta de limpieza en las calles de la ciudad<\/strong> tras las Fiestas de Moros y Cristianos.<\/p>\n<p style=\"text-align: justify;\">El concejal <strong>Edu Tormo<\/strong> ha lamentado hoy en el Tiempo del An\u00e1lisis de COPE ALCOY <strong>que no se colocaran m\u00e1s papeleras en las calles del Centro<\/strong> durante la trilog\u00eda festera y ha destacado que tres d\u00edas despu\u00e9s de concluir las celebraciones <strong>todav\u00eda se acumulan residuos y basuras <\/strong>en zonas cercanas a las Filaes, establecimientos de ocio nocturno o contenedores. En este sentido Tormo <strong>conf\u00eda que el a\u00f1o que viene cambie la situaci\u00f3n<\/strong> &#8220;<em>con el nuevo contrato de limpieza viaria y recogida de la basura. Se deber\u00e1 a exigir mayor celeridad a la empresa adjudicataria para hacer frente a este situaci\u00f3n cuando vienen Fiestas o se realiza otro evento en la ciudad<\/em>&#8220;, ha afirmado.<\/p>\n<p style=\"text-align: justify;\">Recordar que desde el Ayuntamiento de Alcoy<strong><span style=\"color: #0000ff;\"><a style=\"color: #0000ff;\" href=\"https:\/\/www.copealcoy.es\/alcoy-trata-de-recuperar-la-normalidad\/\"> se reforz\u00f3 la limpieza de la ciudad<\/a><\/span> desde la misma noche del d\u00eda del Alardo<\/strong> con el fin de que la ciudad recobrara cuanto antes la normalidad. Para el PP, seg\u00fan ha detallado Edu Tormo, <strong>estas medidas han resultado<\/strong> una vez m\u00e1s insuficientes.<\/p>\n<p style=\"text-align: justify;\">\n","protected":false},"excerpt":{"rendered":"<p>El Partido Popular de Alcoy ha vuelto a denunciar falta de limpieza en las calles de la ciudad tras las&#8230;<\/p>\n","protected":false},"author":1,"featured_media":31196,"comment_status":"open","ping_status":"open","sticky":false,"template":"","format":"standard","meta":{"footnotes":""},"categories":[97,75,79],"tags":[1494,1295,1814,136,448,4048],"class_list":["post-31195","post","type-post","status-publish","format-standard","has-post-thumbnail","hentry","category-alcoy","category-noticias","category-politicayeconomia","tag-alcoy","tag-calles","tag-edu-tormo","tag-limpieza","tag-partido-popular","tag-rapide"],"yoast_head":"<!-- This site is optimized with the Yoast SEO plugin v27.3 - https:\/\/yoast.com\/product\/yoast-seo-wordpress\/ -->\n<title>El PP pide m\u00e1s rapidez en la limpieza de Alcoy tras las fiestas - COPE Alcoy<\/title>\n<meta name=\"robots\" content=\"index, follow, max-snippet:-1, max-image-preview:large, max-video-preview:-1\" \/>\n<link rel=\"canonical\" href=\"https:\/\/www.copealcoy.es\/es\/el-pp-pide-mas-rapidez-en-la-limpieza-de-alcoy-tras-las-fiestas\/\" \/>\n<meta property=\"og:locale\" content=\"es_ES\" \/>\n<meta property=\"og:type\" content=\"article\" \/>\n<meta property=\"og:title\" content=\"El PP pide m\u00e1s rapidez en la limpieza de Alcoy tras las fiestas - COPE Alcoy\" \/>\n<meta property=\"og:description\" content=\"El Partido Popular de Alcoy ha vuelto a denunciar falta de limpieza en las calles de la ciudad tras las...\" \/>\n<meta property=\"og:url\" content=\"https:\/\/www.copealcoy.es\/es\/el-pp-pide-mas-rapidez-en-la-limpieza-de-alcoy-tras-las-fiestas\/\" \/>\n<meta property=\"og:site_name\" content=\"COPE Alcoy\" \/>\n<meta property=\"article:published_time\" content=\"2017-04-27T18:32:20+00:00\" \/>\n<meta property=\"article:modified_time\" content=\"2017-04-27T18:36:33+00:00\" \/>\n<meta property=\"og:image\" content=\"https:\/\/www.copealcoy.es\/wp-content\/uploads\/2017\/04\/18010603_1866006820092160_8014233729830096557_n-e1493317713222.jpg\" \/>\n\t<meta property=\"og:image:width\" content=\"720\" \/>\n\t<meta property=\"og:image:height\" content=\"424\" \/>\n\t<meta property=\"og:image:type\" content=\"image\/jpeg\" \/>\n<meta name=\"author\" content=\"Cope Alcoy\" \/>\n<meta name=\"twitter:label1\" content=\"Escrito por\" \/>\n\t<meta name=\"twitter:data1\" content=\"Cope Alcoy\" \/>\n\t<meta name=\"twitter:label2\" content=\"Tiempo de lectura\" \/>\n\t<meta name=\"twitter:data2\" content=\"1 minuto\" \/>\n<script type=\"application\/ld+json\" class=\"yoast-schema-graph\">{\"@context\":\"https:\\\/\\\/schema.org\",\"@graph\":[{\"@type\":\"Article\",\"@id\":\"https:\\\/\\\/www.copealcoy.es\\\/es\\\/el-pp-pide-mas-rapidez-en-la-limpieza-de-alcoy-tras-las-fiestas\\\/#article\",\"isPartOf\":{\"@id\":\"https:\\\/\\\/www.copealcoy.es\\\/es\\\/el-pp-pide-mas-rapidez-en-la-limpieza-de-alcoy-tras-las-fiestas\\\/\"},\"author\":{\"name\":\"Cope Alcoy\",\"@id\":\"https:\\\/\\\/www.copealcoy.es\\\/es\\\/#\\\/schema\\\/person\\\/e777c87fa024e57d40170af9df39882c\"},\"headline\":\"El PP pide m\u00e1s rapidez en la limpieza de Alcoy tras las fiestas\",\"datePublished\":\"2017-04-27T18:32:20+00:00\",\"dateModified\":\"2017-04-27T18:36:33+00:00\",\"mainEntityOfPage\":{\"@id\":\"https:\\\/\\\/www.copealcoy.es\\\/es\\\/el-pp-pide-mas-rapidez-en-la-limpieza-de-alcoy-tras-las-fiestas\\\/\"},\"wordCount\":215,\"commentCount\":0,\"image\":{\"@id\":\"https:\\\/\\\/www.copealcoy.es\\\/es\\\/el-pp-pide-mas-rapidez-en-la-limpieza-de-alcoy-tras-las-fiestas\\\/#primaryimage\"},\"thumbnailUrl\":\"https:\\\/\\\/www.copealcoy.es\\\/wp-content\\\/uploads\\\/2017\\\/04\\\/18010603_1866006820092160_8014233729830096557_n-e1493317713222.jpg\",\"keywords\":[\"Alcoy\",\"calles\",\"Edu Tormo\",\"Limpieza\",\"Partido Popular\",\"rapide\"],\"articleSection\":[\"Alcoy\",\"Noticias\",\"Pol\u00edtica y Econom\u00eda\"],\"inLanguage\":\"es\"},{\"@type\":\"WebPage\",\"@id\":\"https:\\\/\\\/www.copealcoy.es\\\/es\\\/el-pp-pide-mas-rapidez-en-la-limpieza-de-alcoy-tras-las-fiestas\\\/\",\"url\":\"https:\\\/\\\/www.copealcoy.es\\\/es\\\/el-pp-pide-mas-rapidez-en-la-limpieza-de-alcoy-tras-las-fiestas\\\/\",\"name\":\"El PP pide m\u00e1s rapidez en la limpieza de Alcoy tras las fiestas - COPE Alcoy\",\"isPartOf\":{\"@id\":\"https:\\\/\\\/www.copealcoy.es\\\/es\\\/#website\"},\"primaryImageOfPage\":{\"@id\":\"https:\\\/\\\/www.copealcoy.es\\\/es\\\/el-pp-pide-mas-rapidez-en-la-limpieza-de-alcoy-tras-las-fiestas\\\/#primaryimage\"},\"image\":{\"@id\":\"https:\\\/\\\/www.copealcoy.es\\\/es\\\/el-pp-pide-mas-rapidez-en-la-limpieza-de-alcoy-tras-las-fiestas\\\/#primaryimage\"},\"thumbnailUrl\":\"https:\\\/\\\/www.copealcoy.es\\\/wp-content\\\/uploads\\\/2017\\\/04\\\/18010603_1866006820092160_8014233729830096557_n-e1493317713222.jpg\",\"datePublished\":\"2017-04-27T18:32:20+00:00\",\"dateModified\":\"2017-04-27T18:36:33+00:00\",\"author\":{\"@id\":\"https:\\\/\\\/www.copealcoy.es\\\/es\\\/#\\\/schema\\\/person\\\/e777c87fa024e57d40170af9df39882c\"},\"breadcrumb\":{\"@id\":\"https:\\\/\\\/www.copealcoy.es\\\/es\\\/el-pp-pide-mas-rapidez-en-la-limpieza-de-alcoy-tras-las-fiestas\\\/#breadcrumb\"},\"inLanguage\":\"es\",\"potentialAction\":[{\"@type\":\"ReadAction\",\"target\":[\"https:\\\/\\\/www.copealcoy.es\\\/es\\\/el-pp-pide-mas-rapidez-en-la-limpieza-de-alcoy-tras-las-fiestas\\\/\"]}]},{\"@type\":\"ImageObject\",\"inLanguage\":\"es\",\"@id\":\"https:\\\/\\\/www.copealcoy.es\\\/es\\\/el-pp-pide-mas-rapidez-en-la-limpieza-de-alcoy-tras-las-fiestas\\\/#primaryimage\",\"url\":\"https:\\\/\\\/www.copealcoy.es\\\/wp-content\\\/uploads\\\/2017\\\/04\\\/18010603_1866006820092160_8014233729830096557_n-e1493317713222.jpg\",\"contentUrl\":\"https:\\\/\\\/www.copealcoy.es\\\/wp-content\\\/uploads\\\/2017\\\/04\\\/18010603_1866006820092160_8014233729830096557_n-e1493317713222.jpg\",\"width\":720,\"height\":424},{\"@type\":\"BreadcrumbList\",\"@id\":\"https:\\\/\\\/www.copealcoy.es\\\/es\\\/el-pp-pide-mas-rapidez-en-la-limpieza-de-alcoy-tras-las-fiestas\\\/#breadcrumb\",\"itemListElement\":[{\"@type\":\"ListItem\",\"position\":1,\"name\":\"Portada\",\"item\":\"https:\\\/\\\/www.copealcoy.es\\\/es\\\/\"},{\"@type\":\"ListItem\",\"position\":2,\"name\":\"El PP pide m\u00e1s rapidez en la limpieza de Alcoy tras las fiestas\"}]},{\"@type\":\"WebSite\",\"@id\":\"https:\\\/\\\/www.copealcoy.es\\\/es\\\/#website\",\"url\":\"https:\\\/\\\/www.copealcoy.es\\\/es\\\/\",\"name\":\"COPE Alcoy\",\"description\":\"Emisora COPE de radio local con emisi\u00f3n online. Pont de Sant Jordi 8-10 03803 Alcoy\",\"potentialAction\":[{\"@type\":\"SearchAction\",\"target\":{\"@type\":\"EntryPoint\",\"urlTemplate\":\"https:\\\/\\\/www.copealcoy.es\\\/es\\\/?s={search_term_string}\"},\"query-input\":{\"@type\":\"PropertyValueSpecification\",\"valueRequired\":true,\"valueName\":\"search_term_string\"}}],\"inLanguage\":\"es\"},{\"@type\":\"Person\",\"@id\":\"https:\\\/\\\/www.copealcoy.es\\\/es\\\/#\\\/schema\\\/person\\\/e777c87fa024e57d40170af9df39882c\",\"name\":\"Cope Alcoy\",\"image\":{\"@type\":\"ImageObject\",\"inLanguage\":\"es\",\"@id\":\"https:\\\/\\\/secure.gravatar.com\\\/avatar\\\/bb65d0283347e303893ba14f0692005417c1e0e690a325a4c5d8bb2b3943ee14?s=96&d=mm&r=g\",\"url\":\"https:\\\/\\\/secure.gravatar.com\\\/avatar\\\/bb65d0283347e303893ba14f0692005417c1e0e690a325a4c5d8bb2b3943ee14?s=96&d=mm&r=g\",\"contentUrl\":\"https:\\\/\\\/secure.gravatar.com\\\/avatar\\\/bb65d0283347e303893ba14f0692005417c1e0e690a325a4c5d8bb2b3943ee14?s=96&d=mm&r=g\",\"caption\":\"Cope Alcoy\"}}]}<\/script>\n<!-- \/ Yoast SEO plugin. -->","yoast_head_json":{"title":"El PP pide m\u00e1s rapidez en la limpieza de Alcoy tras las fiestas - COPE Alcoy","robots":{"index":"index","follow":"follow","max-snippet":"max-snippet:-1","max-image-preview":"max-image-preview:large","max-video-preview":"max-video-preview:-1"},"canonical":"https:\/\/www.copealcoy.es\/es\/el-pp-pide-mas-rapidez-en-la-limpieza-de-alcoy-tras-las-fiestas\/","og_locale":"es_ES","og_type":"article","og_title":"El PP pide m\u00e1s rapidez en la limpieza de Alcoy tras las fiestas - COPE Alcoy","og_description":"El Partido Popular de Alcoy ha vuelto a denunciar falta de limpieza en las calles de la ciudad tras las...","og_url":"https:\/\/www.copealcoy.es\/es\/el-pp-pide-mas-rapidez-en-la-limpieza-de-alcoy-tras-las-fiestas\/","og_site_name":"COPE Alcoy","article_published_time":"2017-04-27T18:32:20+00:00","article_modified_time":"2017-04-27T18:36:33+00:00","og_image":[{"width":720,"height":424,"url":"https:\/\/www.copealcoy.es\/wp-content\/uploads\/2017\/04\/18010603_1866006820092160_8014233729830096557_n-e1493317713222.jpg","type":"image\/jpeg"}],"author":"Cope Alcoy","twitter_misc":{"Escrito por":"Cope Alcoy","Tiempo de lectura":"1 minuto"},"schema":{"@context":"https:\/\/schema.org","@graph":[{"@type":"Article","@id":"https:\/\/www.copealcoy.es\/es\/el-pp-pide-mas-rapidez-en-la-limpieza-de-alcoy-tras-las-fiestas\/#article","isPartOf":{"@id":"https:\/\/www.copealcoy.es\/es\/el-pp-pide-mas-rapidez-en-la-limpieza-de-alcoy-tras-las-fiestas\/"},"author":{"name":"Cope Alcoy","@id":"https:\/\/www.copealcoy.es\/es\/#\/schema\/person\/e777c87fa024e57d40170af9df39882c"},"headline":"El PP pide m\u00e1s rapidez en la limpieza de Alcoy tras las fiestas","datePublished":"2017-04-27T18:32:20+00:00","dateModified":"2017-04-27T18:36:33+00:00","mainEntityOfPage":{"@id":"https:\/\/www.copealcoy.es\/es\/el-pp-pide-mas-rapidez-en-la-limpieza-de-alcoy-tras-las-fiestas\/"},"wordCount":215,"commentCount":0,"image":{"@id":"https:\/\/www.copealcoy.es\/es\/el-pp-pide-mas-rapidez-en-la-limpieza-de-alcoy-tras-las-fiestas\/#primaryimage"},"thumbnailUrl":"https:\/\/www.copealcoy.es\/wp-content\/uploads\/2017\/04\/18010603_1866006820092160_8014233729830096557_n-e1493317713222.jpg","keywords":["Alcoy","calles","Edu Tormo","Limpieza","Partido Popular","rapide"],"articleSection":["Alcoy","Noticias","Pol\u00edtica y Econom\u00eda"],"inLanguage":"es"},{"@type":"WebPage","@id":"https:\/\/www.copealcoy.es\/es\/el-pp-pide-mas-rapidez-en-la-limpieza-de-alcoy-tras-las-fiestas\/","url":"https:\/\/www.copealcoy.es\/es\/el-pp-pide-mas-rapidez-en-la-limpieza-de-alcoy-tras-las-fiestas\/","name":"El PP pide m\u00e1s rapidez en la limpieza de Alcoy tras las fiestas - COPE Alcoy","isPartOf":{"@id":"https:\/\/www.copealcoy.es\/es\/#website"},"primaryImageOfPage":{"@id":"https:\/\/www.copealcoy.es\/es\/el-pp-pide-mas-rapidez-en-la-limpieza-de-alcoy-tras-las-fiestas\/#primaryimage"},"image":{"@id":"https:\/\/www.copealcoy.es\/es\/el-pp-pide-mas-rapidez-en-la-limpieza-de-alcoy-tras-las-fiestas\/#primaryimage"},"thumbnailUrl":"https:\/\/www.copealcoy.es\/wp-content\/uploads\/2017\/04\/18010603_1866006820092160_8014233729830096557_n-e1493317713222.jpg","datePublished":"2017-04-27T18:32:20+00:00","dateModified":"2017-04-27T18:36:33+00:00","author":{"@id":"https:\/\/www.copealcoy.es\/es\/#\/schema\/person\/e777c87fa024e57d40170af9df39882c"},"breadcrumb":{"@id":"https:\/\/www.copealcoy.es\/es\/el-pp-pide-mas-rapidez-en-la-limpieza-de-alcoy-tras-las-fiestas\/#breadcrumb"},"inLanguage":"es","potentialAction":[{"@type":"ReadAction","target":["https:\/\/www.copealcoy.es\/es\/el-pp-pide-mas-rapidez-en-la-limpieza-de-alcoy-tras-las-fiestas\/"]}]},{"@type":"ImageObject","inLanguage":"es","@id":"https:\/\/www.copealcoy.es\/es\/el-pp-pide-mas-rapidez-en-la-limpieza-de-alcoy-tras-las-fiestas\/#primaryimage","url":"https:\/\/www.copealcoy.es\/wp-content\/uploads\/2017\/04\/18010603_1866006820092160_8014233729830096557_n-e1493317713222.jpg","contentUrl":"https:\/\/www.copealcoy.es\/wp-content\/uploads\/2017\/04\/18010603_1866006820092160_8014233729830096557_n-e1493317713222.jpg","width":720,"height":424},{"@type":"BreadcrumbList","@id":"https:\/\/www.copealcoy.es\/es\/el-pp-pide-mas-rapidez-en-la-limpieza-de-alcoy-tras-las-fiestas\/#breadcrumb","itemListElement":[{"@type":"ListItem","position":1,"name":"Portada","item":"https:\/\/www.copealcoy.es\/es\/"},{"@type":"ListItem","position":2,"name":"El PP pide m\u00e1s rapidez en la limpieza de Alcoy tras las fiestas"}]},{"@type":"WebSite","@id":"https:\/\/www.copealcoy.es\/es\/#website","url":"https:\/\/www.copealcoy.es\/es\/","name":"COPE Alcoy","description":"Emisora COPE de radio local con emisi\u00f3n online. Pont de Sant Jordi 8-10 03803 Alcoy","potentialAction":[{"@type":"SearchAction","target":{"@type":"EntryPoint","urlTemplate":"https:\/\/www.copealcoy.es\/es\/?s={search_term_string}"},"query-input":{"@type":"PropertyValueSpecification","valueRequired":true,"valueName":"search_term_string"}}],"inLanguage":"es"},{"@type":"Person","@id":"https:\/\/www.copealcoy.es\/es\/#\/schema\/person\/e777c87fa024e57d40170af9df39882c","name":"Cope Alcoy","image":{"@type":"ImageObject","inLanguage":"es","@id":"https:\/\/secure.gravatar.com\/avatar\/bb65d0283347e303893ba14f0692005417c1e0e690a325a4c5d8bb2b3943ee14?s=96&d=mm&r=g","url":"https:\/\/secure.gravatar.com\/avatar\/bb65d0283347e303893ba14f0692005417c1e0e690a325a4c5d8bb2b3943ee14?s=96&d=mm&r=g","contentUrl":"https:\/\/secure.gravatar.com\/avatar\/bb65d0283347e303893ba14f0692005417c1e0e690a325a4c5d8bb2b3943ee14?s=96&d=mm&r=g","caption":"Cope Alcoy"}}]}},"_links":{"self":[{"href":"https:\/\/www.copealcoy.es\/es\/wp-json\/wp\/v2\/posts\/31195","targetHints":{"allow":["GET"]}}],"collection":[{"href":"https:\/\/www.copealcoy.es\/es\/wp-json\/wp\/v2\/posts"}],"about":[{"href":"https:\/\/www.copealcoy.es\/es\/wp-json\/wp\/v2\/types\/post"}],"author":[{"embeddable":true,"href":"https:\/\/www.copealcoy.es\/es\/wp-json\/wp\/v2\/users\/1"}],"replies":[{"embeddable":true,"href":"https:\/\/www.copealcoy.es\/es\/wp-json\/wp\/v2\/comments?post=31195"}],"version-history":[{"count":0,"href":"https:\/\/www.copealcoy.es\/es\/wp-json\/wp\/v2\/posts\/31195\/revisions"}],"wp:featuredmedia":[{"embeddable":true,"href":"https:\/\/www.copealcoy.es\/es\/wp-json\/wp\/v2\/media\/31196"}],"wp:attachment":[{"href":"https:\/\/www.copealcoy.es\/es\/wp-json\/wp\/v2\/media?parent=31195"}],"wp:term":[{"taxonomy":"category","embeddable":true,"href":"https:\/\/www.copealcoy.es\/es\/wp-json\/wp\/v2\/categories?post=31195"},{"taxonomy":"post_tag","embeddable":true,"href":"https:\/\/www.copealcoy.es\/es\/wp-json\/wp\/v2\/tags?post=31195"}],"curies":[{"name":"wp","href":"https:\/\/api.w.org\/{rel}","templated":true}]}}