{"id":31118,"date":"2017-04-25T14:13:44","date_gmt":"2017-04-25T14:13:44","guid":{"rendered":"http:\/\/copealcoi.es\/new\/?p=31118"},"modified":"2017-04-25T14:23:08","modified_gmt":"2017-04-25T14:23:08","slug":"alcoy-trata-de-recuperar-la-normalidad","status":"publish","type":"post","link":"https:\/\/www.copealcoy.es\/es\/alcoy-trata-de-recuperar-la-normalidad\/","title":{"rendered":"Alcoy trata de recuperar la normalidad"},"content":{"rendered":"<p style=\"text-align: justify;\">Alcoy <strong>recuperar\u00e1 la normalidad durante el d\u00eda de hoy<\/strong> despu\u00e9s de que en los \u00faltimos d\u00edas s<strong>e hayan vivido con intensidad las Fiestas de Moros y Cristianos<\/strong> de este a\u00f1o 2017.<\/p>\n<p style=\"text-align: justify;\">En las \u00faltimas horas <strong>se ha intensificado la recogida de basura<\/strong>\u00a0en el Centro de la ciudad y especialmente en las zonas cercanas a las sedes de las Filaes y a los establecimientos de restauraci\u00f3n. De igual forma <strong>se ha reforzado la limpieza de las calles por donde han transcurrido los principales actos festeros<\/strong> as\u00ed como en las zonas de ocio nocturno y <strong>estas tareas se repetir\u00e1n tambi\u00e9n en esta jornada en puntos como La Glorieta<\/strong> en la que ha estado instalada la Feria Gastron\u00f3mica &#8216;Tapa i Festa&#8217; &#8220;<em>antes de fiestas se planific\u00f3 que el operativo especial empezar\u00eda a funcionar en la misma noche del Alardo para que ya esta ma\u00f1ana estuviese todo en unas m\u00ednimas condiciones<\/em>&#8220;, explicaba en COPE ALCOY el concejal de Medio Ambiente, <strong>Jordi Mart\u00ednez<\/strong>.<\/p>\n<p style=\"text-align: justify;\">El\u00a0edil tambi\u00e9n resaltaba que<strong> a partir de hoy se van a centrar todos los esfuerzos<\/strong> en acondicionar aquellas \u00e1reas\u00a0de la ciudad que en estos d\u00edas de fiestas <strong>se hayan podido ver afectados\u00a0por una acumulaci\u00f3n de residuos<\/strong> &#8220;<em>se van a revisar todos los contenedores para su vaciado y se ir\u00e1 limpiando paulatinamente todo. Pedimos compresi\u00f3n porque estos trabajos\u00a0a veces cuestan dada la magnitud que tienen nuestras fiestas. La intenci\u00f3n es que en dos o tres d\u00edas est\u00e9 ya todo limpio<\/em>&#8220;, indica.<\/p>\n<p style=\"text-align: justify;\">Finalmente Mart\u00ednez ha significado en COPE ALCOY que<strong> en los pr\u00f3ximos d\u00edas se ir\u00e1 retirando toda la infraestructura festera<\/strong> mientras que en las pr\u00f3ximas semanas la Brigada de Obras acometer\u00e1 el desmontaje de la enramada y del Castillo de Fiestas.<\/p>\n","protected":false},"excerpt":{"rendered":"<p>Alcoy recuperar\u00e1 la normalidad durante el d\u00eda de hoy despu\u00e9s de que en los \u00faltimos d\u00edas se hayan vivido con&#8230;<\/p>\n","protected":false},"author":1,"featured_media":31120,"comment_status":"open","ping_status":"open","sticky":false,"template":"","format":"standard","meta":{"footnotes":""},"categories":[97,75,125],"tags":[1494,927,136,609],"class_list":["post-31118","post","type-post","status-publish","format-standard","has-post-thumbnail","hentry","category-alcoy","category-noticias","category-portada","tag-alcoy","tag-jordi-martinez","tag-limpieza","tag-moros-y-cristianos"],"yoast_head":"<!-- This site is optimized with the Yoast SEO plugin v27.3 - https:\/\/yoast.com\/product\/yoast-seo-wordpress\/ -->\n<title>Alcoy trata de recuperar la normalidad - COPE Alcoy<\/title>\n<meta name=\"robots\" content=\"index, follow, max-snippet:-1, max-image-preview:large, max-video-preview:-1\" \/>\n<link rel=\"canonical\" href=\"https:\/\/www.copealcoy.es\/es\/alcoy-trata-de-recuperar-la-normalidad\/\" \/>\n<meta property=\"og:locale\" content=\"es_ES\" \/>\n<meta property=\"og:type\" content=\"article\" \/>\n<meta property=\"og:title\" content=\"Alcoy trata de recuperar la normalidad - COPE Alcoy\" \/>\n<meta property=\"og:description\" content=\"Alcoy recuperar\u00e1 la normalidad durante el d\u00eda de hoy despu\u00e9s de que en los \u00faltimos d\u00edas se hayan vivido con...\" \/>\n<meta property=\"og:url\" content=\"https:\/\/www.copealcoy.es\/es\/alcoy-trata-de-recuperar-la-normalidad\/\" \/>\n<meta property=\"og:site_name\" content=\"COPE Alcoy\" \/>\n<meta property=\"article:published_time\" content=\"2017-04-25T14:13:44+00:00\" \/>\n<meta property=\"article:modified_time\" content=\"2017-04-25T14:23:08+00:00\" \/>\n<meta property=\"og:image\" content=\"https:\/\/www.copealcoy.es\/wp-content\/uploads\/2017\/04\/17991246_1866006633425512_6305510816283224669_n.jpg\" \/>\n\t<meta property=\"og:image:width\" content=\"960\" \/>\n\t<meta property=\"og:image:height\" content=\"540\" \/>\n\t<meta property=\"og:image:type\" content=\"image\/jpeg\" \/>\n<meta name=\"author\" content=\"Cope Alcoy\" \/>\n<meta name=\"twitter:label1\" content=\"Escrito por\" \/>\n\t<meta name=\"twitter:data1\" content=\"Cope Alcoy\" \/>\n\t<meta name=\"twitter:label2\" content=\"Tiempo de lectura\" \/>\n\t<meta name=\"twitter:data2\" content=\"2 minutos\" \/>\n<script type=\"application\/ld+json\" class=\"yoast-schema-graph\">{\"@context\":\"https:\\\/\\\/schema.org\",\"@graph\":[{\"@type\":\"Article\",\"@id\":\"https:\\\/\\\/www.copealcoy.es\\\/es\\\/alcoy-trata-de-recuperar-la-normalidad\\\/#article\",\"isPartOf\":{\"@id\":\"https:\\\/\\\/www.copealcoy.es\\\/es\\\/alcoy-trata-de-recuperar-la-normalidad\\\/\"},\"author\":{\"name\":\"Cope Alcoy\",\"@id\":\"https:\\\/\\\/www.copealcoy.es\\\/es\\\/#\\\/schema\\\/person\\\/e777c87fa024e57d40170af9df39882c\"},\"headline\":\"Alcoy trata de recuperar la normalidad\",\"datePublished\":\"2017-04-25T14:13:44+00:00\",\"dateModified\":\"2017-04-25T14:23:08+00:00\",\"mainEntityOfPage\":{\"@id\":\"https:\\\/\\\/www.copealcoy.es\\\/es\\\/alcoy-trata-de-recuperar-la-normalidad\\\/\"},\"wordCount\":310,\"commentCount\":0,\"image\":{\"@id\":\"https:\\\/\\\/www.copealcoy.es\\\/es\\\/alcoy-trata-de-recuperar-la-normalidad\\\/#primaryimage\"},\"thumbnailUrl\":\"https:\\\/\\\/www.copealcoy.es\\\/wp-content\\\/uploads\\\/2017\\\/04\\\/17991246_1866006633425512_6305510816283224669_n.jpg\",\"keywords\":[\"Alcoy\",\"Jordi Mart\u00ednez\",\"Limpieza\",\"Moros Y Cristianos\"],\"articleSection\":[\"Alcoy\",\"Noticias\",\"Portada\"],\"inLanguage\":\"es\"},{\"@type\":\"WebPage\",\"@id\":\"https:\\\/\\\/www.copealcoy.es\\\/es\\\/alcoy-trata-de-recuperar-la-normalidad\\\/\",\"url\":\"https:\\\/\\\/www.copealcoy.es\\\/es\\\/alcoy-trata-de-recuperar-la-normalidad\\\/\",\"name\":\"Alcoy trata de recuperar la normalidad - COPE Alcoy\",\"isPartOf\":{\"@id\":\"https:\\\/\\\/www.copealcoy.es\\\/es\\\/#website\"},\"primaryImageOfPage\":{\"@id\":\"https:\\\/\\\/www.copealcoy.es\\\/es\\\/alcoy-trata-de-recuperar-la-normalidad\\\/#primaryimage\"},\"image\":{\"@id\":\"https:\\\/\\\/www.copealcoy.es\\\/es\\\/alcoy-trata-de-recuperar-la-normalidad\\\/#primaryimage\"},\"thumbnailUrl\":\"https:\\\/\\\/www.copealcoy.es\\\/wp-content\\\/uploads\\\/2017\\\/04\\\/17991246_1866006633425512_6305510816283224669_n.jpg\",\"datePublished\":\"2017-04-25T14:13:44+00:00\",\"dateModified\":\"2017-04-25T14:23:08+00:00\",\"author\":{\"@id\":\"https:\\\/\\\/www.copealcoy.es\\\/es\\\/#\\\/schema\\\/person\\\/e777c87fa024e57d40170af9df39882c\"},\"breadcrumb\":{\"@id\":\"https:\\\/\\\/www.copealcoy.es\\\/es\\\/alcoy-trata-de-recuperar-la-normalidad\\\/#breadcrumb\"},\"inLanguage\":\"es\",\"potentialAction\":[{\"@type\":\"ReadAction\",\"target\":[\"https:\\\/\\\/www.copealcoy.es\\\/es\\\/alcoy-trata-de-recuperar-la-normalidad\\\/\"]}]},{\"@type\":\"ImageObject\",\"inLanguage\":\"es\",\"@id\":\"https:\\\/\\\/www.copealcoy.es\\\/es\\\/alcoy-trata-de-recuperar-la-normalidad\\\/#primaryimage\",\"url\":\"https:\\\/\\\/www.copealcoy.es\\\/wp-content\\\/uploads\\\/2017\\\/04\\\/17991246_1866006633425512_6305510816283224669_n.jpg\",\"contentUrl\":\"https:\\\/\\\/www.copealcoy.es\\\/wp-content\\\/uploads\\\/2017\\\/04\\\/17991246_1866006633425512_6305510816283224669_n.jpg\",\"width\":960,\"height\":540,\"caption\":\"Las calles del Centro se han ido limpiando en cada jornada \\\/ Foto: Ajuntament d\u00b4Alcoi\"},{\"@type\":\"BreadcrumbList\",\"@id\":\"https:\\\/\\\/www.copealcoy.es\\\/es\\\/alcoy-trata-de-recuperar-la-normalidad\\\/#breadcrumb\",\"itemListElement\":[{\"@type\":\"ListItem\",\"position\":1,\"name\":\"Portada\",\"item\":\"https:\\\/\\\/www.copealcoy.es\\\/es\\\/\"},{\"@type\":\"ListItem\",\"position\":2,\"name\":\"Alcoy trata de recuperar la normalidad\"}]},{\"@type\":\"WebSite\",\"@id\":\"https:\\\/\\\/www.copealcoy.es\\\/es\\\/#website\",\"url\":\"https:\\\/\\\/www.copealcoy.es\\\/es\\\/\",\"name\":\"COPE Alcoy\",\"description\":\"Emisora COPE de radio local con emisi\u00f3n online. Pont de Sant Jordi 8-10 03803 Alcoy\",\"potentialAction\":[{\"@type\":\"SearchAction\",\"target\":{\"@type\":\"EntryPoint\",\"urlTemplate\":\"https:\\\/\\\/www.copealcoy.es\\\/es\\\/?s={search_term_string}\"},\"query-input\":{\"@type\":\"PropertyValueSpecification\",\"valueRequired\":true,\"valueName\":\"search_term_string\"}}],\"inLanguage\":\"es\"},{\"@type\":\"Person\",\"@id\":\"https:\\\/\\\/www.copealcoy.es\\\/es\\\/#\\\/schema\\\/person\\\/e777c87fa024e57d40170af9df39882c\",\"name\":\"Cope Alcoy\",\"image\":{\"@type\":\"ImageObject\",\"inLanguage\":\"es\",\"@id\":\"https:\\\/\\\/secure.gravatar.com\\\/avatar\\\/bb65d0283347e303893ba14f0692005417c1e0e690a325a4c5d8bb2b3943ee14?s=96&d=mm&r=g\",\"url\":\"https:\\\/\\\/secure.gravatar.com\\\/avatar\\\/bb65d0283347e303893ba14f0692005417c1e0e690a325a4c5d8bb2b3943ee14?s=96&d=mm&r=g\",\"contentUrl\":\"https:\\\/\\\/secure.gravatar.com\\\/avatar\\\/bb65d0283347e303893ba14f0692005417c1e0e690a325a4c5d8bb2b3943ee14?s=96&d=mm&r=g\",\"caption\":\"Cope Alcoy\"}}]}<\/script>\n<!-- \/ Yoast SEO plugin. -->","yoast_head_json":{"title":"Alcoy trata de recuperar la normalidad - COPE Alcoy","robots":{"index":"index","follow":"follow","max-snippet":"max-snippet:-1","max-image-preview":"max-image-preview:large","max-video-preview":"max-video-preview:-1"},"canonical":"https:\/\/www.copealcoy.es\/es\/alcoy-trata-de-recuperar-la-normalidad\/","og_locale":"es_ES","og_type":"article","og_title":"Alcoy trata de recuperar la normalidad - COPE Alcoy","og_description":"Alcoy recuperar\u00e1 la normalidad durante el d\u00eda de hoy despu\u00e9s de que en los \u00faltimos d\u00edas se hayan vivido con...","og_url":"https:\/\/www.copealcoy.es\/es\/alcoy-trata-de-recuperar-la-normalidad\/","og_site_name":"COPE Alcoy","article_published_time":"2017-04-25T14:13:44+00:00","article_modified_time":"2017-04-25T14:23:08+00:00","og_image":[{"width":960,"height":540,"url":"https:\/\/www.copealcoy.es\/wp-content\/uploads\/2017\/04\/17991246_1866006633425512_6305510816283224669_n.jpg","type":"image\/jpeg"}],"author":"Cope Alcoy","twitter_misc":{"Escrito por":"Cope Alcoy","Tiempo de lectura":"2 minutos"},"schema":{"@context":"https:\/\/schema.org","@graph":[{"@type":"Article","@id":"https:\/\/www.copealcoy.es\/es\/alcoy-trata-de-recuperar-la-normalidad\/#article","isPartOf":{"@id":"https:\/\/www.copealcoy.es\/es\/alcoy-trata-de-recuperar-la-normalidad\/"},"author":{"name":"Cope Alcoy","@id":"https:\/\/www.copealcoy.es\/es\/#\/schema\/person\/e777c87fa024e57d40170af9df39882c"},"headline":"Alcoy trata de recuperar la normalidad","datePublished":"2017-04-25T14:13:44+00:00","dateModified":"2017-04-25T14:23:08+00:00","mainEntityOfPage":{"@id":"https:\/\/www.copealcoy.es\/es\/alcoy-trata-de-recuperar-la-normalidad\/"},"wordCount":310,"commentCount":0,"image":{"@id":"https:\/\/www.copealcoy.es\/es\/alcoy-trata-de-recuperar-la-normalidad\/#primaryimage"},"thumbnailUrl":"https:\/\/www.copealcoy.es\/wp-content\/uploads\/2017\/04\/17991246_1866006633425512_6305510816283224669_n.jpg","keywords":["Alcoy","Jordi Mart\u00ednez","Limpieza","Moros Y Cristianos"],"articleSection":["Alcoy","Noticias","Portada"],"inLanguage":"es"},{"@type":"WebPage","@id":"https:\/\/www.copealcoy.es\/es\/alcoy-trata-de-recuperar-la-normalidad\/","url":"https:\/\/www.copealcoy.es\/es\/alcoy-trata-de-recuperar-la-normalidad\/","name":"Alcoy trata de recuperar la normalidad - COPE Alcoy","isPartOf":{"@id":"https:\/\/www.copealcoy.es\/es\/#website"},"primaryImageOfPage":{"@id":"https:\/\/www.copealcoy.es\/es\/alcoy-trata-de-recuperar-la-normalidad\/#primaryimage"},"image":{"@id":"https:\/\/www.copealcoy.es\/es\/alcoy-trata-de-recuperar-la-normalidad\/#primaryimage"},"thumbnailUrl":"https:\/\/www.copealcoy.es\/wp-content\/uploads\/2017\/04\/17991246_1866006633425512_6305510816283224669_n.jpg","datePublished":"2017-04-25T14:13:44+00:00","dateModified":"2017-04-25T14:23:08+00:00","author":{"@id":"https:\/\/www.copealcoy.es\/es\/#\/schema\/person\/e777c87fa024e57d40170af9df39882c"},"breadcrumb":{"@id":"https:\/\/www.copealcoy.es\/es\/alcoy-trata-de-recuperar-la-normalidad\/#breadcrumb"},"inLanguage":"es","potentialAction":[{"@type":"ReadAction","target":["https:\/\/www.copealcoy.es\/es\/alcoy-trata-de-recuperar-la-normalidad\/"]}]},{"@type":"ImageObject","inLanguage":"es","@id":"https:\/\/www.copealcoy.es\/es\/alcoy-trata-de-recuperar-la-normalidad\/#primaryimage","url":"https:\/\/www.copealcoy.es\/wp-content\/uploads\/2017\/04\/17991246_1866006633425512_6305510816283224669_n.jpg","contentUrl":"https:\/\/www.copealcoy.es\/wp-content\/uploads\/2017\/04\/17991246_1866006633425512_6305510816283224669_n.jpg","width":960,"height":540,"caption":"Las calles del Centro se han ido limpiando en cada jornada \/ Foto: Ajuntament d\u00b4Alcoi"},{"@type":"BreadcrumbList","@id":"https:\/\/www.copealcoy.es\/es\/alcoy-trata-de-recuperar-la-normalidad\/#breadcrumb","itemListElement":[{"@type":"ListItem","position":1,"name":"Portada","item":"https:\/\/www.copealcoy.es\/es\/"},{"@type":"ListItem","position":2,"name":"Alcoy trata de recuperar la normalidad"}]},{"@type":"WebSite","@id":"https:\/\/www.copealcoy.es\/es\/#website","url":"https:\/\/www.copealcoy.es\/es\/","name":"COPE Alcoy","description":"Emisora COPE de radio local con emisi\u00f3n online. Pont de Sant Jordi 8-10 03803 Alcoy","potentialAction":[{"@type":"SearchAction","target":{"@type":"EntryPoint","urlTemplate":"https:\/\/www.copealcoy.es\/es\/?s={search_term_string}"},"query-input":{"@type":"PropertyValueSpecification","valueRequired":true,"valueName":"search_term_string"}}],"inLanguage":"es"},{"@type":"Person","@id":"https:\/\/www.copealcoy.es\/es\/#\/schema\/person\/e777c87fa024e57d40170af9df39882c","name":"Cope Alcoy","image":{"@type":"ImageObject","inLanguage":"es","@id":"https:\/\/secure.gravatar.com\/avatar\/bb65d0283347e303893ba14f0692005417c1e0e690a325a4c5d8bb2b3943ee14?s=96&d=mm&r=g","url":"https:\/\/secure.gravatar.com\/avatar\/bb65d0283347e303893ba14f0692005417c1e0e690a325a4c5d8bb2b3943ee14?s=96&d=mm&r=g","contentUrl":"https:\/\/secure.gravatar.com\/avatar\/bb65d0283347e303893ba14f0692005417c1e0e690a325a4c5d8bb2b3943ee14?s=96&d=mm&r=g","caption":"Cope Alcoy"}}]}},"_links":{"self":[{"href":"https:\/\/www.copealcoy.es\/es\/wp-json\/wp\/v2\/posts\/31118","targetHints":{"allow":["GET"]}}],"collection":[{"href":"https:\/\/www.copealcoy.es\/es\/wp-json\/wp\/v2\/posts"}],"about":[{"href":"https:\/\/www.copealcoy.es\/es\/wp-json\/wp\/v2\/types\/post"}],"author":[{"embeddable":true,"href":"https:\/\/www.copealcoy.es\/es\/wp-json\/wp\/v2\/users\/1"}],"replies":[{"embeddable":true,"href":"https:\/\/www.copealcoy.es\/es\/wp-json\/wp\/v2\/comments?post=31118"}],"version-history":[{"count":0,"href":"https:\/\/www.copealcoy.es\/es\/wp-json\/wp\/v2\/posts\/31118\/revisions"}],"wp:featuredmedia":[{"embeddable":true,"href":"https:\/\/www.copealcoy.es\/es\/wp-json\/wp\/v2\/media\/31120"}],"wp:attachment":[{"href":"https:\/\/www.copealcoy.es\/es\/wp-json\/wp\/v2\/media?parent=31118"}],"wp:term":[{"taxonomy":"category","embeddable":true,"href":"https:\/\/www.copealcoy.es\/es\/wp-json\/wp\/v2\/categories?post=31118"},{"taxonomy":"post_tag","embeddable":true,"href":"https:\/\/www.copealcoy.es\/es\/wp-json\/wp\/v2\/tags?post=31118"}],"curies":[{"name":"wp","href":"https:\/\/api.w.org\/{rel}","templated":true}]}}