{"id":31046,"date":"2017-04-23T16:52:21","date_gmt":"2017-04-23T16:52:21","guid":{"rendered":"http:\/\/copealcoi.es\/new\/?p=31046"},"modified":"2017-04-23T16:54:53","modified_gmt":"2017-04-23T16:54:53","slug":"ximo-puig-preside-una-tribuna-con-amplia-representacion-institucional","status":"publish","type":"post","link":"https:\/\/www.copealcoy.es\/es\/ximo-puig-preside-una-tribuna-con-amplia-representacion-institucional\/","title":{"rendered":"Ximo Puig preside una tribuna con amplia representaci\u00f3n institucional"},"content":{"rendered":"<p style=\"text-align: justify;\">La <strong>tribuna<\/strong> del Ayuntamiento<strong> se llen\u00f3 ayer de autoridades<\/strong> para <strong>presenciar las Entradas<\/strong> de los bandos de la cruz y de la media luna a Alcoy.<\/p>\n<p style=\"text-align: justify;\">El Presidente de la Generalitat Valenciana, <strong>Ximo Puig<\/strong>, volvi\u00f3 a repetir experiencia y lleg\u00f3 a mediod\u00eda a la ciudad para compartir <strong>la comida institucional del d\u00eda de las Entradas<\/strong> con los diferentes representantes pol\u00edticos. Adem\u00e1s el Jefe del Consell<strong> acudi\u00f3 al Partidor para<\/strong> <strong>ser testigo de &#8216;La Arranc\u00e0&#8217;<\/strong> y tuvo oportunidad de <strong>intercambiar impresiones<\/strong> con algunos festeros de la Fil\u00e0 Chano que este a\u00f1o ostentan la capitan\u00eda mora &#8220;<em>esta fiesta\u00a0una parte de la identidad y la cultura valencianas. Significan la expresi\u00f3n colectiva de un sentimiento y tiene una translaci\u00f3n nacional e internacional que va mucho m\u00e1s all\u00e1 de una fiesta<\/em>&#8220;, dijo. Finalmente <strong>habl\u00f3 de la integraci\u00f3n de la mujer en la Fiesta<\/strong> &#8220;<em>es lo mejor que puede pasar. La igualdad es un elemento fundamental para una sociedad avanzada, democr\u00e1tica y de progreso como la que queremos. Eso ser\u00e1 as\u00ed y no hay que hacer m\u00e1s pol\u00e9mica, simplemente que se haga realidad<\/em>&#8220;, concluy\u00f3.<\/p>\n<p style=\"text-align: justify;\">Por la tribuna pasaron tambi\u00e9n el presidente de Les Corts, <strong>Enric Morera<\/strong>, as\u00ed como los consellers de Hacienda, <strong>Vicent Soler<\/strong>, y el de Econom\u00eda, <strong>Rafael Climent<\/strong>. Los S\u00edndics de Comprom\u00eds, <strong>Fran Ferri<\/strong>, y el portavoz del PSOE en las mismas Corts, <strong>Manolo Mata<\/strong>, tampoco faltaron a la cita al igual que el Secretario Auton\u00f3mico de Educaci\u00f3n; <strong>Miguel Soler<\/strong>. Por parte de la Diputaci\u00f3n Provincial de Alicante destac\u00f3 el D\u00eda dels M\u00fasics la presencia del presidente, <strong>C\u00e9sar S\u00e1nchez<\/strong>, y ayer disfrut\u00f3 de las Entradas el <strong>Diputado de Medio Ambiente<\/strong> y a su vez alcalde Planes; Javier Sendra.<\/p>\n<p style=\"text-align: justify;\"><strong>Representaci\u00f3n de alcaldes de la comarca<\/strong><\/p>\n<p style=\"text-align: justify;\">Numerosos<strong> alcaldes y concejales de las comarcas del Comtat y de l\u00b4Alcoi\u00e0<\/strong> y <strong>de todos los partidos pol\u00edticos<\/strong> pasaron por Alcoy en la jornada de ayer. En este sentido contemplaron las Entradas la alcaldesa de Cocentaina, <strong>Mireia Estepa<\/strong>, la pr\u00f3xima de Muro, <strong>Jacquelin Cerd\u00e0<\/strong>, y el de Ibi, <strong>Rafael Serralta<\/strong>. Tambi\u00e9n destac\u00f3 la presencia, entre otros, de los alcaldes de <strong>L\u00b4Orxa<\/strong> (Arnaldo Due\u00f1as), <strong>Benilloba<\/strong> (Anna Delia Gisbert), <strong>Alcoleja<\/strong> (Francisco Fenollar), <strong>Beniarr\u00e9s<\/strong> (Lu\u00eds Tom\u00e1s), <strong>Almudaina<\/strong> (Jos\u00e9 Lu\u00eds Segu\u00ed), <strong>Alfafara<\/strong> (Raquel Vicedo) o \u00a0<strong>Agres<\/strong> (Josep Manel Franc\u00e9s). De igual forma asistieron la alcaldesa de <strong>Gandia<\/strong> (Diana Morant) junto \u00a0al de<strong> X\u00e0tiva<\/strong> (Roger Cerd\u00e0) y todos ellos expresaron sus sensaciones sobre la fiesta a trav\u00e9s de los micr\u00f3fonos de COPE ALCOY.<\/p>\n<p style=\"text-align: justify;\">Finalmente se\u00f1alar que en Alcoy estuvieron ayer el <strong>Rector de la Universidad de Alicante<\/strong>, Manuel Palomar, as\u00ed como <strong>la Directora General del IVACE;<\/strong> Julia Company.<\/p>\n<p style=\"text-align: justify;\">\n","protected":false},"excerpt":{"rendered":"<p>La tribuna del Ayuntamiento se llen\u00f3 ayer de autoridades para presenciar las Entradas de los bandos de la cruz y&#8230;<\/p>\n","protected":false},"author":1,"featured_media":31047,"comment_status":"open","ping_status":"open","sticky":false,"template":"","format":"standard","meta":{"footnotes":""},"categories":[97,75,79],"tags":[1150,1494,4042,994,4041,4040,1728],"class_list":["post-31046","post","type-post","status-publish","format-standard","has-post-thumbnail","hentry","category-alcoy","category-noticias","category-politicayeconomia","tag-alcaldes","tag-alcoy","tag-consellers","tag-generalitat-valenciana","tag-representacion-institucional","tag-tribuna","tag-ximo-puig"],"yoast_head":"<!-- This site is optimized with the Yoast SEO plugin v27.3 - https:\/\/yoast.com\/product\/yoast-seo-wordpress\/ -->\n<title>Ximo Puig preside una tribuna con amplia representaci\u00f3n institucional - COPE Alcoy<\/title>\n<meta name=\"robots\" content=\"index, follow, max-snippet:-1, max-image-preview:large, max-video-preview:-1\" \/>\n<link rel=\"canonical\" href=\"https:\/\/www.copealcoy.es\/es\/ximo-puig-preside-una-tribuna-con-amplia-representacion-institucional\/\" \/>\n<meta property=\"og:locale\" content=\"es_ES\" \/>\n<meta property=\"og:type\" content=\"article\" \/>\n<meta property=\"og:title\" content=\"Ximo Puig preside una tribuna con amplia representaci\u00f3n institucional - COPE Alcoy\" \/>\n<meta property=\"og:description\" content=\"La tribuna del Ayuntamiento se llen\u00f3 ayer de autoridades para presenciar las Entradas de los bandos de la cruz y...\" \/>\n<meta property=\"og:url\" content=\"https:\/\/www.copealcoy.es\/es\/ximo-puig-preside-una-tribuna-con-amplia-representacion-institucional\/\" \/>\n<meta property=\"og:site_name\" content=\"COPE Alcoy\" \/>\n<meta property=\"article:published_time\" content=\"2017-04-23T16:52:21+00:00\" \/>\n<meta property=\"article:modified_time\" content=\"2017-04-23T16:54:53+00:00\" \/>\n<meta property=\"og:image\" content=\"https:\/\/www.copealcoy.es\/wp-content\/uploads\/2017\/04\/C-B5a2_XYAAjeGU.jpg\" \/>\n\t<meta property=\"og:image:width\" content=\"1200\" \/>\n\t<meta property=\"og:image:height\" content=\"675\" \/>\n\t<meta property=\"og:image:type\" content=\"image\/jpeg\" \/>\n<meta name=\"author\" content=\"Cope Alcoy\" \/>\n<meta name=\"twitter:label1\" content=\"Escrito por\" \/>\n\t<meta name=\"twitter:data1\" content=\"Cope Alcoy\" \/>\n\t<meta name=\"twitter:label2\" content=\"Tiempo de lectura\" \/>\n\t<meta name=\"twitter:data2\" content=\"2 minutos\" \/>\n<script type=\"application\/ld+json\" class=\"yoast-schema-graph\">{\"@context\":\"https:\\\/\\\/schema.org\",\"@graph\":[{\"@type\":\"Article\",\"@id\":\"https:\\\/\\\/www.copealcoy.es\\\/es\\\/ximo-puig-preside-una-tribuna-con-amplia-representacion-institucional\\\/#article\",\"isPartOf\":{\"@id\":\"https:\\\/\\\/www.copealcoy.es\\\/es\\\/ximo-puig-preside-una-tribuna-con-amplia-representacion-institucional\\\/\"},\"author\":{\"name\":\"Cope Alcoy\",\"@id\":\"https:\\\/\\\/www.copealcoy.es\\\/es\\\/#\\\/schema\\\/person\\\/e777c87fa024e57d40170af9df39882c\"},\"headline\":\"Ximo Puig preside una tribuna con amplia representaci\u00f3n institucional\",\"datePublished\":\"2017-04-23T16:52:21+00:00\",\"dateModified\":\"2017-04-23T16:54:53+00:00\",\"mainEntityOfPage\":{\"@id\":\"https:\\\/\\\/www.copealcoy.es\\\/es\\\/ximo-puig-preside-una-tribuna-con-amplia-representacion-institucional\\\/\"},\"wordCount\":474,\"commentCount\":0,\"image\":{\"@id\":\"https:\\\/\\\/www.copealcoy.es\\\/es\\\/ximo-puig-preside-una-tribuna-con-amplia-representacion-institucional\\\/#primaryimage\"},\"thumbnailUrl\":\"https:\\\/\\\/www.copealcoy.es\\\/wp-content\\\/uploads\\\/2017\\\/04\\\/C-B5a2_XYAAjeGU.jpg\",\"keywords\":[\"Alcaldes\",\"Alcoy\",\"Consellers\",\"Generalitat Valenciana\",\"representaci\u00f3n institucional\",\"tribuna\",\"Ximo Puig\"],\"articleSection\":[\"Alcoy\",\"Noticias\",\"Pol\u00edtica y Econom\u00eda\"],\"inLanguage\":\"es\"},{\"@type\":\"WebPage\",\"@id\":\"https:\\\/\\\/www.copealcoy.es\\\/es\\\/ximo-puig-preside-una-tribuna-con-amplia-representacion-institucional\\\/\",\"url\":\"https:\\\/\\\/www.copealcoy.es\\\/es\\\/ximo-puig-preside-una-tribuna-con-amplia-representacion-institucional\\\/\",\"name\":\"Ximo Puig preside una tribuna con amplia representaci\u00f3n institucional - COPE Alcoy\",\"isPartOf\":{\"@id\":\"https:\\\/\\\/www.copealcoy.es\\\/es\\\/#website\"},\"primaryImageOfPage\":{\"@id\":\"https:\\\/\\\/www.copealcoy.es\\\/es\\\/ximo-puig-preside-una-tribuna-con-amplia-representacion-institucional\\\/#primaryimage\"},\"image\":{\"@id\":\"https:\\\/\\\/www.copealcoy.es\\\/es\\\/ximo-puig-preside-una-tribuna-con-amplia-representacion-institucional\\\/#primaryimage\"},\"thumbnailUrl\":\"https:\\\/\\\/www.copealcoy.es\\\/wp-content\\\/uploads\\\/2017\\\/04\\\/C-B5a2_XYAAjeGU.jpg\",\"datePublished\":\"2017-04-23T16:52:21+00:00\",\"dateModified\":\"2017-04-23T16:54:53+00:00\",\"author\":{\"@id\":\"https:\\\/\\\/www.copealcoy.es\\\/es\\\/#\\\/schema\\\/person\\\/e777c87fa024e57d40170af9df39882c\"},\"breadcrumb\":{\"@id\":\"https:\\\/\\\/www.copealcoy.es\\\/es\\\/ximo-puig-preside-una-tribuna-con-amplia-representacion-institucional\\\/#breadcrumb\"},\"inLanguage\":\"es\",\"potentialAction\":[{\"@type\":\"ReadAction\",\"target\":[\"https:\\\/\\\/www.copealcoy.es\\\/es\\\/ximo-puig-preside-una-tribuna-con-amplia-representacion-institucional\\\/\"]}]},{\"@type\":\"ImageObject\",\"inLanguage\":\"es\",\"@id\":\"https:\\\/\\\/www.copealcoy.es\\\/es\\\/ximo-puig-preside-una-tribuna-con-amplia-representacion-institucional\\\/#primaryimage\",\"url\":\"https:\\\/\\\/www.copealcoy.es\\\/wp-content\\\/uploads\\\/2017\\\/04\\\/C-B5a2_XYAAjeGU.jpg\",\"contentUrl\":\"https:\\\/\\\/www.copealcoy.es\\\/wp-content\\\/uploads\\\/2017\\\/04\\\/C-B5a2_XYAAjeGU.jpg\",\"width\":1200,\"height\":675,\"caption\":\"Ximo Puig presenciando las Entradas de moros y cristianos de Alcoy \\\/ Foto: Generalitat Valenciana\"},{\"@type\":\"BreadcrumbList\",\"@id\":\"https:\\\/\\\/www.copealcoy.es\\\/es\\\/ximo-puig-preside-una-tribuna-con-amplia-representacion-institucional\\\/#breadcrumb\",\"itemListElement\":[{\"@type\":\"ListItem\",\"position\":1,\"name\":\"Portada\",\"item\":\"https:\\\/\\\/www.copealcoy.es\\\/es\\\/\"},{\"@type\":\"ListItem\",\"position\":2,\"name\":\"Ximo Puig preside una tribuna con amplia representaci\u00f3n institucional\"}]},{\"@type\":\"WebSite\",\"@id\":\"https:\\\/\\\/www.copealcoy.es\\\/es\\\/#website\",\"url\":\"https:\\\/\\\/www.copealcoy.es\\\/es\\\/\",\"name\":\"COPE Alcoy\",\"description\":\"Emisora COPE de radio local con emisi\u00f3n online. Pont de Sant Jordi 8-10 03803 Alcoy\",\"potentialAction\":[{\"@type\":\"SearchAction\",\"target\":{\"@type\":\"EntryPoint\",\"urlTemplate\":\"https:\\\/\\\/www.copealcoy.es\\\/es\\\/?s={search_term_string}\"},\"query-input\":{\"@type\":\"PropertyValueSpecification\",\"valueRequired\":true,\"valueName\":\"search_term_string\"}}],\"inLanguage\":\"es\"},{\"@type\":\"Person\",\"@id\":\"https:\\\/\\\/www.copealcoy.es\\\/es\\\/#\\\/schema\\\/person\\\/e777c87fa024e57d40170af9df39882c\",\"name\":\"Cope Alcoy\",\"image\":{\"@type\":\"ImageObject\",\"inLanguage\":\"es\",\"@id\":\"https:\\\/\\\/secure.gravatar.com\\\/avatar\\\/bb65d0283347e303893ba14f0692005417c1e0e690a325a4c5d8bb2b3943ee14?s=96&d=mm&r=g\",\"url\":\"https:\\\/\\\/secure.gravatar.com\\\/avatar\\\/bb65d0283347e303893ba14f0692005417c1e0e690a325a4c5d8bb2b3943ee14?s=96&d=mm&r=g\",\"contentUrl\":\"https:\\\/\\\/secure.gravatar.com\\\/avatar\\\/bb65d0283347e303893ba14f0692005417c1e0e690a325a4c5d8bb2b3943ee14?s=96&d=mm&r=g\",\"caption\":\"Cope Alcoy\"}}]}<\/script>\n<!-- \/ Yoast SEO plugin. -->","yoast_head_json":{"title":"Ximo Puig preside una tribuna con amplia representaci\u00f3n institucional - COPE Alcoy","robots":{"index":"index","follow":"follow","max-snippet":"max-snippet:-1","max-image-preview":"max-image-preview:large","max-video-preview":"max-video-preview:-1"},"canonical":"https:\/\/www.copealcoy.es\/es\/ximo-puig-preside-una-tribuna-con-amplia-representacion-institucional\/","og_locale":"es_ES","og_type":"article","og_title":"Ximo Puig preside una tribuna con amplia representaci\u00f3n institucional - COPE Alcoy","og_description":"La tribuna del Ayuntamiento se llen\u00f3 ayer de autoridades para presenciar las Entradas de los bandos de la cruz y...","og_url":"https:\/\/www.copealcoy.es\/es\/ximo-puig-preside-una-tribuna-con-amplia-representacion-institucional\/","og_site_name":"COPE Alcoy","article_published_time":"2017-04-23T16:52:21+00:00","article_modified_time":"2017-04-23T16:54:53+00:00","og_image":[{"width":1200,"height":675,"url":"https:\/\/www.copealcoy.es\/wp-content\/uploads\/2017\/04\/C-B5a2_XYAAjeGU.jpg","type":"image\/jpeg"}],"author":"Cope Alcoy","twitter_misc":{"Escrito por":"Cope Alcoy","Tiempo de lectura":"2 minutos"},"schema":{"@context":"https:\/\/schema.org","@graph":[{"@type":"Article","@id":"https:\/\/www.copealcoy.es\/es\/ximo-puig-preside-una-tribuna-con-amplia-representacion-institucional\/#article","isPartOf":{"@id":"https:\/\/www.copealcoy.es\/es\/ximo-puig-preside-una-tribuna-con-amplia-representacion-institucional\/"},"author":{"name":"Cope Alcoy","@id":"https:\/\/www.copealcoy.es\/es\/#\/schema\/person\/e777c87fa024e57d40170af9df39882c"},"headline":"Ximo Puig preside una tribuna con amplia representaci\u00f3n institucional","datePublished":"2017-04-23T16:52:21+00:00","dateModified":"2017-04-23T16:54:53+00:00","mainEntityOfPage":{"@id":"https:\/\/www.copealcoy.es\/es\/ximo-puig-preside-una-tribuna-con-amplia-representacion-institucional\/"},"wordCount":474,"commentCount":0,"image":{"@id":"https:\/\/www.copealcoy.es\/es\/ximo-puig-preside-una-tribuna-con-amplia-representacion-institucional\/#primaryimage"},"thumbnailUrl":"https:\/\/www.copealcoy.es\/wp-content\/uploads\/2017\/04\/C-B5a2_XYAAjeGU.jpg","keywords":["Alcaldes","Alcoy","Consellers","Generalitat Valenciana","representaci\u00f3n institucional","tribuna","Ximo Puig"],"articleSection":["Alcoy","Noticias","Pol\u00edtica y Econom\u00eda"],"inLanguage":"es"},{"@type":"WebPage","@id":"https:\/\/www.copealcoy.es\/es\/ximo-puig-preside-una-tribuna-con-amplia-representacion-institucional\/","url":"https:\/\/www.copealcoy.es\/es\/ximo-puig-preside-una-tribuna-con-amplia-representacion-institucional\/","name":"Ximo Puig preside una tribuna con amplia representaci\u00f3n institucional - COPE Alcoy","isPartOf":{"@id":"https:\/\/www.copealcoy.es\/es\/#website"},"primaryImageOfPage":{"@id":"https:\/\/www.copealcoy.es\/es\/ximo-puig-preside-una-tribuna-con-amplia-representacion-institucional\/#primaryimage"},"image":{"@id":"https:\/\/www.copealcoy.es\/es\/ximo-puig-preside-una-tribuna-con-amplia-representacion-institucional\/#primaryimage"},"thumbnailUrl":"https:\/\/www.copealcoy.es\/wp-content\/uploads\/2017\/04\/C-B5a2_XYAAjeGU.jpg","datePublished":"2017-04-23T16:52:21+00:00","dateModified":"2017-04-23T16:54:53+00:00","author":{"@id":"https:\/\/www.copealcoy.es\/es\/#\/schema\/person\/e777c87fa024e57d40170af9df39882c"},"breadcrumb":{"@id":"https:\/\/www.copealcoy.es\/es\/ximo-puig-preside-una-tribuna-con-amplia-representacion-institucional\/#breadcrumb"},"inLanguage":"es","potentialAction":[{"@type":"ReadAction","target":["https:\/\/www.copealcoy.es\/es\/ximo-puig-preside-una-tribuna-con-amplia-representacion-institucional\/"]}]},{"@type":"ImageObject","inLanguage":"es","@id":"https:\/\/www.copealcoy.es\/es\/ximo-puig-preside-una-tribuna-con-amplia-representacion-institucional\/#primaryimage","url":"https:\/\/www.copealcoy.es\/wp-content\/uploads\/2017\/04\/C-B5a2_XYAAjeGU.jpg","contentUrl":"https:\/\/www.copealcoy.es\/wp-content\/uploads\/2017\/04\/C-B5a2_XYAAjeGU.jpg","width":1200,"height":675,"caption":"Ximo Puig presenciando las Entradas de moros y cristianos de Alcoy \/ Foto: Generalitat Valenciana"},{"@type":"BreadcrumbList","@id":"https:\/\/www.copealcoy.es\/es\/ximo-puig-preside-una-tribuna-con-amplia-representacion-institucional\/#breadcrumb","itemListElement":[{"@type":"ListItem","position":1,"name":"Portada","item":"https:\/\/www.copealcoy.es\/es\/"},{"@type":"ListItem","position":2,"name":"Ximo Puig preside una tribuna con amplia representaci\u00f3n institucional"}]},{"@type":"WebSite","@id":"https:\/\/www.copealcoy.es\/es\/#website","url":"https:\/\/www.copealcoy.es\/es\/","name":"COPE Alcoy","description":"Emisora COPE de radio local con emisi\u00f3n online. Pont de Sant Jordi 8-10 03803 Alcoy","potentialAction":[{"@type":"SearchAction","target":{"@type":"EntryPoint","urlTemplate":"https:\/\/www.copealcoy.es\/es\/?s={search_term_string}"},"query-input":{"@type":"PropertyValueSpecification","valueRequired":true,"valueName":"search_term_string"}}],"inLanguage":"es"},{"@type":"Person","@id":"https:\/\/www.copealcoy.es\/es\/#\/schema\/person\/e777c87fa024e57d40170af9df39882c","name":"Cope Alcoy","image":{"@type":"ImageObject","inLanguage":"es","@id":"https:\/\/secure.gravatar.com\/avatar\/bb65d0283347e303893ba14f0692005417c1e0e690a325a4c5d8bb2b3943ee14?s=96&d=mm&r=g","url":"https:\/\/secure.gravatar.com\/avatar\/bb65d0283347e303893ba14f0692005417c1e0e690a325a4c5d8bb2b3943ee14?s=96&d=mm&r=g","contentUrl":"https:\/\/secure.gravatar.com\/avatar\/bb65d0283347e303893ba14f0692005417c1e0e690a325a4c5d8bb2b3943ee14?s=96&d=mm&r=g","caption":"Cope Alcoy"}}]}},"_links":{"self":[{"href":"https:\/\/www.copealcoy.es\/es\/wp-json\/wp\/v2\/posts\/31046","targetHints":{"allow":["GET"]}}],"collection":[{"href":"https:\/\/www.copealcoy.es\/es\/wp-json\/wp\/v2\/posts"}],"about":[{"href":"https:\/\/www.copealcoy.es\/es\/wp-json\/wp\/v2\/types\/post"}],"author":[{"embeddable":true,"href":"https:\/\/www.copealcoy.es\/es\/wp-json\/wp\/v2\/users\/1"}],"replies":[{"embeddable":true,"href":"https:\/\/www.copealcoy.es\/es\/wp-json\/wp\/v2\/comments?post=31046"}],"version-history":[{"count":0,"href":"https:\/\/www.copealcoy.es\/es\/wp-json\/wp\/v2\/posts\/31046\/revisions"}],"wp:featuredmedia":[{"embeddable":true,"href":"https:\/\/www.copealcoy.es\/es\/wp-json\/wp\/v2\/media\/31047"}],"wp:attachment":[{"href":"https:\/\/www.copealcoy.es\/es\/wp-json\/wp\/v2\/media?parent=31046"}],"wp:term":[{"taxonomy":"category","embeddable":true,"href":"https:\/\/www.copealcoy.es\/es\/wp-json\/wp\/v2\/categories?post=31046"},{"taxonomy":"post_tag","embeddable":true,"href":"https:\/\/www.copealcoy.es\/es\/wp-json\/wp\/v2\/tags?post=31046"}],"curies":[{"name":"wp","href":"https:\/\/api.w.org\/{rel}","templated":true}]}}