{"id":30997,"date":"2017-04-21T12:41:20","date_gmt":"2017-04-21T12:41:20","guid":{"rendered":"http:\/\/copealcoi.es\/new\/?p=30997"},"modified":"2017-04-21T12:51:06","modified_gmt":"2017-04-21T12:51:06","slug":"alcoy-ya-espera-su-gran-fiesta","status":"publish","type":"post","link":"https:\/\/www.copealcoy.es\/es\/alcoy-ya-espera-su-gran-fiesta\/","title":{"rendered":"Alcoy ya espera su gran Fiesta"},"content":{"rendered":"<p style=\"text-align: justify;\">Alcoy <strong>ya espera la llegada de sus Fiestas de Moros y Cristianos en honor a San Jorge<\/strong> que arrancar\u00e1n oficialmente esta tarde con <strong>la m\u00fasica festera<\/strong> como principal protagonista.<\/p>\n<p style=\"text-align: justify;\">A partir de las siete y media, desde El Parterre, <strong>dar\u00e1 inicio la Fiesta del Pasodoble<\/strong> en la que est\u00e1 previsto que participen <strong>un total de 23 bandas de m\u00fasica<\/strong> en este desfile. Uno de los momentos culminantes se vivir\u00e1 cuando el Sant Jordiet de 2017, <strong>Tom\u00e1s Pascual Cant\u00f3<\/strong>, <strong>entregue la batuta al director<\/strong> del Himno de este a\u00f1o, <strong>Jos\u00e9 Antonio Llinares<\/strong>. A continuaci\u00f3n se producir\u00e1 <strong>la interpretaci\u00f3n del Nostra Festa<\/strong>, que cumple su primer centenario, y <strong>comenzar\u00e1n tres intensos d\u00edas<\/strong> en los que Alcoy recodar\u00e1 su historia as\u00ed como la batalla entre moros y cristianos ocurrida en 1.276. El propio <strong>Jos\u00e9 Antonio Llinares<\/strong>, que estar\u00e1 <strong>acompa\u00f1ado tambi\u00e9n esta tarde por los directores de\u00a0a\u00f1os anteriores<\/strong>, ha afirmado hoy\u00a0en\u00a0el espacio La Nostra Festa de COPE ALCOY que <strong>espera con gran ilusi\u00f3n este momento<\/strong> <em>&#8220;soy una persona tranquila y lo afronto como cualquier concierto pero se que me acordar\u00e9 de mi padre que lo dirigi\u00f3 hace 20 a\u00f1os y que tendr\u00e9 muy presentes a mis compa\u00f1eros de La Nova en un a\u00f1o tan especial para nosotros porque celebramos el 175 aniversario<\/em>&#8220;, indica.<\/p>\n<p style=\"text-align: justify;\">Tras el Himno <strong>se disparar\u00e1 un castillo de fuegos artificiales<\/strong> y la fiesta seguir\u00e1 con <strong>la Nit de l\u00b4Olla<\/strong> as\u00ed como las <strong>\u00faltimas Entraetes<\/strong> antes del inicio de la trilog\u00eda festera.<\/p>\n<p style=\"text-align: justify;\"><strong>Unas fiestas multitudinarias<\/strong><\/p>\n<p style=\"text-align: justify;\">Las Fiestas de Moros y Cristianos de este a\u00f1o <strong>se esperan multitudinarias<\/strong> y la coincidencia en fin de semana ha propiciado que <strong>se hayan previsto m\u00e1s de 19.000 sillas<\/strong> para las Entradas de ma\u00f1ana al mismo tiempo que<strong> la ocupaci\u00f3n hotelera est\u00e1 al 100%<\/strong> de cara al d\u00eda de ma\u00f1ana.<\/p>\n<p style=\"text-align: justify;\">El 22 de abril comenzar\u00e1 con la cl\u00e1sica<strong> Diana<\/strong>, que recupera su recorrido tradicional, y seguir\u00e1 con las <strong>Entradas<\/strong> de los bandos de la cruz y la media luna en la que<strong> participar\u00e1n 11.100 personas<\/strong> seg\u00fan las previsiones. Los cristianos arrancar\u00e1n desde El Partidor a las 10:30h de la ma\u00f1ana encabezadas por <strong>el capit\u00e1n de la Fil\u00e0 Almog\u00e1vares<\/strong>, <strong>Lu\u00eds Sanus<\/strong>. A su llegada a la Plaza de Espa\u00f1a recibir\u00e1 las llaves de la ciudad. Destacar tambi\u00e9n que los <strong>Andaluces<\/strong>, en el Ecuador, aportar\u00e1 la <strong>Escuadra del Mig<\/strong> y los <strong>Navarros<\/strong> cerrar\u00e1n la participaci\u00f3n de las tropas de la cruz con su <strong>Alf\u00e9rez<\/strong>, <strong>Gabriel Barrachina<\/strong>.\u00a0 Por su parte la Entrada Mora dar\u00e1 inicio a las 17h desde el mismo Partidor y <strong>ser\u00e1 la Fil\u00e0 Chano<\/strong> la encargada de abrir la llegada de las fuerzas mahometanas con su capit\u00e1n, <strong>Fidel Mestre<\/strong>. Adem\u00e1s los Realistas\u00a0<strong>representar\u00e1n la Escuadra del Mig<\/strong> mientras que <strong>los Jud\u00edos<\/strong> presentar\u00e1n una especial con motivo de su bicentenario. Finalmente<strong> Jos\u00e9 Jaime Bernab\u00e9u<\/strong>, <strong>Alf\u00e9rez Moro de la Fil\u00e0 Verds<\/strong>, cerrar\u00e1 el desfile de los mahometanos.<\/p>\n<p style=\"text-align: justify;\">Las Fiestas seguir\u00e1n el domingo con el <strong>d\u00eda de San Jorge<\/strong> en el que <strong>rendiremos homenaje a nuestro patr\u00f3n<\/strong> con varios actos religiosos entre los que destaca <strong>la procesi\u00f3n matinal de la Reliquia<\/strong>, la <strong>misa mayor<\/strong> y por la tarde la <strong>procesi\u00f3n general<\/strong> con la imagen ecuestre del santo. Finalmente el lunes, <strong>moros y cristianos protagonizar\u00e1n la batalla<\/strong> y <strong>quemar\u00e1n cerca de 3.000 kilos de p\u00f3lvora<\/strong> para despedir la trilog\u00eda. Tambi\u00e9n el Sant Jordiet, <strong>Tom\u00e1s Pascual Cant\u00f3<\/strong>, <strong>lanzar\u00e1 m\u00e1s de diez mil flechas<\/strong> desde el castillo en el acto de<strong> La Aparici\u00f3n<\/strong> que servir\u00e1 para culminar los festejos.<\/p>\n<p><span style=\"margin: 0px; font-family: 'Eras Medium ITC','sans-serif';\"><span style=\"color: #000000;\">\u00a0<\/span><\/span><\/p>\n<p><span style=\"margin: 0px; font-family: 'Eras Medium ITC','sans-serif';\">\u00a0<\/span><\/p>\n","protected":false},"excerpt":{"rendered":"<p>Alcoy ya espera la llegada de sus Fiestas de Moros y Cristianos en honor a San Jorge que arrancar\u00e1n oficialmente&#8230;<\/p>\n","protected":false},"author":1,"featured_media":12506,"comment_status":"open","ping_status":"open","sticky":false,"template":"","format":"standard","meta":{"footnotes":""},"categories":[97,78,75,125],"tags":[1494,2765,3154,609],"class_list":["post-30997","post","type-post","status-publish","format-standard","has-post-thumbnail","hentry","category-alcoy","category-fiestaycultura","category-noticias","category-portada","tag-alcoy","tag-himno-de-fiestas","tag-jose-antonio-llinares","tag-moros-y-cristianos"],"yoast_head":"<!-- This site is optimized with the Yoast SEO plugin v27.3 - https:\/\/yoast.com\/product\/yoast-seo-wordpress\/ -->\n<title>Alcoy ya espera su gran Fiesta - COPE Alcoy<\/title>\n<meta name=\"robots\" content=\"index, follow, max-snippet:-1, max-image-preview:large, max-video-preview:-1\" \/>\n<link rel=\"canonical\" href=\"https:\/\/www.copealcoy.es\/es\/alcoy-ya-espera-su-gran-fiesta\/\" \/>\n<meta property=\"og:locale\" content=\"es_ES\" \/>\n<meta property=\"og:type\" content=\"article\" \/>\n<meta property=\"og:title\" content=\"Alcoy ya espera su gran Fiesta - COPE Alcoy\" \/>\n<meta property=\"og:description\" content=\"Alcoy ya espera la llegada de sus Fiestas de Moros y Cristianos en honor a San Jorge que arrancar\u00e1n oficialmente...\" \/>\n<meta property=\"og:url\" content=\"https:\/\/www.copealcoy.es\/es\/alcoy-ya-espera-su-gran-fiesta\/\" \/>\n<meta property=\"og:site_name\" content=\"COPE Alcoy\" \/>\n<meta property=\"article:published_time\" content=\"2017-04-21T12:41:20+00:00\" \/>\n<meta property=\"article:modified_time\" content=\"2017-04-21T12:51:06+00:00\" \/>\n<meta property=\"og:image\" content=\"https:\/\/www.copealcoy.es\/wp-content\/uploads\/2015\/04\/radio-alcoy_20140502101146.jpg\" \/>\n\t<meta property=\"og:image:width\" content=\"800\" \/>\n\t<meta property=\"og:image:height\" content=\"533\" \/>\n\t<meta property=\"og:image:type\" content=\"image\/jpeg\" \/>\n<meta name=\"author\" content=\"Cope Alcoy\" \/>\n<meta name=\"twitter:label1\" content=\"Escrito por\" \/>\n\t<meta name=\"twitter:data1\" content=\"Cope Alcoy\" \/>\n\t<meta name=\"twitter:label2\" content=\"Tiempo de lectura\" \/>\n\t<meta name=\"twitter:data2\" content=\"3 minutos\" \/>\n<script type=\"application\/ld+json\" class=\"yoast-schema-graph\">{\"@context\":\"https:\\\/\\\/schema.org\",\"@graph\":[{\"@type\":\"Article\",\"@id\":\"https:\\\/\\\/www.copealcoy.es\\\/es\\\/alcoy-ya-espera-su-gran-fiesta\\\/#article\",\"isPartOf\":{\"@id\":\"https:\\\/\\\/www.copealcoy.es\\\/es\\\/alcoy-ya-espera-su-gran-fiesta\\\/\"},\"author\":{\"name\":\"Cope Alcoy\",\"@id\":\"https:\\\/\\\/www.copealcoy.es\\\/es\\\/#\\\/schema\\\/person\\\/e777c87fa024e57d40170af9df39882c\"},\"headline\":\"Alcoy ya espera su gran Fiesta\",\"datePublished\":\"2017-04-21T12:41:20+00:00\",\"dateModified\":\"2017-04-21T12:51:06+00:00\",\"mainEntityOfPage\":{\"@id\":\"https:\\\/\\\/www.copealcoy.es\\\/es\\\/alcoy-ya-espera-su-gran-fiesta\\\/\"},\"wordCount\":622,\"commentCount\":0,\"image\":{\"@id\":\"https:\\\/\\\/www.copealcoy.es\\\/es\\\/alcoy-ya-espera-su-gran-fiesta\\\/#primaryimage\"},\"thumbnailUrl\":\"https:\\\/\\\/www.copealcoy.es\\\/wp-content\\\/uploads\\\/2015\\\/04\\\/radio-alcoy_20140502101146.jpg\",\"keywords\":[\"Alcoy\",\"Himno de Fiestas\",\"Jos\u00e9 Antonio Llinares\",\"Moros Y Cristianos\"],\"articleSection\":[\"Alcoy\",\"Fiesta y Cultura\",\"Noticias\",\"Portada\"],\"inLanguage\":\"es\"},{\"@type\":\"WebPage\",\"@id\":\"https:\\\/\\\/www.copealcoy.es\\\/es\\\/alcoy-ya-espera-su-gran-fiesta\\\/\",\"url\":\"https:\\\/\\\/www.copealcoy.es\\\/es\\\/alcoy-ya-espera-su-gran-fiesta\\\/\",\"name\":\"Alcoy ya espera su gran Fiesta - COPE Alcoy\",\"isPartOf\":{\"@id\":\"https:\\\/\\\/www.copealcoy.es\\\/es\\\/#website\"},\"primaryImageOfPage\":{\"@id\":\"https:\\\/\\\/www.copealcoy.es\\\/es\\\/alcoy-ya-espera-su-gran-fiesta\\\/#primaryimage\"},\"image\":{\"@id\":\"https:\\\/\\\/www.copealcoy.es\\\/es\\\/alcoy-ya-espera-su-gran-fiesta\\\/#primaryimage\"},\"thumbnailUrl\":\"https:\\\/\\\/www.copealcoy.es\\\/wp-content\\\/uploads\\\/2015\\\/04\\\/radio-alcoy_20140502101146.jpg\",\"datePublished\":\"2017-04-21T12:41:20+00:00\",\"dateModified\":\"2017-04-21T12:51:06+00:00\",\"author\":{\"@id\":\"https:\\\/\\\/www.copealcoy.es\\\/es\\\/#\\\/schema\\\/person\\\/e777c87fa024e57d40170af9df39882c\"},\"breadcrumb\":{\"@id\":\"https:\\\/\\\/www.copealcoy.es\\\/es\\\/alcoy-ya-espera-su-gran-fiesta\\\/#breadcrumb\"},\"inLanguage\":\"es\",\"potentialAction\":[{\"@type\":\"ReadAction\",\"target\":[\"https:\\\/\\\/www.copealcoy.es\\\/es\\\/alcoy-ya-espera-su-gran-fiesta\\\/\"]}]},{\"@type\":\"ImageObject\",\"inLanguage\":\"es\",\"@id\":\"https:\\\/\\\/www.copealcoy.es\\\/es\\\/alcoy-ya-espera-su-gran-fiesta\\\/#primaryimage\",\"url\":\"https:\\\/\\\/www.copealcoy.es\\\/wp-content\\\/uploads\\\/2015\\\/04\\\/radio-alcoy_20140502101146.jpg\",\"contentUrl\":\"https:\\\/\\\/www.copealcoy.es\\\/wp-content\\\/uploads\\\/2015\\\/04\\\/radio-alcoy_20140502101146.jpg\",\"width\":800,\"height\":533,\"caption\":\"En 2014 el himno volvi\u00f3 a llenar por completo la Plaza de Espa\u00f1a Foto: Dani Grau\"},{\"@type\":\"BreadcrumbList\",\"@id\":\"https:\\\/\\\/www.copealcoy.es\\\/es\\\/alcoy-ya-espera-su-gran-fiesta\\\/#breadcrumb\",\"itemListElement\":[{\"@type\":\"ListItem\",\"position\":1,\"name\":\"Portada\",\"item\":\"https:\\\/\\\/www.copealcoy.es\\\/es\\\/\"},{\"@type\":\"ListItem\",\"position\":2,\"name\":\"Alcoy ya espera su gran Fiesta\"}]},{\"@type\":\"WebSite\",\"@id\":\"https:\\\/\\\/www.copealcoy.es\\\/es\\\/#website\",\"url\":\"https:\\\/\\\/www.copealcoy.es\\\/es\\\/\",\"name\":\"COPE Alcoy\",\"description\":\"Emisora COPE de radio local con emisi\u00f3n online. Pont de Sant Jordi 8-10 03803 Alcoy\",\"potentialAction\":[{\"@type\":\"SearchAction\",\"target\":{\"@type\":\"EntryPoint\",\"urlTemplate\":\"https:\\\/\\\/www.copealcoy.es\\\/es\\\/?s={search_term_string}\"},\"query-input\":{\"@type\":\"PropertyValueSpecification\",\"valueRequired\":true,\"valueName\":\"search_term_string\"}}],\"inLanguage\":\"es\"},{\"@type\":\"Person\",\"@id\":\"https:\\\/\\\/www.copealcoy.es\\\/es\\\/#\\\/schema\\\/person\\\/e777c87fa024e57d40170af9df39882c\",\"name\":\"Cope Alcoy\",\"image\":{\"@type\":\"ImageObject\",\"inLanguage\":\"es\",\"@id\":\"https:\\\/\\\/secure.gravatar.com\\\/avatar\\\/bb65d0283347e303893ba14f0692005417c1e0e690a325a4c5d8bb2b3943ee14?s=96&d=mm&r=g\",\"url\":\"https:\\\/\\\/secure.gravatar.com\\\/avatar\\\/bb65d0283347e303893ba14f0692005417c1e0e690a325a4c5d8bb2b3943ee14?s=96&d=mm&r=g\",\"contentUrl\":\"https:\\\/\\\/secure.gravatar.com\\\/avatar\\\/bb65d0283347e303893ba14f0692005417c1e0e690a325a4c5d8bb2b3943ee14?s=96&d=mm&r=g\",\"caption\":\"Cope Alcoy\"}}]}<\/script>\n<!-- \/ Yoast SEO plugin. -->","yoast_head_json":{"title":"Alcoy ya espera su gran Fiesta - COPE Alcoy","robots":{"index":"index","follow":"follow","max-snippet":"max-snippet:-1","max-image-preview":"max-image-preview:large","max-video-preview":"max-video-preview:-1"},"canonical":"https:\/\/www.copealcoy.es\/es\/alcoy-ya-espera-su-gran-fiesta\/","og_locale":"es_ES","og_type":"article","og_title":"Alcoy ya espera su gran Fiesta - COPE Alcoy","og_description":"Alcoy ya espera la llegada de sus Fiestas de Moros y Cristianos en honor a San Jorge que arrancar\u00e1n oficialmente...","og_url":"https:\/\/www.copealcoy.es\/es\/alcoy-ya-espera-su-gran-fiesta\/","og_site_name":"COPE Alcoy","article_published_time":"2017-04-21T12:41:20+00:00","article_modified_time":"2017-04-21T12:51:06+00:00","og_image":[{"width":800,"height":533,"url":"https:\/\/www.copealcoy.es\/wp-content\/uploads\/2015\/04\/radio-alcoy_20140502101146.jpg","type":"image\/jpeg"}],"author":"Cope Alcoy","twitter_misc":{"Escrito por":"Cope Alcoy","Tiempo de lectura":"3 minutos"},"schema":{"@context":"https:\/\/schema.org","@graph":[{"@type":"Article","@id":"https:\/\/www.copealcoy.es\/es\/alcoy-ya-espera-su-gran-fiesta\/#article","isPartOf":{"@id":"https:\/\/www.copealcoy.es\/es\/alcoy-ya-espera-su-gran-fiesta\/"},"author":{"name":"Cope Alcoy","@id":"https:\/\/www.copealcoy.es\/es\/#\/schema\/person\/e777c87fa024e57d40170af9df39882c"},"headline":"Alcoy ya espera su gran Fiesta","datePublished":"2017-04-21T12:41:20+00:00","dateModified":"2017-04-21T12:51:06+00:00","mainEntityOfPage":{"@id":"https:\/\/www.copealcoy.es\/es\/alcoy-ya-espera-su-gran-fiesta\/"},"wordCount":622,"commentCount":0,"image":{"@id":"https:\/\/www.copealcoy.es\/es\/alcoy-ya-espera-su-gran-fiesta\/#primaryimage"},"thumbnailUrl":"https:\/\/www.copealcoy.es\/wp-content\/uploads\/2015\/04\/radio-alcoy_20140502101146.jpg","keywords":["Alcoy","Himno de Fiestas","Jos\u00e9 Antonio Llinares","Moros Y Cristianos"],"articleSection":["Alcoy","Fiesta y Cultura","Noticias","Portada"],"inLanguage":"es"},{"@type":"WebPage","@id":"https:\/\/www.copealcoy.es\/es\/alcoy-ya-espera-su-gran-fiesta\/","url":"https:\/\/www.copealcoy.es\/es\/alcoy-ya-espera-su-gran-fiesta\/","name":"Alcoy ya espera su gran Fiesta - COPE Alcoy","isPartOf":{"@id":"https:\/\/www.copealcoy.es\/es\/#website"},"primaryImageOfPage":{"@id":"https:\/\/www.copealcoy.es\/es\/alcoy-ya-espera-su-gran-fiesta\/#primaryimage"},"image":{"@id":"https:\/\/www.copealcoy.es\/es\/alcoy-ya-espera-su-gran-fiesta\/#primaryimage"},"thumbnailUrl":"https:\/\/www.copealcoy.es\/wp-content\/uploads\/2015\/04\/radio-alcoy_20140502101146.jpg","datePublished":"2017-04-21T12:41:20+00:00","dateModified":"2017-04-21T12:51:06+00:00","author":{"@id":"https:\/\/www.copealcoy.es\/es\/#\/schema\/person\/e777c87fa024e57d40170af9df39882c"},"breadcrumb":{"@id":"https:\/\/www.copealcoy.es\/es\/alcoy-ya-espera-su-gran-fiesta\/#breadcrumb"},"inLanguage":"es","potentialAction":[{"@type":"ReadAction","target":["https:\/\/www.copealcoy.es\/es\/alcoy-ya-espera-su-gran-fiesta\/"]}]},{"@type":"ImageObject","inLanguage":"es","@id":"https:\/\/www.copealcoy.es\/es\/alcoy-ya-espera-su-gran-fiesta\/#primaryimage","url":"https:\/\/www.copealcoy.es\/wp-content\/uploads\/2015\/04\/radio-alcoy_20140502101146.jpg","contentUrl":"https:\/\/www.copealcoy.es\/wp-content\/uploads\/2015\/04\/radio-alcoy_20140502101146.jpg","width":800,"height":533,"caption":"En 2014 el himno volvi\u00f3 a llenar por completo la Plaza de Espa\u00f1a Foto: Dani Grau"},{"@type":"BreadcrumbList","@id":"https:\/\/www.copealcoy.es\/es\/alcoy-ya-espera-su-gran-fiesta\/#breadcrumb","itemListElement":[{"@type":"ListItem","position":1,"name":"Portada","item":"https:\/\/www.copealcoy.es\/es\/"},{"@type":"ListItem","position":2,"name":"Alcoy ya espera su gran Fiesta"}]},{"@type":"WebSite","@id":"https:\/\/www.copealcoy.es\/es\/#website","url":"https:\/\/www.copealcoy.es\/es\/","name":"COPE Alcoy","description":"Emisora COPE de radio local con emisi\u00f3n online. Pont de Sant Jordi 8-10 03803 Alcoy","potentialAction":[{"@type":"SearchAction","target":{"@type":"EntryPoint","urlTemplate":"https:\/\/www.copealcoy.es\/es\/?s={search_term_string}"},"query-input":{"@type":"PropertyValueSpecification","valueRequired":true,"valueName":"search_term_string"}}],"inLanguage":"es"},{"@type":"Person","@id":"https:\/\/www.copealcoy.es\/es\/#\/schema\/person\/e777c87fa024e57d40170af9df39882c","name":"Cope Alcoy","image":{"@type":"ImageObject","inLanguage":"es","@id":"https:\/\/secure.gravatar.com\/avatar\/bb65d0283347e303893ba14f0692005417c1e0e690a325a4c5d8bb2b3943ee14?s=96&d=mm&r=g","url":"https:\/\/secure.gravatar.com\/avatar\/bb65d0283347e303893ba14f0692005417c1e0e690a325a4c5d8bb2b3943ee14?s=96&d=mm&r=g","contentUrl":"https:\/\/secure.gravatar.com\/avatar\/bb65d0283347e303893ba14f0692005417c1e0e690a325a4c5d8bb2b3943ee14?s=96&d=mm&r=g","caption":"Cope Alcoy"}}]}},"_links":{"self":[{"href":"https:\/\/www.copealcoy.es\/es\/wp-json\/wp\/v2\/posts\/30997","targetHints":{"allow":["GET"]}}],"collection":[{"href":"https:\/\/www.copealcoy.es\/es\/wp-json\/wp\/v2\/posts"}],"about":[{"href":"https:\/\/www.copealcoy.es\/es\/wp-json\/wp\/v2\/types\/post"}],"author":[{"embeddable":true,"href":"https:\/\/www.copealcoy.es\/es\/wp-json\/wp\/v2\/users\/1"}],"replies":[{"embeddable":true,"href":"https:\/\/www.copealcoy.es\/es\/wp-json\/wp\/v2\/comments?post=30997"}],"version-history":[{"count":0,"href":"https:\/\/www.copealcoy.es\/es\/wp-json\/wp\/v2\/posts\/30997\/revisions"}],"wp:featuredmedia":[{"embeddable":true,"href":"https:\/\/www.copealcoy.es\/es\/wp-json\/wp\/v2\/media\/12506"}],"wp:attachment":[{"href":"https:\/\/www.copealcoy.es\/es\/wp-json\/wp\/v2\/media?parent=30997"}],"wp:term":[{"taxonomy":"category","embeddable":true,"href":"https:\/\/www.copealcoy.es\/es\/wp-json\/wp\/v2\/categories?post=30997"},{"taxonomy":"post_tag","embeddable":true,"href":"https:\/\/www.copealcoy.es\/es\/wp-json\/wp\/v2\/tags?post=30997"}],"curies":[{"name":"wp","href":"https:\/\/api.w.org\/{rel}","templated":true}]}}