{"id":30974,"date":"2017-04-23T09:34:11","date_gmt":"2017-04-23T09:34:11","guid":{"rendered":"http:\/\/copealcoi.es\/new\/?p=30974"},"modified":"2017-04-23T23:45:40","modified_gmt":"2017-04-23T23:45:40","slug":"el-futuro-de-la-festa-protagoniza-la-segunda-diana","status":"publish","type":"post","link":"https:\/\/www.copealcoy.es\/es\/el-futuro-de-la-festa-protagoniza-la-segunda-diana\/","title":{"rendered":"El futuro de la Festa protagoniza la Segunda Diana"},"content":{"rendered":"<p style=\"text-align: justify;\">El <strong>segundo d\u00eda de la trilog\u00eda festera<\/strong>, que Alcoy dedica al patr\u00f3n San Jorge, ha comenzado con \u00a0la <strong>Segunda Diana<\/strong> en la que <strong>los m\u00e1s peque\u00f1os<\/strong> han tenido todo el protagonismo. Este particular desfile\u00a0<strong>ha dado comienzo a las 9 de la ma\u00f1ana<\/strong> y\u00a0ha transcurrido por <strong>dos itinerarios<\/strong>, la calle San Nicol\u00e1s y la Avinguda del Pa\u00eds Valenci\u00e0.<\/p>\n<p style=\"text-align: justify;\">Los <strong>j\u00f3venes festeros<\/strong>, algunos incluso con pocos d\u00edas de vida,<strong> han tomado\u00a0parte en las escuadras<\/strong> y han puesto de manifiesto\u00a0una vez m\u00e1s que <strong>el futuro de la festa alcoyana est\u00e1 m\u00e1s que asegurado<\/strong>. Adem\u00e1s los Sargentos Infantiles, <strong>Guillem Climent Bernab\u00e9u y\u00a0V\u00edctor Fern\u00e1ndez Cort\u00e9s,<\/strong>\u00a0han acompa\u00f1ado a las filaes de cargo y <strong>el p\u00fablico ha lanzado numerosas ovaciones<\/strong> a los participantes a lo largo de todo el trayecto.<\/p>\n<p>Recordar que en este 23 de abril <strong>la ciudad rinde homenaje a su patr\u00f3n<\/strong> con diferentes actos religiosos. A las 11 de la ma\u00f1ana se celebra <strong>la procesi\u00f3n de la Reliquia<\/strong> y despu\u00e9s la misa mayor en la iglesia de Santa Mar\u00eda. Por \u00faltimo, a mediod\u00eda, <strong>se disparar\u00e1 una masclet\u00e0<\/strong>\u00a0en la Plaza de Espa\u00f1a.<\/p>\n","protected":false},"excerpt":{"rendered":"<p>El segundo d\u00eda de la trilog\u00eda festera, que Alcoy dedica al patr\u00f3n San Jorge, ha comenzado con \u00a0la Segunda Diana&#8230;<\/p>\n","protected":false},"author":1,"featured_media":31045,"comment_status":"open","ping_status":"open","sticky":false,"template":"","format":"standard","meta":{"footnotes":""},"categories":[97,78,75],"tags":[1494,609,876,2161],"class_list":["post-30974","post","type-post","status-publish","format-standard","has-post-thumbnail","hentry","category-alcoy","category-fiestaycultura","category-noticias","tag-alcoy","tag-moros-y-cristianos","tag-san-jorge","tag-segunda-diana"],"yoast_head":"<!-- This site is optimized with the Yoast SEO plugin v27.3 - https:\/\/yoast.com\/product\/yoast-seo-wordpress\/ -->\n<title>El futuro de la Festa protagoniza la Segunda Diana - COPE Alcoy<\/title>\n<meta name=\"robots\" content=\"index, follow, max-snippet:-1, max-image-preview:large, max-video-preview:-1\" \/>\n<link rel=\"canonical\" href=\"https:\/\/www.copealcoy.es\/es\/el-futuro-de-la-festa-protagoniza-la-segunda-diana\/\" \/>\n<meta property=\"og:locale\" content=\"es_ES\" \/>\n<meta property=\"og:type\" content=\"article\" \/>\n<meta property=\"og:title\" content=\"El futuro de la Festa protagoniza la Segunda Diana - COPE Alcoy\" \/>\n<meta property=\"og:description\" content=\"El segundo d\u00eda de la trilog\u00eda festera, que Alcoy dedica al patr\u00f3n San Jorge, ha comenzado con \u00a0la Segunda Diana...\" \/>\n<meta property=\"og:url\" content=\"https:\/\/www.copealcoy.es\/es\/el-futuro-de-la-festa-protagoniza-la-segunda-diana\/\" \/>\n<meta property=\"og:site_name\" content=\"COPE Alcoy\" \/>\n<meta property=\"article:published_time\" content=\"2017-04-23T09:34:11+00:00\" \/>\n<meta property=\"article:modified_time\" content=\"2017-04-23T23:45:40+00:00\" \/>\n<meta property=\"og:image\" content=\"https:\/\/www.copealcoy.es\/wp-content\/uploads\/2017\/04\/18057221_366332187095004_3532091097350208555_n-e1492947210300.jpg\" \/>\n\t<meta property=\"og:image:width\" content=\"844\" \/>\n\t<meta property=\"og:image:height\" content=\"573\" \/>\n\t<meta property=\"og:image:type\" content=\"image\/jpeg\" \/>\n<meta name=\"author\" content=\"Cope Alcoy\" \/>\n<meta name=\"twitter:label1\" content=\"Escrito por\" \/>\n\t<meta name=\"twitter:data1\" content=\"Cope Alcoy\" \/>\n\t<meta name=\"twitter:label2\" content=\"Tiempo de lectura\" \/>\n\t<meta name=\"twitter:data2\" content=\"1 minuto\" \/>\n<script type=\"application\/ld+json\" class=\"yoast-schema-graph\">{\"@context\":\"https:\\\/\\\/schema.org\",\"@graph\":[{\"@type\":\"Article\",\"@id\":\"https:\\\/\\\/www.copealcoy.es\\\/es\\\/el-futuro-de-la-festa-protagoniza-la-segunda-diana\\\/#article\",\"isPartOf\":{\"@id\":\"https:\\\/\\\/www.copealcoy.es\\\/es\\\/el-futuro-de-la-festa-protagoniza-la-segunda-diana\\\/\"},\"author\":{\"name\":\"Cope Alcoy\",\"@id\":\"https:\\\/\\\/www.copealcoy.es\\\/es\\\/#\\\/schema\\\/person\\\/e777c87fa024e57d40170af9df39882c\"},\"headline\":\"El futuro de la Festa protagoniza la Segunda Diana\",\"datePublished\":\"2017-04-23T09:34:11+00:00\",\"dateModified\":\"2017-04-23T23:45:40+00:00\",\"mainEntityOfPage\":{\"@id\":\"https:\\\/\\\/www.copealcoy.es\\\/es\\\/el-futuro-de-la-festa-protagoniza-la-segunda-diana\\\/\"},\"wordCount\":216,\"commentCount\":0,\"image\":{\"@id\":\"https:\\\/\\\/www.copealcoy.es\\\/es\\\/el-futuro-de-la-festa-protagoniza-la-segunda-diana\\\/#primaryimage\"},\"thumbnailUrl\":\"https:\\\/\\\/www.copealcoy.es\\\/wp-content\\\/uploads\\\/2017\\\/04\\\/18057221_366332187095004_3532091097350208555_n-e1492947210300.jpg\",\"keywords\":[\"Alcoy\",\"Moros Y Cristianos\",\"San Jorge\",\"Segunda Diana\"],\"articleSection\":[\"Alcoy\",\"Fiesta y Cultura\",\"Noticias\"],\"inLanguage\":\"es\"},{\"@type\":\"WebPage\",\"@id\":\"https:\\\/\\\/www.copealcoy.es\\\/es\\\/el-futuro-de-la-festa-protagoniza-la-segunda-diana\\\/\",\"url\":\"https:\\\/\\\/www.copealcoy.es\\\/es\\\/el-futuro-de-la-festa-protagoniza-la-segunda-diana\\\/\",\"name\":\"El futuro de la Festa protagoniza la Segunda Diana - COPE Alcoy\",\"isPartOf\":{\"@id\":\"https:\\\/\\\/www.copealcoy.es\\\/es\\\/#website\"},\"primaryImageOfPage\":{\"@id\":\"https:\\\/\\\/www.copealcoy.es\\\/es\\\/el-futuro-de-la-festa-protagoniza-la-segunda-diana\\\/#primaryimage\"},\"image\":{\"@id\":\"https:\\\/\\\/www.copealcoy.es\\\/es\\\/el-futuro-de-la-festa-protagoniza-la-segunda-diana\\\/#primaryimage\"},\"thumbnailUrl\":\"https:\\\/\\\/www.copealcoy.es\\\/wp-content\\\/uploads\\\/2017\\\/04\\\/18057221_366332187095004_3532091097350208555_n-e1492947210300.jpg\",\"datePublished\":\"2017-04-23T09:34:11+00:00\",\"dateModified\":\"2017-04-23T23:45:40+00:00\",\"author\":{\"@id\":\"https:\\\/\\\/www.copealcoy.es\\\/es\\\/#\\\/schema\\\/person\\\/e777c87fa024e57d40170af9df39882c\"},\"breadcrumb\":{\"@id\":\"https:\\\/\\\/www.copealcoy.es\\\/es\\\/el-futuro-de-la-festa-protagoniza-la-segunda-diana\\\/#breadcrumb\"},\"inLanguage\":\"es\",\"potentialAction\":[{\"@type\":\"ReadAction\",\"target\":[\"https:\\\/\\\/www.copealcoy.es\\\/es\\\/el-futuro-de-la-festa-protagoniza-la-segunda-diana\\\/\"]}]},{\"@type\":\"ImageObject\",\"inLanguage\":\"es\",\"@id\":\"https:\\\/\\\/www.copealcoy.es\\\/es\\\/el-futuro-de-la-festa-protagoniza-la-segunda-diana\\\/#primaryimage\",\"url\":\"https:\\\/\\\/www.copealcoy.es\\\/wp-content\\\/uploads\\\/2017\\\/04\\\/18057221_366332187095004_3532091097350208555_n-e1492947210300.jpg\",\"contentUrl\":\"https:\\\/\\\/www.copealcoy.es\\\/wp-content\\\/uploads\\\/2017\\\/04\\\/18057221_366332187095004_3532091097350208555_n-e1492947210300.jpg\",\"width\":844,\"height\":573,\"caption\":\"Festeros de la Fil\u00e0 Muntamyesos participando en la Segunda Diana \\\/ Foto: Fil\u00e0 Muntanyesos\"},{\"@type\":\"BreadcrumbList\",\"@id\":\"https:\\\/\\\/www.copealcoy.es\\\/es\\\/el-futuro-de-la-festa-protagoniza-la-segunda-diana\\\/#breadcrumb\",\"itemListElement\":[{\"@type\":\"ListItem\",\"position\":1,\"name\":\"Portada\",\"item\":\"https:\\\/\\\/www.copealcoy.es\\\/es\\\/\"},{\"@type\":\"ListItem\",\"position\":2,\"name\":\"El futuro de la Festa protagoniza la Segunda Diana\"}]},{\"@type\":\"WebSite\",\"@id\":\"https:\\\/\\\/www.copealcoy.es\\\/es\\\/#website\",\"url\":\"https:\\\/\\\/www.copealcoy.es\\\/es\\\/\",\"name\":\"COPE Alcoy\",\"description\":\"Emisora COPE de radio local con emisi\u00f3n online. Pont de Sant Jordi 8-10 03803 Alcoy\",\"potentialAction\":[{\"@type\":\"SearchAction\",\"target\":{\"@type\":\"EntryPoint\",\"urlTemplate\":\"https:\\\/\\\/www.copealcoy.es\\\/es\\\/?s={search_term_string}\"},\"query-input\":{\"@type\":\"PropertyValueSpecification\",\"valueRequired\":true,\"valueName\":\"search_term_string\"}}],\"inLanguage\":\"es\"},{\"@type\":\"Person\",\"@id\":\"https:\\\/\\\/www.copealcoy.es\\\/es\\\/#\\\/schema\\\/person\\\/e777c87fa024e57d40170af9df39882c\",\"name\":\"Cope Alcoy\",\"image\":{\"@type\":\"ImageObject\",\"inLanguage\":\"es\",\"@id\":\"https:\\\/\\\/secure.gravatar.com\\\/avatar\\\/bb65d0283347e303893ba14f0692005417c1e0e690a325a4c5d8bb2b3943ee14?s=96&d=mm&r=g\",\"url\":\"https:\\\/\\\/secure.gravatar.com\\\/avatar\\\/bb65d0283347e303893ba14f0692005417c1e0e690a325a4c5d8bb2b3943ee14?s=96&d=mm&r=g\",\"contentUrl\":\"https:\\\/\\\/secure.gravatar.com\\\/avatar\\\/bb65d0283347e303893ba14f0692005417c1e0e690a325a4c5d8bb2b3943ee14?s=96&d=mm&r=g\",\"caption\":\"Cope Alcoy\"}}]}<\/script>\n<!-- \/ Yoast SEO plugin. -->","yoast_head_json":{"title":"El futuro de la Festa protagoniza la Segunda Diana - COPE Alcoy","robots":{"index":"index","follow":"follow","max-snippet":"max-snippet:-1","max-image-preview":"max-image-preview:large","max-video-preview":"max-video-preview:-1"},"canonical":"https:\/\/www.copealcoy.es\/es\/el-futuro-de-la-festa-protagoniza-la-segunda-diana\/","og_locale":"es_ES","og_type":"article","og_title":"El futuro de la Festa protagoniza la Segunda Diana - COPE Alcoy","og_description":"El segundo d\u00eda de la trilog\u00eda festera, que Alcoy dedica al patr\u00f3n San Jorge, ha comenzado con \u00a0la Segunda Diana...","og_url":"https:\/\/www.copealcoy.es\/es\/el-futuro-de-la-festa-protagoniza-la-segunda-diana\/","og_site_name":"COPE Alcoy","article_published_time":"2017-04-23T09:34:11+00:00","article_modified_time":"2017-04-23T23:45:40+00:00","og_image":[{"width":844,"height":573,"url":"https:\/\/www.copealcoy.es\/wp-content\/uploads\/2017\/04\/18057221_366332187095004_3532091097350208555_n-e1492947210300.jpg","type":"image\/jpeg"}],"author":"Cope Alcoy","twitter_misc":{"Escrito por":"Cope Alcoy","Tiempo de lectura":"1 minuto"},"schema":{"@context":"https:\/\/schema.org","@graph":[{"@type":"Article","@id":"https:\/\/www.copealcoy.es\/es\/el-futuro-de-la-festa-protagoniza-la-segunda-diana\/#article","isPartOf":{"@id":"https:\/\/www.copealcoy.es\/es\/el-futuro-de-la-festa-protagoniza-la-segunda-diana\/"},"author":{"name":"Cope Alcoy","@id":"https:\/\/www.copealcoy.es\/es\/#\/schema\/person\/e777c87fa024e57d40170af9df39882c"},"headline":"El futuro de la Festa protagoniza la Segunda Diana","datePublished":"2017-04-23T09:34:11+00:00","dateModified":"2017-04-23T23:45:40+00:00","mainEntityOfPage":{"@id":"https:\/\/www.copealcoy.es\/es\/el-futuro-de-la-festa-protagoniza-la-segunda-diana\/"},"wordCount":216,"commentCount":0,"image":{"@id":"https:\/\/www.copealcoy.es\/es\/el-futuro-de-la-festa-protagoniza-la-segunda-diana\/#primaryimage"},"thumbnailUrl":"https:\/\/www.copealcoy.es\/wp-content\/uploads\/2017\/04\/18057221_366332187095004_3532091097350208555_n-e1492947210300.jpg","keywords":["Alcoy","Moros Y Cristianos","San Jorge","Segunda Diana"],"articleSection":["Alcoy","Fiesta y Cultura","Noticias"],"inLanguage":"es"},{"@type":"WebPage","@id":"https:\/\/www.copealcoy.es\/es\/el-futuro-de-la-festa-protagoniza-la-segunda-diana\/","url":"https:\/\/www.copealcoy.es\/es\/el-futuro-de-la-festa-protagoniza-la-segunda-diana\/","name":"El futuro de la Festa protagoniza la Segunda Diana - COPE Alcoy","isPartOf":{"@id":"https:\/\/www.copealcoy.es\/es\/#website"},"primaryImageOfPage":{"@id":"https:\/\/www.copealcoy.es\/es\/el-futuro-de-la-festa-protagoniza-la-segunda-diana\/#primaryimage"},"image":{"@id":"https:\/\/www.copealcoy.es\/es\/el-futuro-de-la-festa-protagoniza-la-segunda-diana\/#primaryimage"},"thumbnailUrl":"https:\/\/www.copealcoy.es\/wp-content\/uploads\/2017\/04\/18057221_366332187095004_3532091097350208555_n-e1492947210300.jpg","datePublished":"2017-04-23T09:34:11+00:00","dateModified":"2017-04-23T23:45:40+00:00","author":{"@id":"https:\/\/www.copealcoy.es\/es\/#\/schema\/person\/e777c87fa024e57d40170af9df39882c"},"breadcrumb":{"@id":"https:\/\/www.copealcoy.es\/es\/el-futuro-de-la-festa-protagoniza-la-segunda-diana\/#breadcrumb"},"inLanguage":"es","potentialAction":[{"@type":"ReadAction","target":["https:\/\/www.copealcoy.es\/es\/el-futuro-de-la-festa-protagoniza-la-segunda-diana\/"]}]},{"@type":"ImageObject","inLanguage":"es","@id":"https:\/\/www.copealcoy.es\/es\/el-futuro-de-la-festa-protagoniza-la-segunda-diana\/#primaryimage","url":"https:\/\/www.copealcoy.es\/wp-content\/uploads\/2017\/04\/18057221_366332187095004_3532091097350208555_n-e1492947210300.jpg","contentUrl":"https:\/\/www.copealcoy.es\/wp-content\/uploads\/2017\/04\/18057221_366332187095004_3532091097350208555_n-e1492947210300.jpg","width":844,"height":573,"caption":"Festeros de la Fil\u00e0 Muntamyesos participando en la Segunda Diana \/ Foto: Fil\u00e0 Muntanyesos"},{"@type":"BreadcrumbList","@id":"https:\/\/www.copealcoy.es\/es\/el-futuro-de-la-festa-protagoniza-la-segunda-diana\/#breadcrumb","itemListElement":[{"@type":"ListItem","position":1,"name":"Portada","item":"https:\/\/www.copealcoy.es\/es\/"},{"@type":"ListItem","position":2,"name":"El futuro de la Festa protagoniza la Segunda Diana"}]},{"@type":"WebSite","@id":"https:\/\/www.copealcoy.es\/es\/#website","url":"https:\/\/www.copealcoy.es\/es\/","name":"COPE Alcoy","description":"Emisora COPE de radio local con emisi\u00f3n online. Pont de Sant Jordi 8-10 03803 Alcoy","potentialAction":[{"@type":"SearchAction","target":{"@type":"EntryPoint","urlTemplate":"https:\/\/www.copealcoy.es\/es\/?s={search_term_string}"},"query-input":{"@type":"PropertyValueSpecification","valueRequired":true,"valueName":"search_term_string"}}],"inLanguage":"es"},{"@type":"Person","@id":"https:\/\/www.copealcoy.es\/es\/#\/schema\/person\/e777c87fa024e57d40170af9df39882c","name":"Cope Alcoy","image":{"@type":"ImageObject","inLanguage":"es","@id":"https:\/\/secure.gravatar.com\/avatar\/bb65d0283347e303893ba14f0692005417c1e0e690a325a4c5d8bb2b3943ee14?s=96&d=mm&r=g","url":"https:\/\/secure.gravatar.com\/avatar\/bb65d0283347e303893ba14f0692005417c1e0e690a325a4c5d8bb2b3943ee14?s=96&d=mm&r=g","contentUrl":"https:\/\/secure.gravatar.com\/avatar\/bb65d0283347e303893ba14f0692005417c1e0e690a325a4c5d8bb2b3943ee14?s=96&d=mm&r=g","caption":"Cope Alcoy"}}]}},"_links":{"self":[{"href":"https:\/\/www.copealcoy.es\/es\/wp-json\/wp\/v2\/posts\/30974","targetHints":{"allow":["GET"]}}],"collection":[{"href":"https:\/\/www.copealcoy.es\/es\/wp-json\/wp\/v2\/posts"}],"about":[{"href":"https:\/\/www.copealcoy.es\/es\/wp-json\/wp\/v2\/types\/post"}],"author":[{"embeddable":true,"href":"https:\/\/www.copealcoy.es\/es\/wp-json\/wp\/v2\/users\/1"}],"replies":[{"embeddable":true,"href":"https:\/\/www.copealcoy.es\/es\/wp-json\/wp\/v2\/comments?post=30974"}],"version-history":[{"count":0,"href":"https:\/\/www.copealcoy.es\/es\/wp-json\/wp\/v2\/posts\/30974\/revisions"}],"wp:featuredmedia":[{"embeddable":true,"href":"https:\/\/www.copealcoy.es\/es\/wp-json\/wp\/v2\/media\/31045"}],"wp:attachment":[{"href":"https:\/\/www.copealcoy.es\/es\/wp-json\/wp\/v2\/media?parent=30974"}],"wp:term":[{"taxonomy":"category","embeddable":true,"href":"https:\/\/www.copealcoy.es\/es\/wp-json\/wp\/v2\/categories?post=30974"},{"taxonomy":"post_tag","embeddable":true,"href":"https:\/\/www.copealcoy.es\/es\/wp-json\/wp\/v2\/tags?post=30974"}],"curies":[{"name":"wp","href":"https:\/\/api.w.org\/{rel}","templated":true}]}}